{"id":19278,"date":"2021-02-23T17:45:29","date_gmt":"2021-02-23T15:45:29","guid":{"rendered":"https:\/\/www.gereso.com\/actualites\/?p=19278"},"modified":"2021-02-23T17:45:30","modified_gmt":"2021-02-23T15:45:30","slug":"qmt-qualite-management-travail-coeur-qvt","status":"publish","type":"post","link":"https:\/\/www.gereso.com\/actualites\/2021\/02\/23\/qmt-qualite-management-travail-coeur-qvt\/","title":{"rendered":"QMT, Qualit\u00e9 de Management au Travail\u00a0: au c\u0153ur de la QVT\u00a0?"},"content":{"rendered":"\n<p><strong>Penser une organisation <\/strong>est essentiel pour r\u00e9pondre \u00e0 la fa\u00e7on de structurer les fonctions, les flux, internes et externes, pour optimiser, pour am\u00e9liorer. Mais jusqu\u2019o\u00f9 l\u2019am\u00e9lioration de l\u2019organisation peut-elle aller sans remettre en question ce besoin de r\u00e9alisation individuel, ou au moins, sans alt\u00e9rer les bonnes conditions, morales et relationnelles, d\u2019occuper son poste ? C\u2019est probablement ce complexe <strong>\u00e9quilibre entre organisation et Qualit\u00e9 de Vie au Travail<\/strong> qui est \u00e0 observer, \u00e0 questionner, selon la cha\u00eene d\u2019impacts des mouvements de chacune des parties sur l\u2019autre.<\/p>\n\n\n\n<p>Si la performance ne se consid\u00e8re que sous l\u2019angle d\u2019une organisation sans cesse optimis\u00e9e, c\u2019est alors oublier, ou nier la part du collaborateur et du manager dans l\u2019<strong>activation de la performance de l\u2019organisation<\/strong>. Une performance collective d\u00e9passe l\u2019addition rationnelle des productions individuelles, pour \u00eatre aliment\u00e9e par l\u2019adh\u00e9sion, l\u2019envie, l\u2019\u00e9panouissement, l\u2019expression de contributions individuelles, que favorise la Qualit\u00e9 de Vie au Travail.  Une qualit\u00e9 \u00e0 laquelle une organisation qui clarifie les r\u00f4les, simplifie les flux et favorise l\u2019expression professionnelle peut bien entendu activement participer. <\/p>\n\n\n\n<p>Cela suppose de <strong>consid\u00e9rer l\u2019individu comme un \u00e9l\u00e9ment essentiel de l\u2019activation<\/strong> et de l\u2019<strong>animation de cette organisation<\/strong>. Si ce n\u2019est par conviction et engagement envers le collaborateur ou le manager, que ce soit au moins par pragmatisme dans l\u2019objectif d\u2019efficacit\u00e9. Une efficacit\u00e9 qui se mesure rationnellement s\u2019alimente en effet de contributions plus relationnelles. Cela conf\u00e8re \u00e0 la posture manag\u00e9riale une valeur d\u2019ingr\u00e9dient essentiel dans la construction du lien entre le bien-\u00eatre professionnel des collaborateurs et l\u2019efficacit\u00e9 de l\u2019organisation. Une posture qui peut se r\u00e9v\u00e9ler un facteur essentiel de Qualit\u00e9 de Management au Travail, selon le r\u00e9f\u00e9rentiel de management de l\u2019entreprise.<\/p>\n\n\n\n<h2 style=\"color:#d10016;\"><strong>Qualit\u00e9 de Management au Travail&nbsp;: le manager au c\u0153ur de la QVT<\/strong><\/h2>\n\n\n\n<p>Manager n\u2019est pas une sin\u00e9cure. Collaborer non plus. Mais le degr\u00e9 de complexit\u00e9 est variable selon l\u2019environnement professionnel, et l\u2019attention qu\u2019il porte aux conditions de bon d\u00e9roulement de cette collaboration, manag\u00e9riale notamment. <\/p>\n\n\n\n<p>Le <strong>contexte<\/strong> dans lequel \u00e9volue l\u2019entreprise est une forme de \u00ab\u00a0grand huit\u00a0\u00bb \u00e9conomique et social\u00a0: des crises financi\u00e8res, sanitaires, des risques naturels, des instabilit\u00e9s g\u00e9opolitiques. Des \u00e9v\u00e8nements qui, s\u00e9par\u00e9s, ne sont peut-\u00eatre pas nouveaux. Mais leur caract\u00e8re additionnel, et resserr\u00e9 dans le temps en intensifie probablement leurs effets. Ils g\u00e9n\u00e8rent une tension sur les \u00e9quipes, collaborateurs et managers, dans l\u2019atteinte des objectifs, qui, eux, connaissent une croissance \u00ab\u00a0stable\u00a0\u00bb. <\/p>\n\n\n\n<p>Dans un contexte d\u2019incertitude, voire d\u2019ins\u00e9curit\u00e9, r\u00e9investir de la <strong>confiance interne<\/strong> peut sembler une ressource pour tenter de r\u00e9\u00e9quilibrer les messages, ou l\u2019absence de messages re\u00e7us de l\u2019ext\u00e9rieur. \u00c0 titre individuel, comme au niveau collectif. Comment favoriser cette confiance interne, cette qualit\u00e9 de relation, pour apaiser, pour s\u00e9curiser, pour mobiliser, pour avancer ? Pour garder une capacit\u00e9 d\u2019adaptation et de mouvement. <\/p>\n\n\n\n<p>La <strong>Qualit\u00e9 de Management au Travail <\/strong>se positionne autant comme un \u00e9l\u00e9ment de qualit\u00e9 de posture manag\u00e9riale vers les \u00e9quipes, que comme un <strong>sujet de soutien des dirigeants<\/strong> dans les conditions d\u2019expression de cette qualit\u00e9 de posture manag\u00e9riale. Le r\u00e9f\u00e9rentiel manag\u00e9rial fait partie des \u00e9l\u00e9ments \u00ab&nbsp;lisibles&nbsp;\u00bb de l\u2019intention manag\u00e9riale de l\u2019entreprise. Il est d\u2019autant plus essentiel dans un environnement mouvement\u00e9, chahut\u00e9. Quel b\u00e9n\u00e9fice d\u2019une direction plus \u00ab&nbsp;dure&nbsp;\u00bb du management, plus autoritaire, plus contraignante, et g\u00e9n\u00e9ratrice de mal-\u00eatre, de tensions, de risques psycho-sociaux&nbsp;? Une posture en contr\u00f4le, pour se rassurer, mais pas les autres. Ou celui d\u2019une \u00ab&nbsp;ligne&nbsp;\u00bb plus en soutien, plus en accompagnement, qui n\u2019emp\u00eache en aucun cas une posture en affirmation manag\u00e9riale&nbsp;? Le b\u00e9n\u00e9fice d\u2019une posture en confiance qui apporte une visibilit\u00e9, ou au moins du sens&nbsp;: celui de l\u2019effort, celui de l\u2019engagement, celui de la mobilisation. Quel que soit le contexte, de crise ou de prosp\u00e9rit\u00e9. La r\u00e9alit\u00e9 \u00e9tant plus nuanc\u00e9e, selon le secteur d\u2019activit\u00e9, la taille de l\u2019entreprise, selon l\u2019impr\u00e9visibilit\u00e9 des march\u00e9s concern\u00e9s. <\/p>\n\n\n\n<p>Notre socle structurel et institutionnel en mati\u00e8re de relation manag\u00e9riale est avant tout bas\u00e9 sur une vision verticale, hi\u00e9rarchique, administrative, et depuis l\u2019Ancien R\u00e9gime. Une structure d\u2019autorit\u00e9 construite sur le statut, que lui conf\u00e8re la fonction. Une culture qui suppose l\u2019application, l\u2019ex\u00e9cution. Un r\u00e9f\u00e9rentiel manag\u00e9rial arbitraire, qui engage aussi peu la posture du manager que l\u2019adh\u00e9sion du collaborateur. L\u2019individu \u00e9volue pourtant, au-del\u00e0 de certaines stagnations institutionnelles.<\/p>\n\n\n\n<p>L\u2019enjeu de la Qualit\u00e9 de Management au Travail est autant celui d\u2019une <strong>adaptation aux attentes<\/strong> des collaborateurs, des candidats, et de certains managers eux-m\u00eames. Ces managers qui ont une vision de leur r\u00f4le en posture\u00a0: en animation des ressources professionnelles et humaines de leur p\u00e9rim\u00e8tre. <\/p>\n\n\n\n<p>La Qualit\u00e9 de Management au Travail fait partie de la <strong>culture d\u2019entreprise<\/strong>. C\u2019est une opportunit\u00e9 d\u2019exprimer une certaine id\u00e9e du management pour l\u2019entreprise et par les managers eux-m\u00eames, tout autant qu\u2019un facteur qui g\u00e9n\u00e8re un contexte le plus favorable possible de Qualit\u00e9 de Vie au Travail pour les collaborateurs. <\/p>\n\n\n\n<p>La confiance, le sens de l\u2019effort, la mobilisation sur les objectifs sont des aptitudes qui s\u2019encouragent, se stimulent, s\u2019accompagnent, autant chez le manager, que par le manager pour le collaborateur. Le choix d\u2019un certain profil, en posture, est un engagement de la part de l\u2019entreprise, de la part du manager, et aussi de la part du collaborateur. Car le manager ne peut pas tout, s\u2019il n\u2019est pas soutenu dans sa posture, et si le collaborateur ne d\u00e9veloppe pas lui-m\u00eame une posture collaborative.<\/p>\n\n\n\n<p>Un engagement d\u2019autant plus sensible \u00e0 investir dans des p\u00e9riodes qui impactent la capacit\u00e9 d\u2019\u00e9nergie des individus dans l\u2019adaptation, dans la mobilisation de leur confiance, et d\u00e9stabilisent un certain sentiment de s\u00e9curit\u00e9. Et aussi dans une p\u00e9riode d\u2019\u00e9loignement physique, comme le g\u00e9n\u00e8re le t\u00e9l\u00e9travail. Une distanciation qui questionne, ou valorise, la notion de relation. Une notion immat\u00e9rielle, qui sollicite chacun, managers et collaborateurs, sur ce qu\u2019il investit dans le lien \u00e0 l\u2019autre, \u00e0 la collectivit\u00e9 professionnelle, en-dehors d\u2019une proximit\u00e9 physique, c\u2019est-\u00e0-dire sur un m\u00eame lieu. Suffit-il d\u2019ailleurs de se trouver sur un m\u00eame lieu pour construire des relations positives, ou b\u00e9n\u00e9fiques\u00a0? Certainement pas. La distanciation physique ne remet pas en question la Qualit\u00e9 de Management au Travail. Elle devient la Qualit\u00e9 de Management dans le Travail, qui sollicite cette posture \u00e9voqu\u00e9e. <\/p>\n\n\n\n<br>\n<table width=\"100%\" cellspacing=\"10\" cellpadding=\"10\" border=\"0\" bgcolor=\"#f6f6f6\">\n<tbody>\n<tr>\n<td style=\"border-left: 15px solid #f6f6f6; border-right: 15px solid #f6f6f6; border-top: 15px solid #f6f6f6;\" bgcolor=\"#f6f6f6\">\n\t<center>\n\t\t<span style=\"font-size: 18px; color: #d10016; font-family:Helvetica;\"><strong>Votre formation sur ce th\u00e8me<br>\n\t\t\t\u00ab&nbsp;CONSTRUIRE ET P\u00c9RENNISER VOTRE D\u00c9MARCHE QVT&nbsp;\u00bb<br>\n\t\t\t2 jours &#8211; \u00c0 distance ou en pr\u00e9sentiel<\/strong><\/span><br>\n\t<\/center>\n\t\t<br>\n<ul>\n\t<li><strong>Mesurer les enjeux strat\u00e9giques<\/strong> de la Qualit\u00e9 de Vie au Travail (QVT) pour l\u2019entreprise<\/li>\n\t<li><strong>Articuler<\/strong> pr\u00e9vention des risques psycho-sociaux et d\u00e9marche QVT<\/li>\n\t<li><strong>Accompagner l\u2019\u00e9volution des pratiques manag\u00e9riales<\/strong> et p\u00e9renniser les outils de mobilisation et d\u2019engagement collectif<\/li>\n<\/ul>\n\n<table width=\"100%\" border=\"0\">\n  <tbody>\n    <tr>\n\t\t<td ;=\"\" bgcolor=\"#d10016\"><center><a href=\"https:\/\/www.gereso.com\/DQVT\" target=\"_blank\" style=\"text-decoration:none; color:#ffffff \" rel=\"noopener noreferrer\"><strong>&gt;&nbsp;En savoir plus\u2026<\/strong><\/a><\/center><\/td>\n\t\t<td ;=\"\" bgcolor=\"f6f6f6\"><center>&nbsp;<\/center><\/td>\n\t\t<td ;=\"\" bgcolor=\"#d10016\"><center><a href=\"https:\/\/www.gereso.com\/client\/programme-pdf\/DQVT.pdf\" target=\"_blank\" style=\"text-decoration:none; color:#ffffff\" rel=\"noopener noreferrer\"><strong>&gt;&nbsp;T\u00e9l\u00e9charger le programme PDF<\/strong><\/a><\/center><\/td>\n    <\/tr>\n  <\/tbody>\n<\/table>\n\n<\/td>\n<\/tr>\n<\/tbody>\n<\/table>\n\n\n\n<h2 style=\"color:#d10016;\"><strong>La place de l&rsquo;outil<\/strong><\/h2>\n\n\n\n<p>La distanciation physique dispose aussi d\u2019outils de partage de donn\u00e9es, de communication en visio. Mais la visiocommunication est-elle suffisante pour g\u00e9n\u00e9rer une Qualit\u00e9 de Relation dans le Travail, et de Qualit\u00e9 de Vie dans le Travail\u00a0? Pour certains, peut-\u00eatre. Pour d\u2019autre, c\u2019est moins certain. Les besoins sont variables selon les individus. Et la notion de confort dans la proximit\u00e9 aussi. L\u00e0 o\u00f9 l\u2019entreprise cr\u00e9e des conditions plus partag\u00e9es entre les individus, le t\u00e9l\u00e9travail creuse les \u00e9carts entre les ressources logistiques dont chacun dispose, \u00e0 commencer par les m2 disponibles. L\u2019<strong>entreprise d\u00e9l\u00e8gue ainsi au collaborateur \/ manager<\/strong> des ressources mat\u00e9rielles, qui elles aussi font partie de la QVT, sur le lieu de travail, o\u00f9 qu\u2019il soit.<\/p>\n\n\n\n<p>Tout comme la table de ping-pong, le baby-foot, ou autres outils de divertissement, le partage de contenu est un outil, avant tout. L\u2019outil, de travail, participe bien s\u00fbr \u00e0 la structure de Qualit\u00e9 de Vie au Travail. Comment r\u00e9aliser sa mission si l\u2019individu ne dispose pas des moyens mat\u00e9riels pour la r\u00e9aliser ? Mais l\u2019outil de divertissement n\u2019occupe qu\u2019un <strong>instant de divertissement<\/strong>, voire de <strong>d\u00e9rivation du sujet de fond<\/strong>. S\u2019il ne fait que permettre d\u2019oublier un moment un contexte manag\u00e9rial de tension, ou d\u00e9sinvesti de l\u2019animation de l\u2019humain, il n\u2019est qu\u2019une partie visible d\u2019un iceberg d\u2019intentions manag\u00e9riales, ou du manque d\u2019intentions dans l\u2019engagement de posture. Un arrangement avec l\u2019int\u00e9r\u00eat port\u00e9 aux besoins des collaborateurs, et aux enjeux de posture manag\u00e9riale.<\/p>\n\n\n\n<p>La <strong>Qualit\u00e9 de Posture dans le Travail <\/strong>est une ressource qui participe \u00e0 la Qualit\u00e9 de Relation dans le Travail, et maintient un <strong>esprit de collaboration<\/strong>, <strong>d\u2019adh\u00e9sion, de confiance, de s\u00e9curit\u00e9 et d\u2019\u00e9panouissement dans le travail<\/strong>, au-del\u00e0 des conjonctures et de leurs effets sur le lieu d\u2019exercice du travail.<\/p>\n\n\n\n<p>Cette posture g\u00e9n\u00e8re un b\u00e9n\u00e9fice pour le manager et pour le collaborateur. La Qualit\u00e9 de Management dans le Travail est certes un investissement de la part du manager, mais il g\u00e9n\u00e8re des <strong>effets sur son \u00e9cosyst\u00e8me<\/strong>, collaborateur et managers, et pour lui-m\u00eame. Il actionne des leviers humains autant qu\u2019op\u00e9rationnels : adh\u00e9sion et r\u00e9sultat. La QMT transforme la QVT en r\u00e9sultats concrets, au-del\u00e0 de la <strong>satisfaction et du bien-\u00eatre professionnel<\/strong> des individus concern\u00e9s. Une posture \u00ab vertueuse \u00bb soutenue par un activateur de posture : les ressources humaines.<\/p>\n\n\n\n<h2 style=\"color:#d10016;\"><strong>La QVT&nbsp;: un sujet collectif <\/strong><\/h2>\n\n\n\n<p>Lorsqu\u2019on parle de QVT, un certain r\u00e9flexe est d\u2019associer ce sujet \u00e0 la fonction <strong>Ressources Humaines<\/strong>. Aux managers le business et l\u2019expertise, aux Ressources Humaines\u2026 le disciplinaire et l\u2019humain. Un peu court\u2026 Comme je l\u2019\u00e9voquais dans un article en d\u00e9cembre dernier (<a href=\"https:\/\/www.gereso.com\/actualites\/2020\/12\/16\/managers-revelez-hr-partner-qui-est-en-vous\/\">Manager : r\u00e9v\u00e9lez les HR Partner qui est en vous<\/a>), les r\u00f4les dans l\u2019univers professionnel sont plus vastes que les fonctions et leurs d\u00e9finitions. Le manager peut partager avec les Ressources Humaines le d\u00e9veloppement du collaborateur. Les Ressources Humaines ont la possibilit\u00e9 d\u2019occuper un r\u00f4le de partenaire des managers dans la r\u00e9ussite de leur expertise. Et tous deux sont des acteurs de la Qualit\u00e9 de Vie dans le Travail. Les Ressources Humaines ne portent pas seuls la responsabilit\u00e9 de veille, d\u2019action, d\u2019animation, ou de r\u00e9solution des sujets de QVT.<\/p>\n\n\n\n<p>La Qualit\u00e9 de Management dans le Travail, en posture, est une opportunit\u00e9 d\u2019associer managers et ressources humaines, de stimuler le collaboratif entre les fonctions, entre les postures Business des Ressources Humaines, et RH des managers.<\/p>\n\n\n\n<p>La Qualit\u00e9 de Management dans le Travail peut permettre de renforcer la notion de valeur ajout\u00e9e de l\u2019humain par rapport \u00e0 celle de l\u2019outil, de diffuser une <strong>valorisation de la posture professionnelle<\/strong> dans le meilleur fonctionnement possible d\u2019une organisation, et de mobiliser des expertises op\u00e9rationnelles et support dans le renforcement du bien-\u00eatre et de l\u2019efficacit\u00e9 professionnels des collaborateurs. C\u2019est d\u00e9j\u00e0 pas mal, non ?<\/p>\n\n\n\n<p>Alors, pas de QVT sans QMT ? <\/p>\n\n\n\n<p>En r\u00e9sum\u00e9 :<\/p>\n\n\n\n<p style=\"text-align:center\">QRT + QPT = QMT* <br> Sachant que QMT \u00a0\u2286 QVT, et que QVT \u00a0\u2286 QP\u2019T**<\/p>\n\n\n\n<p>L\u00e9gende : <\/p>\n\n\n\n<ul class=\"wp-block-list\"><li>*R = Relation                    <\/li><li>** V = Vie<\/li><li>P = Posture                           <\/li><li>P\u2019 = Performance<\/li><li>M = Management                <\/li><li>\u2286 = inclus dans <\/li><\/ul>\n\n\n\n<p>M\u00eame sans calcul, \u00e7a fonctionne. Faites le test.<\/p>\n","protected":false},"excerpt":{"rendered":"<p>Penser une organisation est essentiel pour r\u00e9pondre \u00e0 la fa\u00e7on de structurer les fonctions, les flux, internes et externes, pour optimiser, pour am\u00e9liorer. Mais jusqu\u2019o\u00f9 l\u2019am\u00e9lioration de l\u2019organisation peut-elle aller sans remettre en question ce besoin de r\u00e9alisation individuel, ou au moins, sans alt\u00e9rer les bonnes conditions, morales et relationnelles, d\u2019occuper son poste ? C\u2019est [&hellip;]<\/p>\n","protected":false},"author":37,"featured_media":19327,"comment_status":"open","ping_status":"open","sticky":false,"template":"","format":"standard","meta":{"_acf_changed":false,"_mi_skip_tracking":false,"footnotes":""},"categories":[1],"tags":[1652,284,1231],"class_list":["post-19278","post","type-post","status-publish","format-standard","has-post-thumbnail","hentry","category-non-classe","tag-bien-etre-au-travail","tag-management","tag-performance-collective"],"acf":[],"yoast_head":"<!-- This site is optimized with the Yoast SEO plugin v23.4 - https:\/\/yoast.com\/wordpress\/plugins\/seo\/ -->\n<title>QMT, Qualit\u00e9 de Management au Travail\u00a0: au c\u0153ur de la QVT\u00a0? - Le Blog GERESO<\/title>\n<meta name=\"robots\" content=\"index, follow, max-snippet:-1, max-image-preview:large, max-video-preview:-1\" \/>\n<link rel=\"canonical\" href=\"https:\/\/www.gereso.com\/actualites\/2021\/02\/23\/qmt-qualite-management-travail-coeur-qvt\/\" \/>\n<meta property=\"og:locale\" content=\"fr_FR\" \/>\n<meta property=\"og:type\" content=\"article\" \/>\n<meta property=\"og:title\" content=\"QMT, Qualit\u00e9 de Management au Travail\u00a0: au c\u0153ur de la QVT\u00a0? - Le Blog GERESO\" \/>\n<meta property=\"og:description\" content=\"Penser une organisation est essentiel pour r\u00e9pondre \u00e0 la fa\u00e7on de structurer les fonctions, les flux, internes et externes, pour optimiser, pour am\u00e9liorer. Mais jusqu\u2019o\u00f9 l\u2019am\u00e9lioration de l\u2019organisation peut-elle aller sans remettre en question ce besoin de r\u00e9alisation individuel, ou au moins, sans alt\u00e9rer les bonnes conditions, morales et relationnelles, d\u2019occuper son poste ? C\u2019est [&hellip;]\" \/>\n<meta property=\"og:url\" content=\"https:\/\/www.gereso.com\/actualites\/2021\/02\/23\/qmt-qualite-management-travail-coeur-qvt\/\" \/>\n<meta property=\"og:site_name\" content=\"Le Blog GERESO\" \/>\n<meta property=\"article:published_time\" content=\"2021-02-23T15:45:29+00:00\" \/>\n<meta property=\"article:modified_time\" content=\"2021-02-23T15:45:30+00:00\" \/>\n<meta property=\"og:image\" content=\"https:\/\/www.gereso.com\/actualites\/wp-content\/uploads\/2021\/02\/qmt-qualite-vie-travail.jpg\" \/>\n\t<meta property=\"og:image:width\" content=\"600\" \/>\n\t<meta property=\"og:image:height\" content=\"400\" \/>\n\t<meta property=\"og:image:type\" content=\"image\/jpeg\" \/>\n<meta name=\"author\" content=\"St\u00e9phane Lhermie\" \/>\n<meta name=\"twitter:card\" content=\"summary_large_image\" \/>\n<script type=\"application\/ld+json\" class=\"yoast-schema-graph\">{\"@context\":\"https:\/\/schema.org\",\"@graph\":[{\"@type\":\"WebPage\",\"@id\":\"https:\/\/www.gereso.com\/actualites\/2021\/02\/23\/qmt-qualite-management-travail-coeur-qvt\/\",\"url\":\"https:\/\/www.gereso.com\/actualites\/2021\/02\/23\/qmt-qualite-management-travail-coeur-qvt\/\",\"name\":\"QMT, Qualit\u00e9 de Management au Travail\u00a0: au c\u0153ur de la QVT\u00a0? - Le Blog GERESO\",\"isPartOf\":{\"@id\":\"https:\/\/www.gereso.com\/actualites\/#website\"},\"primaryImageOfPage\":{\"@id\":\"https:\/\/www.gereso.com\/actualites\/2021\/02\/23\/qmt-qualite-management-travail-coeur-qvt\/#primaryimage\"},\"image\":{\"@id\":\"https:\/\/www.gereso.com\/actualites\/2021\/02\/23\/qmt-qualite-management-travail-coeur-qvt\/#primaryimage\"},\"thumbnailUrl\":\"https:\/\/www.gereso.com\/actualites\/wp-content\/uploads\/2021\/02\/qmt-qualite-vie-travail.jpg\",\"datePublished\":\"2021-02-23T15:45:29+00:00\",\"dateModified\":\"2021-02-23T15:45:30+00:00\",\"author\":{\"@id\":\"https:\/\/www.gereso.com\/actualites\/#\/schema\/person\/d99dfdbc5bfbe44ea4f48d114b0c0529\"},\"breadcrumb\":{\"@id\":\"https:\/\/www.gereso.com\/actualites\/2021\/02\/23\/qmt-qualite-management-travail-coeur-qvt\/#breadcrumb\"},\"inLanguage\":\"fr-FR\",\"potentialAction\":[{\"@type\":\"ReadAction\",\"target\":[\"https:\/\/www.gereso.com\/actualites\/2021\/02\/23\/qmt-qualite-management-travail-coeur-qvt\/\"]}]},{\"@type\":\"ImageObject\",\"inLanguage\":\"fr-FR\",\"@id\":\"https:\/\/www.gereso.com\/actualites\/2021\/02\/23\/qmt-qualite-management-travail-coeur-qvt\/#primaryimage\",\"url\":\"https:\/\/www.gereso.com\/actualites\/wp-content\/uploads\/2021\/02\/qmt-qualite-vie-travail.jpg\",\"contentUrl\":\"https:\/\/www.gereso.com\/actualites\/wp-content\/uploads\/2021\/02\/qmt-qualite-vie-travail.jpg\",\"width\":600,\"height\":400,\"caption\":\"La relation managers - collaborateurs se d\u00e9finit par la confiance notamment en p\u00e9riode d'\u00e9loignement physique avec le t\u00e9l\u00e9travail.\"},{\"@type\":\"BreadcrumbList\",\"@id\":\"https:\/\/www.gereso.com\/actualites\/2021\/02\/23\/qmt-qualite-management-travail-coeur-qvt\/#breadcrumb\",\"itemListElement\":[{\"@type\":\"ListItem\",\"position\":1,\"name\":\"Home\",\"item\":\"https:\/\/www.gereso.com\/actualites\/\"},{\"@type\":\"ListItem\",\"position\":2,\"name\":\"QMT, Qualit\u00e9 de Management au Travail\u00a0: au c\u0153ur de la QVT\u00a0?\"}]},{\"@type\":\"WebSite\",\"@id\":\"https:\/\/www.gereso.com\/actualites\/#website\",\"url\":\"https:\/\/www.gereso.com\/actualites\/\",\"name\":\"Le Blog GERESO\",\"description\":\"Toute l&#039;actu RH, Finance, Fonction Publique, Management...\",\"potentialAction\":[{\"@type\":\"SearchAction\",\"target\":{\"@type\":\"EntryPoint\",\"urlTemplate\":\"https:\/\/www.gereso.com\/actualites\/?s={search_term_string}\"},\"query-input\":{\"@type\":\"PropertyValueSpecification\",\"valueRequired\":true,\"valueName\":\"search_term_string\"}}],\"inLanguage\":\"fr-FR\"},{\"@type\":\"Person\",\"@id\":\"https:\/\/www.gereso.com\/actualites\/#\/schema\/person\/d99dfdbc5bfbe44ea4f48d114b0c0529\",\"name\":\"St\u00e9phane Lhermie\",\"image\":{\"@type\":\"ImageObject\",\"inLanguage\":\"fr-FR\",\"@id\":\"https:\/\/www.gereso.com\/actualites\/#\/schema\/person\/image\/\",\"url\":\"https:\/\/www.gereso.com\/actualites\/wp-content\/uploads\/2020\/09\/Stephane-Lhermie-144x144.jpg\",\"contentUrl\":\"https:\/\/www.gereso.com\/actualites\/wp-content\/uploads\/2020\/09\/Stephane-Lhermie-144x144.jpg\",\"caption\":\"St\u00e9phane Lhermie\"},\"description\":\"Dipl\u00f4m\u00e9 de l\u2019ISG, o\u00f9 il r\u00e9alise une \u00e9tude sur la \u00ab gestion du changement par l\u2019expression \u00bb, St\u00e9phane a d\u00e9velopp\u00e9 un parcours en entreprises et en cabinets, fran\u00e7ais et anglo-saxons. Depuis 20 ans, il s'investit dans la compr\u00e9hension des modes de fonctionnements professionnels. Il accompagne leur \u00e9volution au travers du coaching professionnel individuel et de mobilit\u00e9, et leur \u00e9valuation par le conseil en strat\u00e9gie recrutement. En janvier 2006, il cr\u00e9e &amp;CHANGER - L'art de l'humain avec Virginie Galtier. Il est le r\u00e9dacteur de l\u2019Edito d\u2019&amp;CHANGER, et a \u00e9crit deux livres sur les enjeux de la posture dans la pratique de l'\u00e9valuation professionnelle. Le premier : \u00ab Comprendre l'\u00e9valuation professionnelle \u2013 Pour en finir avec la sanction et encourager l'expression individuelle \u00bb, GERESO Editions. Le deuxi\u00e8me : \u00ab \u00c9valuer les comp\u00e9tences professionnelles, mode d'emploi \u2013 Comment adapter vos pratiques et redonner du sens \u00e0 vos entretiens \u00bb, GERESO Editions. \u00bb St\u00e9phane est attach\u00e9 \u00e0 l\u2019encouragement du potentiel et de l'expression, qu'il retrouve dans sa passion pour l'art. L'abstraction en particulier, moderne ou contemporaine, est une sollicitation \u00e0 \u00ab sortir du cadre \u00bb. Il a \u00e9t\u00e9 coorganisateur en 2015 de la premi\u00e8re exposition en Cor\u00e9e du sud, \u00e0 S\u00e9oul, de JonOne, artiste international graffeur et peintre.\",\"url\":\"https:\/\/www.gereso.com\/actualites\/author\/s-lhermie\/\"}]}<\/script>\n<!-- \/ Yoast SEO plugin. -->","yoast_head_json":{"title":"QMT, Qualit\u00e9 de Management au Travail\u00a0: au c\u0153ur de la QVT\u00a0? - Le Blog GERESO","robots":{"index":"index","follow":"follow","max-snippet":"max-snippet:-1","max-image-preview":"max-image-preview:large","max-video-preview":"max-video-preview:-1"},"canonical":"https:\/\/www.gereso.com\/actualites\/2021\/02\/23\/qmt-qualite-management-travail-coeur-qvt\/","og_locale":"fr_FR","og_type":"article","og_title":"QMT, Qualit\u00e9 de Management au Travail\u00a0: au c\u0153ur de la QVT\u00a0? - Le Blog GERESO","og_description":"Penser une organisation est essentiel pour r\u00e9pondre \u00e0 la fa\u00e7on de structurer les fonctions, les flux, internes et externes, pour optimiser, pour am\u00e9liorer. Mais jusqu\u2019o\u00f9 l\u2019am\u00e9lioration de l\u2019organisation peut-elle aller sans remettre en question ce besoin de r\u00e9alisation individuel, ou au moins, sans alt\u00e9rer les bonnes conditions, morales et relationnelles, d\u2019occuper son poste ? C\u2019est [&hellip;]","og_url":"https:\/\/www.gereso.com\/actualites\/2021\/02\/23\/qmt-qualite-management-travail-coeur-qvt\/","og_site_name":"Le Blog GERESO","article_published_time":"2021-02-23T15:45:29+00:00","article_modified_time":"2021-02-23T15:45:30+00:00","og_image":[{"width":600,"height":400,"url":"https:\/\/www.gereso.com\/actualites\/wp-content\/uploads\/2021\/02\/qmt-qualite-vie-travail.jpg","type":"image\/jpeg"}],"author":"St\u00e9phane Lhermie","twitter_card":"summary_large_image","schema":{"@context":"https:\/\/schema.org","@graph":[{"@type":"WebPage","@id":"https:\/\/www.gereso.com\/actualites\/2021\/02\/23\/qmt-qualite-management-travail-coeur-qvt\/","url":"https:\/\/www.gereso.com\/actualites\/2021\/02\/23\/qmt-qualite-management-travail-coeur-qvt\/","name":"QMT, Qualit\u00e9 de Management au Travail\u00a0: au c\u0153ur de la QVT\u00a0? - Le Blog GERESO","isPartOf":{"@id":"https:\/\/www.gereso.com\/actualites\/#website"},"primaryImageOfPage":{"@id":"https:\/\/www.gereso.com\/actualites\/2021\/02\/23\/qmt-qualite-management-travail-coeur-qvt\/#primaryimage"},"image":{"@id":"https:\/\/www.gereso.com\/actualites\/2021\/02\/23\/qmt-qualite-management-travail-coeur-qvt\/#primaryimage"},"thumbnailUrl":"https:\/\/www.gereso.com\/actualites\/wp-content\/uploads\/2021\/02\/qmt-qualite-vie-travail.jpg","datePublished":"2021-02-23T15:45:29+00:00","dateModified":"2021-02-23T15:45:30+00:00","author":{"@id":"https:\/\/www.gereso.com\/actualites\/#\/schema\/person\/d99dfdbc5bfbe44ea4f48d114b0c0529"},"breadcrumb":{"@id":"https:\/\/www.gereso.com\/actualites\/2021\/02\/23\/qmt-qualite-management-travail-coeur-qvt\/#breadcrumb"},"inLanguage":"fr-FR","potentialAction":[{"@type":"ReadAction","target":["https:\/\/www.gereso.com\/actualites\/2021\/02\/23\/qmt-qualite-management-travail-coeur-qvt\/"]}]},{"@type":"ImageObject","inLanguage":"fr-FR","@id":"https:\/\/www.gereso.com\/actualites\/2021\/02\/23\/qmt-qualite-management-travail-coeur-qvt\/#primaryimage","url":"https:\/\/www.gereso.com\/actualites\/wp-content\/uploads\/2021\/02\/qmt-qualite-vie-travail.jpg","contentUrl":"https:\/\/www.gereso.com\/actualites\/wp-content\/uploads\/2021\/02\/qmt-qualite-vie-travail.jpg","width":600,"height":400,"caption":"La relation managers - collaborateurs se d\u00e9finit par la confiance notamment en p\u00e9riode d'\u00e9loignement physique avec le t\u00e9l\u00e9travail."},{"@type":"BreadcrumbList","@id":"https:\/\/www.gereso.com\/actualites\/2021\/02\/23\/qmt-qualite-management-travail-coeur-qvt\/#breadcrumb","itemListElement":[{"@type":"ListItem","position":1,"name":"Home","item":"https:\/\/www.gereso.com\/actualites\/"},{"@type":"ListItem","position":2,"name":"QMT, Qualit\u00e9 de Management au Travail\u00a0: au c\u0153ur de la QVT\u00a0?"}]},{"@type":"WebSite","@id":"https:\/\/www.gereso.com\/actualites\/#website","url":"https:\/\/www.gereso.com\/actualites\/","name":"Le Blog GERESO","description":"Toute l&#039;actu RH, Finance, Fonction Publique, Management...","potentialAction":[{"@type":"SearchAction","target":{"@type":"EntryPoint","urlTemplate":"https:\/\/www.gereso.com\/actualites\/?s={search_term_string}"},"query-input":{"@type":"PropertyValueSpecification","valueRequired":true,"valueName":"search_term_string"}}],"inLanguage":"fr-FR"},{"@type":"Person","@id":"https:\/\/www.gereso.com\/actualites\/#\/schema\/person\/d99dfdbc5bfbe44ea4f48d114b0c0529","name":"St\u00e9phane Lhermie","image":{"@type":"ImageObject","inLanguage":"fr-FR","@id":"https:\/\/www.gereso.com\/actualites\/#\/schema\/person\/image\/","url":"https:\/\/www.gereso.com\/actualites\/wp-content\/uploads\/2020\/09\/Stephane-Lhermie-144x144.jpg","contentUrl":"https:\/\/www.gereso.com\/actualites\/wp-content\/uploads\/2020\/09\/Stephane-Lhermie-144x144.jpg","caption":"St\u00e9phane Lhermie"},"description":"Dipl\u00f4m\u00e9 de l\u2019ISG, o\u00f9 il r\u00e9alise une \u00e9tude sur la \u00ab gestion du changement par l\u2019expression \u00bb, St\u00e9phane a d\u00e9velopp\u00e9 un parcours en entreprises et en cabinets, fran\u00e7ais et anglo-saxons. Depuis 20 ans, il s'investit dans la compr\u00e9hension des modes de fonctionnements professionnels. Il accompagne leur \u00e9volution au travers du coaching professionnel individuel et de mobilit\u00e9, et leur \u00e9valuation par le conseil en strat\u00e9gie recrutement. En janvier 2006, il cr\u00e9e &amp;CHANGER - L'art de l'humain avec Virginie Galtier. Il est le r\u00e9dacteur de l\u2019Edito d\u2019&amp;CHANGER, et a \u00e9crit deux livres sur les enjeux de la posture dans la pratique de l'\u00e9valuation professionnelle. Le premier : \u00ab Comprendre l'\u00e9valuation professionnelle \u2013 Pour en finir avec la sanction et encourager l'expression individuelle \u00bb, GERESO Editions. Le deuxi\u00e8me : \u00ab \u00c9valuer les comp\u00e9tences professionnelles, mode d'emploi \u2013 Comment adapter vos pratiques et redonner du sens \u00e0 vos entretiens \u00bb, GERESO Editions. \u00bb St\u00e9phane est attach\u00e9 \u00e0 l\u2019encouragement du potentiel et de l'expression, qu'il retrouve dans sa passion pour l'art. L'abstraction en particulier, moderne ou contemporaine, est une sollicitation \u00e0 \u00ab sortir du cadre \u00bb. Il a \u00e9t\u00e9 coorganisateur en 2015 de la premi\u00e8re exposition en Cor\u00e9e du sud, \u00e0 S\u00e9oul, de JonOne, artiste international graffeur et peintre.","url":"https:\/\/www.gereso.com\/actualites\/author\/s-lhermie\/"}]}},"_links":{"self":[{"href":"https:\/\/www.gereso.com\/actualites\/wp-json\/wp\/v2\/posts\/19278","targetHints":{"allow":["GET"]}}],"collection":[{"href":"https:\/\/www.gereso.com\/actualites\/wp-json\/wp\/v2\/posts"}],"about":[{"href":"https:\/\/www.gereso.com\/actualites\/wp-json\/wp\/v2\/types\/post"}],"author":[{"embeddable":true,"href":"https:\/\/www.gereso.com\/actualites\/wp-json\/wp\/v2\/users\/37"}],"replies":[{"embeddable":true,"href":"https:\/\/www.gereso.com\/actualites\/wp-json\/wp\/v2\/comments?post=19278"}],"version-history":[{"count":51,"href":"https:\/\/www.gereso.com\/actualites\/wp-json\/wp\/v2\/posts\/19278\/revisions"}],"predecessor-version":[{"id":19331,"href":"https:\/\/www.gereso.com\/actualites\/wp-json\/wp\/v2\/posts\/19278\/revisions\/19331"}],"wp:featuredmedia":[{"embeddable":true,"href":"https:\/\/www.gereso.com\/actualites\/wp-json\/wp\/v2\/media\/19327"}],"wp:attachment":[{"href":"https:\/\/www.gereso.com\/actualites\/wp-json\/wp\/v2\/media?parent=19278"}],"wp:term":[{"taxonomy":"category","embeddable":true,"href":"https:\/\/www.gereso.com\/actualites\/wp-json\/wp\/v2\/categories?post=19278"},{"taxonomy":"post_tag","embeddable":true,"href":"https:\/\/www.gereso.com\/actualites\/wp-json\/wp\/v2\/tags?post=19278"}],"curies":[{"name":"wp","href":"https:\/\/api.w.org\/{rel}","templated":true}]}}