{"id":19435,"date":"2021-03-01T16:27:56","date_gmt":"2021-03-01T14:27:56","guid":{"rendered":"https:\/\/www.gereso.com\/actualites\/?p=19435"},"modified":"2021-03-08T11:58:57","modified_gmt":"2021-03-08T09:58:57","slug":"infographie-teletravail-10-conseils-gerer-temps","status":"publish","type":"post","link":"https:\/\/www.gereso.com\/actualites\/2021\/03\/01\/infographie-teletravail-10-conseils-gerer-temps\/","title":{"rendered":"Infographie \u00ab\u00a0T\u00e9l\u00e9travail : 10 conseils pour bien g\u00e9rer son temps\u00a0\u00bb"},"content":{"rendered":"\n<div class=\"wp-block-file aligncenter\"><a href=\"https:\/\/www.gereso.com\/actualites\/wp-content\/uploads\/2021\/03\/10pointsTe\u0301le\u0301travail-2.jpg\">Infographie gestion du temps en t\u00e9l\u00e9travail<\/a><a href=\"https:\/\/www.gereso.com\/actualites\/wp-content\/uploads\/2021\/03\/10pointsTe\u0301le\u0301travail-2.jpg\" class=\"wp-block-file__button\" download>T\u00e9l\u00e9charger<\/a><\/div>\n\n\n\n<h2 style=\"color:#d10016;\"><strong>1. Rendez visible la r\u00e9alit\u00e9 de son travail<\/strong><\/h2>\n\n\n\n<p>Votre manager peut avoir une vision partielle ou erron\u00e9e de votre charge de travail r\u00e9elle, surtout en t\u00e9l\u00e9travail. N&rsquo;h\u00e9sitez pas \u00e0 mettre noir sur blanc et \u00e0 communiquer votre planning d\u00e9taill\u00e9 ou le d\u00e9tail de vos t\u00e2ches. <\/p>\n\n\n\n<h2 style=\"color:#d10016;\"><strong>2. Fixez-vous des limites de temps de t\u00e9l\u00e9travail<\/strong><\/h2>\n\n\n\n<p>Adoptez des horaires de travail pr\u00e9cis. \u00c9vitez la procrastination, mais aussi la pr\u00e9crastination. Utilisez des to-do lists ou des m\u00e9thodes de gestion du temps (Pomodoro&#8230;) <\/p>\n\n\n\n<h2 style=\"color:#d10016;\"><strong>3. Sortez de la tyrannie de la boite mail<\/strong><\/h2>\n\n\n\n<p>Les mails professionnels ne doivent \u00eatre lus que pendant votre temps de travail. \u00c9vitez de demander des r\u00e9ponses imm\u00e9diates, mod\u00e9rez l&rsquo;utilisation des Cc ou Cci&#8230; Et utilisez votre t\u00e9l\u00e9phone !<\/p>\n\n\n\n<h2 style=\"color:#d10016;\"><strong>4. Octroyez-vous des temps de pauses<\/strong><\/h2>\n\n\n\n<p>Pr\u00e9voyez des vraies coupures ou vous pourrez vous d\u00e9placer, vous \u00e9tirer. 5 \u00e0 10 minutes suffisent pour bien vous ressourcer. <\/p>\n\n\n\n<h2 style=\"color:#d10016;\"><strong>5. Essayez la micro-sieste<\/strong><\/h2>\n\n\n\n<p>Entre 10 et 20 mn, elle am\u00e9liore la concentration, r\u00e9duit le stress, augmente la productivit\u00e9. <\/p>\n\n\n\n<h2 style=\"color:#d10016;\"><strong>6. Lib\u00e9rez-vous de vos craintes<\/strong><\/h2>\n\n\n\n<p>6 personnes sur 10 pensent que les outils num\u00e9riques serviraient \u00e0 surveiller leur temps de connexion. Tr\u00e8s souvent il n&rsquo;en est rien ! Restez serein(e), vous n&rsquo;\u00eates pas forc\u00e9ment \u00ab\u00a0fliqu\u00e9(e)\u00a0\u00bb en t\u00e9l\u00e9travail !<\/p>\n\n\n\n<h2 style=\"color:#d10016;\"><strong>7. Fixez-vous des limites claires<\/strong><\/h2>\n\n\n\n<p>Il est important de se donner une heure limite \u00e0 ne pas d\u00e9passer et de s&rsquo;y tenir. Mettez en place des petits rituels comme fermer son ordinateur et le ranger. <\/p>\n\n\n\n<h2 style=\"color:#d10016;\"><strong>8. Apprenez \u00e0 dire non, relativisez l\u2019urgence<\/strong><\/h2>\n\n\n\n<p>En t\u00e9l\u00e9travail, il arrive qu&rsquo;on surr\u00e9agisse pour prouver qu&rsquo;on est bien l\u00e0, en train de travailler&#8230; Sachez reconnaitre et g\u00e9rer les vraies urgences !<\/p>\n\n\n\n<h2 style=\"color:#d10016;\"><strong>9. Soyez vigilant(e) quant aux dur\u00e9es de r\u00e9union<\/strong><\/h2>\n\n\n\n<p>Assurez-vous que les r\u00e9unions que vous programmez ou auxquelles vous participez sont bien indispensables. N&rsquo;oubliez pas d&rsquo;\u00e9tablir un ordre du jour et de vous y tenir. <\/p>\n\n\n\n<h2 style=\"color:#d10016;\"><strong>10. Gardez du temps pour vous<\/strong><\/h2>\n\n\n\n<p>Profitez du temps \u00ab\u00a0\u00e9conomis\u00e9\u00a0\u00bb dans les transports ou les embouteillages pour vos activit\u00e9s personnelles : loisirs, sport ou famille&#8230;<\/p>\n","protected":false},"excerpt":{"rendered":"<p>1. Rendez visible la r\u00e9alit\u00e9 de son travail Votre manager peut avoir une vision partielle ou erron\u00e9e de votre charge de travail r\u00e9elle, surtout en t\u00e9l\u00e9travail. N&rsquo;h\u00e9sitez pas \u00e0 mettre noir sur blanc et \u00e0 communiquer votre planning d\u00e9taill\u00e9 ou le d\u00e9tail de vos t\u00e2ches. 2. Fixez-vous des limites de temps de t\u00e9l\u00e9travail Adoptez des [&hellip;]<\/p>\n","protected":false},"author":32,"featured_media":19640,"comment_status":"open","ping_status":"open","sticky":false,"template":"","format":"standard","meta":{"_acf_changed":false,"_mi_skip_tracking":false,"footnotes":""},"categories":[9],"tags":[],"class_list":["post-19435","post","type-post","status-publish","format-standard","has-post-thumbnail","hentry","category-developpement-personnel-et-efficacite-professionnelle"],"acf":[],"yoast_head":"<!-- This site is optimized with the Yoast SEO plugin v23.4 - https:\/\/yoast.com\/wordpress\/plugins\/seo\/ -->\n<title>Infographie &quot;T\u00e9l\u00e9travail : 10 conseils pour bien g\u00e9rer son temps&quot; - Le Blog GERESO<\/title>\n<meta name=\"robots\" content=\"index, follow, max-snippet:-1, max-image-preview:large, max-video-preview:-1\" \/>\n<link rel=\"canonical\" href=\"https:\/\/www.gereso.com\/actualites\/2021\/03\/01\/infographie-teletravail-10-conseils-gerer-temps\/\" \/>\n<meta property=\"og:locale\" content=\"fr_FR\" \/>\n<meta property=\"og:type\" content=\"article\" \/>\n<meta property=\"og:title\" content=\"Infographie &quot;T\u00e9l\u00e9travail : 10 conseils pour bien g\u00e9rer son temps&quot; - Le Blog GERESO\" \/>\n<meta property=\"og:description\" content=\"1. Rendez visible la r\u00e9alit\u00e9 de son travail Votre manager peut avoir une vision partielle ou erron\u00e9e de votre charge de travail r\u00e9elle, surtout en t\u00e9l\u00e9travail. N&rsquo;h\u00e9sitez pas \u00e0 mettre noir sur blanc et \u00e0 communiquer votre planning d\u00e9taill\u00e9 ou le d\u00e9tail de vos t\u00e2ches. 2. Fixez-vous des limites de temps de t\u00e9l\u00e9travail Adoptez des [&hellip;]\" \/>\n<meta property=\"og:url\" content=\"https:\/\/www.gereso.com\/actualites\/2021\/03\/01\/infographie-teletravail-10-conseils-gerer-temps\/\" \/>\n<meta property=\"og:site_name\" content=\"Le Blog GERESO\" \/>\n<meta property=\"article:published_time\" content=\"2021-03-01T14:27:56+00:00\" \/>\n<meta property=\"article:modified_time\" content=\"2021-03-08T09:58:57+00:00\" \/>\n<meta property=\"og:image\" content=\"https:\/\/www.gereso.com\/actualites\/wp-content\/uploads\/2021\/03\/10pointsTe\u0301le\u0301travail-1.jpg\" \/>\n\t<meta property=\"og:image:width\" content=\"1080\" \/>\n\t<meta property=\"og:image:height\" content=\"763\" \/>\n\t<meta property=\"og:image:type\" content=\"image\/jpeg\" \/>\n<meta name=\"author\" content=\"\u00c9quipe GERESO\" \/>\n<meta name=\"twitter:card\" content=\"summary_large_image\" \/>\n<script type=\"application\/ld+json\" class=\"yoast-schema-graph\">{\"@context\":\"https:\/\/schema.org\",\"@graph\":[{\"@type\":\"WebPage\",\"@id\":\"https:\/\/www.gereso.com\/actualites\/2021\/03\/01\/infographie-teletravail-10-conseils-gerer-temps\/\",\"url\":\"https:\/\/www.gereso.com\/actualites\/2021\/03\/01\/infographie-teletravail-10-conseils-gerer-temps\/\",\"name\":\"Infographie \\\"T\u00e9l\u00e9travail : 10 conseils pour bien g\u00e9rer son temps\\\" - Le Blog GERESO\",\"isPartOf\":{\"@id\":\"https:\/\/www.gereso.com\/actualites\/#website\"},\"primaryImageOfPage\":{\"@id\":\"https:\/\/www.gereso.com\/actualites\/2021\/03\/01\/infographie-teletravail-10-conseils-gerer-temps\/#primaryimage\"},\"image\":{\"@id\":\"https:\/\/www.gereso.com\/actualites\/2021\/03\/01\/infographie-teletravail-10-conseils-gerer-temps\/#primaryimage\"},\"thumbnailUrl\":\"https:\/\/www.gereso.com\/actualites\/wp-content\/uploads\/2021\/03\/10pointsTe\u0301le\u0301travail-1.jpg\",\"datePublished\":\"2021-03-01T14:27:56+00:00\",\"dateModified\":\"2021-03-08T09:58:57+00:00\",\"author\":{\"@id\":\"https:\/\/www.gereso.com\/actualites\/#\/schema\/person\/197d8aef40cb4ae3f6a0aa9e1d3df2a6\"},\"breadcrumb\":{\"@id\":\"https:\/\/www.gereso.com\/actualites\/2021\/03\/01\/infographie-teletravail-10-conseils-gerer-temps\/#breadcrumb\"},\"inLanguage\":\"fr-FR\",\"potentialAction\":[{\"@type\":\"ReadAction\",\"target\":[\"https:\/\/www.gereso.com\/actualites\/2021\/03\/01\/infographie-teletravail-10-conseils-gerer-temps\/\"]}]},{\"@type\":\"ImageObject\",\"inLanguage\":\"fr-FR\",\"@id\":\"https:\/\/www.gereso.com\/actualites\/2021\/03\/01\/infographie-teletravail-10-conseils-gerer-temps\/#primaryimage\",\"url\":\"https:\/\/www.gereso.com\/actualites\/wp-content\/uploads\/2021\/03\/10pointsTe\u0301le\u0301travail-1.jpg\",\"contentUrl\":\"https:\/\/www.gereso.com\/actualites\/wp-content\/uploads\/2021\/03\/10pointsTe\u0301le\u0301travail-1.jpg\",\"width\":1080,\"height\":763,\"caption\":\"Gestion du temps t\u00e9l\u00e9travail\"},{\"@type\":\"BreadcrumbList\",\"@id\":\"https:\/\/www.gereso.com\/actualites\/2021\/03\/01\/infographie-teletravail-10-conseils-gerer-temps\/#breadcrumb\",\"itemListElement\":[{\"@type\":\"ListItem\",\"position\":1,\"name\":\"Home\",\"item\":\"https:\/\/www.gereso.com\/actualites\/\"},{\"@type\":\"ListItem\",\"position\":2,\"name\":\"Infographie \u00ab\u00a0T\u00e9l\u00e9travail : 10 conseils pour bien g\u00e9rer son temps\u00a0\u00bb\"}]},{\"@type\":\"WebSite\",\"@id\":\"https:\/\/www.gereso.com\/actualites\/#website\",\"url\":\"https:\/\/www.gereso.com\/actualites\/\",\"name\":\"Le Blog GERESO\",\"description\":\"Toute l&#039;actu RH, Finance, Fonction Publique, Management...\",\"potentialAction\":[{\"@type\":\"SearchAction\",\"target\":{\"@type\":\"EntryPoint\",\"urlTemplate\":\"https:\/\/www.gereso.com\/actualites\/?s={search_term_string}\"},\"query-input\":{\"@type\":\"PropertyValueSpecification\",\"valueRequired\":true,\"valueName\":\"search_term_string\"}}],\"inLanguage\":\"fr-FR\"},{\"@type\":\"Person\",\"@id\":\"https:\/\/www.gereso.com\/actualites\/#\/schema\/person\/197d8aef40cb4ae3f6a0aa9e1d3df2a6\",\"name\":\"\u00c9quipe GERESO\",\"image\":{\"@type\":\"ImageObject\",\"inLanguage\":\"fr-FR\",\"@id\":\"https:\/\/www.gereso.com\/actualites\/#\/schema\/person\/image\/\",\"url\":\"https:\/\/www.gereso.com\/actualites\/wp-content\/uploads\/2013\/12\/avatar-gereso-1.png\",\"contentUrl\":\"https:\/\/www.gereso.com\/actualites\/wp-content\/uploads\/2013\/12\/avatar-gereso-1.png\",\"caption\":\"\u00c9quipe GERESO\"},\"url\":\"https:\/\/www.gereso.com\/actualites\/author\/gereso\/\"}]}<\/script>\n<!-- \/ Yoast SEO plugin. -->","yoast_head_json":{"title":"Infographie \"T\u00e9l\u00e9travail : 10 conseils pour bien g\u00e9rer son temps\" - Le Blog GERESO","robots":{"index":"index","follow":"follow","max-snippet":"max-snippet:-1","max-image-preview":"max-image-preview:large","max-video-preview":"max-video-preview:-1"},"canonical":"https:\/\/www.gereso.com\/actualites\/2021\/03\/01\/infographie-teletravail-10-conseils-gerer-temps\/","og_locale":"fr_FR","og_type":"article","og_title":"Infographie \"T\u00e9l\u00e9travail : 10 conseils pour bien g\u00e9rer son temps\" - Le Blog GERESO","og_description":"1. Rendez visible la r\u00e9alit\u00e9 de son travail Votre manager peut avoir une vision partielle ou erron\u00e9e de votre charge de travail r\u00e9elle, surtout en t\u00e9l\u00e9travail. N&rsquo;h\u00e9sitez pas \u00e0 mettre noir sur blanc et \u00e0 communiquer votre planning d\u00e9taill\u00e9 ou le d\u00e9tail de vos t\u00e2ches. 2. Fixez-vous des limites de temps de t\u00e9l\u00e9travail Adoptez des [&hellip;]","og_url":"https:\/\/www.gereso.com\/actualites\/2021\/03\/01\/infographie-teletravail-10-conseils-gerer-temps\/","og_site_name":"Le Blog GERESO","article_published_time":"2021-03-01T14:27:56+00:00","article_modified_time":"2021-03-08T09:58:57+00:00","og_image":[{"width":1080,"height":763,"url":"https:\/\/www.gereso.com\/actualites\/wp-content\/uploads\/2021\/03\/10pointsTe\u0301le\u0301travail-1.jpg","type":"image\/jpeg"}],"author":"\u00c9quipe GERESO","twitter_card":"summary_large_image","schema":{"@context":"https:\/\/schema.org","@graph":[{"@type":"WebPage","@id":"https:\/\/www.gereso.com\/actualites\/2021\/03\/01\/infographie-teletravail-10-conseils-gerer-temps\/","url":"https:\/\/www.gereso.com\/actualites\/2021\/03\/01\/infographie-teletravail-10-conseils-gerer-temps\/","name":"Infographie \"T\u00e9l\u00e9travail : 10 conseils pour bien g\u00e9rer son temps\" - Le Blog GERESO","isPartOf":{"@id":"https:\/\/www.gereso.com\/actualites\/#website"},"primaryImageOfPage":{"@id":"https:\/\/www.gereso.com\/actualites\/2021\/03\/01\/infographie-teletravail-10-conseils-gerer-temps\/#primaryimage"},"image":{"@id":"https:\/\/www.gereso.com\/actualites\/2021\/03\/01\/infographie-teletravail-10-conseils-gerer-temps\/#primaryimage"},"thumbnailUrl":"https:\/\/www.gereso.com\/actualites\/wp-content\/uploads\/2021\/03\/10pointsTe\u0301le\u0301travail-1.jpg","datePublished":"2021-03-01T14:27:56+00:00","dateModified":"2021-03-08T09:58:57+00:00","author":{"@id":"https:\/\/www.gereso.com\/actualites\/#\/schema\/person\/197d8aef40cb4ae3f6a0aa9e1d3df2a6"},"breadcrumb":{"@id":"https:\/\/www.gereso.com\/actualites\/2021\/03\/01\/infographie-teletravail-10-conseils-gerer-temps\/#breadcrumb"},"inLanguage":"fr-FR","potentialAction":[{"@type":"ReadAction","target":["https:\/\/www.gereso.com\/actualites\/2021\/03\/01\/infographie-teletravail-10-conseils-gerer-temps\/"]}]},{"@type":"ImageObject","inLanguage":"fr-FR","@id":"https:\/\/www.gereso.com\/actualites\/2021\/03\/01\/infographie-teletravail-10-conseils-gerer-temps\/#primaryimage","url":"https:\/\/www.gereso.com\/actualites\/wp-content\/uploads\/2021\/03\/10pointsTe\u0301le\u0301travail-1.jpg","contentUrl":"https:\/\/www.gereso.com\/actualites\/wp-content\/uploads\/2021\/03\/10pointsTe\u0301le\u0301travail-1.jpg","width":1080,"height":763,"caption":"Gestion du temps t\u00e9l\u00e9travail"},{"@type":"BreadcrumbList","@id":"https:\/\/www.gereso.com\/actualites\/2021\/03\/01\/infographie-teletravail-10-conseils-gerer-temps\/#breadcrumb","itemListElement":[{"@type":"ListItem","position":1,"name":"Home","item":"https:\/\/www.gereso.com\/actualites\/"},{"@type":"ListItem","position":2,"name":"Infographie \u00ab\u00a0T\u00e9l\u00e9travail : 10 conseils pour bien g\u00e9rer son temps\u00a0\u00bb"}]},{"@type":"WebSite","@id":"https:\/\/www.gereso.com\/actualites\/#website","url":"https:\/\/www.gereso.com\/actualites\/","name":"Le Blog GERESO","description":"Toute l&#039;actu RH, Finance, Fonction Publique, Management...","potentialAction":[{"@type":"SearchAction","target":{"@type":"EntryPoint","urlTemplate":"https:\/\/www.gereso.com\/actualites\/?s={search_term_string}"},"query-input":{"@type":"PropertyValueSpecification","valueRequired":true,"valueName":"search_term_string"}}],"inLanguage":"fr-FR"},{"@type":"Person","@id":"https:\/\/www.gereso.com\/actualites\/#\/schema\/person\/197d8aef40cb4ae3f6a0aa9e1d3df2a6","name":"\u00c9quipe GERESO","image":{"@type":"ImageObject","inLanguage":"fr-FR","@id":"https:\/\/www.gereso.com\/actualites\/#\/schema\/person\/image\/","url":"https:\/\/www.gereso.com\/actualites\/wp-content\/uploads\/2013\/12\/avatar-gereso-1.png","contentUrl":"https:\/\/www.gereso.com\/actualites\/wp-content\/uploads\/2013\/12\/avatar-gereso-1.png","caption":"\u00c9quipe GERESO"},"url":"https:\/\/www.gereso.com\/actualites\/author\/gereso\/"}]}},"_links":{"self":[{"href":"https:\/\/www.gereso.com\/actualites\/wp-json\/wp\/v2\/posts\/19435","targetHints":{"allow":["GET"]}}],"collection":[{"href":"https:\/\/www.gereso.com\/actualites\/wp-json\/wp\/v2\/posts"}],"about":[{"href":"https:\/\/www.gereso.com\/actualites\/wp-json\/wp\/v2\/types\/post"}],"author":[{"embeddable":true,"href":"https:\/\/www.gereso.com\/actualites\/wp-json\/wp\/v2\/users\/32"}],"replies":[{"embeddable":true,"href":"https:\/\/www.gereso.com\/actualites\/wp-json\/wp\/v2\/comments?post=19435"}],"version-history":[{"count":13,"href":"https:\/\/www.gereso.com\/actualites\/wp-json\/wp\/v2\/posts\/19435\/revisions"}],"predecessor-version":[{"id":19644,"href":"https:\/\/www.gereso.com\/actualites\/wp-json\/wp\/v2\/posts\/19435\/revisions\/19644"}],"wp:featuredmedia":[{"embeddable":true,"href":"https:\/\/www.gereso.com\/actualites\/wp-json\/wp\/v2\/media\/19640"}],"wp:attachment":[{"href":"https:\/\/www.gereso.com\/actualites\/wp-json\/wp\/v2\/media?parent=19435"}],"wp:term":[{"taxonomy":"category","embeddable":true,"href":"https:\/\/www.gereso.com\/actualites\/wp-json\/wp\/v2\/categories?post=19435"},{"taxonomy":"post_tag","embeddable":true,"href":"https:\/\/www.gereso.com\/actualites\/wp-json\/wp\/v2\/tags?post=19435"}],"curies":[{"name":"wp","href":"https:\/\/api.w.org\/{rel}","templated":true}]}}