{"id":1990,"date":"2004-01-01T00:00:00","date_gmt":"2003-12-31T22:00:00","guid":{"rendered":"https:\/\/www.gereso.com\/actualites\/2004\/01\/du-teletravail-au-travail-mobile-un-enjeu-de-modernisation-de-leconomie-francaise\/"},"modified":"2004-01-01T00:00:00","modified_gmt":"2003-12-31T22:00:00","slug":"du-teletravail-au-travail-mobile-un-enjeu-de-modernisation-de-leconomie-francaise","status":"publish","type":"post","link":"https:\/\/www.gereso.com\/actualites\/2004\/01\/01\/du-teletravail-au-travail-mobile-un-enjeu-de-modernisation-de-leconomie-francaise\/","title":{"rendered":"Du t\u00e9l\u00e9travail au travail mobile : un enjeu de modernisation de l&#039;\u00e9conomie fran\u00e7aise"},"content":{"rendered":"<h3>Des recommandations pour d\u00e9velopper le t\u00e9l\u00e9travail<\/h3>\n<p><b>7%, telle est la proportion de la population active concern\u00e9e, en 2003, par le t\u00e9l\u00e9travail, <\/b>pour une moyenne europ\u00e9enne de <b>13%<\/b>.<\/p>\n<p>Selon le pr\u00e9sent rapport, les principaux obstacles au d\u00e9veloppement dut\u00e9l\u00e9travail en France ne viennent pas d&rsquo;un retard d&rsquo;\u00e9quipement oud&rsquo;infrastructures par rapport \u00e0 ce qui se fait dans les grands payscomparables, mais tiennent davantage \u00e0 <b>l&rsquo;\u00e9volutionjug\u00e9e trop lente des mentalit\u00e9s d&rsquo;une part, et d&rsquo;autre part \u00e0 uneorganisation du travail qui tarde \u00e0 capitaliser les avantages offertspar les TIC<\/b> (technologies de l&rsquo;information et de la communication). <\/p>\n<p>Compte tenu de ces observations, l&rsquo;auteur du rapport \u00e9met plusieursrecommandations pour d\u00e9velopper le t\u00e9l\u00e9travail en France, autour dedeux id\u00e9es centrales : <\/p>\n<li> <b>faire sortir le t\u00e9l\u00e9travail de la \u00ab\u00a0clandestinit\u00e9\u00a0\u00bb<\/b> au sein de laquelle il est cantonn\u00e9, dans les entreprises comme dans les administrations ; <\/li>\n<li> <b>mettre en oeuvre tous les dispositifs <\/b>permettant aux entreprises comme aux salari\u00e9s ou fonctionnaires qui veulent en b\u00e9n\u00e9ficier d&rsquo;y acc\u00e9der.<\/li>\n<h3>T\u00e9l\u00e9charger le rapport<\/h3>\n<p>T\u00e9l\u00e9charger le rapport complet de Pierre MOREL-A-LHUISSIER en format PDF<\/p>\n<p>Vous avez besoin de la derni\u00e8re version d&rsquo;Acrobat reader pour lire les documents au format PDF.<\/p>\n<p> Vous pouvez t\u00e9l\u00e9charger ce logiciel en cliquant ici<\/p>\n<p>Source : La Documentation fran\u00e7aise<\/p>\n","protected":false},"excerpt":{"rendered":"<p>Des recommandations pour d\u00e9velopper le t\u00e9l\u00e9travail 7%, telle est la proportion de la population active concern\u00e9e, en 2003, par le t\u00e9l\u00e9travail, pour une moyenne europ\u00e9enne de 13%. Selon le pr\u00e9sent rapport, les principaux obstacles au d\u00e9veloppement dut\u00e9l\u00e9travail en France ne viennent pas d&rsquo;un retard d&rsquo;\u00e9quipement oud&rsquo;infrastructures par rapport \u00e0 ce qui se fait dans les [&hellip;]<\/p>\n","protected":false},"author":32,"featured_media":0,"comment_status":"open","ping_status":"open","sticky":false,"template":"","format":"standard","meta":{"_acf_changed":false,"_mi_skip_tracking":false,"footnotes":""},"categories":[6],"tags":[],"class_list":["post-1990","post","type-post","status-publish","format-standard","hentry","category-fonction-publique"],"acf":[],"yoast_head":"<!-- This site is optimized with the Yoast SEO plugin v23.4 - https:\/\/yoast.com\/wordpress\/plugins\/seo\/ -->\n<title>Du t\u00e9l\u00e9travail au travail mobile : un enjeu de modernisation de l&#039;\u00e9conomie fran\u00e7aise - Le Blog GERESO<\/title>\n<meta name=\"robots\" content=\"index, follow, max-snippet:-1, max-image-preview:large, max-video-preview:-1\" \/>\n<link rel=\"canonical\" href=\"https:\/\/www.gereso.com\/actualites\/2004\/01\/01\/du-teletravail-au-travail-mobile-un-enjeu-de-modernisation-de-leconomie-francaise\/\" \/>\n<meta property=\"og:locale\" content=\"fr_FR\" \/>\n<meta property=\"og:type\" content=\"article\" \/>\n<meta property=\"og:title\" content=\"Du t\u00e9l\u00e9travail au travail mobile : un enjeu de modernisation de l&#039;\u00e9conomie fran\u00e7aise - Le Blog GERESO\" \/>\n<meta property=\"og:description\" content=\"Des recommandations pour d\u00e9velopper le t\u00e9l\u00e9travail 7%, telle est la proportion de la population active concern\u00e9e, en 2003, par le t\u00e9l\u00e9travail, pour une moyenne europ\u00e9enne de 13%. Selon le pr\u00e9sent rapport, les principaux obstacles au d\u00e9veloppement dut\u00e9l\u00e9travail en France ne viennent pas d&rsquo;un retard d&rsquo;\u00e9quipement oud&rsquo;infrastructures par rapport \u00e0 ce qui se fait dans les [&hellip;]\" \/>\n<meta property=\"og:url\" content=\"https:\/\/www.gereso.com\/actualites\/2004\/01\/01\/du-teletravail-au-travail-mobile-un-enjeu-de-modernisation-de-leconomie-francaise\/\" \/>\n<meta property=\"og:site_name\" content=\"Le Blog GERESO\" \/>\n<meta property=\"article:published_time\" content=\"2003-12-31T22:00:00+00:00\" \/>\n<meta name=\"author\" content=\"\u00c9quipe GERESO\" \/>\n<meta name=\"twitter:card\" content=\"summary_large_image\" \/>\n<script type=\"application\/ld+json\" class=\"yoast-schema-graph\">{\"@context\":\"https:\/\/schema.org\",\"@graph\":[{\"@type\":\"WebPage\",\"@id\":\"https:\/\/www.gereso.com\/actualites\/2004\/01\/01\/du-teletravail-au-travail-mobile-un-enjeu-de-modernisation-de-leconomie-francaise\/\",\"url\":\"https:\/\/www.gereso.com\/actualites\/2004\/01\/01\/du-teletravail-au-travail-mobile-un-enjeu-de-modernisation-de-leconomie-francaise\/\",\"name\":\"Du t\u00e9l\u00e9travail au travail mobile : un enjeu de modernisation de l&#039;\u00e9conomie fran\u00e7aise - Le Blog GERESO\",\"isPartOf\":{\"@id\":\"https:\/\/www.gereso.com\/actualites\/#website\"},\"datePublished\":\"2003-12-31T22:00:00+00:00\",\"dateModified\":\"2003-12-31T22:00:00+00:00\",\"author\":{\"@id\":\"https:\/\/www.gereso.com\/actualites\/#\/schema\/person\/197d8aef40cb4ae3f6a0aa9e1d3df2a6\"},\"breadcrumb\":{\"@id\":\"https:\/\/www.gereso.com\/actualites\/2004\/01\/01\/du-teletravail-au-travail-mobile-un-enjeu-de-modernisation-de-leconomie-francaise\/#breadcrumb\"},\"inLanguage\":\"fr-FR\",\"potentialAction\":[{\"@type\":\"ReadAction\",\"target\":[\"https:\/\/www.gereso.com\/actualites\/2004\/01\/01\/du-teletravail-au-travail-mobile-un-enjeu-de-modernisation-de-leconomie-francaise\/\"]}]},{\"@type\":\"BreadcrumbList\",\"@id\":\"https:\/\/www.gereso.com\/actualites\/2004\/01\/01\/du-teletravail-au-travail-mobile-un-enjeu-de-modernisation-de-leconomie-francaise\/#breadcrumb\",\"itemListElement\":[{\"@type\":\"ListItem\",\"position\":1,\"name\":\"Home\",\"item\":\"https:\/\/www.gereso.com\/actualites\/\"},{\"@type\":\"ListItem\",\"position\":2,\"name\":\"Du t\u00e9l\u00e9travail au travail mobile : un enjeu de modernisation de l&#039;\u00e9conomie fran\u00e7aise\"}]},{\"@type\":\"WebSite\",\"@id\":\"https:\/\/www.gereso.com\/actualites\/#website\",\"url\":\"https:\/\/www.gereso.com\/actualites\/\",\"name\":\"Le Blog GERESO\",\"description\":\"Toute l&#039;actu RH, Finance, Fonction Publique, Management...\",\"potentialAction\":[{\"@type\":\"SearchAction\",\"target\":{\"@type\":\"EntryPoint\",\"urlTemplate\":\"https:\/\/www.gereso.com\/actualites\/?s={search_term_string}\"},\"query-input\":{\"@type\":\"PropertyValueSpecification\",\"valueRequired\":true,\"valueName\":\"search_term_string\"}}],\"inLanguage\":\"fr-FR\"},{\"@type\":\"Person\",\"@id\":\"https:\/\/www.gereso.com\/actualites\/#\/schema\/person\/197d8aef40cb4ae3f6a0aa9e1d3df2a6\",\"name\":\"\u00c9quipe GERESO\",\"image\":{\"@type\":\"ImageObject\",\"inLanguage\":\"fr-FR\",\"@id\":\"https:\/\/www.gereso.com\/actualites\/#\/schema\/person\/image\/\",\"url\":\"https:\/\/www.gereso.com\/actualites\/wp-content\/uploads\/2013\/12\/avatar-gereso-1.png\",\"contentUrl\":\"https:\/\/www.gereso.com\/actualites\/wp-content\/uploads\/2013\/12\/avatar-gereso-1.png\",\"caption\":\"\u00c9quipe GERESO\"},\"url\":\"https:\/\/www.gereso.com\/actualites\/author\/gereso\/\"}]}<\/script>\n<!-- \/ Yoast SEO plugin. -->","yoast_head_json":{"title":"Du t\u00e9l\u00e9travail au travail mobile : un enjeu de modernisation de l&#039;\u00e9conomie fran\u00e7aise - Le Blog GERESO","robots":{"index":"index","follow":"follow","max-snippet":"max-snippet:-1","max-image-preview":"max-image-preview:large","max-video-preview":"max-video-preview:-1"},"canonical":"https:\/\/www.gereso.com\/actualites\/2004\/01\/01\/du-teletravail-au-travail-mobile-un-enjeu-de-modernisation-de-leconomie-francaise\/","og_locale":"fr_FR","og_type":"article","og_title":"Du t\u00e9l\u00e9travail au travail mobile : un enjeu de modernisation de l&#039;\u00e9conomie fran\u00e7aise - Le Blog GERESO","og_description":"Des recommandations pour d\u00e9velopper le t\u00e9l\u00e9travail 7%, telle est la proportion de la population active concern\u00e9e, en 2003, par le t\u00e9l\u00e9travail, pour une moyenne europ\u00e9enne de 13%. Selon le pr\u00e9sent rapport, les principaux obstacles au d\u00e9veloppement dut\u00e9l\u00e9travail en France ne viennent pas d&rsquo;un retard d&rsquo;\u00e9quipement oud&rsquo;infrastructures par rapport \u00e0 ce qui se fait dans les [&hellip;]","og_url":"https:\/\/www.gereso.com\/actualites\/2004\/01\/01\/du-teletravail-au-travail-mobile-un-enjeu-de-modernisation-de-leconomie-francaise\/","og_site_name":"Le Blog GERESO","article_published_time":"2003-12-31T22:00:00+00:00","author":"\u00c9quipe GERESO","twitter_card":"summary_large_image","schema":{"@context":"https:\/\/schema.org","@graph":[{"@type":"WebPage","@id":"https:\/\/www.gereso.com\/actualites\/2004\/01\/01\/du-teletravail-au-travail-mobile-un-enjeu-de-modernisation-de-leconomie-francaise\/","url":"https:\/\/www.gereso.com\/actualites\/2004\/01\/01\/du-teletravail-au-travail-mobile-un-enjeu-de-modernisation-de-leconomie-francaise\/","name":"Du t\u00e9l\u00e9travail au travail mobile : un enjeu de modernisation de l&#039;\u00e9conomie fran\u00e7aise - Le Blog GERESO","isPartOf":{"@id":"https:\/\/www.gereso.com\/actualites\/#website"},"datePublished":"2003-12-31T22:00:00+00:00","dateModified":"2003-12-31T22:00:00+00:00","author":{"@id":"https:\/\/www.gereso.com\/actualites\/#\/schema\/person\/197d8aef40cb4ae3f6a0aa9e1d3df2a6"},"breadcrumb":{"@id":"https:\/\/www.gereso.com\/actualites\/2004\/01\/01\/du-teletravail-au-travail-mobile-un-enjeu-de-modernisation-de-leconomie-francaise\/#breadcrumb"},"inLanguage":"fr-FR","potentialAction":[{"@type":"ReadAction","target":["https:\/\/www.gereso.com\/actualites\/2004\/01\/01\/du-teletravail-au-travail-mobile-un-enjeu-de-modernisation-de-leconomie-francaise\/"]}]},{"@type":"BreadcrumbList","@id":"https:\/\/www.gereso.com\/actualites\/2004\/01\/01\/du-teletravail-au-travail-mobile-un-enjeu-de-modernisation-de-leconomie-francaise\/#breadcrumb","itemListElement":[{"@type":"ListItem","position":1,"name":"Home","item":"https:\/\/www.gereso.com\/actualites\/"},{"@type":"ListItem","position":2,"name":"Du t\u00e9l\u00e9travail au travail mobile : un enjeu de modernisation de l&#039;\u00e9conomie fran\u00e7aise"}]},{"@type":"WebSite","@id":"https:\/\/www.gereso.com\/actualites\/#website","url":"https:\/\/www.gereso.com\/actualites\/","name":"Le Blog GERESO","description":"Toute l&#039;actu RH, Finance, Fonction Publique, Management...","potentialAction":[{"@type":"SearchAction","target":{"@type":"EntryPoint","urlTemplate":"https:\/\/www.gereso.com\/actualites\/?s={search_term_string}"},"query-input":{"@type":"PropertyValueSpecification","valueRequired":true,"valueName":"search_term_string"}}],"inLanguage":"fr-FR"},{"@type":"Person","@id":"https:\/\/www.gereso.com\/actualites\/#\/schema\/person\/197d8aef40cb4ae3f6a0aa9e1d3df2a6","name":"\u00c9quipe GERESO","image":{"@type":"ImageObject","inLanguage":"fr-FR","@id":"https:\/\/www.gereso.com\/actualites\/#\/schema\/person\/image\/","url":"https:\/\/www.gereso.com\/actualites\/wp-content\/uploads\/2013\/12\/avatar-gereso-1.png","contentUrl":"https:\/\/www.gereso.com\/actualites\/wp-content\/uploads\/2013\/12\/avatar-gereso-1.png","caption":"\u00c9quipe GERESO"},"url":"https:\/\/www.gereso.com\/actualites\/author\/gereso\/"}]}},"_links":{"self":[{"href":"https:\/\/www.gereso.com\/actualites\/wp-json\/wp\/v2\/posts\/1990","targetHints":{"allow":["GET"]}}],"collection":[{"href":"https:\/\/www.gereso.com\/actualites\/wp-json\/wp\/v2\/posts"}],"about":[{"href":"https:\/\/www.gereso.com\/actualites\/wp-json\/wp\/v2\/types\/post"}],"author":[{"embeddable":true,"href":"https:\/\/www.gereso.com\/actualites\/wp-json\/wp\/v2\/users\/32"}],"replies":[{"embeddable":true,"href":"https:\/\/www.gereso.com\/actualites\/wp-json\/wp\/v2\/comments?post=1990"}],"version-history":[{"count":0,"href":"https:\/\/www.gereso.com\/actualites\/wp-json\/wp\/v2\/posts\/1990\/revisions"}],"wp:attachment":[{"href":"https:\/\/www.gereso.com\/actualites\/wp-json\/wp\/v2\/media?parent=1990"}],"wp:term":[{"taxonomy":"category","embeddable":true,"href":"https:\/\/www.gereso.com\/actualites\/wp-json\/wp\/v2\/categories?post=1990"},{"taxonomy":"post_tag","embeddable":true,"href":"https:\/\/www.gereso.com\/actualites\/wp-json\/wp\/v2\/tags?post=1990"}],"curies":[{"name":"wp","href":"https:\/\/api.w.org\/{rel}","templated":true}]}}