{"id":1991,"date":"2007-07-01T00:00:00","date_gmt":"2007-06-30T22:00:00","guid":{"rendered":"https:\/\/www.gereso.com\/actualites\/2007\/07\/les-principales-augmentations-au-1er-juillet-2007\/"},"modified":"2007-07-01T00:00:00","modified_gmt":"2007-06-30T22:00:00","slug":"les-principales-augmentations-au-1er-juillet-2007","status":"publish","type":"post","link":"https:\/\/www.gereso.com\/actualites\/2007\/07\/01\/les-principales-augmentations-au-1er-juillet-2007\/","title":{"rendered":"Les principales augmentations au 1er juillet 2007"},"content":{"rendered":"<h3>Smic<br \/><\/h3>\n<p>Un d\u00e9cret publi\u00e9 au Journal officiel du vendredi 29 juin pr\u00e9voit que <b>le smic horaire augmente de 2,1 %<\/b> au 1er juillet, passant ainsi \u00e0<b> 8,44 euros bruts<\/b>, soit <b>1 280,07 euros mensuels<\/b> sur la base de la dur\u00e9e l\u00e9gale du travail de <b>35 heures<\/b> hebdomadaires.<\/p>\n<p>L\u00e9gifrance : d\u00e9cret<\/p>\n<p>Pr\u00e9sidence de la R\u00e9publique : communiqu\u00e9 du Conseil des ministres<\/p>\n<h3>Traitement minimum des fonctionnaires<\/h3>\n<p>Un autre d\u00e9cret publi\u00e9 au Journal officiel du vendredi 29 juin pr\u00e9cise que <b>le traitement brut minimum de la fonction publique est port\u00e9 \u00e0 l&rsquo;indice major\u00e9 283 \u00e0 la date du 1er juillet,<\/b> ce qui correspond \u00e0 <b>1283,20 euros mensuels.<\/b><\/p>\n<p>\u00a0<\/p>\n<p>L\u00e9gifrance : d\u00e9cret<\/p>\n<p>Pr\u00e9sidence de la R\u00e9publique : communiqu\u00e9 du Conseil des ministres<\/p>\n<h3>Allocations ch\u00f4mage<br \/><\/h3>\n<p>Suite \u00e0 sa r\u00e9union du jeudi 21 juin, le conseil d&rsquo;administration de l&rsquo;Un\u00e9dic a d\u00e9cid\u00e9 de revaloriser \u00e0 hauteur de <b>1,95 % les allocations ch\u00f4mage<\/b> \u00e0 compter du 1er juillet.<\/p>\n<p>Ass\u00e9dic : flash info<\/p>\n<h3>Plafonds d&rsquo;attribution des prestations familiales<\/h3>\n<p>LaCaisse nationale des allocations familiales (Cnaf) a indiqu\u00e9 dans uncommuniqu\u00e9 du mardi 15 mai que les montants des plafonds de ressourcesen-dessous desquels les prestations familiales sont attribu\u00e9es doivent\u00eatre <b>r\u00e9\u00e9valu\u00e9s de 1,7 % <\/b>\u00e0 partir du 1er juillet.<\/p>\n<p>Cnaf : communiqu\u00e9 de presse<\/p>\n<h3>Honoraires de consultation du m\u00e9decin g\u00e9n\u00e9raliste<\/h3>\n<p>Unarr\u00eat\u00e9 publi\u00e9 au Journal officiel du jeudi 3 mai approuvant un avenant\u00e0 la convention nationale des m\u00e9decins g\u00e9n\u00e9ralistes et des m\u00e9decinssp\u00e9cialistes fixe que, d\u00e8s le 1er juillet, <b>la consultation d&rsquo;un m\u00e9decin g\u00e9n\u00e9raliste passe \u00e0 22 euros en m\u00e9tropole<\/b>, \u00e0 24,20 euros en Guadeloupe et \u00e0 la Martinique et \u00e0 26,40 euros en Guyane, \u00e0 la R\u00e9union et \u00e0 Mayotte.<\/p>\n<p>L\u00e9gifrance : arr\u00eat\u00e9<\/p>\n<h3>Tarifs SNCF<\/h3>\n<p>LaSNCF a annonc\u00e9 dans un communiqu\u00e9 du mardi 26 juin une augmentation desprix des billets des trains Corail Intercit\u00e9s, Corail de jour et Ter au1er juillet, le tarif normal seconde classe \u00e9voluant <b>de + 0,1 \u00e0 + 2,9 euros selon les destinations.<\/b><\/p>\n<p>\u00a0<\/p>\n<p>SNCF : communiqu\u00e9 de presse<\/p>\n<p>Source : service-public.fr<\/p>\n","protected":false},"excerpt":{"rendered":"<p>Smic Un d\u00e9cret publi\u00e9 au Journal officiel du vendredi 29 juin pr\u00e9voit que le smic horaire augmente de 2,1 % au 1er juillet, passant ainsi \u00e0 8,44 euros bruts, soit 1 280,07 euros mensuels sur la base de la dur\u00e9e l\u00e9gale du travail de 35 heures hebdomadaires. L\u00e9gifrance : d\u00e9cret Pr\u00e9sidence de la R\u00e9publique : [&hellip;]<\/p>\n","protected":false},"author":32,"featured_media":0,"comment_status":"open","ping_status":"open","sticky":false,"template":"","format":"standard","meta":{"_acf_changed":false,"_mi_skip_tracking":false,"footnotes":""},"categories":[6],"tags":[],"class_list":["post-1991","post","type-post","status-publish","format-standard","hentry","category-fonction-publique"],"acf":[],"yoast_head":"<!-- This site is optimized with the Yoast SEO plugin v23.4 - https:\/\/yoast.com\/wordpress\/plugins\/seo\/ -->\n<title>Les principales augmentations au 1er juillet 2007 - Le Blog GERESO<\/title>\n<meta name=\"robots\" content=\"index, follow, max-snippet:-1, max-image-preview:large, max-video-preview:-1\" \/>\n<link rel=\"canonical\" href=\"https:\/\/www.gereso.com\/actualites\/2007\/07\/01\/les-principales-augmentations-au-1er-juillet-2007\/\" \/>\n<meta property=\"og:locale\" content=\"fr_FR\" \/>\n<meta property=\"og:type\" content=\"article\" \/>\n<meta property=\"og:title\" content=\"Les principales augmentations au 1er juillet 2007 - Le Blog GERESO\" \/>\n<meta property=\"og:description\" content=\"Smic Un d\u00e9cret publi\u00e9 au Journal officiel du vendredi 29 juin pr\u00e9voit que le smic horaire augmente de 2,1 % au 1er juillet, passant ainsi \u00e0 8,44 euros bruts, soit 1 280,07 euros mensuels sur la base de la dur\u00e9e l\u00e9gale du travail de 35 heures hebdomadaires. L\u00e9gifrance : d\u00e9cret Pr\u00e9sidence de la R\u00e9publique : [&hellip;]\" \/>\n<meta property=\"og:url\" content=\"https:\/\/www.gereso.com\/actualites\/2007\/07\/01\/les-principales-augmentations-au-1er-juillet-2007\/\" \/>\n<meta property=\"og:site_name\" content=\"Le Blog GERESO\" \/>\n<meta property=\"article:published_time\" content=\"2007-06-30T22:00:00+00:00\" \/>\n<meta name=\"author\" content=\"\u00c9quipe GERESO\" \/>\n<meta name=\"twitter:card\" content=\"summary_large_image\" \/>\n<script type=\"application\/ld+json\" class=\"yoast-schema-graph\">{\"@context\":\"https:\/\/schema.org\",\"@graph\":[{\"@type\":\"WebPage\",\"@id\":\"https:\/\/www.gereso.com\/actualites\/2007\/07\/01\/les-principales-augmentations-au-1er-juillet-2007\/\",\"url\":\"https:\/\/www.gereso.com\/actualites\/2007\/07\/01\/les-principales-augmentations-au-1er-juillet-2007\/\",\"name\":\"Les principales augmentations au 1er juillet 2007 - Le Blog GERESO\",\"isPartOf\":{\"@id\":\"https:\/\/www.gereso.com\/actualites\/#website\"},\"datePublished\":\"2007-06-30T22:00:00+00:00\",\"dateModified\":\"2007-06-30T22:00:00+00:00\",\"author\":{\"@id\":\"https:\/\/www.gereso.com\/actualites\/#\/schema\/person\/197d8aef40cb4ae3f6a0aa9e1d3df2a6\"},\"breadcrumb\":{\"@id\":\"https:\/\/www.gereso.com\/actualites\/2007\/07\/01\/les-principales-augmentations-au-1er-juillet-2007\/#breadcrumb\"},\"inLanguage\":\"fr-FR\",\"potentialAction\":[{\"@type\":\"ReadAction\",\"target\":[\"https:\/\/www.gereso.com\/actualites\/2007\/07\/01\/les-principales-augmentations-au-1er-juillet-2007\/\"]}]},{\"@type\":\"BreadcrumbList\",\"@id\":\"https:\/\/www.gereso.com\/actualites\/2007\/07\/01\/les-principales-augmentations-au-1er-juillet-2007\/#breadcrumb\",\"itemListElement\":[{\"@type\":\"ListItem\",\"position\":1,\"name\":\"Home\",\"item\":\"https:\/\/www.gereso.com\/actualites\/\"},{\"@type\":\"ListItem\",\"position\":2,\"name\":\"Les principales augmentations au 1er juillet 2007\"}]},{\"@type\":\"WebSite\",\"@id\":\"https:\/\/www.gereso.com\/actualites\/#website\",\"url\":\"https:\/\/www.gereso.com\/actualites\/\",\"name\":\"Le Blog GERESO\",\"description\":\"Toute l&#039;actu RH, Finance, Fonction Publique, Management...\",\"potentialAction\":[{\"@type\":\"SearchAction\",\"target\":{\"@type\":\"EntryPoint\",\"urlTemplate\":\"https:\/\/www.gereso.com\/actualites\/?s={search_term_string}\"},\"query-input\":{\"@type\":\"PropertyValueSpecification\",\"valueRequired\":true,\"valueName\":\"search_term_string\"}}],\"inLanguage\":\"fr-FR\"},{\"@type\":\"Person\",\"@id\":\"https:\/\/www.gereso.com\/actualites\/#\/schema\/person\/197d8aef40cb4ae3f6a0aa9e1d3df2a6\",\"name\":\"\u00c9quipe GERESO\",\"image\":{\"@type\":\"ImageObject\",\"inLanguage\":\"fr-FR\",\"@id\":\"https:\/\/www.gereso.com\/actualites\/#\/schema\/person\/image\/\",\"url\":\"https:\/\/www.gereso.com\/actualites\/wp-content\/uploads\/2013\/12\/avatar-gereso-1.png\",\"contentUrl\":\"https:\/\/www.gereso.com\/actualites\/wp-content\/uploads\/2013\/12\/avatar-gereso-1.png\",\"caption\":\"\u00c9quipe GERESO\"},\"url\":\"https:\/\/www.gereso.com\/actualites\/author\/gereso\/\"}]}<\/script>\n<!-- \/ Yoast SEO plugin. -->","yoast_head_json":{"title":"Les principales augmentations au 1er juillet 2007 - Le Blog GERESO","robots":{"index":"index","follow":"follow","max-snippet":"max-snippet:-1","max-image-preview":"max-image-preview:large","max-video-preview":"max-video-preview:-1"},"canonical":"https:\/\/www.gereso.com\/actualites\/2007\/07\/01\/les-principales-augmentations-au-1er-juillet-2007\/","og_locale":"fr_FR","og_type":"article","og_title":"Les principales augmentations au 1er juillet 2007 - Le Blog GERESO","og_description":"Smic Un d\u00e9cret publi\u00e9 au Journal officiel du vendredi 29 juin pr\u00e9voit que le smic horaire augmente de 2,1 % au 1er juillet, passant ainsi \u00e0 8,44 euros bruts, soit 1 280,07 euros mensuels sur la base de la dur\u00e9e l\u00e9gale du travail de 35 heures hebdomadaires. L\u00e9gifrance : d\u00e9cret Pr\u00e9sidence de la R\u00e9publique : [&hellip;]","og_url":"https:\/\/www.gereso.com\/actualites\/2007\/07\/01\/les-principales-augmentations-au-1er-juillet-2007\/","og_site_name":"Le Blog GERESO","article_published_time":"2007-06-30T22:00:00+00:00","author":"\u00c9quipe GERESO","twitter_card":"summary_large_image","schema":{"@context":"https:\/\/schema.org","@graph":[{"@type":"WebPage","@id":"https:\/\/www.gereso.com\/actualites\/2007\/07\/01\/les-principales-augmentations-au-1er-juillet-2007\/","url":"https:\/\/www.gereso.com\/actualites\/2007\/07\/01\/les-principales-augmentations-au-1er-juillet-2007\/","name":"Les principales augmentations au 1er juillet 2007 - Le Blog GERESO","isPartOf":{"@id":"https:\/\/www.gereso.com\/actualites\/#website"},"datePublished":"2007-06-30T22:00:00+00:00","dateModified":"2007-06-30T22:00:00+00:00","author":{"@id":"https:\/\/www.gereso.com\/actualites\/#\/schema\/person\/197d8aef40cb4ae3f6a0aa9e1d3df2a6"},"breadcrumb":{"@id":"https:\/\/www.gereso.com\/actualites\/2007\/07\/01\/les-principales-augmentations-au-1er-juillet-2007\/#breadcrumb"},"inLanguage":"fr-FR","potentialAction":[{"@type":"ReadAction","target":["https:\/\/www.gereso.com\/actualites\/2007\/07\/01\/les-principales-augmentations-au-1er-juillet-2007\/"]}]},{"@type":"BreadcrumbList","@id":"https:\/\/www.gereso.com\/actualites\/2007\/07\/01\/les-principales-augmentations-au-1er-juillet-2007\/#breadcrumb","itemListElement":[{"@type":"ListItem","position":1,"name":"Home","item":"https:\/\/www.gereso.com\/actualites\/"},{"@type":"ListItem","position":2,"name":"Les principales augmentations au 1er juillet 2007"}]},{"@type":"WebSite","@id":"https:\/\/www.gereso.com\/actualites\/#website","url":"https:\/\/www.gereso.com\/actualites\/","name":"Le Blog GERESO","description":"Toute l&#039;actu RH, Finance, Fonction Publique, Management...","potentialAction":[{"@type":"SearchAction","target":{"@type":"EntryPoint","urlTemplate":"https:\/\/www.gereso.com\/actualites\/?s={search_term_string}"},"query-input":{"@type":"PropertyValueSpecification","valueRequired":true,"valueName":"search_term_string"}}],"inLanguage":"fr-FR"},{"@type":"Person","@id":"https:\/\/www.gereso.com\/actualites\/#\/schema\/person\/197d8aef40cb4ae3f6a0aa9e1d3df2a6","name":"\u00c9quipe GERESO","image":{"@type":"ImageObject","inLanguage":"fr-FR","@id":"https:\/\/www.gereso.com\/actualites\/#\/schema\/person\/image\/","url":"https:\/\/www.gereso.com\/actualites\/wp-content\/uploads\/2013\/12\/avatar-gereso-1.png","contentUrl":"https:\/\/www.gereso.com\/actualites\/wp-content\/uploads\/2013\/12\/avatar-gereso-1.png","caption":"\u00c9quipe GERESO"},"url":"https:\/\/www.gereso.com\/actualites\/author\/gereso\/"}]}},"_links":{"self":[{"href":"https:\/\/www.gereso.com\/actualites\/wp-json\/wp\/v2\/posts\/1991","targetHints":{"allow":["GET"]}}],"collection":[{"href":"https:\/\/www.gereso.com\/actualites\/wp-json\/wp\/v2\/posts"}],"about":[{"href":"https:\/\/www.gereso.com\/actualites\/wp-json\/wp\/v2\/types\/post"}],"author":[{"embeddable":true,"href":"https:\/\/www.gereso.com\/actualites\/wp-json\/wp\/v2\/users\/32"}],"replies":[{"embeddable":true,"href":"https:\/\/www.gereso.com\/actualites\/wp-json\/wp\/v2\/comments?post=1991"}],"version-history":[{"count":0,"href":"https:\/\/www.gereso.com\/actualites\/wp-json\/wp\/v2\/posts\/1991\/revisions"}],"wp:attachment":[{"href":"https:\/\/www.gereso.com\/actualites\/wp-json\/wp\/v2\/media?parent=1991"}],"wp:term":[{"taxonomy":"category","embeddable":true,"href":"https:\/\/www.gereso.com\/actualites\/wp-json\/wp\/v2\/categories?post=1991"},{"taxonomy":"post_tag","embeddable":true,"href":"https:\/\/www.gereso.com\/actualites\/wp-json\/wp\/v2\/tags?post=1991"}],"curies":[{"name":"wp","href":"https:\/\/api.w.org\/{rel}","templated":true}]}}