{"id":19999,"date":"2021-03-23T14:47:29","date_gmt":"2021-03-23T12:47:29","guid":{"rendered":"https:\/\/www.gereso.com\/actualites\/?p=19999"},"modified":"2022-03-14T11:34:52","modified_gmt":"2022-03-14T09:34:52","slug":"evaluer-c-est-quoi-objectiver","status":"publish","type":"post","link":"https:\/\/www.gereso.com\/actualites\/2021\/03\/23\/evaluer-c-est-quoi-objectiver\/","title":{"rendered":"\u00c9valuation professionnelle : comment \u00ab\u00a0objectiver\u00a0\u00bb ses pratiques ?"},"content":{"rendered":"\n<p>Plut\u00f4t que de fantasmer sur un ensemble de param\u00e8tres illusoires, il est probablement plus pragmatique de <strong>se concentrer sur un ensemble de r\u00e8gles<\/strong> pour la pratique. Elles permettent de <strong>cr\u00e9er un r\u00e9f\u00e9rentiel de cette pratique, <\/strong>pour chacune des parties, et de<strong> fixer des limites<\/strong> dans ce qui est acceptable de cette pratique.<\/p>\n\n\n\n<p><strong>O\u00f9 en sommes-nous dans l\u2019\u00e9valuation\u00a0?<\/strong> La bonne nouvelle, c\u2019est que nous avons un sujet \u00e0 explorer, \u00e0 r\u00e9fl\u00e9chir, \u00e0 construire, \u00e0 structurer, \u00e0 formaliser\u2026 Bref, il y a du boulot. <strong>L\u2019\u00e9valuation professionnelle<\/strong> est un sujet qui laisse une place \u00e0 une cr\u00e9ativit\u00e9 certaine, si l\u2019on pense cette cr\u00e9ativit\u00e9 sous l\u2019angle de pratiques les plus diverses et vari\u00e9es. Mais pas toujours structur\u00e9es, et professionnalis\u00e9es, au d\u00e9triment avant tout de la personne \u00e9valu\u00e9e, et aussi d\u2019une image pas toujours positive d\u2019une pratique al\u00e9atoire, et tr\u00e8s, trop subjective.<\/p>\n\n\n\n<h2 style=\"color:#d10016;\"><strong>L\u2019objectivit\u00e9,\nc\u2019est possible&nbsp;?<\/strong><\/h2>\n\n\n\n<p>Il fait reconna\u00eetre que <strong>les pratiques ont beaucoup \u00e9volu\u00e9 <\/strong>depuis de nombreuses ann\u00e9es. <\/p>\n\n\n\n<p>Le p\u00e9rim\u00e8tre professionnel s\u2019est davantage structur\u00e9 en termes de pratiques, par le <strong>d\u00e9veloppement d\u2019outils d\u2019\u00e9valuation<\/strong>, que je qualifierai <strong>d\u2019aide \u00e0 l\u2019\u00e9valuation<\/strong>, plus centr\u00e9s sur le sujet professionnel. En effet, il n\u2019\u00e9tait pas rare de rencontrer le <strong>test de Rorschach<\/strong> dans des processus de recrutement, alors que c\u2019est un<strong> test de psychologie clinique<\/strong>. La num\u00e9rologie et l\u2019astrologie \u00e9taient aussi de la partie. Davantage en cabinet qu\u2019en entreprises qui structuraient davantage leurs pratiques.<\/p>\n\n\n\n<p>Une <strong>tentative d\u2019objectivation de l\u2019\u00e9valuation<\/strong> avant tout, qui permettait \u00e0 l\u2019\u00e9valuateur de cr\u00e9er une base d\u2019information sur le candidat ou la candidate, et aussi de s\u2019\u00e9vacuer de l\u2019engagement de son m\u00e9tier\u00a0: \u00e9valuer. <\/p>\n\n\n\n<p>Comment objectiver en ayant recours \u00e0<strong> des outils des plus subjectifs<\/strong>, par rapport au contexte professionnel de la pratique, au contexte, \u00e0 l\u2019objectif de l\u2019\u00e9valuation professionnelle\u00a0? L\u2019\u00e9volution de ces outils vers d\u2019autres <strong>plus adapt\u00e9s \u00e0 l\u2019univers professionnel, <\/strong>issus la plupart du temps de la culture anglo-saxonne, ont permis de <strong>recentrer le sujet de l\u2019\u00e9valuation sur des th\u00e9matiques propres au cadre professionnel\u00a0<\/strong>: les modes de fonctionnement en situation. Les fameuses <strong>\u00ab\u00a0soft-skills\u00a0\u00bb. <\/strong><\/p>\n\n\n\n<p><strong>Mais alors, une certaine id\u00e9e d\u2019objectivit\u00e9 serait li\u00e9e \u00e0 l\u2019outil\u00a0? <\/strong><\/p>\n\n\n\n<p>Si l\u2019outil seul r\u00e9pondait aux besoins de l\u2019\u00e9valuation, celle-ci ne serait donc plus un m\u00e9tier, et supprimerait de fait une part essentielle de l\u2019\u00e9valuation professionnelle\u00a0: <strong>la relation professionnelle.<\/strong> Et oui, l\u2019humain, encore. Pas de solution miracle alors, qui \u00e9vite de s\u2019engager professionnellement et humainement\u00a0? C\u2019est ballot.<\/p>\n\n\n\n<p><strong>L\u2019outil \u00e0 lui seul est\u2026un outil. <\/strong><em>Prenez l\u2019exemple du chef, \u00e9toil\u00e9 ou non. La qualit\u00e9 de sa cuisine n\u2019est-elle que le fruit de ses instruments\u00a0? Suffit-il de lire et suivre la recette de son livre pour r\u00e9ussir\u00a0?\u00a0 Ou encore l\u2019artiste peintre\u00a0: de bons pinceaux, une qualit\u00e9 de toile, de papier, de peinture suffisent-ils \u00e0 cr\u00e9er l\u2019inspiration, le talent\u00a0? Nous connaissons la r\u00e9ponse.<\/em><\/p>\n\n\n\n<p>L\u2019outil dans l\u2019\u00e9valuation professionnelle peut permettre de<strong> g\u00e9n\u00e9rer de l\u2019information, d\u2019impliquer la personne \u00e9valu\u00e9e dans l\u2019\u00e9valuation <\/strong>en se positionnant dans ses r\u00e9ponses. On peut alors consid\u00e9rer une certaine objectivit\u00e9 de l\u2019outil. Est-elle suffisante pour repr\u00e9senter une objectivit\u00e9 de l\u2019\u00e9valuation ? <\/p>\n\n\n\n<p><strong>L\u2019outil reste un outil d\u2019\u00e9change<\/strong>, de base \u00e0 la relation dans l\u2019\u00e9valuation pour garantir un cadre commun \u00e0 l\u2019ensemble des personnes \u00e9valu\u00e9es. Il ne r\u00e9pond pas \u00e0 la <strong>notion d\u2019objectivit\u00e9 de l\u2019\u00e9valuateur<\/strong>, si lui-m\u00eame ne questionne pas <strong>son propre r\u00e9f\u00e9rentiel d\u2019objectivit\u00e9<\/strong>, et d\u2019\u00e9valuation, dans la relation qu\u2019il \u00e9tablit dans l\u2019\u00e9valuation. On peut alors parler <strong>d\u2019objectivation<\/strong>\u00a0: un mouvement vers davantage d\u2019objectivit\u00e9, en acceptant de ne pas l\u2019atteindre, en reconnaissant une part de subjectivit\u00e9\u00a0: celle propre \u00e0 l\u2019humain.<\/p>\n\n\n\n<h2 style=\"color:#d10016;\"><strong>Les bases d\u2019une objectivation<\/strong><\/h2>\n\n\n\n<p>Comme nous l\u2019avons \u00e9voqu\u00e9, p<strong>oser le contexte professionnel de l\u2019\u00e9valuation<\/strong> participe \u00e0 cerner le sujet de l\u2019\u00e9change, et \u00e0 se concentrer sur des th\u00e9matiques qui restent en lien avec le sujet de l\u2019\u00e9valuation.  <p><i><strong>Exemple\u00a0: <\/strong>une s\u00e9rie d\u2019entretiens collectifs dans un groupe d\u2019assurances alternait avec des entretiens individuels. Deux consultants questionnent un candidat grec sur sa capacit\u00e9 \u00e0 prospecter, et \u00e0 s\u2019adapter \u00e0 la culture parisienne en lui demandant s\u2019il saura s\u2019adapter au froid  de l\u2019hiver \u00e0 Paris, par rapport aux conditions plus favorables en Gr\u00e8ce. C\u2019est \u00e9difiant\u00a0: intellectuellement, professionnellement, humainement. En l\u2019absence de r\u00e9f\u00e9rentiel d\u00e9ontologique, l\u2019\u00e9thique individuelle d\u2019un consultant aurait pu venir au secours du candidat. Et non.<\/i><br><\/p><\/p>\n\n\n\n<p><p>La d\u00e9finition en amont d\u2019un besoin partag\u00e9 entre l\u2019ensemble des intervenants de l\u2019\u00e9valuation (RH, managers) participe \u00e0 <strong>construire ce contexte professionnel d\u2019\u00e9valuation,<\/strong> en tant que cadre de discussion et de d\u00e9cision.<\/p><\/p>\n\n\n\n<p><strong>Un outil adapt\u00e9 \u00e0 la th\u00e9matique professionnelle <\/strong>permet \u00e9galement de cr\u00e9er un lien entre l\u2019outil mis en place, le contenu de l\u2019information g\u00e9n\u00e9r\u00e9e par l\u2019outil, et le besoin \u00e0 l\u2019origine de l\u2019\u00e9valuation.  <p><i><strong>Exemple\u00a0:<\/strong> le directeur g\u00e9n\u00e9ral d\u2019une filiale d\u2019un grand groupe de media met en place un assessment sous  forme de prise d\u2019otage &#8211; on peut d\u00e9j\u00e0 questionner le lien entre la th\u00e9matique de l\u2019outil et le quotidien de l\u2019entreprise. Un des membres du Codir fait preuve d\u2019une attitude de protection par rapport au groupe, et s\u2019expose pour le groupe en situation de tension et de risque. La d\u00e9cision prise par le directeur g\u00e9n\u00e9ral \u00e0 l\u2019issue de l\u2019assessment\u00a0: il demande \u00e0 son DRH de se s\u00e9parer de ce manager trop\u2026\u00e0 risque pour le DG lui-m\u00eame. Il y a bien entendu le fait de mobiliser une ressource collective pour son int\u00e9r\u00eat personnel, mais aussi, le fait d\u2019utiliser un outil qui met en sc\u00e8ne une situation absolument d\u00e9connect\u00e9e du quotidien, de l\u2019activit\u00e9 de l\u2019entreprise. Et bien s\u00fbr, il y a la d\u00e9cision qui transgresse toutes les r\u00e8gles d\u00e9ontologiques de l\u2019\u00e9valuation. Lesquelles ? Elles ne sont effectivement pas formalis\u00e9es.  L\u2019\u00e9l\u00e9ment le plus objectif de l\u2019\u00e9valuation par cet assessment est en fait la posture du directeur g\u00e9n\u00e9ral, tr\u00e8s peu manag\u00e9riale, par rapport \u00e0 un certain r\u00e9f\u00e9rentiel de posture manag\u00e9riale.<\/i><\/p><\/p>\n\n\n\n<p><strong>La communication objectiv\u00e9e.<\/strong> Elle consiste \u00e0 questionner le sens des mots utilis\u00e9s, des id\u00e9es formul\u00e9es par la personne \u00e9valu\u00e9e. Elle consiste aussi \u00e0 expliquer le sens de la question quand celui-ci peut pr\u00eater \u00e0 confusion. <\/p>\n\n\n\n<p>L\u2019essentiel de cette d\u00e9marche de communication est d\u2019\u00e9viter au mieux les interpr\u00e9tations. Le manque de clarification peut amener le candidat ou la candidate \u00e0 supposer une intention  dans une question peu clairement formul\u00e9e, ou l\u2019\u00e9valuateur supposer le sens d\u2019une r\u00e9ponse, sans forc\u00e9ment questionner \u00e0 nouveau le sens de cette r\u00e9ponse.  <\/p>\n\n\n\n<p><p><i><strong>Exemple\u00a0: <\/strong>\u00ab\u00a0Qu\u2019est-ce qui s\u2019est pass\u00e9 pour que vous preniez la d\u00e9cision de rejoindre cette entreprise\u00a0?\u00a0\u00bb La question peut sembler remettre en question la d\u00e9cision du candidat, peut induire le fait que l\u2019\u00e9valuateur ait une opinion n\u00e9gative de ladite entreprise.<br>\u00ab \u00c7a correspondait \u00e0 un moment particulier de mon parcours, et j\u2019ai trouv\u00e9 que l\u2019entreprise me faisait une offre qui \u00e9tait en phase avec mon besoin \u00e0 ce moment-l\u00e0 \u00bb Quelle est l\u2019information dans cette r\u00e9ponse\u2026 ? <br> C\u2019est aussi rechercher un profil de candidat dynamique et  autonome. \u00c7a veut dire quoi en situation de poste, dans la culture de l\u2019entreprise, dans le parcours du candidat ou de la candidate\u00a0?<\/i><\/p><\/p>\n\n\n\n<p>Le <strong>questionnement structur\u00e9 et adapt\u00e9<\/strong>\u00a0: une cl\u00e9 pour animer l\u2019\u00e9change, stimuler l\u2019expression, et permettre de comprendre. (cf. les articles <i><a href=\"https:\/\/www.gereso.com\/actualites\/2020\/10\/21\/entretiens-rh-questionnement\/\">Entretiens RH\u00a0: savoir questionner<\/a><\/i> et <i><a href=\"https:\/\/www.gereso.com\/actualites\/2020\/11\/17\/entretiens-rh-savoir-questionner-cote-candidat\/\">Candidat, collaborateur\u00a0: oser questionner<\/a><\/i>.<\/p>\n\n\n\n<h2 style=\"color:#d10016;\"><strong>Et l\u2019\u00e9valuateur dans\nl\u2019\u00e9valuation&nbsp;?<\/strong><\/h2>\n\n\n\n<p><strong>L\u2019objectivation de cette \u00e9valuation<\/strong> s\u2019appuie sur des d\u00e9marches de contexte et de contenu. Elle serait incompl\u00e8te si elle ne sollicitait pas la relation que l\u2019\u00e9valuateur construit \u00e0 la personne \u00e9valu\u00e9e. Sous l\u2019angle de la consid\u00e9ration, de la distance ajust\u00e9e, et de la place qu\u2019il lui accorde, en-dehors de toute projection personnelle.<\/p>\n\n\n\n<p>Une question d\u2019\u00e9thique dans la relation&nbsp;?\nTr\u00e8s certainement. Un enjeu d\u2019engagement de l\u2019\u00e9valuateur dans la reconnaissance\net le respect qu\u2019il accorde \u00e0 l\u2019identit\u00e9 et la singularit\u00e9 de la personne\n\u00e9valu\u00e9e&nbsp;: professionnelle en termes de modes de fonctionnement, mais aussi\nindividuelle en termes de profil socio-culturel. <\/p>\n\n\n\n<p>Bien s\u00fbr, des \u00e9l\u00e9ments discriminants comme la religion et la sexualit\u00e9 sont aujourd\u2019hui des rep\u00e8res d\u00e9ontologiques dans l\u2019\u00e9valuation. <strong>Mais si l\u2019\u00e9thique de l\u2019\u00e9valuateur n\u2019est pas en phase avec ces r\u00e8gles de d\u00e9ontologie, il construira une opinion des plus subjectives, sur des non-dits, <\/strong>qui, dans ce cas, ne sont pas forc\u00e9ment structurants dans l\u2019\u00e9valuation.<\/p>\n\n\n\n<p><strong>Le sujet de l\u2019\u00e9valuation n\u2019est pas de positionner la personne \u00e9valu\u00e9e par rapport au syst\u00e8me de repr\u00e9sentations de l\u2019\u00e9valuateur<\/strong> (Comprendre l\u2019\u00c9valuation Professionnelle \u2013 Pour en finir avec la sanction et encourager l\u2019expression\u00a0 individuelle \u2013 4<sup>e<\/sup> \u00e9dition \u2013 GERESO \u2013 septembre 2019), ni par rapport \u00e0 sa propre demande personnelle. <\/p>\n\n\n\n<p>Le manager a des besoins professionnels, et l\u2019\u00e9valuateur externe n\u2019a pas d\u2019autre besoin que de permettre de r\u00e9pondre \u00e0 celui ou ceux de son client \u00ab J\u2019aime, j\u2019aime pas. J\u2019ai envie, j\u2019ai pas envie \u00bb sont des r\u00e9flexions inappropri\u00e9es, et pourtant encore si pr\u00e9sentes.\u00a0<\/p>\n\n\n\n<p>Elles illustrent une <strong>subjectivit\u00e9 excessive dans l\u2019\u00e9valuation,<\/strong> et remplacent la plupart du temps une absence de professionnalisation de l\u2019\u00e9valuation, tout autant qu\u2019une absence de d\u00e9ontologie, et d\u2019\u00e9thique. <\/p>\n\n\n\n<p><strong>Le syst\u00e8me professionnel et relationnel de l\u2019\u00e9valuateur est donc au c\u0153ur d\u2019une \u00e9valuation professionnelle professionnalis\u00e9e<\/strong> (cf. <a href=\"https:\/\/www.la-librairie-rh.com\/livre-rh\/evaluer-les-competences-professionnelles-evmo4.html\">\u00c9valuer les Comp\u00e9tences Professionnelles \u2013 Manager en confiance pour accompagner la performance \u2013 4<sup>e<\/sup> \u00e9dition \u2013 GERESO \u2013 F\u00e9vrier 2021<\/a>).<\/p>\n\n\n\n<h2 style=\"color:#d10016;\"><strong>Quel socle commun entre la relation et la pratique&nbsp;?<\/strong><\/h2>\n\n\n\n<p>Professionnaliser l\u2019\u00e9valuation passe par une <strong>meilleure connaissance et ma\u00eetrise de la pratique<\/strong> (le questionnement, le r\u00e9f\u00e9rent professionnel, la prise de d\u00e9cision, la communication en \u00e9valuation), et par <strong>une certaine posture de l\u2019\u00e9valuateur<\/strong> (neutralit\u00e9, relation distanci\u00e9e, accompagnement du message et de la personne \u00e9valu\u00e9e).<\/p>\n\n\n\n<p>Une <strong>d\u00e9ontologie plus formalis\u00e9e <\/strong>dans l\u2019esprit d\u2019un r\u00e9f\u00e9rentiel de pratique collective serait une ressource compl\u00e9mentaire pour relier pratique et relation, posture, dans l\u2019\u00e9valuation. <\/p>\n\n\n\n<p>Un<strong> cadre de contenu de pratique et de contexte de la pratique<\/strong> est de nature \u00e0 nourrir une certaine objectivation dans l\u2019\u00e9valuation. Une objectivation qui se distingue de l\u2019objectivit\u00e9 de l\u2019\u00e9valuation, plus rationnelle sur des sujets scientifiques par exemple. L\u2019\u00e9valuation professionnelle comporte un facteur de subjectivit\u00e9\u00a0:<strong> le sujet humain de l\u2019\u00e9valuation, et de l\u2019\u00e9valuateur. Est-ce g\u00eanant\u00a0?<\/strong><\/p>\n\n\n\n<br>\n<table width=\"100%\" cellspacing=\"10\" cellpadding=\"10\" border=\"0\" bgcolor=\"#f6f6f6\">\n<tbody>\n<tr>\n<td style=\"border-left: 15px solid #f6f6f6; border-right: 15px solid #f6f6f6; border-top: 15px solid #f6f6f6;\" bgcolor=\"#f6f6f6\">\n\t<center>\n\t\t<span style=\"font-size: 18px; color: #d10016; font-family:Helvetica;\"><strong>Votre formation sur ce th\u00e8me<br>\n\t\t\t\u00ab&nbsp;R\u00c9USSIR SES ENTRETIENS D&rsquo;\u00c9VALUATION ANNUELS&nbsp;\u00bb<br>\n\t\t\t1 jour &#8211; \u00c0 distance ou en pr\u00e9sentiel<\/strong><\/span><br>\n\t<\/center>\n\t\t<br>\n<ul>\n\t<li><strong>Identifier la finalit\u00e9 et les enjeux<\/strong> de l&rsquo;entretien annuel d&rsquo;\u00e9valuation<\/li>\n\t<li><strong>Pr\u00e9parer et conduire<\/strong> avec succ\u00e8s ses entretiens annuels<\/li>\n\t<li><strong>Fixer des objectifs annuels<\/strong> et acqu\u00e9rir une m\u00e9thode pour \u00e9valuer avec objectivit\u00e9.<\/li>\n<\/ul>\n\n<table width=\"100%\" border=\"0\">\n  <tbody>\n    <tr>\n\t\t<td ;=\"\" bgcolor=\"#d10016\"><center><a href=\"https:\/\/www.gereso.com\/ANNU\" target=\"_blank\" style=\"text-decoration:none; color:#ffffff \" rel=\"noopener noreferrer\"><strong>&gt;&nbsp;En savoir plus\u2026<\/strong><\/a><\/center><\/td>\n\t\t<td ;=\"\" bgcolor=\"f6f6f6\"><center>&nbsp;<\/center><\/td>\n\t\t<td ;=\"\" bgcolor=\"#d10016\"><center><a href=\"https:\/\/www.gereso.com\/client\/programme-pdf\/ANNU.pdf\" target=\"_blank\" style=\"text-decoration:none; color:#ffffff\" rel=\"noopener noreferrer\"><strong>&gt;&nbsp;T\u00e9l\u00e9charger le programme PDF<\/strong><\/a><\/center><\/td>\n    <\/tr>\n  <\/tbody>\n<\/table>\n\n<\/td>\n<\/tr>\n<\/tbody>\n<\/table>\n\n\n\n<h2 style=\"color:#d10016;\"><strong>La subjectivit\u00e9&nbsp;: l\u2019accepter pour\nhumaniser l\u2019\u00e9valuation<\/strong><\/h2>\n\n\n\n<p><strong>La subjectivit\u00e9 devient un \u00e9l\u00e9ment d\u2019objectivation par la prise de conscience de celle-ci,<\/strong> par son acceptation, et par la capacit\u00e9 d\u2019en faire un sujet d\u2019\u00e9change. <\/p>\n\n\n\n<p><strong>Plus cette subjectivit\u00e9 est consciente, plus elle peut \u00eatre questionn\u00e9e par l\u2019\u00e9valuateur lui-m\u00eame, pour identifier la part qu\u2019elle pourrait repr\u00e9senter dans son \u00e9valuation,<\/strong> et la repositionner ainsi \u00e0 sa place la plus juste.\u00a0 L\u2019id\u00e9e d\u2019une objectivit\u00e9 absolue de l\u2019\u00e9valuation professionnelle serait rassurante. Elle \u00e9viterait d\u2019avoir \u00e0 g\u00e9rer une \u00e9ventuelle r\u00e9action chez la personne \u00e9valu\u00e9e, notamment par rapport au feed-back. L\u2019outil repr\u00e9senterait une certaine assurance\u00a0: \u00ab\u00a0ce n\u2019est pas moi qui le dit, c\u2019est l\u2019outil\u00a0\u00bb. <\/p>\n\n\n\n<p>L\u2019acceptation de la subjectivit\u00e9, c\u2019est aussi <strong>l\u2019acceptation par l\u2019\u00e9valuateur de sa propre faillibilit\u00e9 dans l\u2019\u00e9valuation. <\/strong>Evaluer suppose de prendre un peu de recul\u00a0 avec le besoin \u00e9ventuel de l\u2019\u00e9valuateur \u00ab\u00a0d\u2019avoir raison, d\u2019\u00eatre dans le vrai\u2026d\u2019avoir la bonne r\u00e9ponse, de savoir\u00a0\u00bb. Une question de posture, en confiance. <\/p>\n\n\n\n<p>Cette subjectivit\u00e9 repr\u00e9sente toute <strong>la part humaine de l\u2019\u00e9valuation<\/strong>, et une mati\u00e8re d\u2019\u00e9change. Ce dernier est avant tout <strong>le socle de l\u2019\u00e9valuation\u00a0: une pratique de d\u00e9couverte, de compr\u00e9hension, et d\u2019accompagnement du d\u00e9veloppement professionnel. \u00a0<\/strong><\/p>\n","protected":false},"excerpt":{"rendered":"<p>Plut\u00f4t que de fantasmer sur un ensemble de param\u00e8tres illusoires, il est probablement plus pragmatique de se concentrer sur un ensemble de r\u00e8gles pour la pratique. Elles permettent de cr\u00e9er un r\u00e9f\u00e9rentiel de cette pratique, pour chacune des parties, et de fixer des limites dans ce qui est acceptable de cette pratique. O\u00f9 en sommes-nous [&hellip;]<\/p>\n","protected":false},"author":37,"featured_media":20041,"comment_status":"open","ping_status":"open","sticky":false,"template":"","format":"standard","meta":{"_acf_changed":false,"_mi_skip_tracking":false,"footnotes":""},"categories":[828],"tags":[1641,323,940],"class_list":["post-19999","post","type-post","status-publish","format-standard","has-post-thumbnail","hentry","category-formation-professionnelle","tag-ethique","tag-evaluation","tag-evaluation-professionnelle"],"acf":[],"yoast_head":"<!-- This site is optimized with the Yoast SEO plugin v23.4 - https:\/\/yoast.com\/wordpress\/plugins\/seo\/ -->\n<title>\u00c9valuation professionnelle : comment &quot;objectiver&quot; ses pratiques ? - Le Blog GERESO<\/title>\n<meta name=\"robots\" content=\"index, follow, max-snippet:-1, max-image-preview:large, max-video-preview:-1\" \/>\n<link rel=\"canonical\" href=\"https:\/\/www.gereso.com\/actualites\/2021\/03\/23\/evaluer-c-est-quoi-objectiver\/\" \/>\n<meta property=\"og:locale\" content=\"fr_FR\" \/>\n<meta property=\"og:type\" content=\"article\" \/>\n<meta property=\"og:title\" content=\"\u00c9valuation professionnelle : comment &quot;objectiver&quot; ses pratiques ? - Le Blog GERESO\" \/>\n<meta property=\"og:description\" content=\"Plut\u00f4t que de fantasmer sur un ensemble de param\u00e8tres illusoires, il est probablement plus pragmatique de se concentrer sur un ensemble de r\u00e8gles pour la pratique. Elles permettent de cr\u00e9er un r\u00e9f\u00e9rentiel de cette pratique, pour chacune des parties, et de fixer des limites dans ce qui est acceptable de cette pratique. O\u00f9 en sommes-nous [&hellip;]\" \/>\n<meta property=\"og:url\" content=\"https:\/\/www.gereso.com\/actualites\/2021\/03\/23\/evaluer-c-est-quoi-objectiver\/\" \/>\n<meta property=\"og:site_name\" content=\"Le Blog GERESO\" \/>\n<meta property=\"article:published_time\" content=\"2021-03-23T12:47:29+00:00\" \/>\n<meta property=\"article:modified_time\" content=\"2022-03-14T09:34:52+00:00\" \/>\n<meta property=\"og:image\" content=\"https:\/\/www.gereso.com\/actualites\/wp-content\/uploads\/2021\/03\/evaluation-objectivite.jpg\" \/>\n\t<meta property=\"og:image:width\" content=\"600\" \/>\n\t<meta property=\"og:image:height\" content=\"400\" \/>\n\t<meta property=\"og:image:type\" content=\"image\/jpeg\" \/>\n<meta name=\"author\" content=\"St\u00e9phane Lhermie\" \/>\n<meta name=\"twitter:card\" content=\"summary_large_image\" \/>\n<script type=\"application\/ld+json\" class=\"yoast-schema-graph\">{\"@context\":\"https:\/\/schema.org\",\"@graph\":[{\"@type\":\"WebPage\",\"@id\":\"https:\/\/www.gereso.com\/actualites\/2021\/03\/23\/evaluer-c-est-quoi-objectiver\/\",\"url\":\"https:\/\/www.gereso.com\/actualites\/2021\/03\/23\/evaluer-c-est-quoi-objectiver\/\",\"name\":\"\u00c9valuation professionnelle : comment \\\"objectiver\\\" ses pratiques ? - Le Blog GERESO\",\"isPartOf\":{\"@id\":\"https:\/\/www.gereso.com\/actualites\/#website\"},\"primaryImageOfPage\":{\"@id\":\"https:\/\/www.gereso.com\/actualites\/2021\/03\/23\/evaluer-c-est-quoi-objectiver\/#primaryimage\"},\"image\":{\"@id\":\"https:\/\/www.gereso.com\/actualites\/2021\/03\/23\/evaluer-c-est-quoi-objectiver\/#primaryimage\"},\"thumbnailUrl\":\"https:\/\/www.gereso.com\/actualites\/wp-content\/uploads\/2021\/03\/evaluation-objectivite.jpg\",\"datePublished\":\"2021-03-23T12:47:29+00:00\",\"dateModified\":\"2022-03-14T09:34:52+00:00\",\"author\":{\"@id\":\"https:\/\/www.gereso.com\/actualites\/#\/schema\/person\/d99dfdbc5bfbe44ea4f48d114b0c0529\"},\"breadcrumb\":{\"@id\":\"https:\/\/www.gereso.com\/actualites\/2021\/03\/23\/evaluer-c-est-quoi-objectiver\/#breadcrumb\"},\"inLanguage\":\"fr-FR\",\"potentialAction\":[{\"@type\":\"ReadAction\",\"target\":[\"https:\/\/www.gereso.com\/actualites\/2021\/03\/23\/evaluer-c-est-quoi-objectiver\/\"]}]},{\"@type\":\"ImageObject\",\"inLanguage\":\"fr-FR\",\"@id\":\"https:\/\/www.gereso.com\/actualites\/2021\/03\/23\/evaluer-c-est-quoi-objectiver\/#primaryimage\",\"url\":\"https:\/\/www.gereso.com\/actualites\/wp-content\/uploads\/2021\/03\/evaluation-objectivite.jpg\",\"contentUrl\":\"https:\/\/www.gereso.com\/actualites\/wp-content\/uploads\/2021\/03\/evaluation-objectivite.jpg\",\"width\":600,\"height\":400,\"caption\":\"\u00c9valuer : c\u2019est quoi objectiver ?\"},{\"@type\":\"BreadcrumbList\",\"@id\":\"https:\/\/www.gereso.com\/actualites\/2021\/03\/23\/evaluer-c-est-quoi-objectiver\/#breadcrumb\",\"itemListElement\":[{\"@type\":\"ListItem\",\"position\":1,\"name\":\"Home\",\"item\":\"https:\/\/www.gereso.com\/actualites\/\"},{\"@type\":\"ListItem\",\"position\":2,\"name\":\"\u00c9valuation professionnelle : comment \u00ab\u00a0objectiver\u00a0\u00bb ses pratiques ?\"}]},{\"@type\":\"WebSite\",\"@id\":\"https:\/\/www.gereso.com\/actualites\/#website\",\"url\":\"https:\/\/www.gereso.com\/actualites\/\",\"name\":\"Le Blog GERESO\",\"description\":\"Toute l&#039;actu RH, Finance, Fonction Publique, Management...\",\"potentialAction\":[{\"@type\":\"SearchAction\",\"target\":{\"@type\":\"EntryPoint\",\"urlTemplate\":\"https:\/\/www.gereso.com\/actualites\/?s={search_term_string}\"},\"query-input\":{\"@type\":\"PropertyValueSpecification\",\"valueRequired\":true,\"valueName\":\"search_term_string\"}}],\"inLanguage\":\"fr-FR\"},{\"@type\":\"Person\",\"@id\":\"https:\/\/www.gereso.com\/actualites\/#\/schema\/person\/d99dfdbc5bfbe44ea4f48d114b0c0529\",\"name\":\"St\u00e9phane Lhermie\",\"image\":{\"@type\":\"ImageObject\",\"inLanguage\":\"fr-FR\",\"@id\":\"https:\/\/www.gereso.com\/actualites\/#\/schema\/person\/image\/\",\"url\":\"https:\/\/www.gereso.com\/actualites\/wp-content\/uploads\/2020\/09\/Stephane-Lhermie-144x144.jpg\",\"contentUrl\":\"https:\/\/www.gereso.com\/actualites\/wp-content\/uploads\/2020\/09\/Stephane-Lhermie-144x144.jpg\",\"caption\":\"St\u00e9phane Lhermie\"},\"description\":\"Dipl\u00f4m\u00e9 de l\u2019ISG, o\u00f9 il r\u00e9alise une \u00e9tude sur la \u00ab gestion du changement par l\u2019expression \u00bb, St\u00e9phane a d\u00e9velopp\u00e9 un parcours en entreprises et en cabinets, fran\u00e7ais et anglo-saxons. Depuis 20 ans, il s'investit dans la compr\u00e9hension des modes de fonctionnements professionnels. Il accompagne leur \u00e9volution au travers du coaching professionnel individuel et de mobilit\u00e9, et leur \u00e9valuation par le conseil en strat\u00e9gie recrutement. En janvier 2006, il cr\u00e9e &amp;CHANGER - L'art de l'humain avec Virginie Galtier. Il est le r\u00e9dacteur de l\u2019Edito d\u2019&amp;CHANGER, et a \u00e9crit deux livres sur les enjeux de la posture dans la pratique de l'\u00e9valuation professionnelle. Le premier : \u00ab Comprendre l'\u00e9valuation professionnelle \u2013 Pour en finir avec la sanction et encourager l'expression individuelle \u00bb, GERESO Editions. Le deuxi\u00e8me : \u00ab \u00c9valuer les comp\u00e9tences professionnelles, mode d'emploi \u2013 Comment adapter vos pratiques et redonner du sens \u00e0 vos entretiens \u00bb, GERESO Editions. \u00bb St\u00e9phane est attach\u00e9 \u00e0 l\u2019encouragement du potentiel et de l'expression, qu'il retrouve dans sa passion pour l'art. L'abstraction en particulier, moderne ou contemporaine, est une sollicitation \u00e0 \u00ab sortir du cadre \u00bb. Il a \u00e9t\u00e9 coorganisateur en 2015 de la premi\u00e8re exposition en Cor\u00e9e du sud, \u00e0 S\u00e9oul, de JonOne, artiste international graffeur et peintre.\",\"url\":\"https:\/\/www.gereso.com\/actualites\/author\/s-lhermie\/\"}]}<\/script>\n<!-- \/ Yoast SEO plugin. -->","yoast_head_json":{"title":"\u00c9valuation professionnelle : comment \"objectiver\" ses pratiques ? - Le Blog GERESO","robots":{"index":"index","follow":"follow","max-snippet":"max-snippet:-1","max-image-preview":"max-image-preview:large","max-video-preview":"max-video-preview:-1"},"canonical":"https:\/\/www.gereso.com\/actualites\/2021\/03\/23\/evaluer-c-est-quoi-objectiver\/","og_locale":"fr_FR","og_type":"article","og_title":"\u00c9valuation professionnelle : comment \"objectiver\" ses pratiques ? - Le Blog GERESO","og_description":"Plut\u00f4t que de fantasmer sur un ensemble de param\u00e8tres illusoires, il est probablement plus pragmatique de se concentrer sur un ensemble de r\u00e8gles pour la pratique. Elles permettent de cr\u00e9er un r\u00e9f\u00e9rentiel de cette pratique, pour chacune des parties, et de fixer des limites dans ce qui est acceptable de cette pratique. O\u00f9 en sommes-nous [&hellip;]","og_url":"https:\/\/www.gereso.com\/actualites\/2021\/03\/23\/evaluer-c-est-quoi-objectiver\/","og_site_name":"Le Blog GERESO","article_published_time":"2021-03-23T12:47:29+00:00","article_modified_time":"2022-03-14T09:34:52+00:00","og_image":[{"width":600,"height":400,"url":"https:\/\/www.gereso.com\/actualites\/wp-content\/uploads\/2021\/03\/evaluation-objectivite.jpg","type":"image\/jpeg"}],"author":"St\u00e9phane Lhermie","twitter_card":"summary_large_image","schema":{"@context":"https:\/\/schema.org","@graph":[{"@type":"WebPage","@id":"https:\/\/www.gereso.com\/actualites\/2021\/03\/23\/evaluer-c-est-quoi-objectiver\/","url":"https:\/\/www.gereso.com\/actualites\/2021\/03\/23\/evaluer-c-est-quoi-objectiver\/","name":"\u00c9valuation professionnelle : comment \"objectiver\" ses pratiques ? - Le Blog GERESO","isPartOf":{"@id":"https:\/\/www.gereso.com\/actualites\/#website"},"primaryImageOfPage":{"@id":"https:\/\/www.gereso.com\/actualites\/2021\/03\/23\/evaluer-c-est-quoi-objectiver\/#primaryimage"},"image":{"@id":"https:\/\/www.gereso.com\/actualites\/2021\/03\/23\/evaluer-c-est-quoi-objectiver\/#primaryimage"},"thumbnailUrl":"https:\/\/www.gereso.com\/actualites\/wp-content\/uploads\/2021\/03\/evaluation-objectivite.jpg","datePublished":"2021-03-23T12:47:29+00:00","dateModified":"2022-03-14T09:34:52+00:00","author":{"@id":"https:\/\/www.gereso.com\/actualites\/#\/schema\/person\/d99dfdbc5bfbe44ea4f48d114b0c0529"},"breadcrumb":{"@id":"https:\/\/www.gereso.com\/actualites\/2021\/03\/23\/evaluer-c-est-quoi-objectiver\/#breadcrumb"},"inLanguage":"fr-FR","potentialAction":[{"@type":"ReadAction","target":["https:\/\/www.gereso.com\/actualites\/2021\/03\/23\/evaluer-c-est-quoi-objectiver\/"]}]},{"@type":"ImageObject","inLanguage":"fr-FR","@id":"https:\/\/www.gereso.com\/actualites\/2021\/03\/23\/evaluer-c-est-quoi-objectiver\/#primaryimage","url":"https:\/\/www.gereso.com\/actualites\/wp-content\/uploads\/2021\/03\/evaluation-objectivite.jpg","contentUrl":"https:\/\/www.gereso.com\/actualites\/wp-content\/uploads\/2021\/03\/evaluation-objectivite.jpg","width":600,"height":400,"caption":"\u00c9valuer : c\u2019est quoi objectiver ?"},{"@type":"BreadcrumbList","@id":"https:\/\/www.gereso.com\/actualites\/2021\/03\/23\/evaluer-c-est-quoi-objectiver\/#breadcrumb","itemListElement":[{"@type":"ListItem","position":1,"name":"Home","item":"https:\/\/www.gereso.com\/actualites\/"},{"@type":"ListItem","position":2,"name":"\u00c9valuation professionnelle : comment \u00ab\u00a0objectiver\u00a0\u00bb ses pratiques ?"}]},{"@type":"WebSite","@id":"https:\/\/www.gereso.com\/actualites\/#website","url":"https:\/\/www.gereso.com\/actualites\/","name":"Le Blog GERESO","description":"Toute l&#039;actu RH, Finance, Fonction Publique, Management...","potentialAction":[{"@type":"SearchAction","target":{"@type":"EntryPoint","urlTemplate":"https:\/\/www.gereso.com\/actualites\/?s={search_term_string}"},"query-input":{"@type":"PropertyValueSpecification","valueRequired":true,"valueName":"search_term_string"}}],"inLanguage":"fr-FR"},{"@type":"Person","@id":"https:\/\/www.gereso.com\/actualites\/#\/schema\/person\/d99dfdbc5bfbe44ea4f48d114b0c0529","name":"St\u00e9phane Lhermie","image":{"@type":"ImageObject","inLanguage":"fr-FR","@id":"https:\/\/www.gereso.com\/actualites\/#\/schema\/person\/image\/","url":"https:\/\/www.gereso.com\/actualites\/wp-content\/uploads\/2020\/09\/Stephane-Lhermie-144x144.jpg","contentUrl":"https:\/\/www.gereso.com\/actualites\/wp-content\/uploads\/2020\/09\/Stephane-Lhermie-144x144.jpg","caption":"St\u00e9phane Lhermie"},"description":"Dipl\u00f4m\u00e9 de l\u2019ISG, o\u00f9 il r\u00e9alise une \u00e9tude sur la \u00ab gestion du changement par l\u2019expression \u00bb, St\u00e9phane a d\u00e9velopp\u00e9 un parcours en entreprises et en cabinets, fran\u00e7ais et anglo-saxons. Depuis 20 ans, il s'investit dans la compr\u00e9hension des modes de fonctionnements professionnels. Il accompagne leur \u00e9volution au travers du coaching professionnel individuel et de mobilit\u00e9, et leur \u00e9valuation par le conseil en strat\u00e9gie recrutement. En janvier 2006, il cr\u00e9e &amp;CHANGER - L'art de l'humain avec Virginie Galtier. Il est le r\u00e9dacteur de l\u2019Edito d\u2019&amp;CHANGER, et a \u00e9crit deux livres sur les enjeux de la posture dans la pratique de l'\u00e9valuation professionnelle. Le premier : \u00ab Comprendre l'\u00e9valuation professionnelle \u2013 Pour en finir avec la sanction et encourager l'expression individuelle \u00bb, GERESO Editions. Le deuxi\u00e8me : \u00ab \u00c9valuer les comp\u00e9tences professionnelles, mode d'emploi \u2013 Comment adapter vos pratiques et redonner du sens \u00e0 vos entretiens \u00bb, GERESO Editions. \u00bb St\u00e9phane est attach\u00e9 \u00e0 l\u2019encouragement du potentiel et de l'expression, qu'il retrouve dans sa passion pour l'art. L'abstraction en particulier, moderne ou contemporaine, est une sollicitation \u00e0 \u00ab sortir du cadre \u00bb. Il a \u00e9t\u00e9 coorganisateur en 2015 de la premi\u00e8re exposition en Cor\u00e9e du sud, \u00e0 S\u00e9oul, de JonOne, artiste international graffeur et peintre.","url":"https:\/\/www.gereso.com\/actualites\/author\/s-lhermie\/"}]}},"_links":{"self":[{"href":"https:\/\/www.gereso.com\/actualites\/wp-json\/wp\/v2\/posts\/19999","targetHints":{"allow":["GET"]}}],"collection":[{"href":"https:\/\/www.gereso.com\/actualites\/wp-json\/wp\/v2\/posts"}],"about":[{"href":"https:\/\/www.gereso.com\/actualites\/wp-json\/wp\/v2\/types\/post"}],"author":[{"embeddable":true,"href":"https:\/\/www.gereso.com\/actualites\/wp-json\/wp\/v2\/users\/37"}],"replies":[{"embeddable":true,"href":"https:\/\/www.gereso.com\/actualites\/wp-json\/wp\/v2\/comments?post=19999"}],"version-history":[{"count":49,"href":"https:\/\/www.gereso.com\/actualites\/wp-json\/wp\/v2\/posts\/19999\/revisions"}],"predecessor-version":[{"id":26341,"href":"https:\/\/www.gereso.com\/actualites\/wp-json\/wp\/v2\/posts\/19999\/revisions\/26341"}],"wp:featuredmedia":[{"embeddable":true,"href":"https:\/\/www.gereso.com\/actualites\/wp-json\/wp\/v2\/media\/20041"}],"wp:attachment":[{"href":"https:\/\/www.gereso.com\/actualites\/wp-json\/wp\/v2\/media?parent=19999"}],"wp:term":[{"taxonomy":"category","embeddable":true,"href":"https:\/\/www.gereso.com\/actualites\/wp-json\/wp\/v2\/categories?post=19999"},{"taxonomy":"post_tag","embeddable":true,"href":"https:\/\/www.gereso.com\/actualites\/wp-json\/wp\/v2\/tags?post=19999"}],"curies":[{"name":"wp","href":"https:\/\/api.w.org\/{rel}","templated":true}]}}