{"id":2015,"date":"2009-03-17T00:00:00","date_gmt":"2009-03-16T22:00:00","guid":{"rendered":"https:\/\/www.gereso.com\/actualites\/2009\/03\/peut-on-prevenir-le-cancer-par-lalimentation\/"},"modified":"2009-03-17T00:00:00","modified_gmt":"2009-03-16T22:00:00","slug":"peut-on-prevenir-le-cancer-par-lalimentation","status":"publish","type":"post","link":"https:\/\/www.gereso.com\/actualites\/2009\/03\/17\/peut-on-prevenir-le-cancer-par-lalimentation\/","title":{"rendered":"Peut-on pr\u00e9venir le cancer par l&#039;alimentation&nbsp;?"},"content":{"rendered":"<p>Fabienne Souvre, di\u00e9t\u00e9ticienne et formatrice pour C3S, nous fait partager <span style=\"font-weight: bold;\">les avanc\u00e9es les plus r\u00e9centes en mati\u00e8re de recherche sur les liens entre nutrition et cancer.<\/span><\/p>\n<h3><span style=\"font-weight: bold;\">Les fruits et l\u00e9gumes prot\u00e8gent-ils contre les cancers&nbsp;?<\/span><br \/><\/h3>\n<p>Oui. <span style=\"font-weight: bold;\"><br \/>Des \u00e9tudes suffisamment convaincantes justifient les recommandations nutritionnelles<\/span> dans les cas des cancers des voies a\u00e9ro-digestives sup\u00e9rieures (larynx,&nbsp;?sophage), de l&rsquo;estomac, de la vessie et du poumon. En revanche, en ce qui concerne les autres cancers, les observations sont plus floues et rendent les conclusions difficiles.<\/p>\n<h3><span style=\"font-weight: bold;\">La prise de poids repr\u00e9sente t&rsquo;elle un facteur de risque de cancer&nbsp;?<\/span><br \/><\/h3>\n<p>Oui. <br \/>Dans le cancer colo-rectal, l&rsquo;augmentation du tissu adipeux, et notamment de l&rsquo;ob\u00e9sit\u00e9 visc\u00e9rale, repr\u00e9sente <span style=\"font-weight: bold;\">un facteur de risque par la constitution d&rsquo;un syndrome m\u00e9tabolique<\/span>, qui, outre l&rsquo;alt\u00e9ration des param\u00e8tres lipidiques, est accompagn\u00e9 de la synth\u00e8se d&rsquo;un facteur de croissance agissant sur la prolif\u00e9ration des cellules tumorales, l&rsquo;IGF-1.<\/p>\n<p><span style=\"font-weight: bold;\">La prise de poids, le surpoids et l&rsquo;ob\u00e9sit\u00e9 augmentent le risque de cancers <\/span>de l&rsquo;endom\u00e8tre et du sein chez la femme m\u00e9nopaus\u00e9e (World Cancer Research Fund &#8211; WRCF 2007).<\/p>\n<p>Pour autant, l&rsquo;alimentation ne peut \u00eatre tenue comme seule responsable du surpoids, puisqu&rsquo;<span style=\"font-weight: bold;\">une composante g\u00e9n\u00e9tique ainsi que l&rsquo;activit\u00e9 physique sont tout autant impliqu\u00e9es.<\/span><\/p>\n<p>Pratiquer une activit\u00e9 physique r\u00e9guli\u00e8re d\u00e8s le plus jeune \u00e2ge contribue \u00e0 pr\u00e9venir les cancers en limitant notamment la prise de poids.<\/p>\n<h3><span style=\"font-weight: bold;\">Les aliments \u00e0 consommer avec mod\u00e9ration<\/span><br \/><\/h3>\n<li><span style=\"font-weight: bold;\">La viande rouge et la charcuterie<\/span> augmentent de fa\u00e7on convaincante le risque de cancer du colon, il convient de favoriser \u00e0 la place les produits de la mer. Les \u00e9tudes \u00e9pid\u00e9miologiques permettent de conclure \u00e0 une diminution du risque des cancers du colon et de la prostate associ\u00e9e \u00e0 la consommation de poisson.<\/li>\n<li><span style=\"font-weight: bold;\">Les aliments \u00e0 forte densit\u00e9 \u00e9nerg\u00e9tique<\/span> (les gras et encore plus, les gras et sucr\u00e9s) qui vont faciliter la prise de poids et donc participer au risque de nombre de cancers.<\/li>\n<p> \u00a0<\/p>\n<h3><span style=\"font-weight: bold;\">Nutrition et cancer : Les conclusions des experts internationaux<\/span><br \/><\/h3>\n<p>Le rapport actualis\u00e9 du World Cancer Research Fund (WCRF) fait \u00e9tat des connaissances actuelles en mati\u00e8re d&rsquo;alimentation, nutrition, activit\u00e9 physique et pr\u00e9vention du cancer.<\/p>\n<p>Les recommandations sont issues du deuxi\u00e8me rapport : \u00ab\u00a0Food, Nutrition, Physical Activity, and the Prevention of Cancer: a Global Perspective\u00a0\u00bb publi\u00e9 en 2007 par le r\u00e9seau du World Cancer Research Fund (WCRF), dont le FMRC fait partie. <\/p>\n<p>Un panel international de vingt-et-un experts scientifiques a \u00e9valu\u00e9 les r\u00e9sultats d&rsquo;environ <span style=\"font-weight: bold;\">7 000 \u00e9tudes mondiales effectu\u00e9es ces cinquante derni\u00e8res ann\u00e9es.<\/span> Le rapport pr\u00e9sente leurs conclusions sur les mesures \u00e0 prendre pour r\u00e9duire le risque de cancer.<\/p>\n<p>Ces recommandations sont coh\u00e9rentes avec les objectifs nutritionnels \u00e9mis par les pouvoirs publics, et mis en place via <span style=\"font-weight: bold;\">le Plan National Nutrition et Sant\u00e9 (PNNS).<\/span> <\/p>\n<p>Ce plan d&rsquo;actions \u00e9tablit les rep\u00e8res nutritionnels prioritaires en termes de sant\u00e9 publique.<\/p>\n<h3><span style=\"font-weight: bold;\">Les 10 recommandations<\/span><br \/><\/h3>\n<p>1. Soyez <span style=\"font-weight: bold;\">aussi mince que possible <\/span>tout en \u00e9vitant l&rsquo;insuffisance pond\u00e9rale.<br \/>2. Pratiquez <span style=\"font-weight: bold;\">une activit\u00e9 physique<\/span> au moins 30 mn par jour.<br \/>3. \u00c9vitez les boissons sucr\u00e9es. Limitez la consommation d&rsquo;aliments \u00e0 <span style=\"font-weight: bold;\">forte densit\u00e9 calorique<\/span> (en particulier les produits \u00e0 teneur \u00e9lev\u00e9e en sucres ajout\u00e9s, ou faibles en fibre, ou riches en mati\u00e8res grasses).<br \/>4. Augmentez et variez <span style=\"font-weight: bold;\">la consommation de l\u00e9gumes, fruits, c\u00e9r\u00e9ales compl\u00e8tes et l\u00e9gumes secs.<\/span><br \/>5. Limitez la consommation de <span style=\"font-weight: bold;\">viande rouge <\/span>(comme le boeuf, le porc ou l&rsquo;agneau) et <span style=\"font-weight: bold;\">\u00e9vitez la charcuterie.<\/span><br \/>6. En cas de <span style=\"font-weight: bold;\">consommation d&rsquo;alcool,<\/span> se limiter \u00e0 une boisson par jour pour les femmes et \u00e0 deux pour les hommes.<br \/>7. Limitez la consommation d&rsquo;<span style=\"font-weight: bold;\">aliments sal\u00e9s<\/span> et de produits contenant du sel ajout\u00e9 (sodium).<br \/>8. Ne prenez <span style=\"font-weight: bold;\">pas de compl\u00e9ments alimentaires <\/span>pour vous prot\u00e9ger du cancer.<br \/>9. De pr\u00e9f\u00e9rence, les m\u00e8res devraient exclusivement <span style=\"font-weight: bold;\">allaiter pendant les 6 premiers mois <\/span>puis introduire d&rsquo;autres liquides et aliments.<br \/>10. Apr\u00e8s le traitement, les personnes diagnostiqu\u00e9es d&rsquo;un cancer devraient <span style=\"font-weight: bold;\">suivre l&rsquo;ensemble des recommandations <\/span>pour la pr\u00e9vention du cancer<\/p>\n<p>&gt; T\u00e9l\u00e9chargez les principales conclusions de ces experts d&rsquo;apr\u00e8s le r\u00e9sum\u00e9 scientifique du rapport du Fonds Mondial de Recherche contre le Cancer ( FMRC )<\/p>\n<p><span style=\"font-style: italic;\">Sources : Nutrition info \/ World cancer research fund \/ Fonds Mondial de Recherche contre le Cancer<\/span><br style=\"font-style: italic;\" \/><span style=\"font-style: italic;\">En savoir plus : www.fmrc.fr<\/span><\/p>\n<h3>Les formations C3S sur ce th\u00e8me<\/h3>\n<p>&gt; Di\u00e9t\u00e9tique et alimentation en entreprise<br \/>\u00a0<br \/>&gt; Di\u00e9t\u00e9tique et pathologies<\/p>\n<p>&gt; Toxicologie, substances dangereuses et agents CMR<\/p>\n","protected":false},"excerpt":{"rendered":"<p>Fabienne Souvre, di\u00e9t\u00e9ticienne et formatrice pour C3S, nous fait partager les avanc\u00e9es les plus r\u00e9centes en mati\u00e8re de recherche sur les liens entre nutrition et cancer. Les fruits et l\u00e9gumes prot\u00e8gent-ils contre les cancers&nbsp;? Oui. Des \u00e9tudes suffisamment convaincantes justifient les recommandations nutritionnelles dans les cas des cancers des voies a\u00e9ro-digestives sup\u00e9rieures (larynx,&nbsp;?sophage), de l&rsquo;estomac, [&hellip;]<\/p>\n","protected":false},"author":32,"featured_media":0,"comment_status":"open","ping_status":"open","sticky":false,"template":"","format":"standard","meta":{"_acf_changed":false,"_mi_skip_tracking":false,"footnotes":""},"categories":[6],"tags":[],"class_list":["post-2015","post","type-post","status-publish","format-standard","hentry","category-fonction-publique"],"acf":[],"yoast_head":"<!-- This site is optimized with the Yoast SEO plugin v23.4 - https:\/\/yoast.com\/wordpress\/plugins\/seo\/ -->\n<title>Peut-on pr\u00e9venir le cancer par l&#039;alimentation&nbsp;? - Le Blog GERESO<\/title>\n<meta name=\"robots\" content=\"index, follow, max-snippet:-1, max-image-preview:large, max-video-preview:-1\" \/>\n<link rel=\"canonical\" href=\"https:\/\/www.gereso.com\/actualites\/2009\/03\/17\/peut-on-prevenir-le-cancer-par-lalimentation\/\" \/>\n<meta property=\"og:locale\" content=\"fr_FR\" \/>\n<meta property=\"og:type\" content=\"article\" \/>\n<meta property=\"og:title\" content=\"Peut-on pr\u00e9venir le cancer par l&#039;alimentation&nbsp;? - Le Blog GERESO\" \/>\n<meta property=\"og:description\" content=\"Fabienne Souvre, di\u00e9t\u00e9ticienne et formatrice pour C3S, nous fait partager les avanc\u00e9es les plus r\u00e9centes en mati\u00e8re de recherche sur les liens entre nutrition et cancer. Les fruits et l\u00e9gumes prot\u00e8gent-ils contre les cancers&nbsp;? Oui. Des \u00e9tudes suffisamment convaincantes justifient les recommandations nutritionnelles dans les cas des cancers des voies a\u00e9ro-digestives sup\u00e9rieures (larynx,&nbsp;?sophage), de l&rsquo;estomac, [&hellip;]\" \/>\n<meta property=\"og:url\" content=\"https:\/\/www.gereso.com\/actualites\/2009\/03\/17\/peut-on-prevenir-le-cancer-par-lalimentation\/\" \/>\n<meta property=\"og:site_name\" content=\"Le Blog GERESO\" \/>\n<meta property=\"article:published_time\" content=\"2009-03-16T22:00:00+00:00\" \/>\n<meta name=\"author\" content=\"\u00c9quipe GERESO\" \/>\n<meta name=\"twitter:card\" content=\"summary_large_image\" \/>\n<script type=\"application\/ld+json\" class=\"yoast-schema-graph\">{\"@context\":\"https:\/\/schema.org\",\"@graph\":[{\"@type\":\"WebPage\",\"@id\":\"https:\/\/www.gereso.com\/actualites\/2009\/03\/17\/peut-on-prevenir-le-cancer-par-lalimentation\/\",\"url\":\"https:\/\/www.gereso.com\/actualites\/2009\/03\/17\/peut-on-prevenir-le-cancer-par-lalimentation\/\",\"name\":\"Peut-on pr\u00e9venir le cancer par l&#039;alimentation&nbsp;? - Le Blog GERESO\",\"isPartOf\":{\"@id\":\"https:\/\/www.gereso.com\/actualites\/#website\"},\"datePublished\":\"2009-03-16T22:00:00+00:00\",\"dateModified\":\"2009-03-16T22:00:00+00:00\",\"author\":{\"@id\":\"https:\/\/www.gereso.com\/actualites\/#\/schema\/person\/197d8aef40cb4ae3f6a0aa9e1d3df2a6\"},\"breadcrumb\":{\"@id\":\"https:\/\/www.gereso.com\/actualites\/2009\/03\/17\/peut-on-prevenir-le-cancer-par-lalimentation\/#breadcrumb\"},\"inLanguage\":\"fr-FR\",\"potentialAction\":[{\"@type\":\"ReadAction\",\"target\":[\"https:\/\/www.gereso.com\/actualites\/2009\/03\/17\/peut-on-prevenir-le-cancer-par-lalimentation\/\"]}]},{\"@type\":\"BreadcrumbList\",\"@id\":\"https:\/\/www.gereso.com\/actualites\/2009\/03\/17\/peut-on-prevenir-le-cancer-par-lalimentation\/#breadcrumb\",\"itemListElement\":[{\"@type\":\"ListItem\",\"position\":1,\"name\":\"Home\",\"item\":\"https:\/\/www.gereso.com\/actualites\/\"},{\"@type\":\"ListItem\",\"position\":2,\"name\":\"Peut-on pr\u00e9venir le cancer par l&#039;alimentation&nbsp;?\"}]},{\"@type\":\"WebSite\",\"@id\":\"https:\/\/www.gereso.com\/actualites\/#website\",\"url\":\"https:\/\/www.gereso.com\/actualites\/\",\"name\":\"Le Blog GERESO\",\"description\":\"Toute l&#039;actu RH, Finance, Fonction Publique, Management...\",\"potentialAction\":[{\"@type\":\"SearchAction\",\"target\":{\"@type\":\"EntryPoint\",\"urlTemplate\":\"https:\/\/www.gereso.com\/actualites\/?s={search_term_string}\"},\"query-input\":{\"@type\":\"PropertyValueSpecification\",\"valueRequired\":true,\"valueName\":\"search_term_string\"}}],\"inLanguage\":\"fr-FR\"},{\"@type\":\"Person\",\"@id\":\"https:\/\/www.gereso.com\/actualites\/#\/schema\/person\/197d8aef40cb4ae3f6a0aa9e1d3df2a6\",\"name\":\"\u00c9quipe GERESO\",\"image\":{\"@type\":\"ImageObject\",\"inLanguage\":\"fr-FR\",\"@id\":\"https:\/\/www.gereso.com\/actualites\/#\/schema\/person\/image\/\",\"url\":\"https:\/\/www.gereso.com\/actualites\/wp-content\/uploads\/2013\/12\/avatar-gereso-1.png\",\"contentUrl\":\"https:\/\/www.gereso.com\/actualites\/wp-content\/uploads\/2013\/12\/avatar-gereso-1.png\",\"caption\":\"\u00c9quipe GERESO\"},\"url\":\"https:\/\/www.gereso.com\/actualites\/author\/gereso\/\"}]}<\/script>\n<!-- \/ Yoast SEO plugin. -->","yoast_head_json":{"title":"Peut-on pr\u00e9venir le cancer par l&#039;alimentation&nbsp;? - Le Blog GERESO","robots":{"index":"index","follow":"follow","max-snippet":"max-snippet:-1","max-image-preview":"max-image-preview:large","max-video-preview":"max-video-preview:-1"},"canonical":"https:\/\/www.gereso.com\/actualites\/2009\/03\/17\/peut-on-prevenir-le-cancer-par-lalimentation\/","og_locale":"fr_FR","og_type":"article","og_title":"Peut-on pr\u00e9venir le cancer par l&#039;alimentation&nbsp;? - Le Blog GERESO","og_description":"Fabienne Souvre, di\u00e9t\u00e9ticienne et formatrice pour C3S, nous fait partager les avanc\u00e9es les plus r\u00e9centes en mati\u00e8re de recherche sur les liens entre nutrition et cancer. Les fruits et l\u00e9gumes prot\u00e8gent-ils contre les cancers&nbsp;? Oui. Des \u00e9tudes suffisamment convaincantes justifient les recommandations nutritionnelles dans les cas des cancers des voies a\u00e9ro-digestives sup\u00e9rieures (larynx,&nbsp;?sophage), de l&rsquo;estomac, [&hellip;]","og_url":"https:\/\/www.gereso.com\/actualites\/2009\/03\/17\/peut-on-prevenir-le-cancer-par-lalimentation\/","og_site_name":"Le Blog GERESO","article_published_time":"2009-03-16T22:00:00+00:00","author":"\u00c9quipe GERESO","twitter_card":"summary_large_image","schema":{"@context":"https:\/\/schema.org","@graph":[{"@type":"WebPage","@id":"https:\/\/www.gereso.com\/actualites\/2009\/03\/17\/peut-on-prevenir-le-cancer-par-lalimentation\/","url":"https:\/\/www.gereso.com\/actualites\/2009\/03\/17\/peut-on-prevenir-le-cancer-par-lalimentation\/","name":"Peut-on pr\u00e9venir le cancer par l&#039;alimentation&nbsp;? - Le Blog GERESO","isPartOf":{"@id":"https:\/\/www.gereso.com\/actualites\/#website"},"datePublished":"2009-03-16T22:00:00+00:00","dateModified":"2009-03-16T22:00:00+00:00","author":{"@id":"https:\/\/www.gereso.com\/actualites\/#\/schema\/person\/197d8aef40cb4ae3f6a0aa9e1d3df2a6"},"breadcrumb":{"@id":"https:\/\/www.gereso.com\/actualites\/2009\/03\/17\/peut-on-prevenir-le-cancer-par-lalimentation\/#breadcrumb"},"inLanguage":"fr-FR","potentialAction":[{"@type":"ReadAction","target":["https:\/\/www.gereso.com\/actualites\/2009\/03\/17\/peut-on-prevenir-le-cancer-par-lalimentation\/"]}]},{"@type":"BreadcrumbList","@id":"https:\/\/www.gereso.com\/actualites\/2009\/03\/17\/peut-on-prevenir-le-cancer-par-lalimentation\/#breadcrumb","itemListElement":[{"@type":"ListItem","position":1,"name":"Home","item":"https:\/\/www.gereso.com\/actualites\/"},{"@type":"ListItem","position":2,"name":"Peut-on pr\u00e9venir le cancer par l&#039;alimentation&nbsp;?"}]},{"@type":"WebSite","@id":"https:\/\/www.gereso.com\/actualites\/#website","url":"https:\/\/www.gereso.com\/actualites\/","name":"Le Blog GERESO","description":"Toute l&#039;actu RH, Finance, Fonction Publique, Management...","potentialAction":[{"@type":"SearchAction","target":{"@type":"EntryPoint","urlTemplate":"https:\/\/www.gereso.com\/actualites\/?s={search_term_string}"},"query-input":{"@type":"PropertyValueSpecification","valueRequired":true,"valueName":"search_term_string"}}],"inLanguage":"fr-FR"},{"@type":"Person","@id":"https:\/\/www.gereso.com\/actualites\/#\/schema\/person\/197d8aef40cb4ae3f6a0aa9e1d3df2a6","name":"\u00c9quipe GERESO","image":{"@type":"ImageObject","inLanguage":"fr-FR","@id":"https:\/\/www.gereso.com\/actualites\/#\/schema\/person\/image\/","url":"https:\/\/www.gereso.com\/actualites\/wp-content\/uploads\/2013\/12\/avatar-gereso-1.png","contentUrl":"https:\/\/www.gereso.com\/actualites\/wp-content\/uploads\/2013\/12\/avatar-gereso-1.png","caption":"\u00c9quipe GERESO"},"url":"https:\/\/www.gereso.com\/actualites\/author\/gereso\/"}]}},"_links":{"self":[{"href":"https:\/\/www.gereso.com\/actualites\/wp-json\/wp\/v2\/posts\/2015","targetHints":{"allow":["GET"]}}],"collection":[{"href":"https:\/\/www.gereso.com\/actualites\/wp-json\/wp\/v2\/posts"}],"about":[{"href":"https:\/\/www.gereso.com\/actualites\/wp-json\/wp\/v2\/types\/post"}],"author":[{"embeddable":true,"href":"https:\/\/www.gereso.com\/actualites\/wp-json\/wp\/v2\/users\/32"}],"replies":[{"embeddable":true,"href":"https:\/\/www.gereso.com\/actualites\/wp-json\/wp\/v2\/comments?post=2015"}],"version-history":[{"count":0,"href":"https:\/\/www.gereso.com\/actualites\/wp-json\/wp\/v2\/posts\/2015\/revisions"}],"wp:attachment":[{"href":"https:\/\/www.gereso.com\/actualites\/wp-json\/wp\/v2\/media?parent=2015"}],"wp:term":[{"taxonomy":"category","embeddable":true,"href":"https:\/\/www.gereso.com\/actualites\/wp-json\/wp\/v2\/categories?post=2015"},{"taxonomy":"post_tag","embeddable":true,"href":"https:\/\/www.gereso.com\/actualites\/wp-json\/wp\/v2\/tags?post=2015"}],"curies":[{"name":"wp","href":"https:\/\/api.w.org\/{rel}","templated":true}]}}