{"id":2020,"date":"2009-04-01T00:00:00","date_gmt":"2009-03-31T22:00:00","guid":{"rendered":"https:\/\/www.gereso.com\/actualites\/2009\/04\/creation-des-directions-regionales-de-lenvironnement-de-lamenagement-et-du-logement\/"},"modified":"2009-04-01T00:00:00","modified_gmt":"2009-03-31T22:00:00","slug":"creation-des-directions-regionales-de-lenvironnement-de-lamenagement-et-du-logement","status":"publish","type":"post","link":"https:\/\/www.gereso.com\/actualites\/2009\/04\/01\/creation-des-directions-regionales-de-lenvironnement-de-lamenagement-et-du-logement\/","title":{"rendered":"Cr\u00e9ation des directions r\u00e9gionales de l&#039;environnement, de l&#039;am\u00e9nagement et du logement"},"content":{"rendered":"<p>Un d\u00e9cret du 27 f\u00e9vrier 2009 pr\u00e9cise<span style=\"font-weight: bold;\"> l&rsquo;organisation et les missions des directions r\u00e9gionales de l&rsquo;environnement, de l&rsquo;am\u00e9nagement et du logement, <\/span>cr\u00e9\u00e9s par fusion de la direction r\u00e9gionale de l&rsquo;\u00e9quipement, de la direction r\u00e9gionale de l&rsquo;environnement et de la direction r\u00e9gionale de l&rsquo;industrie, de la recherche et de l&rsquo;environnement, &#8211; \u00e0 l&rsquo;exclusion de ses missions de d\u00e9veloppement industriel et de m\u00e9trologie -.<\/p>\n<p>Ces directions r\u00e9gionales exercent leurs missions sous<span style=\"font-weight: bold;\"> l&rsquo;autorit\u00e9 du pr\u00e9fet de r\u00e9gion et sous l&rsquo;autorit\u00e9 fonctionnelle du pr\u00e9fet de d\u00e9partement<\/span> pour les missions relevant de sa comp\u00e9tence.<\/p>\n<p>Elles sont charg\u00e9es d&rsquo;\u00e9laborer et de mettre en oeuvre<span style=\"font-weight: bold;\"> les politiques de l&rsquo;\u00c9tat :<\/span>   <\/p>\n<li><span style=\"font-weight: bold;\">en mati\u00e8re d&rsquo;environnement, de d\u00e9veloppement et d&rsquo;am\u00e9nagement durables, <\/span>notamment dans les domaines de la pr\u00e9vention et de l&rsquo;adaptation aux changements climatiques, de la pr\u00e9servation et de la gestion des ressources, de la biodiversit\u00e9, de la construction, de l&rsquo;urbanisme, de l&rsquo;am\u00e9nagement durable des territoires, des infrastructures et des services de transport, de la circulation et de la s\u00e9curit\u00e9 routi\u00e8res, du contr\u00f4le et de la s\u00e9curit\u00e9 des activit\u00e9s industrielles, de l&rsquo;\u00e9nergie, de la qualit\u00e9 de l&rsquo;air, de la pr\u00e9vention des pollutions, du bruit, des risques naturels et technologiques, de la gestion des d\u00e9chets, de l&rsquo;eau, de la protection du littoral, de la connaissance et de l&rsquo;\u00e9valuation environnementales, etc. ;<\/li>\n<li><span style=\"font-weight: bold;\">en mati\u00e8re de logement, <\/span>notamment quant au d\u00e9veloppement de l&rsquo;offre de logements, \u00e0 la r\u00e9novation urbaine et \u00e0 la lutte contre l&rsquo;habitat indigne.<\/li>\n<p> Les directions r\u00e9gionales de l&rsquo;environnement, de l&rsquo;am\u00e9nagement et du logement assurent <span style=\"font-weight: bold;\">le pilotage et la coordination, avec les actions des \u00e9tablissements publics de l&rsquo;\u00c9tat concern\u00e9s, des politiques relevant des minist\u00e8res de l&rsquo;\u00c9cologie et du Logement<\/span> mises en oeuvre par d&rsquo;autres services d\u00e9concentr\u00e9s.<\/p>\n<p>Elles peuvent, en outre, \u00eatre charg\u00e9es, par arr\u00eat\u00e9 du ministre de l&rsquo;\u00c9cologie,<span style=\"font-weight: bold;\"> de missions pr\u00e9sentant en tout ou partie un caract\u00e8re interr\u00e9gional dans les domaines susvis\u00e9s.<\/span><\/p>\n<p>Chaque directeur r\u00e9gional de l&rsquo;environnement, de l&rsquo;am\u00e9nagement et du logement est nomm\u00e9 par arr\u00eat\u00e9 conjoint des ministres de l&rsquo;\u00c9cologie et du Logement apr\u00e8s avis du pr\u00e9fet de r\u00e9gion.<\/p>\n<p>Il assist\u00e9 d&rsquo;un ou plusieurs directeurs adjoints nomm\u00e9s dans les m\u00eames conditions.<\/p>\n<p>Le pr\u00e9sent d\u00e9cret prend effet dans chaque r\u00e9gion \u00e0 la date de nomination du directeur r\u00e9gional et au plus tard le 1er janvier 2011. Ses dispositions ne s&rsquo;appliquent ni \u00e0 la r\u00e9gion Ile-de-France, ni aux r\u00e9gions d&rsquo;Outre-mer.<br \/>\u00a0<br \/><span style=\"font-style: italic;\">Source : D\u00e9cret n\u00b0 2009-235 du 27 f\u00e9vrier 2009 : JO 28 f\u00e9vrier 2009, texte n\u00b0 1<\/span><\/p>\n","protected":false},"excerpt":{"rendered":"<p>Un d\u00e9cret du 27 f\u00e9vrier 2009 pr\u00e9cise l&rsquo;organisation et les missions des directions r\u00e9gionales de l&rsquo;environnement, de l&rsquo;am\u00e9nagement et du logement, cr\u00e9\u00e9s par fusion de la direction r\u00e9gionale de l&rsquo;\u00e9quipement, de la direction r\u00e9gionale de l&rsquo;environnement et de la direction r\u00e9gionale de l&rsquo;industrie, de la recherche et de l&rsquo;environnement, &#8211; \u00e0 l&rsquo;exclusion de ses missions [&hellip;]<\/p>\n","protected":false},"author":32,"featured_media":0,"comment_status":"open","ping_status":"open","sticky":false,"template":"","format":"standard","meta":{"_acf_changed":false,"_mi_skip_tracking":false,"footnotes":""},"categories":[6],"tags":[],"class_list":["post-2020","post","type-post","status-publish","format-standard","hentry","category-fonction-publique"],"acf":[],"yoast_head":"<!-- This site is optimized with the Yoast SEO plugin v23.4 - https:\/\/yoast.com\/wordpress\/plugins\/seo\/ -->\n<title>Cr\u00e9ation des directions r\u00e9gionales de l&#039;environnement, de l&#039;am\u00e9nagement et du logement - Le Blog GERESO<\/title>\n<meta name=\"robots\" content=\"index, follow, max-snippet:-1, max-image-preview:large, max-video-preview:-1\" \/>\n<link rel=\"canonical\" href=\"https:\/\/www.gereso.com\/actualites\/2009\/04\/01\/creation-des-directions-regionales-de-lenvironnement-de-lamenagement-et-du-logement\/\" \/>\n<meta property=\"og:locale\" content=\"fr_FR\" \/>\n<meta property=\"og:type\" content=\"article\" \/>\n<meta property=\"og:title\" content=\"Cr\u00e9ation des directions r\u00e9gionales de l&#039;environnement, de l&#039;am\u00e9nagement et du logement - Le Blog GERESO\" \/>\n<meta property=\"og:description\" content=\"Un d\u00e9cret du 27 f\u00e9vrier 2009 pr\u00e9cise l&rsquo;organisation et les missions des directions r\u00e9gionales de l&rsquo;environnement, de l&rsquo;am\u00e9nagement et du logement, cr\u00e9\u00e9s par fusion de la direction r\u00e9gionale de l&rsquo;\u00e9quipement, de la direction r\u00e9gionale de l&rsquo;environnement et de la direction r\u00e9gionale de l&rsquo;industrie, de la recherche et de l&rsquo;environnement, &#8211; \u00e0 l&rsquo;exclusion de ses missions [&hellip;]\" \/>\n<meta property=\"og:url\" content=\"https:\/\/www.gereso.com\/actualites\/2009\/04\/01\/creation-des-directions-regionales-de-lenvironnement-de-lamenagement-et-du-logement\/\" \/>\n<meta property=\"og:site_name\" content=\"Le Blog GERESO\" \/>\n<meta property=\"article:published_time\" content=\"2009-03-31T22:00:00+00:00\" \/>\n<meta name=\"author\" content=\"\u00c9quipe GERESO\" \/>\n<meta name=\"twitter:card\" content=\"summary_large_image\" \/>\n<script type=\"application\/ld+json\" class=\"yoast-schema-graph\">{\"@context\":\"https:\/\/schema.org\",\"@graph\":[{\"@type\":\"WebPage\",\"@id\":\"https:\/\/www.gereso.com\/actualites\/2009\/04\/01\/creation-des-directions-regionales-de-lenvironnement-de-lamenagement-et-du-logement\/\",\"url\":\"https:\/\/www.gereso.com\/actualites\/2009\/04\/01\/creation-des-directions-regionales-de-lenvironnement-de-lamenagement-et-du-logement\/\",\"name\":\"Cr\u00e9ation des directions r\u00e9gionales de l&#039;environnement, de l&#039;am\u00e9nagement et du logement - Le Blog GERESO\",\"isPartOf\":{\"@id\":\"https:\/\/www.gereso.com\/actualites\/#website\"},\"datePublished\":\"2009-03-31T22:00:00+00:00\",\"dateModified\":\"2009-03-31T22:00:00+00:00\",\"author\":{\"@id\":\"https:\/\/www.gereso.com\/actualites\/#\/schema\/person\/197d8aef40cb4ae3f6a0aa9e1d3df2a6\"},\"breadcrumb\":{\"@id\":\"https:\/\/www.gereso.com\/actualites\/2009\/04\/01\/creation-des-directions-regionales-de-lenvironnement-de-lamenagement-et-du-logement\/#breadcrumb\"},\"inLanguage\":\"fr-FR\",\"potentialAction\":[{\"@type\":\"ReadAction\",\"target\":[\"https:\/\/www.gereso.com\/actualites\/2009\/04\/01\/creation-des-directions-regionales-de-lenvironnement-de-lamenagement-et-du-logement\/\"]}]},{\"@type\":\"BreadcrumbList\",\"@id\":\"https:\/\/www.gereso.com\/actualites\/2009\/04\/01\/creation-des-directions-regionales-de-lenvironnement-de-lamenagement-et-du-logement\/#breadcrumb\",\"itemListElement\":[{\"@type\":\"ListItem\",\"position\":1,\"name\":\"Home\",\"item\":\"https:\/\/www.gereso.com\/actualites\/\"},{\"@type\":\"ListItem\",\"position\":2,\"name\":\"Cr\u00e9ation des directions r\u00e9gionales de l&#039;environnement, de l&#039;am\u00e9nagement et du logement\"}]},{\"@type\":\"WebSite\",\"@id\":\"https:\/\/www.gereso.com\/actualites\/#website\",\"url\":\"https:\/\/www.gereso.com\/actualites\/\",\"name\":\"Le Blog GERESO\",\"description\":\"Toute l&#039;actu RH, Finance, Fonction Publique, Management...\",\"potentialAction\":[{\"@type\":\"SearchAction\",\"target\":{\"@type\":\"EntryPoint\",\"urlTemplate\":\"https:\/\/www.gereso.com\/actualites\/?s={search_term_string}\"},\"query-input\":{\"@type\":\"PropertyValueSpecification\",\"valueRequired\":true,\"valueName\":\"search_term_string\"}}],\"inLanguage\":\"fr-FR\"},{\"@type\":\"Person\",\"@id\":\"https:\/\/www.gereso.com\/actualites\/#\/schema\/person\/197d8aef40cb4ae3f6a0aa9e1d3df2a6\",\"name\":\"\u00c9quipe GERESO\",\"image\":{\"@type\":\"ImageObject\",\"inLanguage\":\"fr-FR\",\"@id\":\"https:\/\/www.gereso.com\/actualites\/#\/schema\/person\/image\/\",\"url\":\"https:\/\/www.gereso.com\/actualites\/wp-content\/uploads\/2013\/12\/avatar-gereso-1.png\",\"contentUrl\":\"https:\/\/www.gereso.com\/actualites\/wp-content\/uploads\/2013\/12\/avatar-gereso-1.png\",\"caption\":\"\u00c9quipe GERESO\"},\"url\":\"https:\/\/www.gereso.com\/actualites\/author\/gereso\/\"}]}<\/script>\n<!-- \/ Yoast SEO plugin. -->","yoast_head_json":{"title":"Cr\u00e9ation des directions r\u00e9gionales de l&#039;environnement, de l&#039;am\u00e9nagement et du logement - Le Blog GERESO","robots":{"index":"index","follow":"follow","max-snippet":"max-snippet:-1","max-image-preview":"max-image-preview:large","max-video-preview":"max-video-preview:-1"},"canonical":"https:\/\/www.gereso.com\/actualites\/2009\/04\/01\/creation-des-directions-regionales-de-lenvironnement-de-lamenagement-et-du-logement\/","og_locale":"fr_FR","og_type":"article","og_title":"Cr\u00e9ation des directions r\u00e9gionales de l&#039;environnement, de l&#039;am\u00e9nagement et du logement - Le Blog GERESO","og_description":"Un d\u00e9cret du 27 f\u00e9vrier 2009 pr\u00e9cise l&rsquo;organisation et les missions des directions r\u00e9gionales de l&rsquo;environnement, de l&rsquo;am\u00e9nagement et du logement, cr\u00e9\u00e9s par fusion de la direction r\u00e9gionale de l&rsquo;\u00e9quipement, de la direction r\u00e9gionale de l&rsquo;environnement et de la direction r\u00e9gionale de l&rsquo;industrie, de la recherche et de l&rsquo;environnement, &#8211; \u00e0 l&rsquo;exclusion de ses missions [&hellip;]","og_url":"https:\/\/www.gereso.com\/actualites\/2009\/04\/01\/creation-des-directions-regionales-de-lenvironnement-de-lamenagement-et-du-logement\/","og_site_name":"Le Blog GERESO","article_published_time":"2009-03-31T22:00:00+00:00","author":"\u00c9quipe GERESO","twitter_card":"summary_large_image","schema":{"@context":"https:\/\/schema.org","@graph":[{"@type":"WebPage","@id":"https:\/\/www.gereso.com\/actualites\/2009\/04\/01\/creation-des-directions-regionales-de-lenvironnement-de-lamenagement-et-du-logement\/","url":"https:\/\/www.gereso.com\/actualites\/2009\/04\/01\/creation-des-directions-regionales-de-lenvironnement-de-lamenagement-et-du-logement\/","name":"Cr\u00e9ation des directions r\u00e9gionales de l&#039;environnement, de l&#039;am\u00e9nagement et du logement - Le Blog GERESO","isPartOf":{"@id":"https:\/\/www.gereso.com\/actualites\/#website"},"datePublished":"2009-03-31T22:00:00+00:00","dateModified":"2009-03-31T22:00:00+00:00","author":{"@id":"https:\/\/www.gereso.com\/actualites\/#\/schema\/person\/197d8aef40cb4ae3f6a0aa9e1d3df2a6"},"breadcrumb":{"@id":"https:\/\/www.gereso.com\/actualites\/2009\/04\/01\/creation-des-directions-regionales-de-lenvironnement-de-lamenagement-et-du-logement\/#breadcrumb"},"inLanguage":"fr-FR","potentialAction":[{"@type":"ReadAction","target":["https:\/\/www.gereso.com\/actualites\/2009\/04\/01\/creation-des-directions-regionales-de-lenvironnement-de-lamenagement-et-du-logement\/"]}]},{"@type":"BreadcrumbList","@id":"https:\/\/www.gereso.com\/actualites\/2009\/04\/01\/creation-des-directions-regionales-de-lenvironnement-de-lamenagement-et-du-logement\/#breadcrumb","itemListElement":[{"@type":"ListItem","position":1,"name":"Home","item":"https:\/\/www.gereso.com\/actualites\/"},{"@type":"ListItem","position":2,"name":"Cr\u00e9ation des directions r\u00e9gionales de l&#039;environnement, de l&#039;am\u00e9nagement et du logement"}]},{"@type":"WebSite","@id":"https:\/\/www.gereso.com\/actualites\/#website","url":"https:\/\/www.gereso.com\/actualites\/","name":"Le Blog GERESO","description":"Toute l&#039;actu RH, Finance, Fonction Publique, Management...","potentialAction":[{"@type":"SearchAction","target":{"@type":"EntryPoint","urlTemplate":"https:\/\/www.gereso.com\/actualites\/?s={search_term_string}"},"query-input":{"@type":"PropertyValueSpecification","valueRequired":true,"valueName":"search_term_string"}}],"inLanguage":"fr-FR"},{"@type":"Person","@id":"https:\/\/www.gereso.com\/actualites\/#\/schema\/person\/197d8aef40cb4ae3f6a0aa9e1d3df2a6","name":"\u00c9quipe GERESO","image":{"@type":"ImageObject","inLanguage":"fr-FR","@id":"https:\/\/www.gereso.com\/actualites\/#\/schema\/person\/image\/","url":"https:\/\/www.gereso.com\/actualites\/wp-content\/uploads\/2013\/12\/avatar-gereso-1.png","contentUrl":"https:\/\/www.gereso.com\/actualites\/wp-content\/uploads\/2013\/12\/avatar-gereso-1.png","caption":"\u00c9quipe GERESO"},"url":"https:\/\/www.gereso.com\/actualites\/author\/gereso\/"}]}},"_links":{"self":[{"href":"https:\/\/www.gereso.com\/actualites\/wp-json\/wp\/v2\/posts\/2020","targetHints":{"allow":["GET"]}}],"collection":[{"href":"https:\/\/www.gereso.com\/actualites\/wp-json\/wp\/v2\/posts"}],"about":[{"href":"https:\/\/www.gereso.com\/actualites\/wp-json\/wp\/v2\/types\/post"}],"author":[{"embeddable":true,"href":"https:\/\/www.gereso.com\/actualites\/wp-json\/wp\/v2\/users\/32"}],"replies":[{"embeddable":true,"href":"https:\/\/www.gereso.com\/actualites\/wp-json\/wp\/v2\/comments?post=2020"}],"version-history":[{"count":0,"href":"https:\/\/www.gereso.com\/actualites\/wp-json\/wp\/v2\/posts\/2020\/revisions"}],"wp:attachment":[{"href":"https:\/\/www.gereso.com\/actualites\/wp-json\/wp\/v2\/media?parent=2020"}],"wp:term":[{"taxonomy":"category","embeddable":true,"href":"https:\/\/www.gereso.com\/actualites\/wp-json\/wp\/v2\/categories?post=2020"},{"taxonomy":"post_tag","embeddable":true,"href":"https:\/\/www.gereso.com\/actualites\/wp-json\/wp\/v2\/tags?post=2020"}],"curies":[{"name":"wp","href":"https:\/\/api.w.org\/{rel}","templated":true}]}}