{"id":2021,"date":"2009-04-01T00:00:00","date_gmt":"2009-03-31T22:00:00","guid":{"rendered":"https:\/\/www.gereso.com\/actualites\/2009\/04\/les-elus-du-mnel-veulent-une-reforme-du-statut-de-la-fpt-et-un-changement-du-mode-de-recrutement\/"},"modified":"2009-04-01T00:00:00","modified_gmt":"2009-03-31T22:00:00","slug":"les-elus-du-mnel-veulent-une-reforme-du-statut-de-la-fpt-et-un-changement-du-mode-de-recrutement","status":"publish","type":"post","link":"https:\/\/www.gereso.com\/actualites\/2009\/04\/01\/les-elus-du-mnel-veulent-une-reforme-du-statut-de-la-fpt-et-un-changement-du-mode-de-recrutement\/","title":{"rendered":"Les \u00e9lus du MNEL veulent une r\u00e9forme du statut de la FPT et un changement du mode de recrutement"},"content":{"rendered":"<p>Le Mouvement national des \u00e9lus locaux (Mnel) a pr\u00e9sent\u00e9 le 30 mars 2009 au S\u00e9nat les r\u00e9sultats de l&rsquo;\u00e9tude sur la r\u00e9forme des collectivit\u00e9s, confi\u00e9e au cabinet Deloitte, qui r\u00e9v\u00e8le que<span style=\"font-weight: bold;\"> 65% des \u00e9lus consid\u00e8rent que le processus de d\u00e9centralisation doit \u00eatre poursuivi pour simplifier l&rsquo;organisation territoriale.<\/span><\/p>\n<p>91 % d&rsquo;entre eux pensent \u00e9galement qu<span style=\"font-weight: bold;\">&lsquo;il faut r\u00e9nover le mode de fonctionnement des collectivit\u00e9s.<\/p>\n<p>Une r\u00e9forme du statut de la fonction publique et un changement du mode de recrutement des agents<\/span> sont plus particuli\u00e8rement souhait\u00e9s.<\/p>\n<p>L&rsquo;enqu\u00eate de cette association aupr\u00e8s de ses 22.000 membres proches de la majorit\u00e9 (pour 1.100 r\u00e9ponses exploitables) d\u00e9montre aussi la grande diversit\u00e9 des points de vue concernant la mani\u00e8re de r\u00e9former.<\/p>\n<p>\u00a0<span style=\"font-style: italic;\">\u00abIl est difficile de d\u00e9gager une ligne directrice relative \u00e0 la sp\u00e9cificit\u00e9 des mesures \u00e0 adopter\u00bb,<\/span> \u00e9crivent les auteurs de l&rsquo;\u00e9tude. Ces derniers ont ainsi constat\u00e9<span style=\"font-weight: bold;\"> l&rsquo;absence d&rsquo;un \u00abr\u00e9el consensus\u00bb sur la nature des collectivit\u00e9s \u00e0 supprimer <\/span>bien que les \u00e9lus \u00e9voquent r\u00e9guli\u00e8rement la suppression d&rsquo;un \u00e9chelon.<\/p>\n<p>A l&rsquo;occasion de la pr\u00e9sentation de l&rsquo;\u00e9tude, Edouard Balladur (UMP), pr\u00e9sident du comit\u00e9 sur la r\u00e9forme des collectivit\u00e9s dont le rapport a \u00e9t\u00e9 rendu le 5 mars dernier, a soulign\u00e9 qu<span style=\"font-weight: bold;\">&lsquo;il n&rsquo;est partisan ni de la suppression des communes, ni de celle des d\u00e9partements.<span style=\"font-style: italic;\">\u00a0<\/span><\/span><span style=\"font-style: italic;\">\u00abCela ne veut pas dire qu&rsquo;il ne faut pas d&rsquo;\u00e9volution\u00bb<\/span>, a-t-il ajout\u00e9, estimant que la pr\u00e9\u00e9minence reviendra \u00e0 terme aux intercommunalit\u00e9s et aux r\u00e9gions.<\/p>\n<h3>Trop d&rsquo;\u00e9lus<\/h3>\n<p>Selon l&rsquo;enqu\u00eate du Mnel,<span style=\"font-weight: bold;\"> la commune est largement vue comme la meilleure collectivit\u00e9 pour r\u00e9pondre aux enjeux nationaux et europ\u00e9ens et aux pr\u00e9occupations des Fran\u00e7ais<\/span> (mais 76% des r\u00e9pondants sont conseillers municipaux !). <\/p>\n<p>Le second choix se porte le plus souvent sur <span style=\"font-weight: bold;\">la r\u00e9gion.<\/span><\/p>\n<p><span style=\"font-weight: bold;\">59,5% des \u00e9lus interrog\u00e9s<\/span> se prononcent pour une \u00e9lection au suffrage universel des d\u00e9l\u00e9gu\u00e9s intercommunaux dans le cadre des \u00e9lections municipales.<\/p>\n<p>Pour 76% des interrog\u00e9s, <span style=\"font-weight: bold;\">le nombre d&rsquo;\u00e9lus est trop important, <\/span>et s&rsquo;il \u00e9tait r\u00e9duit, 67% seraient favorables au non-cumul des mandats, dont 58% des \u00abcumulards\u00bb.<\/p>\n<p>Le pr\u00e9sident du S\u00e9nat G\u00e9rard Larcher (UMP) a rappel\u00e9 le 30 mars que <span style=\"font-weight: bold;\">la commission s\u00e9natoriale sur la d\u00e9centralisation a relev\u00e9 des convergences sur la n\u00e9cessit\u00e9 d&rsquo;achever l&rsquo;intercommunalit\u00e9, sur la cr\u00e9ation de m\u00e9tropoles r\u00e9gionales, et sur la n\u00e9cessit\u00e9 de d\u00e9finir les comp\u00e9tences entre les r\u00e9gions et les d\u00e9partements.<\/span><\/p>\n<h3>Rapprochement des collectivit\u00e9s<\/h3>\n<p>Par ailleurs, la<span style=\"font-weight: bold;\"> F\u00e9d\u00e9ration nationale des collectivit\u00e9s conc\u00e9dantes et r\u00e9gies (FNCCR)<\/span> a publi\u00e9e le 31 mars son avis sur les propositions du rapport Balladur. \u00abLa FNCCR milite pour le rapprochement des collectivit\u00e9s, dans le cadre de syndicats mixtes d\u00e9di\u00e9s aux services publics en r\u00e9seaux\u00bb, rappelle-t-elle avant d&rsquo;indiquer \u00abrester prudente\u00bb quant aux missions qui pourraient \u00eatre d\u00e9l\u00e9gu\u00e9es aux grandes m\u00e9tropoles dans certains domaines comme le gaz ou les communications \u00e9lectroniques dans lesquels certains syndicats \u00e0 la maille d\u00e9partementale ou interd\u00e9partementale se diversifient.<\/p>\n<p>\u00abGardons-nous de cr\u00e9er des fractures territoriales entre les grandes agglom\u00e9rations et les autres collectivit\u00e9s\u00bb, conclut-elle.<\/p>\n","protected":false},"excerpt":{"rendered":"<p>Le Mouvement national des \u00e9lus locaux (Mnel) a pr\u00e9sent\u00e9 le 30 mars 2009 au S\u00e9nat les r\u00e9sultats de l&rsquo;\u00e9tude sur la r\u00e9forme des collectivit\u00e9s, confi\u00e9e au cabinet Deloitte, qui r\u00e9v\u00e8le que 65% des \u00e9lus consid\u00e8rent que le processus de d\u00e9centralisation doit \u00eatre poursuivi pour simplifier l&rsquo;organisation territoriale. 91 % d&rsquo;entre eux pensent \u00e9galement qu&lsquo;il faut [&hellip;]<\/p>\n","protected":false},"author":32,"featured_media":0,"comment_status":"open","ping_status":"open","sticky":false,"template":"","format":"standard","meta":{"_acf_changed":false,"_mi_skip_tracking":false,"footnotes":""},"categories":[6],"tags":[],"class_list":["post-2021","post","type-post","status-publish","format-standard","hentry","category-fonction-publique"],"acf":[],"yoast_head":"<!-- This site is optimized with the Yoast SEO plugin v23.4 - https:\/\/yoast.com\/wordpress\/plugins\/seo\/ -->\n<title>Les \u00e9lus du MNEL veulent une r\u00e9forme du statut de la FPT et un changement du mode de recrutement - Le Blog GERESO<\/title>\n<meta name=\"robots\" content=\"index, follow, max-snippet:-1, max-image-preview:large, max-video-preview:-1\" \/>\n<link rel=\"canonical\" href=\"https:\/\/www.gereso.com\/actualites\/2009\/04\/01\/les-elus-du-mnel-veulent-une-reforme-du-statut-de-la-fpt-et-un-changement-du-mode-de-recrutement\/\" \/>\n<meta property=\"og:locale\" content=\"fr_FR\" \/>\n<meta property=\"og:type\" content=\"article\" \/>\n<meta property=\"og:title\" content=\"Les \u00e9lus du MNEL veulent une r\u00e9forme du statut de la FPT et un changement du mode de recrutement - Le Blog GERESO\" \/>\n<meta property=\"og:description\" content=\"Le Mouvement national des \u00e9lus locaux (Mnel) a pr\u00e9sent\u00e9 le 30 mars 2009 au S\u00e9nat les r\u00e9sultats de l&rsquo;\u00e9tude sur la r\u00e9forme des collectivit\u00e9s, confi\u00e9e au cabinet Deloitte, qui r\u00e9v\u00e8le que 65% des \u00e9lus consid\u00e8rent que le processus de d\u00e9centralisation doit \u00eatre poursuivi pour simplifier l&rsquo;organisation territoriale. 91 % d&rsquo;entre eux pensent \u00e9galement qu&lsquo;il faut [&hellip;]\" \/>\n<meta property=\"og:url\" content=\"https:\/\/www.gereso.com\/actualites\/2009\/04\/01\/les-elus-du-mnel-veulent-une-reforme-du-statut-de-la-fpt-et-un-changement-du-mode-de-recrutement\/\" \/>\n<meta property=\"og:site_name\" content=\"Le Blog GERESO\" \/>\n<meta property=\"article:published_time\" content=\"2009-03-31T22:00:00+00:00\" \/>\n<meta name=\"author\" content=\"\u00c9quipe GERESO\" \/>\n<meta name=\"twitter:card\" content=\"summary_large_image\" \/>\n<script type=\"application\/ld+json\" class=\"yoast-schema-graph\">{\"@context\":\"https:\/\/schema.org\",\"@graph\":[{\"@type\":\"WebPage\",\"@id\":\"https:\/\/www.gereso.com\/actualites\/2009\/04\/01\/les-elus-du-mnel-veulent-une-reforme-du-statut-de-la-fpt-et-un-changement-du-mode-de-recrutement\/\",\"url\":\"https:\/\/www.gereso.com\/actualites\/2009\/04\/01\/les-elus-du-mnel-veulent-une-reforme-du-statut-de-la-fpt-et-un-changement-du-mode-de-recrutement\/\",\"name\":\"Les \u00e9lus du MNEL veulent une r\u00e9forme du statut de la FPT et un changement du mode de recrutement - Le Blog GERESO\",\"isPartOf\":{\"@id\":\"https:\/\/www.gereso.com\/actualites\/#website\"},\"datePublished\":\"2009-03-31T22:00:00+00:00\",\"dateModified\":\"2009-03-31T22:00:00+00:00\",\"author\":{\"@id\":\"https:\/\/www.gereso.com\/actualites\/#\/schema\/person\/197d8aef40cb4ae3f6a0aa9e1d3df2a6\"},\"breadcrumb\":{\"@id\":\"https:\/\/www.gereso.com\/actualites\/2009\/04\/01\/les-elus-du-mnel-veulent-une-reforme-du-statut-de-la-fpt-et-un-changement-du-mode-de-recrutement\/#breadcrumb\"},\"inLanguage\":\"fr-FR\",\"potentialAction\":[{\"@type\":\"ReadAction\",\"target\":[\"https:\/\/www.gereso.com\/actualites\/2009\/04\/01\/les-elus-du-mnel-veulent-une-reforme-du-statut-de-la-fpt-et-un-changement-du-mode-de-recrutement\/\"]}]},{\"@type\":\"BreadcrumbList\",\"@id\":\"https:\/\/www.gereso.com\/actualites\/2009\/04\/01\/les-elus-du-mnel-veulent-une-reforme-du-statut-de-la-fpt-et-un-changement-du-mode-de-recrutement\/#breadcrumb\",\"itemListElement\":[{\"@type\":\"ListItem\",\"position\":1,\"name\":\"Home\",\"item\":\"https:\/\/www.gereso.com\/actualites\/\"},{\"@type\":\"ListItem\",\"position\":2,\"name\":\"Les \u00e9lus du MNEL veulent une r\u00e9forme du statut de la FPT et un changement du mode de recrutement\"}]},{\"@type\":\"WebSite\",\"@id\":\"https:\/\/www.gereso.com\/actualites\/#website\",\"url\":\"https:\/\/www.gereso.com\/actualites\/\",\"name\":\"Le Blog GERESO\",\"description\":\"Toute l&#039;actu RH, Finance, Fonction Publique, Management...\",\"potentialAction\":[{\"@type\":\"SearchAction\",\"target\":{\"@type\":\"EntryPoint\",\"urlTemplate\":\"https:\/\/www.gereso.com\/actualites\/?s={search_term_string}\"},\"query-input\":{\"@type\":\"PropertyValueSpecification\",\"valueRequired\":true,\"valueName\":\"search_term_string\"}}],\"inLanguage\":\"fr-FR\"},{\"@type\":\"Person\",\"@id\":\"https:\/\/www.gereso.com\/actualites\/#\/schema\/person\/197d8aef40cb4ae3f6a0aa9e1d3df2a6\",\"name\":\"\u00c9quipe GERESO\",\"image\":{\"@type\":\"ImageObject\",\"inLanguage\":\"fr-FR\",\"@id\":\"https:\/\/www.gereso.com\/actualites\/#\/schema\/person\/image\/\",\"url\":\"https:\/\/www.gereso.com\/actualites\/wp-content\/uploads\/2013\/12\/avatar-gereso-1.png\",\"contentUrl\":\"https:\/\/www.gereso.com\/actualites\/wp-content\/uploads\/2013\/12\/avatar-gereso-1.png\",\"caption\":\"\u00c9quipe GERESO\"},\"url\":\"https:\/\/www.gereso.com\/actualites\/author\/gereso\/\"}]}<\/script>\n<!-- \/ Yoast SEO plugin. -->","yoast_head_json":{"title":"Les \u00e9lus du MNEL veulent une r\u00e9forme du statut de la FPT et un changement du mode de recrutement - Le Blog GERESO","robots":{"index":"index","follow":"follow","max-snippet":"max-snippet:-1","max-image-preview":"max-image-preview:large","max-video-preview":"max-video-preview:-1"},"canonical":"https:\/\/www.gereso.com\/actualites\/2009\/04\/01\/les-elus-du-mnel-veulent-une-reforme-du-statut-de-la-fpt-et-un-changement-du-mode-de-recrutement\/","og_locale":"fr_FR","og_type":"article","og_title":"Les \u00e9lus du MNEL veulent une r\u00e9forme du statut de la FPT et un changement du mode de recrutement - Le Blog GERESO","og_description":"Le Mouvement national des \u00e9lus locaux (Mnel) a pr\u00e9sent\u00e9 le 30 mars 2009 au S\u00e9nat les r\u00e9sultats de l&rsquo;\u00e9tude sur la r\u00e9forme des collectivit\u00e9s, confi\u00e9e au cabinet Deloitte, qui r\u00e9v\u00e8le que 65% des \u00e9lus consid\u00e8rent que le processus de d\u00e9centralisation doit \u00eatre poursuivi pour simplifier l&rsquo;organisation territoriale. 91 % d&rsquo;entre eux pensent \u00e9galement qu&lsquo;il faut [&hellip;]","og_url":"https:\/\/www.gereso.com\/actualites\/2009\/04\/01\/les-elus-du-mnel-veulent-une-reforme-du-statut-de-la-fpt-et-un-changement-du-mode-de-recrutement\/","og_site_name":"Le Blog GERESO","article_published_time":"2009-03-31T22:00:00+00:00","author":"\u00c9quipe GERESO","twitter_card":"summary_large_image","schema":{"@context":"https:\/\/schema.org","@graph":[{"@type":"WebPage","@id":"https:\/\/www.gereso.com\/actualites\/2009\/04\/01\/les-elus-du-mnel-veulent-une-reforme-du-statut-de-la-fpt-et-un-changement-du-mode-de-recrutement\/","url":"https:\/\/www.gereso.com\/actualites\/2009\/04\/01\/les-elus-du-mnel-veulent-une-reforme-du-statut-de-la-fpt-et-un-changement-du-mode-de-recrutement\/","name":"Les \u00e9lus du MNEL veulent une r\u00e9forme du statut de la FPT et un changement du mode de recrutement - Le Blog GERESO","isPartOf":{"@id":"https:\/\/www.gereso.com\/actualites\/#website"},"datePublished":"2009-03-31T22:00:00+00:00","dateModified":"2009-03-31T22:00:00+00:00","author":{"@id":"https:\/\/www.gereso.com\/actualites\/#\/schema\/person\/197d8aef40cb4ae3f6a0aa9e1d3df2a6"},"breadcrumb":{"@id":"https:\/\/www.gereso.com\/actualites\/2009\/04\/01\/les-elus-du-mnel-veulent-une-reforme-du-statut-de-la-fpt-et-un-changement-du-mode-de-recrutement\/#breadcrumb"},"inLanguage":"fr-FR","potentialAction":[{"@type":"ReadAction","target":["https:\/\/www.gereso.com\/actualites\/2009\/04\/01\/les-elus-du-mnel-veulent-une-reforme-du-statut-de-la-fpt-et-un-changement-du-mode-de-recrutement\/"]}]},{"@type":"BreadcrumbList","@id":"https:\/\/www.gereso.com\/actualites\/2009\/04\/01\/les-elus-du-mnel-veulent-une-reforme-du-statut-de-la-fpt-et-un-changement-du-mode-de-recrutement\/#breadcrumb","itemListElement":[{"@type":"ListItem","position":1,"name":"Home","item":"https:\/\/www.gereso.com\/actualites\/"},{"@type":"ListItem","position":2,"name":"Les \u00e9lus du MNEL veulent une r\u00e9forme du statut de la FPT et un changement du mode de recrutement"}]},{"@type":"WebSite","@id":"https:\/\/www.gereso.com\/actualites\/#website","url":"https:\/\/www.gereso.com\/actualites\/","name":"Le Blog GERESO","description":"Toute l&#039;actu RH, Finance, Fonction Publique, Management...","potentialAction":[{"@type":"SearchAction","target":{"@type":"EntryPoint","urlTemplate":"https:\/\/www.gereso.com\/actualites\/?s={search_term_string}"},"query-input":{"@type":"PropertyValueSpecification","valueRequired":true,"valueName":"search_term_string"}}],"inLanguage":"fr-FR"},{"@type":"Person","@id":"https:\/\/www.gereso.com\/actualites\/#\/schema\/person\/197d8aef40cb4ae3f6a0aa9e1d3df2a6","name":"\u00c9quipe GERESO","image":{"@type":"ImageObject","inLanguage":"fr-FR","@id":"https:\/\/www.gereso.com\/actualites\/#\/schema\/person\/image\/","url":"https:\/\/www.gereso.com\/actualites\/wp-content\/uploads\/2013\/12\/avatar-gereso-1.png","contentUrl":"https:\/\/www.gereso.com\/actualites\/wp-content\/uploads\/2013\/12\/avatar-gereso-1.png","caption":"\u00c9quipe GERESO"},"url":"https:\/\/www.gereso.com\/actualites\/author\/gereso\/"}]}},"_links":{"self":[{"href":"https:\/\/www.gereso.com\/actualites\/wp-json\/wp\/v2\/posts\/2021","targetHints":{"allow":["GET"]}}],"collection":[{"href":"https:\/\/www.gereso.com\/actualites\/wp-json\/wp\/v2\/posts"}],"about":[{"href":"https:\/\/www.gereso.com\/actualites\/wp-json\/wp\/v2\/types\/post"}],"author":[{"embeddable":true,"href":"https:\/\/www.gereso.com\/actualites\/wp-json\/wp\/v2\/users\/32"}],"replies":[{"embeddable":true,"href":"https:\/\/www.gereso.com\/actualites\/wp-json\/wp\/v2\/comments?post=2021"}],"version-history":[{"count":0,"href":"https:\/\/www.gereso.com\/actualites\/wp-json\/wp\/v2\/posts\/2021\/revisions"}],"wp:attachment":[{"href":"https:\/\/www.gereso.com\/actualites\/wp-json\/wp\/v2\/media?parent=2021"}],"wp:term":[{"taxonomy":"category","embeddable":true,"href":"https:\/\/www.gereso.com\/actualites\/wp-json\/wp\/v2\/categories?post=2021"},{"taxonomy":"post_tag","embeddable":true,"href":"https:\/\/www.gereso.com\/actualites\/wp-json\/wp\/v2\/tags?post=2021"}],"curies":[{"name":"wp","href":"https:\/\/api.w.org\/{rel}","templated":true}]}}