{"id":20238,"date":"2021-03-30T09:47:39","date_gmt":"2021-03-30T07:47:39","guid":{"rendered":"https:\/\/www.gereso.com\/actualites\/?p=20238"},"modified":"2021-04-06T11:52:45","modified_gmt":"2021-04-06T09:52:45","slug":"periodes-garde-temps-travail-remunere-position-cour-justice-union-europeenne","status":"publish","type":"post","link":"https:\/\/www.gereso.com\/actualites\/2021\/03\/30\/periodes-garde-temps-travail-remunere-position-cour-justice-union-europeenne\/","title":{"rendered":"P\u00e9riodes de garde et temps de travail r\u00e9mun\u00e9r\u00e9 : la position de la Cour de justice de l\u2019Union europ\u00e9enne"},"content":{"rendered":"\n<h2 style=\"color:#d10016;\"><strong>La notion de temps de\ntravail pr\u00e9vue par la directive du 4 novembre 2003<\/strong><\/h2>\n\n\n\n<p>Rel\u00e8ve de la <strong>notion de temps de travail <\/strong>au sens de la directive du 4 novembre 2003<sup>3<\/sup>, <strong>l\u2019int\u00e9gralit\u00e9 des p\u00e9riodes de garde<\/strong>, y compris celles sous <strong>r\u00e9gime d\u2019astreinte<\/strong>, au cours desquelles les contraintes impos\u00e9es au travailleur sont d\u2019une nature telle qu\u2019elles affectent objectivement et tr\u00e8s significativement la facult\u00e9, pour ce dernier, de g\u00e9rer librement, au cours de ces p\u00e9riodes, le temps pendant lequel ses services professionnels ne sont pas sollicit\u00e9s et de consacrer ce temps \u00e0 ses propres int\u00e9r\u00eats. Et inversement, pr\u00e9voit la m\u00eame directive, lorsque les contraintes impos\u00e9es au travailleur au cours d\u2019une p\u00e9riode de garde d\u00e9termin\u00e9e n\u2019atteignent pas un tel degr\u00e9 d\u2019intensit\u00e9 et<strong> lui permettent de g\u00e9rer son temps et de se consacrer \u00e0 ses propres int\u00e9r\u00eats sans contraintes majeures,<\/strong> seul le temps li\u00e9 \u00e0 la prestation de travail qui est, le cas \u00e9ch\u00e9ant, effectivement r\u00e9alis\u00e9e au cours d\u2019une telle p\u00e9riode constitue du temps de travail.<\/p>\n\n\n\n<h2 style=\"color:#d10016;\"><strong>Les pr\u00e9cisions\napport\u00e9es par la CJUE<\/strong><\/h2>\n\n\n\n<p>Dans les deux arr\u00eats dat\u00e9s du 9 mars 2021<sup>1<\/sup>, la CJUE vient pr\u00e9ciser sa jurisprudence sur les <strong>modalit\u00e9s de prise en compte des p\u00e9riodes de garde comme temps de travail.<\/strong> La question est particuli\u00e8rement suivie par les services d\u00e9partementaux d&rsquo;incendie et de secours (Sdis), mais aussi dans les \u00e9tablissements publics hospitaliers depuis sa d\u00e9cision \u00ab Matzak \u00bb du 21 f\u00e9vrier 2018. Cette derni\u00e8re concernait un sapeur-pompier volontaire belge \u2013 jugeant notamment que <strong>le temps de garde qu\u2019un travailleur passe \u00e0 domicile avec l\u2019obligation de r\u00e9pondre aux appels de son employeur dans un d\u00e9lai de huit minutes,<\/strong> restreignant tr\u00e8s significativement les possibilit\u00e9s de se livrer \u00e0 d\u2019autres activit\u00e9s, doit \u00eatre <strong>consid\u00e9r\u00e9 comme \u00ab temps de travail \u00bb.<\/strong><\/p>\n\n\n\n<h2 style=\"color:#d10016;\"><strong>L\u2019alignement du\nConseil d\u2019\u00c9tat sur la position de la CJUE<\/strong><\/h2>\n\n\n\n<p>Dans sa d\u00e9cision dat\u00e9e du 19 d\u00e9cembre 2019<sup>4<\/sup> le Conseil d&rsquo;\u00c9tat\u00a0rejoint la position de la CJUE en la mati\u00e8re. En substance, le litige concernait un sapeur-pompier professionnel du Sdis du Loiret, dont le r\u00e8glement int\u00e9rieur pr\u00e9voyait que <strong>les sapeurs-pompiers log\u00e9s devaient \u00eatre joignables \u00e0 tout moment lors de leurs p\u00e9riodes de garde et \u00eatre disponibles, en tenue, sous trois minutes. <\/strong>Pour le Conseil d\u2019\u00c9tat\u00a0: si les dispositions de la directive 2003\/88\/CE, pr\u00e9cit\u00e9e, n&#8217;emp\u00eachent pas, pour l&rsquo;\u00e9tablissement de la r\u00e9mun\u00e9ration des sapeurs-pompiers pendant leurs gardes, de fixer des \u00e9quivalences en mati\u00e8re de dur\u00e9e du travail, afin de tenir compte des p\u00e9riodes d&rsquo;inaction, <strong>le d\u00e9passement de la dur\u00e9e maximale de travail qu&rsquo;elles pr\u00e9voient porte atteinte \u00e0 la s\u00e9curit\u00e9 et \u00e0 la sant\u00e9 des int\u00e9ress\u00e9s<\/strong>, en ce qu&rsquo;il les prive du repos auquel ils ont droit et leur cause, de ce seul fait, <strong>un pr\u00e9judice<\/strong>, ind\u00e9pendamment de leurs conditions de r\u00e9mun\u00e9ration ou d&rsquo;h\u00e9bergement.<\/p>\n\n\n\n<p><br>Par suite, estime le Conseil, apr\u00e8s avoir relev\u00e9 qu&rsquo;il n&rsquo;\u00e9tait ni \u00e9tabli ni m\u00eame all\u00e9gu\u00e9 que les heures r\u00e9alis\u00e9es, au titre des ann\u00e9es en litige, par M. B. (le sapeur-pompier auteur de la requ\u00eate) au-del\u00e0 du seuil de 2 256 heures par an n&rsquo;auraient pas \u00e9t\u00e9 r\u00e9mun\u00e9r\u00e9es dans des conditions r\u00e9guli\u00e8res, la cour administrative d\u2019appel a pu, sans commettre d&rsquo;erreur de droit, ni insuffisamment motiver son arr\u00eat, <strong>fixer le montant de la r\u00e9paration qui lui \u00e9tait due, <\/strong>au regard des troubles dans les conditions de l&rsquo;existence qu&rsquo;il avait subis, <strong>sans tenir compte des avantages que lui avait procur\u00e9s son logement de fonction.<\/strong><\/p>\n\n\n\n<h2 style=\"color:#d10016;\"><strong>Les apports des\narr\u00eats de la CJUE du 9 mars 2021<\/strong><strong><\/strong><\/h2>\n\n\n\n<p>Une premi\u00e8re esp\u00e8ce des deux d\u00e9cisions, pr\u00e9cit\u00e9es, implique, une fois encore, un sapeur-pompier, professionnel, chef de groupe exer\u00e7ant au sein du service d\u2019incendie et de secours de la ville d\u2019Offenbach-sur-le-Main (Allemagne) ; l\u2019autre esp\u00e8ce concerne un technicien slov\u00e8ne sp\u00e9cialis\u00e9 dans les centres de transmission. La Cour, face \u00e0 ces types de contentieux s\u2019appuie sur <strong>l\u2019appr\u00e9ciation de la bri\u00e8vet\u00e9 du d\u00e9lai dont dispose un agent pour reprendre ses activit\u00e9s et sur la fr\u00e9quence de ses interventions.<\/strong><\/p>\n\n\n\n<p>Dans l\u2019affaire C-580\/19, un fonctionnaire exer\u00e7ait des activit\u00e9s de pompier dans la ville d\u2019Offenbach-sur-le-Main (Allemagne). \u00c0 ce titre, il devait, en plus de son temps de service r\u00e9glementaire, <strong>effectuer r\u00e9guli\u00e8rement des p\u00e9riodes de garde sous r\u00e9gime d\u2019astreinte. <\/strong>Au cours de celles-ci, il n\u2019\u00e9tait pas tenu d\u2019\u00eatre pr\u00e9sent sur un lieu d\u00e9termin\u00e9 par son employeur mais devait \u00eatre joignable et pouvoir rejoindre, en cas d\u2019alerte, les limites de la ville dans un d\u00e9lai de vingt minutes, avec sa tenue d\u2019intervention et le v\u00e9hicule de service mis \u00e0 sa disposition.<\/p>\n\n\n\n<p>Dans l\u2019affaire C-344\/19, un technicien sp\u00e9cialis\u00e9 \u00e9tait charg\u00e9 d\u2019assurer le fonctionnement, durant plusieurs jours cons\u00e9cutifs, de centres de transmission pour la t\u00e9l\u00e9vision, situ\u00e9s dans la montagne en Slov\u00e9nie. Il effectuait, outre ses douze heures de travail ordinaire, <strong>des services de garde de six heures par jour, sous r\u00e9gime d\u2019astreinte.<\/strong> Pendant ces p\u00e9riodes, il n\u2019\u00e9tait pas oblig\u00e9 de rester au centre de transmission concern\u00e9, mais devait \u00eatre joignable par t\u00e9l\u00e9phone et \u00eatre en mesure d\u2019y retourner dans un d\u00e9lai d\u2019une heure si besoin. Dans les faits, compte tenu de la situation g\u00e9ographique des centres de transmission, difficilement accessibles, il \u00e9tait amen\u00e9 \u00e0 y s\u00e9journer pendant ses services de garde, dans un logement de fonction, mis \u00e0 sa disposition par son employeur, sans grandes possibilit\u00e9s d\u2019activit\u00e9s de loisir.<\/p>\n\n\n\n<p>Dans ce cadre, la Cour de justice, \u00e0 travers ses deux d\u00e9cisions, livre aux juridictions nationales, <strong>une sorte de m\u00e9thode destin\u00e9e \u00e0 r\u00e9gler de tels contentieux.\u00a0<\/strong><\/p>\n\n\n\n<h2 style=\"color:#d10016;\"><strong>Le juge national doit\nv\u00e9rifier les cons\u00e9quences de l\u2019ensemble des contraintes impos\u00e9es \u00e0 l\u2019agent<\/strong><\/h2>\n\n\n\n<p>En premier lieu, <strong>les juridictions doivent\u00a0v\u00e9rifier les cons\u00e9quences de \u00ab\u00a0<em>l\u2019ensemble des contraintes\u00a0\u00bb impos\u00e9es au travailleur\u00a0lors d&rsquo;une p\u00e9riode de garde <\/em><\/strong><em>\u00ab\u00a0sur sa facult\u00e9 de g\u00e9rer librement le temps pendant lequel ses services professionnels ne sont pas sollicit\u00e9s et de se consacrer \u00e0 ses propres int\u00e9r\u00eats<\/em>\u00a0\u00bb et, notamment la bri\u00e8vet\u00e9 du \u00ab\u00a0<em>d\u00e9lai dont dispose le travailleur [\u2026] pour reprendre ses activit\u00e9s professionnelles, \u00e0 compter du moment o\u00f9 son employeur le sollicite<\/em>\u00a0\u00bb, mais \u00e9galement \u00ab<em> l\u2019obligation pour le travailleur de demeurer \u00e0 son domicile, sans pouvoir se d\u00e9placer librement, dans l\u2019attente de la sollicitation de son employeur, ou celle d\u2019\u00eatre muni d\u2019un \u00e9quipement sp\u00e9cifique lorsque, \u00e0 la suite d\u2019un appel, il doit se pr\u00e9senter sur son lieu de travail<\/em>\u00ab\u00a0. <\/p>\n\n\n\n<p>La CJUE indique, par ailleurs, que \u00ab\u00a0<em><strong>seules les contraintes qui sont impos\u00e9es au travailleur<\/strong><\/em><strong><em>,<\/em><\/strong><em>\u00a0que ce soit par la r\u00e9glementation de l\u2019\u00c9tat membre [\u2026], par une convention collective ou par son employeur\u00a0<\/em>\u00bb <strong>peuvent \u00eatre prises en consid\u00e9ration<\/strong>, <strong>et non \u00ab\u00a0<\/strong><em><strong>les difficult\u00e9s organisationnelles<\/strong> [\u2026] qui sont, par exemple, la cons\u00e9quence d\u2019\u00e9l\u00e9ments naturels ou du libre choix<\/em>\u00a0\u00bb du travailleur. Il en est ainsi, notamment, de \u00ab\u00a0<em>la distance importante s\u00e9parant le domicile librement choisi par le travailleur de l\u2019endroit qu\u2019il doit \u00eatre en mesure de rejoindre dans un certain d\u00e9lai au cours de sa p\u00e9riode de garde<\/em>\u00a0\u00bb, \u00ab\u00a0<em>\u00e0 tout le moins lorsque cet endroit est son lieu de travail habituel\u00a0<\/em>\u00bb. Toutefois si le lieu de travail englobe ou se confond avec le domicile du travailleur, <strong>la seule circonstance que<\/strong>, au cours d\u2019une p\u00e9riode de garde donn\u00e9e, <strong>ce dernier est tenu de demeurer sur son lieu de travail afin de pouvoir, en cas de besoin, \u00eatre disponible pour son employeur ne suffit pas \u00e0 qualifier cette p\u00e9riode de temps de travail.<\/strong><\/p>\n\n\n\n<h2 style=\"color:#d10016;\"><strong>Les juridictions nationales\ndoivent tenir compte des&nbsp;facilit\u00e9s&nbsp;accord\u00e9es \u00e0 l\u2019agent<\/strong><\/h2>\n\n\n\n<p>Peut, ainsi constituer une telle facilit\u00e9, la <strong>mise \u00e0 disposition d\u2019un v\u00e9hicule de service <\/strong>permettant de faire usage de droits d\u00e9rogatoires au code de la route et de droits de priorit\u00e9 ou encore la facult\u00e9 reconnue au travailleur de r\u00e9pondre aux sollicitations de son employeur sans quitter le lieu o\u00f9 il se trouve. Cependant, cette circonstance doit \u00eatre appr\u00e9ci\u00e9e avec, \u00ab<em>\u00a0le cas \u00e9ch\u00e9ant, la\u00a0fr\u00e9quence moyenne des interventions\u00a0que ce travailleur sera effectivement appel\u00e9 \u00e0 assurer au cours de cette p\u00e9riode<\/em>\u00a0\u00bb. Ainsi, \u00ab\u00a0<em>si le travailleur est, en moyenne, fr\u00e9quemment appel\u00e9 \u00e0 fournir des prestations au cours de ses p\u00e9riodes de garde, prestations qui, en r\u00e8gle g\u00e9n\u00e9rale, ne sont pas de courte dur\u00e9e, <strong>l\u2019int\u00e9gralit\u00e9 de ces p\u00e9riodes constitue, en principe, du temps de travail<\/strong><\/em><strong>\u00a0\u00bb.<\/strong><\/p>\n\n\n\n<h2 style=\"color:#d10016;\"><strong>Les p\u00e9riodes minimales\nde repos et leur r\u00e9mun\u00e9ration<\/strong><\/h2>\n\n\n\n<p>En cons\u00e9quence, la CJUE indique que <strong>les p\u00e9riodes de garde qui ne satisfont pas aux conditions pour \u00eatre qualifi\u00e9es de \u00ab<\/strong><em><strong>\u00a0temps de travail<\/strong><\/em><strong>\u00a0\u00bb<\/strong> \u2013 \u00e0 l\u2019exception du temps li\u00e9 aux prestations de travail effectivement r\u00e9alis\u00e9es \u2013 doivent \u00eatre <strong>comptabilis\u00e9es dans le\u00a0calcul des p\u00e9riodes minimales de repos journalier et hebdomadaire<\/strong>. Pour autant, elle pr\u00e9cise que : \u00ab\u00a0<em>Les employeurs ne peuvent instaurer des p\u00e9riodes de garde \u00e0 ce point longues ou fr\u00e9quentes qu\u2019elles constituent un risque pour la s\u00e9curit\u00e9 ou la sant\u00e9 du travailleur, ind\u00e9pendamment du fait que ces p\u00e9riodes soient qualifi\u00e9es de p\u00e9riodes de repos<\/em>\u00a0\u00bb.<\/p>\n\n\n\n<br>\n<table width=\"100%\" cellspacing=\"10\" cellpadding=\"10\" border=\"0\" bgcolor=\"#f6f6f6\">\n<tbody>\n<tr>\n<td style=\"border-left: 15px solid #f6f6f6; border-right: 15px solid #f6f6f6; border-top: 15px solid #f6f6f6;\" bgcolor=\"#f6f6f6\">\n\t<center>\n\t\t<span style=\"font-size: 18px; color: #d10016; font-family:Helvetica;\"><strong>Votre formation sur ce th\u00e8me<br>\n\t\t\t\u00ab&nbsp;G\u00c9RER LE TEMPS DE TRAVAIL DANS LA FONCTION PUBLIQUE TERRITORIALE ET D&rsquo;\u00c9TAT&nbsp;\u00bb<br>\n\t\t\t2 jours &#8211; \u00c0 distance ou en pr\u00e9sentiel<\/strong><\/span><br>\n\t<\/center>\n\t\t<br>\n<ul>\n\t<li><strong>Conna\u00eetre les r\u00e8gles applicables<\/strong> en mati\u00e8re de temps de travail dans la fonction publique territoriale et d&rsquo;\u00c9tat<\/li>\n\t<li><strong>Identifier les m\u00e9canismes<\/strong> et possibilit\u00e9s d\u2019am\u00e9nagement du temps de travail pour les diff\u00e9rentes cat\u00e9gories de personnels<\/li>\n\t<li><strong>Appr\u00e9hender les \u00e9volutions possibles<\/strong> et en mesurer les enjeux<\/li>\n<\/ul>\n\n<table width=\"100%\" border=\"0\">\n  <tbody>\n    <tr>\n\t\t<td ;=\"\" bgcolor=\"#d10016\"><center><a href=\"https:\/\/www.gereso.com\/RGTP\" target=\"_blank\" style=\"text-decoration:none; color:#ffffff \" rel=\"noopener noreferrer\"><strong>&gt;&nbsp;En savoir plus\u2026<\/strong><\/a><\/center><\/td>\n\t\t<td ;=\"\" bgcolor=\"f6f6f6\"><center>&nbsp;<\/center><\/td>\n\t\t<td ;=\"\" bgcolor=\"#d10016\"><center><a href=\"https:\/\/www.gereso.com\/client\/programme-pdf\/RGTP.pdf\" target=\"_blank\" style=\"text-decoration:none; color:#ffffff\" rel=\"noopener noreferrer\"><strong>&gt;&nbsp;T\u00e9l\u00e9charger le programme PDF<\/strong><\/a><\/center><\/td>\n    <\/tr>\n  <\/tbody>\n<\/table>\n\n<\/td>\n<\/tr>\n<\/tbody>\n<\/table>\n\n\n\n<h2 style=\"color:#d10016;\"><strong>La r\u00e9mun\u00e9ration des\nservices de garde<\/strong><\/h2>\n\n\n\n<p>S\u2019agissant de la <strong>question de la\u00a0r\u00e9mun\u00e9ration\u00a0des services de garde<\/strong>, la CJUE rappelle qu&rsquo;une r\u00e9glementation d\u2019un \u00c9tat membre, une convention collective ou une d\u00e9cision d\u2019un employeur peut <strong>prendre en compte de mani\u00e8re diff\u00e9rente les p\u00e9riodes au cours desquelles des prestations de travail sont r\u00e9ellement effectu\u00e9es<\/strong> et celles durant lesquelles aucun travail effectif n\u2019est accompli, m\u00eame lorsque ces p\u00e9riodes doivent \u00eatre consid\u00e9r\u00e9es, dans leur int\u00e9gralit\u00e9, comme du temps de travail, ou pr\u00e9voir le versement au travailleur concern\u00e9 d\u2019une somme visant \u00e0 compenser les d\u00e9sagr\u00e9ments que lui occasionnent ces p\u00e9riodes de garde dans la gestion de son temps et de ses int\u00e9r\u00eats priv\u00e9s. \u00c0 noter que dans sa d\u00e9cision Matzak<sup>2<\/sup>, la CJUE pr\u00e9cisait que<strong> la r\u00e9mun\u00e9ration d\u2019un travailleur en temps de travail peut diverger de celle d\u2019un travailleur en p\u00e9riode de repos<\/strong> \u00ab\u00a0<em>m\u00eame au point de n\u2019accorder aucune r\u00e9mun\u00e9ration durant ce dernier type de p\u00e9riode\u00a0<\/em>\u00bb<sup>5<\/sup>.<\/p>\n\n\n\n<hr class=\"wp-block-separator\"\/>\n\n\n\n<h2 style=\"color:#d10016;\"><strong>R\u00e9f\u00e9rences<\/strong><\/h2>\n\n\n\n<ol class=\"wp-block-list\"><li>CJUE, 9 mars 2021, deux esp\u00e8ces&nbsp;: affaires C-344\/19D.J.\/Radiotelevizija Slovenija et C-580\/19 RJ\/Stadt Offenbach am Main&nbsp;;<\/li><li>CJUE, 21 f\u00e9vrier 2018, C-518\/15\/affaire Ville de Nivelles contre Rudy Matzak.&nbsp;;<\/li><li>Directive 2003\/88\/CE du Parlement europ\u00e9en et du Conseil, du 4&nbsp;novembre 2003, concernant certains aspects de l\u2019am\u00e9nagement du temps de travail (publi\u00e9e au JOUE 2003, L. 299, p. 9) ;<\/li><li>CE, 19 d\u00e9cembre 2019, Service d\u00e9partemental d\u2019incendie et de secours du Loiret, requ\u00eate n\u00b0 426031&nbsp;;<\/li><li>Vont dans ce sens, trois jugements du tribunal administratif de Lyon du 27 f\u00e9vrier 2020, requ\u00eates n\u00b0 1807900, 1807901 et 1808159, \u00e0 propos des p\u00e9riodes de repos non r\u00e9mun\u00e9r\u00e9es de sapeurs-pompiers volontaires&nbsp;: <a href=\"http:\/\/lyon.tribunal-administratif.fr\/content\/download\/169046\/1689147\/version\/1\/file\/1807900-1807901-1808159.pdf\">http:\/\/lyon.tribunal-administratif.fr\/content\/download\/169046\/1689147\/version\/1\/file\/1807900-1807901-1808159.pdf<\/a><\/li><\/ol>\n","protected":false},"excerpt":{"rendered":"<p>La notion de temps de travail pr\u00e9vue par la directive du 4 novembre 2003 Rel\u00e8ve de la notion de temps de travail au sens de la directive du 4 novembre 20033, l\u2019int\u00e9gralit\u00e9 des p\u00e9riodes de garde, y compris celles sous r\u00e9gime d\u2019astreinte, au cours desquelles les contraintes impos\u00e9es au travailleur sont d\u2019une nature telle qu\u2019elles [&hellip;]<\/p>\n","protected":false},"author":32,"featured_media":20263,"comment_status":"open","ping_status":"open","sticky":false,"template":"","format":"standard","meta":{"_acf_changed":false,"_mi_skip_tracking":false,"footnotes":""},"categories":[6],"tags":[117,1999,252],"class_list":["post-20238","post","type-post","status-publish","format-standard","has-post-thumbnail","hentry","category-fonction-publique","tag-fonction-publique-2","tag-garde","tag-remuneration"],"acf":[],"yoast_head":"<!-- This site is optimized with the Yoast SEO plugin v23.4 - https:\/\/yoast.com\/wordpress\/plugins\/seo\/ -->\n<title>P\u00e9riodes de garde et temps de travail r\u00e9mun\u00e9r\u00e9 : la position de la Cour de justice de l\u2019Union europ\u00e9enne - Le Blog GERESO<\/title>\n<meta name=\"robots\" content=\"index, follow, max-snippet:-1, max-image-preview:large, max-video-preview:-1\" \/>\n<link rel=\"canonical\" href=\"https:\/\/www.gereso.com\/actualites\/2021\/03\/30\/periodes-garde-temps-travail-remunere-position-cour-justice-union-europeenne\/\" \/>\n<meta property=\"og:locale\" content=\"fr_FR\" \/>\n<meta property=\"og:type\" content=\"article\" \/>\n<meta property=\"og:title\" content=\"P\u00e9riodes de garde et temps de travail r\u00e9mun\u00e9r\u00e9 : la position de la Cour de justice de l\u2019Union europ\u00e9enne - Le Blog GERESO\" \/>\n<meta property=\"og:description\" content=\"La notion de temps de travail pr\u00e9vue par la directive du 4 novembre 2003 Rel\u00e8ve de la notion de temps de travail au sens de la directive du 4 novembre 20033, l\u2019int\u00e9gralit\u00e9 des p\u00e9riodes de garde, y compris celles sous r\u00e9gime d\u2019astreinte, au cours desquelles les contraintes impos\u00e9es au travailleur sont d\u2019une nature telle qu\u2019elles [&hellip;]\" \/>\n<meta property=\"og:url\" content=\"https:\/\/www.gereso.com\/actualites\/2021\/03\/30\/periodes-garde-temps-travail-remunere-position-cour-justice-union-europeenne\/\" \/>\n<meta property=\"og:site_name\" content=\"Le Blog GERESO\" \/>\n<meta property=\"article:published_time\" content=\"2021-03-30T07:47:39+00:00\" \/>\n<meta property=\"article:modified_time\" content=\"2021-04-06T09:52:45+00:00\" \/>\n<meta property=\"og:image\" content=\"https:\/\/www.gereso.com\/actualites\/wp-content\/uploads\/2021\/03\/garde-temps-remunere.jpg\" \/>\n\t<meta property=\"og:image:width\" content=\"600\" \/>\n\t<meta property=\"og:image:height\" content=\"400\" \/>\n\t<meta property=\"og:image:type\" content=\"image\/jpeg\" \/>\n<meta name=\"author\" content=\"\u00c9quipe GERESO\" \/>\n<meta name=\"twitter:card\" content=\"summary_large_image\" \/>\n<script type=\"application\/ld+json\" class=\"yoast-schema-graph\">{\"@context\":\"https:\/\/schema.org\",\"@graph\":[{\"@type\":\"WebPage\",\"@id\":\"https:\/\/www.gereso.com\/actualites\/2021\/03\/30\/periodes-garde-temps-travail-remunere-position-cour-justice-union-europeenne\/\",\"url\":\"https:\/\/www.gereso.com\/actualites\/2021\/03\/30\/periodes-garde-temps-travail-remunere-position-cour-justice-union-europeenne\/\",\"name\":\"P\u00e9riodes de garde et temps de travail r\u00e9mun\u00e9r\u00e9 : la position de la Cour de justice de l\u2019Union europ\u00e9enne - Le Blog GERESO\",\"isPartOf\":{\"@id\":\"https:\/\/www.gereso.com\/actualites\/#website\"},\"primaryImageOfPage\":{\"@id\":\"https:\/\/www.gereso.com\/actualites\/2021\/03\/30\/periodes-garde-temps-travail-remunere-position-cour-justice-union-europeenne\/#primaryimage\"},\"image\":{\"@id\":\"https:\/\/www.gereso.com\/actualites\/2021\/03\/30\/periodes-garde-temps-travail-remunere-position-cour-justice-union-europeenne\/#primaryimage\"},\"thumbnailUrl\":\"https:\/\/www.gereso.com\/actualites\/wp-content\/uploads\/2021\/03\/garde-temps-remunere.jpg\",\"datePublished\":\"2021-03-30T07:47:39+00:00\",\"dateModified\":\"2021-04-06T09:52:45+00:00\",\"author\":{\"@id\":\"https:\/\/www.gereso.com\/actualites\/#\/schema\/person\/197d8aef40cb4ae3f6a0aa9e1d3df2a6\"},\"breadcrumb\":{\"@id\":\"https:\/\/www.gereso.com\/actualites\/2021\/03\/30\/periodes-garde-temps-travail-remunere-position-cour-justice-union-europeenne\/#breadcrumb\"},\"inLanguage\":\"fr-FR\",\"potentialAction\":[{\"@type\":\"ReadAction\",\"target\":[\"https:\/\/www.gereso.com\/actualites\/2021\/03\/30\/periodes-garde-temps-travail-remunere-position-cour-justice-union-europeenne\/\"]}]},{\"@type\":\"ImageObject\",\"inLanguage\":\"fr-FR\",\"@id\":\"https:\/\/www.gereso.com\/actualites\/2021\/03\/30\/periodes-garde-temps-travail-remunere-position-cour-justice-union-europeenne\/#primaryimage\",\"url\":\"https:\/\/www.gereso.com\/actualites\/wp-content\/uploads\/2021\/03\/garde-temps-remunere.jpg\",\"contentUrl\":\"https:\/\/www.gereso.com\/actualites\/wp-content\/uploads\/2021\/03\/garde-temps-remunere.jpg\",\"width\":600,\"height\":400},{\"@type\":\"BreadcrumbList\",\"@id\":\"https:\/\/www.gereso.com\/actualites\/2021\/03\/30\/periodes-garde-temps-travail-remunere-position-cour-justice-union-europeenne\/#breadcrumb\",\"itemListElement\":[{\"@type\":\"ListItem\",\"position\":1,\"name\":\"Home\",\"item\":\"https:\/\/www.gereso.com\/actualites\/\"},{\"@type\":\"ListItem\",\"position\":2,\"name\":\"P\u00e9riodes de garde et temps de travail r\u00e9mun\u00e9r\u00e9 : la position de la Cour de justice de l\u2019Union europ\u00e9enne\"}]},{\"@type\":\"WebSite\",\"@id\":\"https:\/\/www.gereso.com\/actualites\/#website\",\"url\":\"https:\/\/www.gereso.com\/actualites\/\",\"name\":\"Le Blog GERESO\",\"description\":\"Toute l&#039;actu RH, Finance, Fonction Publique, Management...\",\"potentialAction\":[{\"@type\":\"SearchAction\",\"target\":{\"@type\":\"EntryPoint\",\"urlTemplate\":\"https:\/\/www.gereso.com\/actualites\/?s={search_term_string}\"},\"query-input\":{\"@type\":\"PropertyValueSpecification\",\"valueRequired\":true,\"valueName\":\"search_term_string\"}}],\"inLanguage\":\"fr-FR\"},{\"@type\":\"Person\",\"@id\":\"https:\/\/www.gereso.com\/actualites\/#\/schema\/person\/197d8aef40cb4ae3f6a0aa9e1d3df2a6\",\"name\":\"\u00c9quipe GERESO\",\"image\":{\"@type\":\"ImageObject\",\"inLanguage\":\"fr-FR\",\"@id\":\"https:\/\/www.gereso.com\/actualites\/#\/schema\/person\/image\/\",\"url\":\"https:\/\/www.gereso.com\/actualites\/wp-content\/uploads\/2013\/12\/avatar-gereso-1.png\",\"contentUrl\":\"https:\/\/www.gereso.com\/actualites\/wp-content\/uploads\/2013\/12\/avatar-gereso-1.png\",\"caption\":\"\u00c9quipe GERESO\"},\"url\":\"https:\/\/www.gereso.com\/actualites\/author\/gereso\/\"}]}<\/script>\n<!-- \/ Yoast SEO plugin. -->","yoast_head_json":{"title":"P\u00e9riodes de garde et temps de travail r\u00e9mun\u00e9r\u00e9 : la position de la Cour de justice de l\u2019Union europ\u00e9enne - Le Blog GERESO","robots":{"index":"index","follow":"follow","max-snippet":"max-snippet:-1","max-image-preview":"max-image-preview:large","max-video-preview":"max-video-preview:-1"},"canonical":"https:\/\/www.gereso.com\/actualites\/2021\/03\/30\/periodes-garde-temps-travail-remunere-position-cour-justice-union-europeenne\/","og_locale":"fr_FR","og_type":"article","og_title":"P\u00e9riodes de garde et temps de travail r\u00e9mun\u00e9r\u00e9 : la position de la Cour de justice de l\u2019Union europ\u00e9enne - Le Blog GERESO","og_description":"La notion de temps de travail pr\u00e9vue par la directive du 4 novembre 2003 Rel\u00e8ve de la notion de temps de travail au sens de la directive du 4 novembre 20033, l\u2019int\u00e9gralit\u00e9 des p\u00e9riodes de garde, y compris celles sous r\u00e9gime d\u2019astreinte, au cours desquelles les contraintes impos\u00e9es au travailleur sont d\u2019une nature telle qu\u2019elles [&hellip;]","og_url":"https:\/\/www.gereso.com\/actualites\/2021\/03\/30\/periodes-garde-temps-travail-remunere-position-cour-justice-union-europeenne\/","og_site_name":"Le Blog GERESO","article_published_time":"2021-03-30T07:47:39+00:00","article_modified_time":"2021-04-06T09:52:45+00:00","og_image":[{"width":600,"height":400,"url":"https:\/\/www.gereso.com\/actualites\/wp-content\/uploads\/2021\/03\/garde-temps-remunere.jpg","type":"image\/jpeg"}],"author":"\u00c9quipe GERESO","twitter_card":"summary_large_image","schema":{"@context":"https:\/\/schema.org","@graph":[{"@type":"WebPage","@id":"https:\/\/www.gereso.com\/actualites\/2021\/03\/30\/periodes-garde-temps-travail-remunere-position-cour-justice-union-europeenne\/","url":"https:\/\/www.gereso.com\/actualites\/2021\/03\/30\/periodes-garde-temps-travail-remunere-position-cour-justice-union-europeenne\/","name":"P\u00e9riodes de garde et temps de travail r\u00e9mun\u00e9r\u00e9 : la position de la Cour de justice de l\u2019Union europ\u00e9enne - Le Blog GERESO","isPartOf":{"@id":"https:\/\/www.gereso.com\/actualites\/#website"},"primaryImageOfPage":{"@id":"https:\/\/www.gereso.com\/actualites\/2021\/03\/30\/periodes-garde-temps-travail-remunere-position-cour-justice-union-europeenne\/#primaryimage"},"image":{"@id":"https:\/\/www.gereso.com\/actualites\/2021\/03\/30\/periodes-garde-temps-travail-remunere-position-cour-justice-union-europeenne\/#primaryimage"},"thumbnailUrl":"https:\/\/www.gereso.com\/actualites\/wp-content\/uploads\/2021\/03\/garde-temps-remunere.jpg","datePublished":"2021-03-30T07:47:39+00:00","dateModified":"2021-04-06T09:52:45+00:00","author":{"@id":"https:\/\/www.gereso.com\/actualites\/#\/schema\/person\/197d8aef40cb4ae3f6a0aa9e1d3df2a6"},"breadcrumb":{"@id":"https:\/\/www.gereso.com\/actualites\/2021\/03\/30\/periodes-garde-temps-travail-remunere-position-cour-justice-union-europeenne\/#breadcrumb"},"inLanguage":"fr-FR","potentialAction":[{"@type":"ReadAction","target":["https:\/\/www.gereso.com\/actualites\/2021\/03\/30\/periodes-garde-temps-travail-remunere-position-cour-justice-union-europeenne\/"]}]},{"@type":"ImageObject","inLanguage":"fr-FR","@id":"https:\/\/www.gereso.com\/actualites\/2021\/03\/30\/periodes-garde-temps-travail-remunere-position-cour-justice-union-europeenne\/#primaryimage","url":"https:\/\/www.gereso.com\/actualites\/wp-content\/uploads\/2021\/03\/garde-temps-remunere.jpg","contentUrl":"https:\/\/www.gereso.com\/actualites\/wp-content\/uploads\/2021\/03\/garde-temps-remunere.jpg","width":600,"height":400},{"@type":"BreadcrumbList","@id":"https:\/\/www.gereso.com\/actualites\/2021\/03\/30\/periodes-garde-temps-travail-remunere-position-cour-justice-union-europeenne\/#breadcrumb","itemListElement":[{"@type":"ListItem","position":1,"name":"Home","item":"https:\/\/www.gereso.com\/actualites\/"},{"@type":"ListItem","position":2,"name":"P\u00e9riodes de garde et temps de travail r\u00e9mun\u00e9r\u00e9 : la position de la Cour de justice de l\u2019Union europ\u00e9enne"}]},{"@type":"WebSite","@id":"https:\/\/www.gereso.com\/actualites\/#website","url":"https:\/\/www.gereso.com\/actualites\/","name":"Le Blog GERESO","description":"Toute l&#039;actu RH, Finance, Fonction Publique, Management...","potentialAction":[{"@type":"SearchAction","target":{"@type":"EntryPoint","urlTemplate":"https:\/\/www.gereso.com\/actualites\/?s={search_term_string}"},"query-input":{"@type":"PropertyValueSpecification","valueRequired":true,"valueName":"search_term_string"}}],"inLanguage":"fr-FR"},{"@type":"Person","@id":"https:\/\/www.gereso.com\/actualites\/#\/schema\/person\/197d8aef40cb4ae3f6a0aa9e1d3df2a6","name":"\u00c9quipe GERESO","image":{"@type":"ImageObject","inLanguage":"fr-FR","@id":"https:\/\/www.gereso.com\/actualites\/#\/schema\/person\/image\/","url":"https:\/\/www.gereso.com\/actualites\/wp-content\/uploads\/2013\/12\/avatar-gereso-1.png","contentUrl":"https:\/\/www.gereso.com\/actualites\/wp-content\/uploads\/2013\/12\/avatar-gereso-1.png","caption":"\u00c9quipe GERESO"},"url":"https:\/\/www.gereso.com\/actualites\/author\/gereso\/"}]}},"_links":{"self":[{"href":"https:\/\/www.gereso.com\/actualites\/wp-json\/wp\/v2\/posts\/20238","targetHints":{"allow":["GET"]}}],"collection":[{"href":"https:\/\/www.gereso.com\/actualites\/wp-json\/wp\/v2\/posts"}],"about":[{"href":"https:\/\/www.gereso.com\/actualites\/wp-json\/wp\/v2\/types\/post"}],"author":[{"embeddable":true,"href":"https:\/\/www.gereso.com\/actualites\/wp-json\/wp\/v2\/users\/32"}],"replies":[{"embeddable":true,"href":"https:\/\/www.gereso.com\/actualites\/wp-json\/wp\/v2\/comments?post=20238"}],"version-history":[{"count":28,"href":"https:\/\/www.gereso.com\/actualites\/wp-json\/wp\/v2\/posts\/20238\/revisions"}],"predecessor-version":[{"id":20355,"href":"https:\/\/www.gereso.com\/actualites\/wp-json\/wp\/v2\/posts\/20238\/revisions\/20355"}],"wp:featuredmedia":[{"embeddable":true,"href":"https:\/\/www.gereso.com\/actualites\/wp-json\/wp\/v2\/media\/20263"}],"wp:attachment":[{"href":"https:\/\/www.gereso.com\/actualites\/wp-json\/wp\/v2\/media?parent=20238"}],"wp:term":[{"taxonomy":"category","embeddable":true,"href":"https:\/\/www.gereso.com\/actualites\/wp-json\/wp\/v2\/categories?post=20238"},{"taxonomy":"post_tag","embeddable":true,"href":"https:\/\/www.gereso.com\/actualites\/wp-json\/wp\/v2\/tags?post=20238"}],"curies":[{"name":"wp","href":"https:\/\/api.w.org\/{rel}","templated":true}]}}