{"id":20266,"date":"2021-03-30T13:35:16","date_gmt":"2021-03-30T11:35:16","guid":{"rendered":"https:\/\/www.gereso.com\/actualites\/?p=20266"},"modified":"2021-04-06T09:17:44","modified_gmt":"2021-04-06T07:17:44","slug":"contrat-travail-clauses-illegales","status":"publish","type":"post","link":"https:\/\/www.gereso.com\/actualites\/2021\/03\/30\/contrat-travail-clauses-illegales\/","title":{"rendered":"Contrat de travail\u00a0: attention aux clauses ill\u00e9gales !"},"content":{"rendered":"\n<h2 style=\"color:#d10016;\"><strong>Clause mettant \u00e0 la charge du salari\u00e9, les cotisations sociales patronales<\/strong><\/h2>\n\n\n\n<p>Une telle clause serait ill\u00e9gale en application de l\u2019<a href=\"https:\/\/www.legifrance.gouv.fr\/codes\/article_lc\/LEGIARTI000006741925\/\">article L 241-8 du code de la s\u00e9curit\u00e9 sociale<\/a> qui pr\u00e9voit \u00ab&nbsp;<em>la contribution de l&#8217;employeur reste exclusivement \u00e0 sa charge, toute convention contraire \u00e9tant nulle de plein droit<\/em>&nbsp;\u00bb (V. en ce sens&nbsp;: Cass soc. 17 octobre 2000. pourvoi n\u00b0&nbsp;98-45669 dans une esp\u00e8ce o\u00f9 pour le versement des commissions vers\u00e9es \u00e0 un salari\u00e9 il \u00e9tait tenu compte du montant des cotisations patronales &#8211; Cass soc. 15 d\u00e9cembre 2009. pourvoi n\u00b0&nbsp;08-41385)<\/p>\n\n\n\n<h2 style=\"color:#d10016;\"><strong>Clause relative \u00e0 la prise en charge des frais professionnels<\/strong><\/h2>\n\n\n\n<p>Pour la cour de cassation, \u00ab&nbsp;<em>il est de principe que les frais qu&rsquo;un salari\u00e9 justifie avoir expos\u00e9s pour les besoins de son activit\u00e9 professionnelle et dans l&rsquo;int\u00e9r\u00eat de son employeur doivent lui \u00eatre rembours\u00e9s sans qu&rsquo;ils ne puissent \u00eatre imput\u00e9s sur la r\u00e9mun\u00e9ration qui lui est due<\/em>&nbsp;\u00bb (<a href=\"https:\/\/www.legifrance.gouv.fr\/juri\/id\/JURITEXT000007053096\">Cass soc. 15 novembre 2006. pourvoi n\u00b0 04-48689<\/a>). <\/p>\n\n\n\n<p>La jurisprudence fixe cependant une d\u00e9rogation \u00e0 ce principe : le cas o\u00f9 une clause du contrat pr\u00e9voit que le salari\u00e9 \u00ab&nbsp;<em><strong>en conserverait la charge<\/strong> moyennant le versement d&rsquo;une <strong>somme fix\u00e9e \u00e0 l&rsquo;avance de mani\u00e8re forfaitaire<\/strong><\/em>&nbsp;\u00bb (<a href=\"https:\/\/www.legifrance.gouv.fr\/juri\/id\/JURITEXT000007486029\">Cass soc. 15 juin 2005. pourvoi n\u00b0 03-44936<\/a> \u2013 <a href=\"https:\/\/www.legifrance.gouv.fr\/juri\/id\/JURITEXT000022028314\/\">Cass soc. 25 mars 2010. pourvoi n\u00b0 08-43156<\/a>). Toutefois, dans cette hypoth\u00e8se, la r\u00e9mun\u00e9ration du salari\u00e9, apr\u00e8s d\u00e9duction des frais doit rester sup\u00e9rieure ou \u00e9gale au SMIC voire au minimum conventionnel (Cass soc. 8 juillet 2020, n\u00b0 18-24546).<\/p>\n\n\n\n<h2 style=\"color:#d10016;\"><strong>Clause de responsabilit\u00e9 financi\u00e8re<\/strong><\/h2>\n\n\n\n<p>Seule la faute lourde du salari\u00e9 permet de mettre en \u0153uvre sa <strong>responsabilit\u00e9 p\u00e9cuniaire<\/strong>. Une clause du contrat ne saurait donc d\u00e9roger \u00e0 cette r\u00e8gle de mani\u00e8re plus d\u00e9favorable pour le salari\u00e9 (Cass soc. 5 d\u00e9cembre 1996. pourvoi n\u00b0 93-44073 \u2013 Cass soc. 6 mai 2009. pourvoi n\u00b0 07-44485). Cette r\u00e8gle joue dans toutes les hypoth\u00e8ses, y compris par exemple pour les d\u00e9ficits d\u2019inventaire (Cass soc. 31 octobre 1989. pourvoi n\u00b0 87-13376).<\/p>\n\n\n\n<h2 style=\"color:#d10016;\"><strong>Clause pr\u00e9constitutive d\u2019un motif de licenciement<\/strong><\/h2>\n\n\n\n<p>Suivant l\u2019<a href=\"https:\/\/www.legifrance.gouv.fr\/codes\/article_lc\/LEGIARTI000035643446\/\">article L 1235-1 du code du travail<\/a>, il appartient au juge \u00ab&nbsp;<em>d&rsquo;appr\u00e9cier la r\u00e9gularit\u00e9 de la proc\u00e9dure suivie et le caract\u00e8re r\u00e9el et s\u00e9rieux des motifs invoqu\u00e9s par l&#8217;employeur<\/em>&nbsp;\u00bb. En ce sens, un employeur et un salari\u00e9 ne sauraient donc <strong>d\u00e9terminer par avance les faits qui pourraient constituer un motif de licenciement<\/strong> (V. Cass soc. 14 novembre 2000. pourvoi n\u00b0 98-42371&nbsp;: \u00ab&nbsp;<em>aucune clause du contrat de travail ne peut valablement d\u00e9cider qu&rsquo;une circonstance quelconque constituera une cause de licenciement&nbsp;<\/em>\u00bb (V. dans le m\u00eame sens : Cass soc. 12 f\u00e9vrier 2014. pourvoi n\u00b0 12-11554).<\/p>\n\n\n\n<h2 style=\"color:#d10016;\"><strong>Clause portant atteinte \u00e0 une libert\u00e9 fondamentale ou \u00e0 l\u2019ordre public<\/strong><\/h2>\n\n\n\n<p>On rappellera sur ce point que suivant l\u2019article 9 du Code civil, \u00ab&nbsp;<em>chacun a droit au respect de sa vie priv\u00e9e<\/em>&nbsp;\u00bb. Quant \u00e0 l\u2019<a href=\"https:\/\/www.legifrance.gouv.fr\/codes\/article_lc\/LEGIARTI000006900785\/\">article L 1121-1 du Code du travail<\/a>, il pr\u00e9voit (rappelons le) que \u00ab&nbsp;<em>nul ne peut apporter aux droits des personnes et aux libert\u00e9s individuelles et collectives de restrictions qui ne seraient pas justifi\u00e9es par la nature de la t\u00e2che \u00e0 accomplir ni proportionn\u00e9es au but recherch\u00e9<\/em>&nbsp;\u00bb. Toute <strong>restriction \u00e0 la libert\u00e9 du salari\u00e9<\/strong> doit donc \u00eatre justifi\u00e9e. Ainsi, la jurisprudence a consid\u00e9r\u00e9 ill\u00e9gale une clause de c\u00e9libat pr\u00e9vue dans un contrat de travail (cass soc. 7 f\u00e9vrier 1968. pourvoi n\u00b0&nbsp;65-40622), ou encore la disposition suivant laquelle <strong>des conjoints ne peuvent \u00eatre embauch\u00e9s dans la m\u00eame entreprise<\/strong> (cass soc. 10 juin 1982. pourvoi n\u00b0&nbsp;80-40929). <\/p>\n\n\n\n<p>De m\u00eame, un employeur ne saurait inclure une <strong>clause de poids<\/strong> dans un contrat de travail sauf si cette clause est li\u00e9e aux fonctions du salari\u00e9 (ainsi, une Cour d\u2019appel a valid\u00e9 une clause de poids limite pour une salari\u00e9e qui travaillait comme animatrice au sein d\u2019un club dont l\u2019objet \u00e9tait de faire perdre du poids aux clients : Douai.20 oct.1983.JCP.1985.ed E.I.14433).<\/p>\n\n\n\n<p>Qui plus est, le contrat ne saurait comporter de <strong>clause discriminatoire<\/strong>. Ainsi, et sauf exceptions, \u00ab <em>est nulle toute clause d&rsquo;une convention ou d&rsquo;un accord collectif de travail ou d&rsquo;un contrat de travail qui r\u00e9serve le b\u00e9n\u00e9fice d&rsquo;une mesure quelconque, \u00e0 un ou des salari\u00e9s, en consid\u00e9ration du sexe<\/em> \u00bb (<a href=\"https:\/\/www.legifrance.gouv.fr\/codes\/article_lc\/LEGIARTI000038026019\/2019-11-01\">C trav art 1142-3<\/a>). De m\u00eame, est nulle de plein droit toute disposition comportant \u00ab <em>pour un ou des salari\u00e9s de l&rsquo;un des deux sexes, une r\u00e9mun\u00e9ration inf\u00e9rieure \u00e0 celle de salari\u00e9s de l&rsquo;autre sexe pour un m\u00eame travail ou un travail de valeur \u00e9gale<\/em> \u00bb (<a href=\"https:\/\/www.legifrance.gouv.fr\/codes\/article_lc\/LEGIARTI000006902825\/\">C trav art L 3221-7<\/a>). De mani\u00e8re g\u00e9n\u00e9rale, toute disposition qui pr\u00e9voirait dans un contrat de travail des <strong>mesures discriminatoires<\/strong> tel que d\u00e9finies \u00e0 l\u2019<a href=\"https:\/\/www.legifrance.gouv.fr\/codes\/article_lc\/LEGIARTI000042026716\/\">article L 1132-1 du Code du travail<\/a> serait nulle.<\/p>\n\n\n\n<h2 style=\"color:#d10016;\"><strong>Clause couperet <\/strong><\/h2>\n\n\n\n<p>L\u2019<a href=\"https:\/\/www.legifrance.gouv.fr\/codes\/article_lc\/LEGIARTI000006901178\/\">article L. 1237-4 du Code du travail<\/a> \u00e9nonce que \u00ab <em>sont nulles toutes stipulations d&rsquo;une convention ou d&rsquo;un accord collectif de travail et d&rsquo;un contrat de travail pr\u00e9voyant une rupture de plein droit du contrat de travail d&rsquo;un salari\u00e9 <strong>en raison de son \u00e2ge<\/strong> ou <strong>du fait qu&rsquo;il serait en droit de b\u00e9n\u00e9ficier d&rsquo;une pension de vieillesse<\/strong><\/em> \u00bb (Cass ass pl\u00e9n. 6 novembre 1998. pourvoi n\u00b0 97-41931 &#8211; Cass soc. 19 juin 2002. pourvoi n\u00b0 00-43923)<\/p>\n\n\n\n<h2 style=\"color:#d10016;\"><strong>Clause d\u2019indexation automatique du salaire<\/strong><\/h2>\n\n\n\n<p>Suivant l\u2019<a href=\"https:\/\/www.legifrance.gouv.fr\/codes\/article_lc\/LEGIARTI000006902833\/2008-05-01\">article L3231-3 du Code du travail<\/a>, \u00ab <em>sont interdites, dans les conventions ou accords collectifs de travail, les clauses comportant des <\/em><strong><em>indexations sur le salaire minimum de croissance<\/em><\/strong><em> ou des r\u00e9f\u00e9rences \u00e0 ce dernier en vue de la fixation et de la r\u00e9vision des salaires pr\u00e9vus par ces conventions ou accords<\/em> \u00bb (V. \u00e9galement <a href=\"https:\/\/www.legifrance.gouv.fr\/codes\/article_lc\/LEGIARTI000024039949\/2020-10-05\">art L 112-2 du Code mon\u00e9taire et financier<\/a> : \u00ab <em>dans les dispositions statutaires ou conventionnelles, est interdite toute clause pr\u00e9voyant des indexations fond\u00e9es sur le salaire minimum de croissance, sur le niveau g\u00e9n\u00e9ral des prix ou des salaires ou sur les prix des biens, produits ou services n&rsquo;ayant pas de relation directe avec l&rsquo;objet du statut ou de la convention ou avec l&rsquo;activit\u00e9 de l&rsquo;une des parties<\/em> \u00bb).<\/p>\n\n\n\n<p>La cour de cassation fait une <strong>stricte interpr\u00e9tation de ces dispositions<\/strong> (Cass soc. 8 mars 2007. pourvoi n\u00b0 05-44261)<\/p>\n\n\n\n<h2 style=\"color:#d10016;\"><strong>Clause potestative <\/strong><\/h2>\n\n\n\n<p>L\u2019<a href=\"https:\/\/www.legifrance.gouv.fr\/codes\/article_lc\/LEGIARTI000032029496\/\">article 1304-2 du Code civil <\/a>pr\u00e9voit qu\u2019est \u00ab&nbsp;<em>est nulle l\u2019obligation contract\u00e9e sous une condition dont la <strong>r\u00e9alisation d\u00e9pend de la seule volont\u00e9 du d\u00e9biteur<\/strong><\/em>&nbsp;\u00bb. Ainsi une clause du contrat de travail faisant d\u00e9pendre la variation de la r\u00e9mun\u00e9ration du salari\u00e9 d&rsquo;\u00e9l\u00e9ments d\u00e9pendant de la seule volont\u00e9 de l&#8217;employeur et non d&rsquo;\u00e9l\u00e9ments pr\u00e9alablement convenus est nulle (Cass soc. 5 juin 2008  pourvoi n\u00b0&nbsp;07-41186). <\/p>\n\n\n\n<p>De m\u00eame, une <strong>clause de mobilit\u00e9<\/strong> doit d\u00e9finir de fa\u00e7on pr\u00e9cise sa <strong>zone g\u00e9ographique d&rsquo;application<\/strong> et ne peut conf\u00e9rer \u00e0 l&#8217;employeur d&rsquo;en \u00e9tendre unilat\u00e9ralement la port\u00e9e (Cass soc. 5 avril 2018 pourvoi n\u00b0 16-25242). De m\u00eame, une cour d\u2019appel ne saurait d\u00e9cider que le licenciement du salari\u00e9 ayant refus\u00e9 l\u2019application de sa clause de mobilit\u00e9 repose sur une cause r\u00e9elle et s\u00e9rieuse alors qu\u2019il r\u00e9sulte de ses constatations que ladite clause <strong>ne d\u00e9finissait pas de fa\u00e7on pr\u00e9cise sa zone g\u00e9ographique d\u2019application<\/strong> et conf\u00e9rait \u00e0 l\u2019employeur le pouvoir d\u2019en \u00e9tendre unilat\u00e9ralement la port\u00e9e (Cass soc. 2 octobre 2019 pourvoi n\u00b0 18-20353)<\/p>\n\n\n\n<h2 style=\"color:#d10016;\"><strong>Clause de renonciation \u00e0 des droits <\/strong><\/h2>\n\n\n\n<p>Les salari\u00e9s ne peuvent <strong>renoncer aux droits qu&rsquo;ils tiennent de l&rsquo;accord collectif par contrat de travail<\/strong> (Cass. soc. 30 mai 2000. pourvoi n\u00b0 98-40.085). Un salari\u00e9 ne peut renoncer par avance aux <strong>r\u00e8gles relatives au licenciement<\/strong> d&rsquo;un contrat de travail \u00e0 dur\u00e9e ind\u00e9termin\u00e9e (Cass soc. 18 d\u00e9cembre 2013. pourvoi n\u00b0 12-17925).<\/p>\n\n\n\n<br>\n<table width=\"100%\" cellspacing=\"10\" cellpadding=\"10\" border=\"0\" bgcolor=\"#f6f6f6\">\n<tbody>\n<tr>\n<td style=\"border-left: 15px solid #f6f6f6; border-right: 15px solid #f6f6f6; border-top: 15px solid #f6f6f6;\" bgcolor=\"#f6f6f6\">\n\t<center>\n\t\t<span style=\"font-size: 18px; color: #d10016; font-family:Helvetica;\"><strong>Votre formation sur ce th\u00e8me<br>\n\t\t\t\u00ab&nbsp;LES CONTRATS DE TRAVAIL&nbsp;\u00bb<br>\n\t\t\t2 jours &#8211; \u00c0 distance ou en pr\u00e9sentiel<\/strong><\/span><br>\n\t<\/center>\n\t\t<br>\n<ul>\n\t<li><strong>Savoir r\u00e9diger<\/strong> les diff\u00e9rents contrats de travail<\/li>\n\t<li><strong>Choisir le contrat adapt\u00e9<\/strong> et le conclure en toute s\u00e9curit\u00e9 juridique<\/li>\n\t<li><strong>Int\u00e9grer les derni\u00e8res \u00e9volutions du droit du travail<\/strong> ayant des incidences sur le choix et la vie des contrats<\/li>\n<\/ul>\n\n<table width=\"100%\" border=\"0\">\n  <tbody>\n    <tr>\n\t\t<td ;=\"\" bgcolor=\"#d10016\"><center><a href=\"https:\/\/www.gereso.com\/CCCW\" target=\"_blank\" style=\"text-decoration:none; color:#ffffff \" rel=\"noopener noreferrer\"><strong>&gt;&nbsp;En savoir plus\u2026<\/strong><\/a><\/center><\/td>\n\t\t<td ;=\"\" bgcolor=\"f6f6f6\"><center>&nbsp;<\/center><\/td>\n\t\t<td ;=\"\" bgcolor=\"#d10016\"><center><a href=\"https:\/\/www.gereso.com\/client\/programme-pdf\/CCCW.pdf\" target=\"_blank\" style=\"text-decoration:none; color:#ffffff\" rel=\"noopener noreferrer\"><strong>&gt;&nbsp;T\u00e9l\u00e9charger le programme PDF<\/strong><\/a><\/center><\/td>\n    <\/tr>\n  <\/tbody>\n<\/table>\n\n<\/td>\n<\/tr>\n<\/tbody>\n<\/table>\n\n\n\n<h2 style=\"color:#d10016;\"><strong>Octroi d\u2019avantages sous conditions <\/strong><\/h2>\n\n\n\n<p>La clause qui subordonne le remboursement de frais expos\u00e9s par le salari\u00e9 pour les besoins de son activit\u00e9 professionnelle dans l&rsquo;int\u00e9r\u00eat de l&#8217;employeur \u00e0 la r\u00e9alisation d&rsquo;objectifs est nulle comme constituant une <strong>sanction p\u00e9cuniaire<\/strong> (Cass soc. 19 septembre 2013. pourvoi n\u00b0  12-15996).<\/p>\n\n\n\n<h2 style=\"color:#d10016;\"><strong>Clause o\u00f9 le salari\u00e9 renonce par avance \u00e0 des dispositions d\u2019ordre public <\/strong><\/h2>\n\n\n\n<p>Le salari\u00e9 ne peut renoncer par avance aux dispositions d&rsquo;ordre public limitant les cas de <strong>compensation entre le montant du salaire et les sommes qui seraient dues \u00e0 l&#8217;employeur<\/strong> (Cass soc. 8 juillet 2015. pourvoi n\u00b0 13-25681).<\/p>\n\n\n\n<h2 style=\"color:#d10016;\"><strong>Modification unilat\u00e9rale du contrat de travail<\/strong><\/h2>\n\n\n\n<p>Une clause du contrat de travail ne peut pas permettre \u00e0 l&#8217;employeur de <strong>modifier unilat\u00e9ralement le contrat de travail<\/strong> (Cass soc. 14 novembre 2018 pourvoi n\u00b0 17-11757).<\/p>\n","protected":false},"excerpt":{"rendered":"<p>Clause mettant \u00e0 la charge du salari\u00e9, les cotisations sociales patronales Une telle clause serait ill\u00e9gale en application de l\u2019article L 241-8 du code de la s\u00e9curit\u00e9 sociale qui pr\u00e9voit \u00ab&nbsp;la contribution de l&#8217;employeur reste exclusivement \u00e0 sa charge, toute convention contraire \u00e9tant nulle de plein droit&nbsp;\u00bb (V. en ce sens&nbsp;: Cass soc. 17 octobre [&hellip;]<\/p>\n","protected":false},"author":25,"featured_media":20326,"comment_status":"open","ping_status":"open","sticky":false,"template":"","format":"standard","meta":{"_acf_changed":false,"_mi_skip_tracking":false,"footnotes":""},"categories":[5],"tags":[2000,105,2001,845],"class_list":["post-20266","post","type-post","status-publish","format-standard","has-post-thumbnail","hentry","category-droit-du-travail","tag-clause-illegale","tag-contrat-de-travail","tag-descrimination","tag-embauche"],"acf":[],"yoast_head":"<!-- This site is optimized with the Yoast SEO plugin v23.4 - https:\/\/yoast.com\/wordpress\/plugins\/seo\/ -->\n<title>Contrat de travail\u00a0: attention aux clauses ill\u00e9gales ! - Le Blog GERESO<\/title>\n<meta name=\"robots\" content=\"index, follow, max-snippet:-1, max-image-preview:large, max-video-preview:-1\" \/>\n<link rel=\"canonical\" href=\"https:\/\/www.gereso.com\/actualites\/2021\/03\/30\/contrat-travail-clauses-illegales\/\" \/>\n<meta property=\"og:locale\" content=\"fr_FR\" \/>\n<meta property=\"og:type\" content=\"article\" \/>\n<meta property=\"og:title\" content=\"Contrat de travail\u00a0: attention aux clauses ill\u00e9gales ! - Le Blog GERESO\" \/>\n<meta property=\"og:description\" content=\"Clause mettant \u00e0 la charge du salari\u00e9, les cotisations sociales patronales Une telle clause serait ill\u00e9gale en application de l\u2019article L 241-8 du code de la s\u00e9curit\u00e9 sociale qui pr\u00e9voit \u00ab&nbsp;la contribution de l&#8217;employeur reste exclusivement \u00e0 sa charge, toute convention contraire \u00e9tant nulle de plein droit&nbsp;\u00bb (V. en ce sens&nbsp;: Cass soc. 17 octobre [&hellip;]\" \/>\n<meta property=\"og:url\" content=\"https:\/\/www.gereso.com\/actualites\/2021\/03\/30\/contrat-travail-clauses-illegales\/\" \/>\n<meta property=\"og:site_name\" content=\"Le Blog GERESO\" \/>\n<meta property=\"article:published_time\" content=\"2021-03-30T11:35:16+00:00\" \/>\n<meta property=\"article:modified_time\" content=\"2021-04-06T07:17:44+00:00\" \/>\n<meta property=\"og:image\" content=\"https:\/\/www.gereso.com\/actualites\/wp-content\/uploads\/2021\/03\/clauses-illegales-contrat-travail.jpg\" \/>\n\t<meta property=\"og:image:width\" content=\"600\" \/>\n\t<meta property=\"og:image:height\" content=\"400\" \/>\n\t<meta property=\"og:image:type\" content=\"image\/jpeg\" \/>\n<meta name=\"author\" content=\"Fran\u00e7ois Taquet\" \/>\n<meta name=\"twitter:card\" content=\"summary_large_image\" \/>\n<script type=\"application\/ld+json\" class=\"yoast-schema-graph\">{\"@context\":\"https:\/\/schema.org\",\"@graph\":[{\"@type\":\"WebPage\",\"@id\":\"https:\/\/www.gereso.com\/actualites\/2021\/03\/30\/contrat-travail-clauses-illegales\/\",\"url\":\"https:\/\/www.gereso.com\/actualites\/2021\/03\/30\/contrat-travail-clauses-illegales\/\",\"name\":\"Contrat de travail\u00a0: attention aux clauses ill\u00e9gales ! - Le Blog GERESO\",\"isPartOf\":{\"@id\":\"https:\/\/www.gereso.com\/actualites\/#website\"},\"primaryImageOfPage\":{\"@id\":\"https:\/\/www.gereso.com\/actualites\/2021\/03\/30\/contrat-travail-clauses-illegales\/#primaryimage\"},\"image\":{\"@id\":\"https:\/\/www.gereso.com\/actualites\/2021\/03\/30\/contrat-travail-clauses-illegales\/#primaryimage\"},\"thumbnailUrl\":\"https:\/\/www.gereso.com\/actualites\/wp-content\/uploads\/2021\/03\/clauses-illegales-contrat-travail.jpg\",\"datePublished\":\"2021-03-30T11:35:16+00:00\",\"dateModified\":\"2021-04-06T07:17:44+00:00\",\"author\":{\"@id\":\"https:\/\/www.gereso.com\/actualites\/#\/schema\/person\/99ed0c04b22be370665168d304e7924c\"},\"breadcrumb\":{\"@id\":\"https:\/\/www.gereso.com\/actualites\/2021\/03\/30\/contrat-travail-clauses-illegales\/#breadcrumb\"},\"inLanguage\":\"fr-FR\",\"potentialAction\":[{\"@type\":\"ReadAction\",\"target\":[\"https:\/\/www.gereso.com\/actualites\/2021\/03\/30\/contrat-travail-clauses-illegales\/\"]}]},{\"@type\":\"ImageObject\",\"inLanguage\":\"fr-FR\",\"@id\":\"https:\/\/www.gereso.com\/actualites\/2021\/03\/30\/contrat-travail-clauses-illegales\/#primaryimage\",\"url\":\"https:\/\/www.gereso.com\/actualites\/wp-content\/uploads\/2021\/03\/clauses-illegales-contrat-travail.jpg\",\"contentUrl\":\"https:\/\/www.gereso.com\/actualites\/wp-content\/uploads\/2021\/03\/clauses-illegales-contrat-travail.jpg\",\"width\":600,\"height\":400,\"caption\":\"Certains contrats de travail peuvent inclure des clauses ill\u00e9gales : apprenez \u00e0 les rep\u00e9rer !\"},{\"@type\":\"BreadcrumbList\",\"@id\":\"https:\/\/www.gereso.com\/actualites\/2021\/03\/30\/contrat-travail-clauses-illegales\/#breadcrumb\",\"itemListElement\":[{\"@type\":\"ListItem\",\"position\":1,\"name\":\"Home\",\"item\":\"https:\/\/www.gereso.com\/actualites\/\"},{\"@type\":\"ListItem\",\"position\":2,\"name\":\"Contrat de travail\u00a0: attention aux clauses ill\u00e9gales !\"}]},{\"@type\":\"WebSite\",\"@id\":\"https:\/\/www.gereso.com\/actualites\/#website\",\"url\":\"https:\/\/www.gereso.com\/actualites\/\",\"name\":\"Le Blog GERESO\",\"description\":\"Toute l&#039;actu RH, Finance, Fonction Publique, Management...\",\"potentialAction\":[{\"@type\":\"SearchAction\",\"target\":{\"@type\":\"EntryPoint\",\"urlTemplate\":\"https:\/\/www.gereso.com\/actualites\/?s={search_term_string}\"},\"query-input\":{\"@type\":\"PropertyValueSpecification\",\"valueRequired\":true,\"valueName\":\"search_term_string\"}}],\"inLanguage\":\"fr-FR\"},{\"@type\":\"Person\",\"@id\":\"https:\/\/www.gereso.com\/actualites\/#\/schema\/person\/99ed0c04b22be370665168d304e7924c\",\"name\":\"Fran\u00e7ois Taquet\",\"image\":{\"@type\":\"ImageObject\",\"inLanguage\":\"fr-FR\",\"@id\":\"https:\/\/www.gereso.com\/actualites\/#\/schema\/person\/image\/\",\"url\":\"https:\/\/www.gereso.com\/actualites\/wp-content\/uploads\/2012\/10\/francois-taquet-1-144x144.png\",\"contentUrl\":\"https:\/\/www.gereso.com\/actualites\/wp-content\/uploads\/2012\/10\/francois-taquet-1-144x144.png\",\"caption\":\"Fran\u00e7ois Taquet\"},\"description\":\"Docteur en droit, avocat sp\u00e9cialis\u00e9 en droit social, il est professeur \u00e0 l'Institut d'\u00c9conomie scientifique et de Gestion et \u00e0 l'\u00e9cole Skema Business School de Lille. Il est \u00e9galement chercheur des Universit\u00e9s de Rome et de Londres ainsi que r\u00e9dacteur aupr\u00e8s de nombreuses revues juridiques. Il est l\u2019auteur de nombreux livres. Ses ouvrages les plus r\u00e9cents, publi\u00e9s aux \u00c9ditions GERESO : \u00ab Contr\u00f4le URSSAF, subir ou agir ? \u00bb, \u00ab Le contrat de travail en pratique \u00bb et \u00ab Les statuts des agents de la fonction publique \u00bb.\",\"url\":\"https:\/\/www.gereso.com\/actualites\/author\/f-taquet\/\"}]}<\/script>\n<!-- \/ Yoast SEO plugin. -->","yoast_head_json":{"title":"Contrat de travail\u00a0: attention aux clauses ill\u00e9gales ! - Le Blog GERESO","robots":{"index":"index","follow":"follow","max-snippet":"max-snippet:-1","max-image-preview":"max-image-preview:large","max-video-preview":"max-video-preview:-1"},"canonical":"https:\/\/www.gereso.com\/actualites\/2021\/03\/30\/contrat-travail-clauses-illegales\/","og_locale":"fr_FR","og_type":"article","og_title":"Contrat de travail\u00a0: attention aux clauses ill\u00e9gales ! - Le Blog GERESO","og_description":"Clause mettant \u00e0 la charge du salari\u00e9, les cotisations sociales patronales Une telle clause serait ill\u00e9gale en application de l\u2019article L 241-8 du code de la s\u00e9curit\u00e9 sociale qui pr\u00e9voit \u00ab&nbsp;la contribution de l&#8217;employeur reste exclusivement \u00e0 sa charge, toute convention contraire \u00e9tant nulle de plein droit&nbsp;\u00bb (V. en ce sens&nbsp;: Cass soc. 17 octobre [&hellip;]","og_url":"https:\/\/www.gereso.com\/actualites\/2021\/03\/30\/contrat-travail-clauses-illegales\/","og_site_name":"Le Blog GERESO","article_published_time":"2021-03-30T11:35:16+00:00","article_modified_time":"2021-04-06T07:17:44+00:00","og_image":[{"width":600,"height":400,"url":"https:\/\/www.gereso.com\/actualites\/wp-content\/uploads\/2021\/03\/clauses-illegales-contrat-travail.jpg","type":"image\/jpeg"}],"author":"Fran\u00e7ois Taquet","twitter_card":"summary_large_image","schema":{"@context":"https:\/\/schema.org","@graph":[{"@type":"WebPage","@id":"https:\/\/www.gereso.com\/actualites\/2021\/03\/30\/contrat-travail-clauses-illegales\/","url":"https:\/\/www.gereso.com\/actualites\/2021\/03\/30\/contrat-travail-clauses-illegales\/","name":"Contrat de travail\u00a0: attention aux clauses ill\u00e9gales ! - Le Blog GERESO","isPartOf":{"@id":"https:\/\/www.gereso.com\/actualites\/#website"},"primaryImageOfPage":{"@id":"https:\/\/www.gereso.com\/actualites\/2021\/03\/30\/contrat-travail-clauses-illegales\/#primaryimage"},"image":{"@id":"https:\/\/www.gereso.com\/actualites\/2021\/03\/30\/contrat-travail-clauses-illegales\/#primaryimage"},"thumbnailUrl":"https:\/\/www.gereso.com\/actualites\/wp-content\/uploads\/2021\/03\/clauses-illegales-contrat-travail.jpg","datePublished":"2021-03-30T11:35:16+00:00","dateModified":"2021-04-06T07:17:44+00:00","author":{"@id":"https:\/\/www.gereso.com\/actualites\/#\/schema\/person\/99ed0c04b22be370665168d304e7924c"},"breadcrumb":{"@id":"https:\/\/www.gereso.com\/actualites\/2021\/03\/30\/contrat-travail-clauses-illegales\/#breadcrumb"},"inLanguage":"fr-FR","potentialAction":[{"@type":"ReadAction","target":["https:\/\/www.gereso.com\/actualites\/2021\/03\/30\/contrat-travail-clauses-illegales\/"]}]},{"@type":"ImageObject","inLanguage":"fr-FR","@id":"https:\/\/www.gereso.com\/actualites\/2021\/03\/30\/contrat-travail-clauses-illegales\/#primaryimage","url":"https:\/\/www.gereso.com\/actualites\/wp-content\/uploads\/2021\/03\/clauses-illegales-contrat-travail.jpg","contentUrl":"https:\/\/www.gereso.com\/actualites\/wp-content\/uploads\/2021\/03\/clauses-illegales-contrat-travail.jpg","width":600,"height":400,"caption":"Certains contrats de travail peuvent inclure des clauses ill\u00e9gales : apprenez \u00e0 les rep\u00e9rer !"},{"@type":"BreadcrumbList","@id":"https:\/\/www.gereso.com\/actualites\/2021\/03\/30\/contrat-travail-clauses-illegales\/#breadcrumb","itemListElement":[{"@type":"ListItem","position":1,"name":"Home","item":"https:\/\/www.gereso.com\/actualites\/"},{"@type":"ListItem","position":2,"name":"Contrat de travail\u00a0: attention aux clauses ill\u00e9gales !"}]},{"@type":"WebSite","@id":"https:\/\/www.gereso.com\/actualites\/#website","url":"https:\/\/www.gereso.com\/actualites\/","name":"Le Blog GERESO","description":"Toute l&#039;actu RH, Finance, Fonction Publique, Management...","potentialAction":[{"@type":"SearchAction","target":{"@type":"EntryPoint","urlTemplate":"https:\/\/www.gereso.com\/actualites\/?s={search_term_string}"},"query-input":{"@type":"PropertyValueSpecification","valueRequired":true,"valueName":"search_term_string"}}],"inLanguage":"fr-FR"},{"@type":"Person","@id":"https:\/\/www.gereso.com\/actualites\/#\/schema\/person\/99ed0c04b22be370665168d304e7924c","name":"Fran\u00e7ois Taquet","image":{"@type":"ImageObject","inLanguage":"fr-FR","@id":"https:\/\/www.gereso.com\/actualites\/#\/schema\/person\/image\/","url":"https:\/\/www.gereso.com\/actualites\/wp-content\/uploads\/2012\/10\/francois-taquet-1-144x144.png","contentUrl":"https:\/\/www.gereso.com\/actualites\/wp-content\/uploads\/2012\/10\/francois-taquet-1-144x144.png","caption":"Fran\u00e7ois Taquet"},"description":"Docteur en droit, avocat sp\u00e9cialis\u00e9 en droit social, il est professeur \u00e0 l'Institut d'\u00c9conomie scientifique et de Gestion et \u00e0 l'\u00e9cole Skema Business School de Lille. Il est \u00e9galement chercheur des Universit\u00e9s de Rome et de Londres ainsi que r\u00e9dacteur aupr\u00e8s de nombreuses revues juridiques. Il est l\u2019auteur de nombreux livres. Ses ouvrages les plus r\u00e9cents, publi\u00e9s aux \u00c9ditions GERESO : \u00ab Contr\u00f4le URSSAF, subir ou agir ? \u00bb, \u00ab Le contrat de travail en pratique \u00bb et \u00ab Les statuts des agents de la fonction publique \u00bb.","url":"https:\/\/www.gereso.com\/actualites\/author\/f-taquet\/"}]}},"_links":{"self":[{"href":"https:\/\/www.gereso.com\/actualites\/wp-json\/wp\/v2\/posts\/20266","targetHints":{"allow":["GET"]}}],"collection":[{"href":"https:\/\/www.gereso.com\/actualites\/wp-json\/wp\/v2\/posts"}],"about":[{"href":"https:\/\/www.gereso.com\/actualites\/wp-json\/wp\/v2\/types\/post"}],"author":[{"embeddable":true,"href":"https:\/\/www.gereso.com\/actualites\/wp-json\/wp\/v2\/users\/25"}],"replies":[{"embeddable":true,"href":"https:\/\/www.gereso.com\/actualites\/wp-json\/wp\/v2\/comments?post=20266"}],"version-history":[{"count":70,"href":"https:\/\/www.gereso.com\/actualites\/wp-json\/wp\/v2\/posts\/20266\/revisions"}],"predecessor-version":[{"id":20351,"href":"https:\/\/www.gereso.com\/actualites\/wp-json\/wp\/v2\/posts\/20266\/revisions\/20351"}],"wp:featuredmedia":[{"embeddable":true,"href":"https:\/\/www.gereso.com\/actualites\/wp-json\/wp\/v2\/media\/20326"}],"wp:attachment":[{"href":"https:\/\/www.gereso.com\/actualites\/wp-json\/wp\/v2\/media?parent=20266"}],"wp:term":[{"taxonomy":"category","embeddable":true,"href":"https:\/\/www.gereso.com\/actualites\/wp-json\/wp\/v2\/categories?post=20266"},{"taxonomy":"post_tag","embeddable":true,"href":"https:\/\/www.gereso.com\/actualites\/wp-json\/wp\/v2\/tags?post=20266"}],"curies":[{"name":"wp","href":"https:\/\/api.w.org\/{rel}","templated":true}]}}