{"id":20416,"date":"2021-04-08T10:04:07","date_gmt":"2021-04-08T08:04:07","guid":{"rendered":"https:\/\/www.gereso.com\/actualites\/?p=20416"},"modified":"2021-05-04T09:50:48","modified_gmt":"2021-05-04T07:50:48","slug":"formation-cpf-comment-choisir-comment-faire-demande","status":"publish","type":"post","link":"https:\/\/www.gereso.com\/actualites\/2021\/04\/08\/formation-cpf-comment-choisir-comment-faire-demande\/","title":{"rendered":"Formation CPF : comment la choisir ? Comment faire sa demande ?"},"content":{"rendered":"\n<h2 style=\"color:#d10016;\"><strong>Quelles formations peut-on effectuer dans le cadre du CPF&nbsp;?<\/strong><\/h2>\n\n\n\n<p>Pour \u00eatre <strong>\u00e9ligibles au CPF<\/strong>, les formations doivent \u00eatre <strong>certifiantes et qualifiantes<\/strong> (<a href=\"https:\/\/www.legifrance.gouv.fr\/codes\/article_lc\/LEGIARTI000037385057\/\" target=\"_blank\" rel=\"noreferrer noopener\" aria-label=\" (s\u2019ouvre dans un nouvel onglet)\">art.L6323-6 du Code du travail<\/a>). Il s&rsquo;agit notamment des actions suivantes&nbsp;: <\/p>\n\n\n\n<ul class=\"wp-block-list\"><li>Formations inscrites au <strong>RNCP<\/strong> (R\u00e9pertoire National des Certifications Professionnelles)<\/li><li>Validation de <strong>blocs de comp\u00e9tence<\/strong> faisant partie d&rsquo;une certification inscrite au RNCP<\/li><li>Certifications et habilitations enregistr\u00e9es dans le <strong>R\u00e9pertoire Sp\u00e9cifique (RS),<\/strong> par exemple les habilitations CACES<\/li><li><strong>Validations des Acquis de l\u2019Exp\u00e9rience (VAE)<\/strong><\/li><li><strong>Bilans de comp\u00e9tences <\/strong><\/li><li><strong>Permis de conduire<\/strong> n\u00e9cessaire dans le cadre professionnel (Permis poids lourds par exemple)<\/li><li>Formations des <strong>repreneurs ou cr\u00e9ateurs d&rsquo;entreprise <\/strong><\/li><li>Formations des <strong>b\u00e9n\u00e9voles et volontaires en service civique<\/strong> afin d\u2019acqu\u00e9rir les comp\u00e9tences n\u00e9cessaires \u00e0 leurs missions. <\/li><\/ul>\n\n\n\n<h2 style=\"color:#d10016;\"><strong>Comment trouver une formation \u00e9ligible au CPF&nbsp;? <\/strong><\/h2>\n\n\n\n<p>L&rsquo;offre est importante et il n&rsquo;est pas toujours simple de s&rsquo;y retrouver&nbsp;: quelle formation est faite pour vous&nbsp;? Comment la trouver&nbsp;? Voici quelques \u00e9tapes pour vous guider dans vos recherches. <\/p>\n\n\n\n<h3 class=\"wp-block-heading\">1- Identifier vos besoins<\/h3>\n\n\n\n<h4 class=\"wp-block-heading\">Quels sont vos objectifs ?&nbsp;<\/h4>\n\n\n\n<p>Il n&rsquo;est pas n\u00e9cessaire que la formation choisie ait un lien avec votre poste actuel. Le seul crit\u00e8re <strong>d\u2019\u00e9ligibilit\u00e9 au CPF <\/strong>est son caract\u00e8re certifiant ou qualifiant. <\/p>\n\n\n\n<p>Les possibilit\u00e9s sont donc nombreuses. Vous pouvez vous perfectionner dans un domaine particulier (logiciel, langue\u2026), apprendre un nouveau m\u00e9tier ou consolider des connaissances (langue fran\u00e7aise, par exemple). <\/p>\n\n\n\n<p>Le CPF s&rsquo;adresse donc aussi bien aux salari\u00e9s qui souhaitent <strong>approfondir leurs comp\u00e9tences<\/strong> dans un domaine pr\u00e9cis qu\u2019\u00e0 ceux <strong>d\u00e9sirant \u00e9voluer ou changer de carri\u00e8re.&nbsp; <\/strong><\/p>\n\n\n\n<p>Avant toute chose, prenez donc bien le temps d&rsquo;identifier clairement vos objectifs afin que la formation suivie r\u00e9pondre parfaitement \u00e0 vos besoins. <\/p>\n\n\n\n<p><em><strong>A savoir. <\/strong><\/em>Vous \u00eates totalement libre de choisir la formation de votre choix. N\u00e9anmoins, si celle-ci se d\u00e9roule pendant votre temps de travail, il faudra demander l&rsquo;autorisation de votre employeur. Nous reviendrons sur ce sujet en derni\u00e8re partie d\u2019article.  <\/p>\n\n\n\n<h4 class=\"wp-block-heading\">Quelles sont vos contraintes ? <\/h4>\n\n\n\n<p>Suivre une formation prend du temps. Si vous la suivez en dehors de votre temps de travail, il faudra en effet la concilier avec votre poste actuel, votre vie personnelle, etc.<\/p>\n\n\n\n<p>En fonction de ces contraintes, vous pouvez vous orienter vers des modalit\u00e9s de formations diff\u00e9rentes&nbsp;: <\/p>\n\n\n\n<ul>\n<li><strong>Formation en pr\u00e9sentiel<\/strong><\/li>\n<\/ul>\n\n\n\n<p>Elle a l&rsquo;avantage de <strong>privil\u00e9gier le contact et les \u00e9changes avec le formateur et les autres participants.<\/strong> Elle permet \u00e9galement de maintenir une bonne motivation dans la dur\u00e9e. En cela, elle est parfaite pour les formations longues, les reconversions, les formations techniques ou n\u00e9cessitant l&#8217;emploi de mat\u00e9riel particulier. <\/p>\n\n\n\n<p>Par contre, l\u2019\u00e9l\u00e8ve doit se d\u00e9placer dans les locaux, ce qui entraine des frais suppl\u00e9mentaires et du temps de trajet. <\/p>\n\n\n\n<ul>\n<li><strong>Formations \u00e0 distance<\/strong><\/li>\n<\/ul>\n\n\n\n<p>Pl\u00e9biscit\u00e9es depuis le d\u00e9but de la crise sanitaire, elles se d\u00e9roulent sur des <strong>plateformes accessibles par internet. <\/strong><\/p>\n\n\n\n<p>Vous pouvez donc y acc\u00e9der de chez vous, ou d&rsquo;un autre lieu, sans contrainte de d\u00e9placement. Bien souvent, les supports de formations sont \u00e9galement disponibles \u00e0 toute heure, permettant de vous organiser comme vous le souhaitez. L&rsquo;accompagnement des formateurs se fait alors par diff\u00e9rents moyens : t\u00e9l\u00e9phone, mail, visio, etc. <\/p>\n\n\n\n<p>C&rsquo;est donc une solution id\u00e9ale pour les <strong>personnes plut\u00f4t autonomes, \u00e0 l&rsquo;aise avec le num\u00e9rique<\/strong> ou qui ne peuvent pas se d\u00e9placer.<\/p>\n\n\n\n<ul>\n<li><strong>Formations en blended learning (ou formations mixtes)<\/strong><\/li><\/ul>\n\n\n\n<p>Elles associent les <strong>deux m\u00e9thodes, pr\u00e9sentiel et \u00e0 distance. <\/strong>Vous b\u00e9n\u00e9ficiez des avantages de chacune&nbsp;: accompagnement et pr\u00e9sence physique du formateur, facilit\u00e9 d&rsquo;acc\u00e8s, limitation des d\u00e9placements et gain de temps. <\/p>\n\n\n\n<h3 class=\"wp-block-heading\">2- Choisir son organisme de formation<\/h3>\n\n\n\n<p>\u00c7a y est&nbsp;! vous savez quelle formation suivre et sous quelle forme. Vous pouvez maintenant chercher votre organisme de formation. <\/p>\n\n\n\n<h4 class=\"wp-block-heading\">O\u00f9 trouver votre formation ? <\/h4>\n\n\n\n<p>Le site d\u00e9di\u00e9 <strong>Mon Compte Formation<\/strong> regroupe toutes les formations disponibles dans le cadre du CPF. La <a href=\"https:\/\/www.moncompteformation.gouv.fr\/espace-prive\/html\/#\/formation\/recherche\" target=\"_blank\" rel=\"noreferrer noopener\" aria-label=\" (s\u2019ouvre dans un nouvel onglet)\">fonctionnalit\u00e9 de recherche<\/a> vous permet de trouver votre formation facilement en mentionnant&nbsp;: <\/p>\n\n\n\n<ul class=\"wp-block-list\"><li>Le m\u00e9tier, la formation ou la comp\u00e9tence recherch\u00e9e<\/li><li>Les modalit\u00e9s de la formation (en pr\u00e9sentiel ou \u00e0 distance). <\/li><\/ul>\n\n\n\n<p>Vous cherchez un <strong>organisme particulier <\/strong>qui n&rsquo;apparait pas sur le site ? Vous pouvez le contacter directement pour qu&rsquo;il saisisse la formation dans le catalogue.<\/p>\n\n\n\n<p>Vous cherchez un organisme particulier qui n&rsquo;apparait pas sur le site&nbsp;? Vous pouvez le contacter directement pour qu&rsquo;il saisisse la formation dans le catalogue.<\/p>\n\n\n\n<p><strong><em>Focus<\/em><\/strong>. Au 13 mai 2020, les salari\u00e9s ont acc\u00e8s \u00e0 241 079 formations, dispens\u00e9es par 13 565 organismes de formation (source&nbsp;: <a href=\"https:\/\/www.caissedesdepots.fr\/blog\/article\/mon-compte-formation-en-periode-de-confinement-chiffres-cles\" target=\"_blank\" rel=\"noreferrer noopener\" aria-label=\" (s\u2019ouvre dans un nouvel onglet)\">Caisse des D\u00e9p\u00f4ts et Consignations<\/a>).<\/p>\n\n\n\n<h4 class=\"wp-block-heading\">Comment choisir entre plusieurs organismes ? <\/h4>\n\n\n\n<p>Votre formation est propos\u00e9e par <strong>plusieurs centres de formations ?<\/strong> Prenez le temps de d\u00e9tailler chaque offre et de les comparer&nbsp;:<\/p>\n\n\n\n<ul class=\"wp-block-list\"><li>Contenu pr\u00e9cis de la formation : programme, plan<\/li><li>Objectifs de la formation : \u00e0 qui s&rsquo;adresse t&rsquo;elle et dans quel but ?<\/li><li>Pr\u00e9requis \u00e9ventuels<\/li><li>Dur\u00e9e de la formation : vous parait-elle suffisante ? Aurez-vous le temps de la suivre ? <\/li><li>Horaires et lieux : sont-ils compatibles avec vos contraintes ? <\/li><li>Nom, qualit\u00e9 et exp\u00e9rience des formateurs <\/li><li>Modalit\u00e9s de suivi : pr\u00e9sentiel, e-learning\u2026.<\/li><li>Modes d&rsquo;\u00e9valuation <\/li><li>Certification ou dipl\u00f4me vis\u00e9s <\/li><li>Tarif, en prenant en compte d&rsquo;\u00e9ventuels co\u00fbts annexes (d\u00e9placement) <\/li><li>etc. <\/li><\/ul>\n\n\n\n<p>Enfin, veillez \u00e9galement \u00e0 choisir un organisme de qualit\u00e9. C&rsquo;est le cas pour ceux d\u00e9j\u00e0 r\u00e9f\u00e9renc\u00e9s sur le site Mon compte Formation. Sinon, vous pouvez faire confiance \u00e0 la nouvelle certification Qualiopi. <\/p>\n\n\n\n<h3 class=\"wp-block-heading\">3- Le Conseil en \u00c9volution Professionnelle (CEP)<\/h3>\n\n\n\n<p>Besoin d\u2019aide, de conseil ou d\u2019informations compl\u00e9mentaires pour choisir votre formation CPF&nbsp;? Pensez au <strong>Conseil en \u00e9volution professionnelle&nbsp;! <\/strong><\/p>\n\n\n\n<p>C\u2019est un service gratuit ouvert \u00e0 tous, quel que soit votre statut (salari\u00e9, ind\u00e9pendant, demandeur d\u2019emploi, etc.). Le CEP propose notamment&nbsp;:  <\/p>\n\n\n\n<ul class=\"wp-block-list\"><li>Des conseils et informations sur les certifications, les formations, etc.<\/li><li>Une aide pour identifier vos besoins, prioriser vos actions, <\/li><li>Un accompagnement pour mieux choisir votre \u00e9volution professionnelle, <\/li><li>Etc.<\/li><\/ul>\n\n\n\n<p>Les entretiens avec votre conseiller peuvent se faire \u00e0 distance ou dans une agence proche de chez vous.  <\/p>\n\n\n\n<p>Vous trouverez toutes les informations utiles sur le site <a href=\"https:\/\/www.mon-service-cep.fr\/region\" target=\"_blank\" rel=\"noreferrer noopener\" aria-label=\" (s\u2019ouvre dans un nouvel onglet)\">Mon Service CEP<\/a>. <\/p>\n\n\n\n<h2 style=\"color:#d10016;\"><strong>Inscription \u00e0 une formation CPF&nbsp;: les d\u00e9marches <\/strong><\/h2>\n\n\n\n<p>Les d\u00e9marches d\u2019inscription sont simples et se font directement en ligne. Voici la marche \u00e0 suivre. <\/p>\n\n\n\n<h3 class=\"wp-block-heading\">Autorisation de l&#8217;employeur en cas de formation sur votre temps de travail <\/h3>\n\n\n\n<p>Si vous souhaitez suivre votre formation en tout ou partie <strong>sur votre temps de travail, <\/strong>l&rsquo;accord de votre employeur est obligatoire. <\/p>\n\n\n\n<p>Pour cela, pr\u00e9sentez-lui une <strong>demande \u00e9crite<\/strong> (lettre recommand\u00e9e avec accus\u00e9 de r\u00e9ception) au moins 60 jours avant le d\u00e9but de la formation. Accompagnez votre demande du programme et du planning de la formation. <\/p>\n\n\n\n<p>Cette demande doit \u00eatre effectu\u00e9e&nbsp;: <\/p>\n\n\n\n<ul class=\"wp-block-list\"><li>Au moins <strong>60 jours<\/strong> avant la formation si elle dure moins de 6 mois <\/li><li>Au moins <strong>120 jours<\/strong> avant pour une dur\u00e9e sup\u00e9rieure<\/li><\/ul>\n\n\n\n<p>L&#8217;employeur dispose ensuite de <strong>30 jours<\/strong> pour vous r\u00e9pondre. En cas d\u2019absence de r\u00e9ponse, celle-ci vaut acceptation. <\/p>\n\n\n\n<p>Vous pouvez cr\u00e9er votre dossier d\u2019inscription selon la proc\u00e9dure d\u00e9crite ci-dessous d\u00e8s r\u00e9ception de l&rsquo;accord. <\/p>\n\n\n\n<p><strong><em>\u00c0 savoir.<\/em><\/strong> Les heures de formation sont alors consid\u00e9r\u00e9es comme du <strong>temps de travail effectif. <\/strong>Vous b\u00e9n\u00e9ficiez du maintien de votre r\u00e9mun\u00e9ration et de la l\u00e9gislation relative aux accidents du travail pendant la dur\u00e9e de votre formation. <\/p>\n\n\n\n<h3 class=\"wp-block-heading\">Remplir et envoyer son dossier d&rsquo;inscription <\/h3>\n\n\n\n<ol>\n<li>Connectez-vous sur votre espace personnel sur <a href=\"https:\/\/www.moncompteformation.gouv.fr\/espace-prive\/html\/#\/compte-utilisateur\/connexion\" target=\"_blank\" rel=\"noopener noreferrer\">Mon Compte formation<\/a> <\/li>\n<li>Trouvez la formation souhait\u00e9e gr\u00e2ce aux conseils pr\u00e9c\u00e9demment cit\u00e9s<\/li>\n<li>Cliquez sur le bouton \u00ab&nbsp;Cr\u00e9er mon dossier d\u2019inscription&nbsp;\u00bb<\/li>\n<li>Renseignez ou compl\u00e9tez les diff\u00e9rentes indications demand\u00e9es&nbsp;: coordonn\u00e9es, informations professionnelles <\/li>\n<li>Cliquer sur \u00ab&nbsp;envoyer mon inscription&nbsp;\u00bb<\/li>\n<li>Vous pourrez ensuite suivre l&rsquo;avanc\u00e9e de votre dossier en ligne gr\u00e2ce \u00e0 un num\u00e9ro d&rsquo;identifiant.<\/li>\n<\/ol>\n\n\n\n<h3 class=\"wp-block-heading\">La r\u00e9ponse de l&rsquo;organisme de formation <\/h3>\n\n\n\n<h4 class=\"wp-block-heading\">D\u00e9lai de r\u00e9ponse <\/h4>\n\n\n\n<p>Le centre de formation a <strong>2 jours<\/strong> pour r\u00e9pondre aux demandes. Dans le cadre d&rsquo;une formation avec des pr\u00e9requis, il accuse d&rsquo;abord r\u00e9ception du dossier dans les 2 jours. Il dispose ensuite de 30 jours pour valider ces pr\u00e9requis avec le salari\u00e9.&nbsp; <\/p>\n\n\n\n<p>\u00c0 d\u00e9faut de r\u00e9ponse dans les 2 jours, le dossier est consid\u00e9r\u00e9 comme refus\u00e9.<\/p>\n\n\n\n<h4 class=\"wp-block-heading\">Acceptation de la formation <\/h4>\n\n\n\n<p>En cas de r\u00e9ponse positive, vous avez <strong>4 jours<\/strong> pour valider d\u00e9finitivement votre dossier&nbsp;: <\/p>\n\n\n\n<ul class=\"wp-block-list\"><li>Relisez et v\u00e9rifiez l&rsquo;ensemble des informations avant de finaliser l\u2019inscription<\/li><li>Donnez votre accord pour utiliser vos droits de formation<\/li><li>R\u00e9glez le reste \u00e0 payer (s&rsquo;il existe) par carte bancaire.<\/li><\/ul>\n\n\n\n<br>\n<table width=\"100%\" cellspacing=\"10\" cellpadding=\"10\" border=\"0\" bgcolor=\"#f6f6f6\">\n<tbody>\n<tr>\n<td style=\"border-left: 15px solid #f6f6f6; border-right: 15px solid #f6f6f6; border-top: 15px solid #f6f6f6;\" bgcolor=\"#f6f6f6\">\n\t<center>\n\t\t<span style=\"font-size: 18px; color: #d10016; font-family:Helvetica;\"><strong>Les formations GERESO \u00e9ligibles au CPF\n\t<\/strong><\/span><br>\n\t<\/center>\n\t\t<br>\n<p>Des <strong>dipl\u00f4mes<\/strong>, des <strong>parcours certifiants<\/strong>, des <strong>blocs de comp\u00e9tences<\/strong> et des <strong>formations courtes<\/strong> dans de nombreux domaines d&rsquo;expertise&nbsp;:<\/p>\n<ul>\n\t<li>Gestion RH, recrutement, comp\u00e9tences et carri\u00e8res<\/li>\n\t<li>Mobilit\u00e9 internationale<\/li>\n\t<li>Formation professionnelle<\/li>\n<li>Droit du travail et relations sociales<\/li>\n<li>Sant\u00e9, s\u00e9curit\u00e9 et qualit\u00e9 de vie au travail<\/li>\n<li>R\u00e9mun\u00e9rations et performance RH<\/li>\n<li>Gestion de la paie<\/li>\n<li>Management de projet, strat\u00e9gie et organisation<\/li>\n<li>Communication, efficacit\u00e9 professionnelle et d\u00e9veloppement personnel<\/li>\n<\/ul>\n\n<table width=\"100%\" border=\"0\">\n  <tbody>\n    <tr>\n<td ;=\"\" bgcolor=\"f6f6f6\"><center>&nbsp;<\/center><\/td>\n\t\t<td ;=\"\" bgcolor=\"#d10016\"><center><a href=\"https:\/\/www.gereso.com\/infos\/le-compte-personnel-formation\/les-formations-eligibles-au-cpf\" target=\"_blank\" style=\"text-decoration:none; color:#ffffff \" rel=\"noopener noreferrer\"><strong>&gt;&nbsp;En savoir plus\u2026<\/strong><\/a><\/center><\/td>\n\n<td ;=\"\" bgcolor=\"f6f6f6\"><center>&nbsp;<\/center><\/td>\n    <\/tr>\n  <\/tbody>\n<\/table>\n\n<\/td>\n<\/tr>\n<\/tbody>\n<\/table>\n\n\n\n<p><\/p>\n","protected":false},"excerpt":{"rendered":"<p>Quelles formations peut-on effectuer dans le cadre du CPF&nbsp;? Pour \u00eatre \u00e9ligibles au CPF, les formations doivent \u00eatre certifiantes et qualifiantes (art.L6323-6 du Code du travail). Il s&rsquo;agit notamment des actions suivantes&nbsp;: Formations inscrites au RNCP (R\u00e9pertoire National des Certifications Professionnelles) Validation de blocs de comp\u00e9tence faisant partie d&rsquo;une certification inscrite au RNCP Certifications et [&hellip;]<\/p>\n","protected":false},"author":32,"featured_media":20507,"comment_status":"open","ping_status":"open","sticky":false,"template":"","format":"standard","meta":{"_acf_changed":false,"_mi_skip_tracking":false,"footnotes":""},"categories":[12,828],"tags":[329,38,1892,46,1324],"class_list":["post-20416","post","type-post","status-publish","format-standard","has-post-thumbnail","hentry","category-actualites","category-formation-professionnelle","tag-cpf","tag-formation","tag-formation-a-distance","tag-formation-professionnelle","tag-organismes-de-formation"],"acf":[],"yoast_head":"<!-- This site is optimized with the Yoast SEO plugin v23.4 - https:\/\/yoast.com\/wordpress\/plugins\/seo\/ -->\n<title>Formation CPF : comment la choisir ? Comment faire sa demande ? - Le Blog GERESO<\/title>\n<meta name=\"robots\" content=\"index, follow, max-snippet:-1, max-image-preview:large, max-video-preview:-1\" \/>\n<link rel=\"canonical\" href=\"https:\/\/www.gereso.com\/actualites\/2021\/04\/08\/formation-cpf-comment-choisir-comment-faire-demande\/\" \/>\n<meta property=\"og:locale\" content=\"fr_FR\" \/>\n<meta property=\"og:type\" content=\"article\" \/>\n<meta property=\"og:title\" content=\"Formation CPF : comment la choisir ? Comment faire sa demande ? - Le Blog GERESO\" \/>\n<meta property=\"og:description\" content=\"Quelles formations peut-on effectuer dans le cadre du CPF&nbsp;? Pour \u00eatre \u00e9ligibles au CPF, les formations doivent \u00eatre certifiantes et qualifiantes (art.L6323-6 du Code du travail). Il s&rsquo;agit notamment des actions suivantes&nbsp;: Formations inscrites au RNCP (R\u00e9pertoire National des Certifications Professionnelles) Validation de blocs de comp\u00e9tence faisant partie d&rsquo;une certification inscrite au RNCP Certifications et [&hellip;]\" \/>\n<meta property=\"og:url\" content=\"https:\/\/www.gereso.com\/actualites\/2021\/04\/08\/formation-cpf-comment-choisir-comment-faire-demande\/\" \/>\n<meta property=\"og:site_name\" content=\"Le Blog GERESO\" \/>\n<meta property=\"article:published_time\" content=\"2021-04-08T08:04:07+00:00\" \/>\n<meta property=\"article:modified_time\" content=\"2021-05-04T07:50:48+00:00\" \/>\n<meta property=\"og:image\" content=\"https:\/\/www.gereso.com\/actualites\/wp-content\/uploads\/2021\/04\/choix-formation-cpf.jpg\" \/>\n\t<meta property=\"og:image:width\" content=\"600\" \/>\n\t<meta property=\"og:image:height\" content=\"400\" \/>\n\t<meta property=\"og:image:type\" content=\"image\/jpeg\" \/>\n<meta name=\"author\" content=\"\u00c9quipe GERESO\" \/>\n<meta name=\"twitter:card\" content=\"summary_large_image\" \/>\n<script type=\"application\/ld+json\" class=\"yoast-schema-graph\">{\"@context\":\"https:\/\/schema.org\",\"@graph\":[{\"@type\":\"WebPage\",\"@id\":\"https:\/\/www.gereso.com\/actualites\/2021\/04\/08\/formation-cpf-comment-choisir-comment-faire-demande\/\",\"url\":\"https:\/\/www.gereso.com\/actualites\/2021\/04\/08\/formation-cpf-comment-choisir-comment-faire-demande\/\",\"name\":\"Formation CPF : comment la choisir ? Comment faire sa demande ? - Le Blog GERESO\",\"isPartOf\":{\"@id\":\"https:\/\/www.gereso.com\/actualites\/#website\"},\"primaryImageOfPage\":{\"@id\":\"https:\/\/www.gereso.com\/actualites\/2021\/04\/08\/formation-cpf-comment-choisir-comment-faire-demande\/#primaryimage\"},\"image\":{\"@id\":\"https:\/\/www.gereso.com\/actualites\/2021\/04\/08\/formation-cpf-comment-choisir-comment-faire-demande\/#primaryimage\"},\"thumbnailUrl\":\"https:\/\/www.gereso.com\/actualites\/wp-content\/uploads\/2021\/04\/choix-formation-cpf.jpg\",\"datePublished\":\"2021-04-08T08:04:07+00:00\",\"dateModified\":\"2021-05-04T07:50:48+00:00\",\"author\":{\"@id\":\"https:\/\/www.gereso.com\/actualites\/#\/schema\/person\/197d8aef40cb4ae3f6a0aa9e1d3df2a6\"},\"breadcrumb\":{\"@id\":\"https:\/\/www.gereso.com\/actualites\/2021\/04\/08\/formation-cpf-comment-choisir-comment-faire-demande\/#breadcrumb\"},\"inLanguage\":\"fr-FR\",\"potentialAction\":[{\"@type\":\"ReadAction\",\"target\":[\"https:\/\/www.gereso.com\/actualites\/2021\/04\/08\/formation-cpf-comment-choisir-comment-faire-demande\/\"]}]},{\"@type\":\"ImageObject\",\"inLanguage\":\"fr-FR\",\"@id\":\"https:\/\/www.gereso.com\/actualites\/2021\/04\/08\/formation-cpf-comment-choisir-comment-faire-demande\/#primaryimage\",\"url\":\"https:\/\/www.gereso.com\/actualites\/wp-content\/uploads\/2021\/04\/choix-formation-cpf.jpg\",\"contentUrl\":\"https:\/\/www.gereso.com\/actualites\/wp-content\/uploads\/2021\/04\/choix-formation-cpf.jpg\",\"width\":600,\"height\":400,\"caption\":\"L'utilisation de votre CPF (Compte Personnel de Formation) peut vous permettre de vous perfectionner dans un domaine, changer de m\u00e9tier ou encore de consolider vos connaissances.\"},{\"@type\":\"BreadcrumbList\",\"@id\":\"https:\/\/www.gereso.com\/actualites\/2021\/04\/08\/formation-cpf-comment-choisir-comment-faire-demande\/#breadcrumb\",\"itemListElement\":[{\"@type\":\"ListItem\",\"position\":1,\"name\":\"Home\",\"item\":\"https:\/\/www.gereso.com\/actualites\/\"},{\"@type\":\"ListItem\",\"position\":2,\"name\":\"Formation CPF : comment la choisir ? Comment faire sa demande ?\"}]},{\"@type\":\"WebSite\",\"@id\":\"https:\/\/www.gereso.com\/actualites\/#website\",\"url\":\"https:\/\/www.gereso.com\/actualites\/\",\"name\":\"Le Blog GERESO\",\"description\":\"Toute l&#039;actu RH, Finance, Fonction Publique, Management...\",\"potentialAction\":[{\"@type\":\"SearchAction\",\"target\":{\"@type\":\"EntryPoint\",\"urlTemplate\":\"https:\/\/www.gereso.com\/actualites\/?s={search_term_string}\"},\"query-input\":{\"@type\":\"PropertyValueSpecification\",\"valueRequired\":true,\"valueName\":\"search_term_string\"}}],\"inLanguage\":\"fr-FR\"},{\"@type\":\"Person\",\"@id\":\"https:\/\/www.gereso.com\/actualites\/#\/schema\/person\/197d8aef40cb4ae3f6a0aa9e1d3df2a6\",\"name\":\"\u00c9quipe GERESO\",\"image\":{\"@type\":\"ImageObject\",\"inLanguage\":\"fr-FR\",\"@id\":\"https:\/\/www.gereso.com\/actualites\/#\/schema\/person\/image\/\",\"url\":\"https:\/\/www.gereso.com\/actualites\/wp-content\/uploads\/2013\/12\/avatar-gereso-1.png\",\"contentUrl\":\"https:\/\/www.gereso.com\/actualites\/wp-content\/uploads\/2013\/12\/avatar-gereso-1.png\",\"caption\":\"\u00c9quipe GERESO\"},\"url\":\"https:\/\/www.gereso.com\/actualites\/author\/gereso\/\"}]}<\/script>\n<!-- \/ Yoast SEO plugin. -->","yoast_head_json":{"title":"Formation CPF : comment la choisir ? Comment faire sa demande ? - Le Blog GERESO","robots":{"index":"index","follow":"follow","max-snippet":"max-snippet:-1","max-image-preview":"max-image-preview:large","max-video-preview":"max-video-preview:-1"},"canonical":"https:\/\/www.gereso.com\/actualites\/2021\/04\/08\/formation-cpf-comment-choisir-comment-faire-demande\/","og_locale":"fr_FR","og_type":"article","og_title":"Formation CPF : comment la choisir ? Comment faire sa demande ? - Le Blog GERESO","og_description":"Quelles formations peut-on effectuer dans le cadre du CPF&nbsp;? Pour \u00eatre \u00e9ligibles au CPF, les formations doivent \u00eatre certifiantes et qualifiantes (art.L6323-6 du Code du travail). Il s&rsquo;agit notamment des actions suivantes&nbsp;: Formations inscrites au RNCP (R\u00e9pertoire National des Certifications Professionnelles) Validation de blocs de comp\u00e9tence faisant partie d&rsquo;une certification inscrite au RNCP Certifications et [&hellip;]","og_url":"https:\/\/www.gereso.com\/actualites\/2021\/04\/08\/formation-cpf-comment-choisir-comment-faire-demande\/","og_site_name":"Le Blog GERESO","article_published_time":"2021-04-08T08:04:07+00:00","article_modified_time":"2021-05-04T07:50:48+00:00","og_image":[{"width":600,"height":400,"url":"https:\/\/www.gereso.com\/actualites\/wp-content\/uploads\/2021\/04\/choix-formation-cpf.jpg","type":"image\/jpeg"}],"author":"\u00c9quipe GERESO","twitter_card":"summary_large_image","schema":{"@context":"https:\/\/schema.org","@graph":[{"@type":"WebPage","@id":"https:\/\/www.gereso.com\/actualites\/2021\/04\/08\/formation-cpf-comment-choisir-comment-faire-demande\/","url":"https:\/\/www.gereso.com\/actualites\/2021\/04\/08\/formation-cpf-comment-choisir-comment-faire-demande\/","name":"Formation CPF : comment la choisir ? Comment faire sa demande ? - Le Blog GERESO","isPartOf":{"@id":"https:\/\/www.gereso.com\/actualites\/#website"},"primaryImageOfPage":{"@id":"https:\/\/www.gereso.com\/actualites\/2021\/04\/08\/formation-cpf-comment-choisir-comment-faire-demande\/#primaryimage"},"image":{"@id":"https:\/\/www.gereso.com\/actualites\/2021\/04\/08\/formation-cpf-comment-choisir-comment-faire-demande\/#primaryimage"},"thumbnailUrl":"https:\/\/www.gereso.com\/actualites\/wp-content\/uploads\/2021\/04\/choix-formation-cpf.jpg","datePublished":"2021-04-08T08:04:07+00:00","dateModified":"2021-05-04T07:50:48+00:00","author":{"@id":"https:\/\/www.gereso.com\/actualites\/#\/schema\/person\/197d8aef40cb4ae3f6a0aa9e1d3df2a6"},"breadcrumb":{"@id":"https:\/\/www.gereso.com\/actualites\/2021\/04\/08\/formation-cpf-comment-choisir-comment-faire-demande\/#breadcrumb"},"inLanguage":"fr-FR","potentialAction":[{"@type":"ReadAction","target":["https:\/\/www.gereso.com\/actualites\/2021\/04\/08\/formation-cpf-comment-choisir-comment-faire-demande\/"]}]},{"@type":"ImageObject","inLanguage":"fr-FR","@id":"https:\/\/www.gereso.com\/actualites\/2021\/04\/08\/formation-cpf-comment-choisir-comment-faire-demande\/#primaryimage","url":"https:\/\/www.gereso.com\/actualites\/wp-content\/uploads\/2021\/04\/choix-formation-cpf.jpg","contentUrl":"https:\/\/www.gereso.com\/actualites\/wp-content\/uploads\/2021\/04\/choix-formation-cpf.jpg","width":600,"height":400,"caption":"L'utilisation de votre CPF (Compte Personnel de Formation) peut vous permettre de vous perfectionner dans un domaine, changer de m\u00e9tier ou encore de consolider vos connaissances."},{"@type":"BreadcrumbList","@id":"https:\/\/www.gereso.com\/actualites\/2021\/04\/08\/formation-cpf-comment-choisir-comment-faire-demande\/#breadcrumb","itemListElement":[{"@type":"ListItem","position":1,"name":"Home","item":"https:\/\/www.gereso.com\/actualites\/"},{"@type":"ListItem","position":2,"name":"Formation CPF : comment la choisir ? Comment faire sa demande ?"}]},{"@type":"WebSite","@id":"https:\/\/www.gereso.com\/actualites\/#website","url":"https:\/\/www.gereso.com\/actualites\/","name":"Le Blog GERESO","description":"Toute l&#039;actu RH, Finance, Fonction Publique, Management...","potentialAction":[{"@type":"SearchAction","target":{"@type":"EntryPoint","urlTemplate":"https:\/\/www.gereso.com\/actualites\/?s={search_term_string}"},"query-input":{"@type":"PropertyValueSpecification","valueRequired":true,"valueName":"search_term_string"}}],"inLanguage":"fr-FR"},{"@type":"Person","@id":"https:\/\/www.gereso.com\/actualites\/#\/schema\/person\/197d8aef40cb4ae3f6a0aa9e1d3df2a6","name":"\u00c9quipe GERESO","image":{"@type":"ImageObject","inLanguage":"fr-FR","@id":"https:\/\/www.gereso.com\/actualites\/#\/schema\/person\/image\/","url":"https:\/\/www.gereso.com\/actualites\/wp-content\/uploads\/2013\/12\/avatar-gereso-1.png","contentUrl":"https:\/\/www.gereso.com\/actualites\/wp-content\/uploads\/2013\/12\/avatar-gereso-1.png","caption":"\u00c9quipe GERESO"},"url":"https:\/\/www.gereso.com\/actualites\/author\/gereso\/"}]}},"_links":{"self":[{"href":"https:\/\/www.gereso.com\/actualites\/wp-json\/wp\/v2\/posts\/20416","targetHints":{"allow":["GET"]}}],"collection":[{"href":"https:\/\/www.gereso.com\/actualites\/wp-json\/wp\/v2\/posts"}],"about":[{"href":"https:\/\/www.gereso.com\/actualites\/wp-json\/wp\/v2\/types\/post"}],"author":[{"embeddable":true,"href":"https:\/\/www.gereso.com\/actualites\/wp-json\/wp\/v2\/users\/32"}],"replies":[{"embeddable":true,"href":"https:\/\/www.gereso.com\/actualites\/wp-json\/wp\/v2\/comments?post=20416"}],"version-history":[{"count":107,"href":"https:\/\/www.gereso.com\/actualites\/wp-json\/wp\/v2\/posts\/20416\/revisions"}],"predecessor-version":[{"id":21316,"href":"https:\/\/www.gereso.com\/actualites\/wp-json\/wp\/v2\/posts\/20416\/revisions\/21316"}],"wp:featuredmedia":[{"embeddable":true,"href":"https:\/\/www.gereso.com\/actualites\/wp-json\/wp\/v2\/media\/20507"}],"wp:attachment":[{"href":"https:\/\/www.gereso.com\/actualites\/wp-json\/wp\/v2\/media?parent=20416"}],"wp:term":[{"taxonomy":"category","embeddable":true,"href":"https:\/\/www.gereso.com\/actualites\/wp-json\/wp\/v2\/categories?post=20416"},{"taxonomy":"post_tag","embeddable":true,"href":"https:\/\/www.gereso.com\/actualites\/wp-json\/wp\/v2\/tags?post=20416"}],"curies":[{"name":"wp","href":"https:\/\/api.w.org\/{rel}","templated":true}]}}