{"id":2043,"date":"2010-03-10T00:00:00","date_gmt":"2010-03-09T22:00:00","guid":{"rendered":"https:\/\/www.gereso.com\/actualites\/2010\/03\/jai-mal-au-travail\/"},"modified":"2010-03-10T00:00:00","modified_gmt":"2010-03-09T22:00:00","slug":"jai-mal-au-travail","status":"publish","type":"post","link":"https:\/\/www.gereso.com\/actualites\/2010\/03\/10\/jai-mal-au-travail\/","title":{"rendered":"&quot;J&#039;ai mal au travail&quot;"},"content":{"rendered":"<p><b>Par Jean-Paul Bernadat, consultant formateur chez C3S en pr\u00e9vention des risques professionnels et ergonomie.<\/b><\/p>\n<p align=\"justify\">Si le stress au travail n&rsquo;est pas un ph\u00e9nom\u00e8ne nouveau, les \u00ab\u00a0risques psychosociaux\u00a0\u00bb, entendez par l\u00e0 stress, incivilit\u00e9s ou harc\u00e8lement, apparaissent progressivement. Ses manifestations et leurs cons\u00e9quences&nbsp;? mais surtout, sa visibilit\u00e9 se sont accrues !<\/p>\n<p align=\"justify\">Ainsi, au niveau europ\u00e9en, pr\u00e8s d&rsquo;un tiers des travailleurs estime que sa sant\u00e9 est affect\u00e9e par le stress ressenti sur le lieu de travail. En France, les consultations pour risque psychosocial sont devenues il y trois ans, la premi\u00e8re cause de consultation pour pathologie professionnelle.<\/p>\n<p align=\"justify\">Il devient donc n\u00e9cessaire de reconna\u00eetre l&rsquo;existence des risques psychosociaux (charge de travail, conflit, harc\u00e8lement, &#8230;), comme des risques pr\u00e9sents dans l&rsquo;organisation au m\u00eame titre que les risques techniques, m\u00e9caniques ou chimiques.<\/p>\n<p align=\"justify\">Les impacts se font en effet sentir dans la soci\u00e9t\u00e9, les organisations et aupr\u00e8s des individus dans tous les secteurs \u00e9conomiques.<\/p>\n<h3 style=\"TEXT-ALIGN: justify\"><b>Le travail, source d&rsquo;\u00e9panouissement<\/b><\/h3>\n<p align=\"justify\">Depuis de nombreuses ann\u00e9es, les \u00e9volutions du travail et de la soci\u00e9t\u00e9 ont diverg\u00e9, augmentant ainsi la tension entre les entreprises et les salari\u00e9s. En France notamment, la fiert\u00e9 du travail bien fait occupe une place importante. Le m\u00e9tier n&rsquo;est pas qu&rsquo;une source de r\u00e9mun\u00e9ration : il est partie prenante de l&rsquo;\u00e9panouissement personnel, de l&rsquo;int\u00e9gration et du lien social. Dans ce contexte, il para\u00eet indispensable de repenser les modes de management, d&rsquo;organisation et de vie sociale dans l&rsquo;entreprise qui permettent de cr\u00e9er un nouvel \u00e9quilibre, int\u00e9grant la performance tant sociale qu&rsquo;\u00e9conomique. <\/p>\n<p align=\"justify\">Si l&rsquo;entreprise ne fait pas toujours partie du probl\u00e8me, elle fait toujours partie des solutions !<\/p>\n<h3 style=\"TEXT-ALIGN: justify\"><b>Quelques pistes pour agir<\/b>\u00a0<\/h3>\n<li>Mieux comprendre les causes profondes de ce qui se joue entre le salari\u00e9 et son travail<\/li>\n<li>Savoir \u00e9tablir un \u00e9tat des lieux et un diagnostic avec les partenaires sociaux et les salari\u00e9s (qui permettent d&rsquo;enrichir le document unique).<\/li>\n<li>Travailler ensemble un plan d&rsquo;action valid\u00e9 par tous en donnant la priorit\u00e9 \u00e0 la pr\u00e9vention primaire.<\/li>\n","protected":false},"excerpt":{"rendered":"<p>Par Jean-Paul Bernadat, consultant formateur chez C3S en pr\u00e9vention des risques professionnels et ergonomie. Si le stress au travail n&rsquo;est pas un ph\u00e9nom\u00e8ne nouveau, les \u00ab\u00a0risques psychosociaux\u00a0\u00bb, entendez par l\u00e0 stress, incivilit\u00e9s ou harc\u00e8lement, apparaissent progressivement. Ses manifestations et leurs cons\u00e9quences&nbsp;? mais surtout, sa visibilit\u00e9 se sont accrues ! Ainsi, au niveau europ\u00e9en, pr\u00e8s d&rsquo;un [&hellip;]<\/p>\n","protected":false},"author":32,"featured_media":0,"comment_status":"open","ping_status":"open","sticky":false,"template":"","format":"standard","meta":{"_acf_changed":false,"_mi_skip_tracking":false,"footnotes":""},"categories":[6],"tags":[],"class_list":["post-2043","post","type-post","status-publish","format-standard","hentry","category-fonction-publique"],"acf":[],"yoast_head":"<!-- This site is optimized with the Yoast SEO plugin v23.4 - https:\/\/yoast.com\/wordpress\/plugins\/seo\/ -->\n<title>&quot;J&#039;ai mal au travail&quot; - Le Blog GERESO<\/title>\n<meta name=\"robots\" content=\"index, follow, max-snippet:-1, max-image-preview:large, max-video-preview:-1\" \/>\n<link rel=\"canonical\" href=\"https:\/\/www.gereso.com\/actualites\/2010\/03\/10\/jai-mal-au-travail\/\" \/>\n<meta property=\"og:locale\" content=\"fr_FR\" \/>\n<meta property=\"og:type\" content=\"article\" \/>\n<meta property=\"og:title\" content=\"&quot;J&#039;ai mal au travail&quot; - Le Blog GERESO\" \/>\n<meta property=\"og:description\" content=\"Par Jean-Paul Bernadat, consultant formateur chez C3S en pr\u00e9vention des risques professionnels et ergonomie. Si le stress au travail n&rsquo;est pas un ph\u00e9nom\u00e8ne nouveau, les \u00ab\u00a0risques psychosociaux\u00a0\u00bb, entendez par l\u00e0 stress, incivilit\u00e9s ou harc\u00e8lement, apparaissent progressivement. Ses manifestations et leurs cons\u00e9quences&nbsp;? mais surtout, sa visibilit\u00e9 se sont accrues ! Ainsi, au niveau europ\u00e9en, pr\u00e8s d&rsquo;un [&hellip;]\" \/>\n<meta property=\"og:url\" content=\"https:\/\/www.gereso.com\/actualites\/2010\/03\/10\/jai-mal-au-travail\/\" \/>\n<meta property=\"og:site_name\" content=\"Le Blog GERESO\" \/>\n<meta property=\"article:published_time\" content=\"2010-03-09T22:00:00+00:00\" \/>\n<meta name=\"author\" content=\"\u00c9quipe GERESO\" \/>\n<meta name=\"twitter:card\" content=\"summary_large_image\" \/>\n<script type=\"application\/ld+json\" class=\"yoast-schema-graph\">{\"@context\":\"https:\/\/schema.org\",\"@graph\":[{\"@type\":\"WebPage\",\"@id\":\"https:\/\/www.gereso.com\/actualites\/2010\/03\/10\/jai-mal-au-travail\/\",\"url\":\"https:\/\/www.gereso.com\/actualites\/2010\/03\/10\/jai-mal-au-travail\/\",\"name\":\"&quot;J&#039;ai mal au travail&quot; - Le Blog GERESO\",\"isPartOf\":{\"@id\":\"https:\/\/www.gereso.com\/actualites\/#website\"},\"datePublished\":\"2010-03-09T22:00:00+00:00\",\"dateModified\":\"2010-03-09T22:00:00+00:00\",\"author\":{\"@id\":\"https:\/\/www.gereso.com\/actualites\/#\/schema\/person\/197d8aef40cb4ae3f6a0aa9e1d3df2a6\"},\"breadcrumb\":{\"@id\":\"https:\/\/www.gereso.com\/actualites\/2010\/03\/10\/jai-mal-au-travail\/#breadcrumb\"},\"inLanguage\":\"fr-FR\",\"potentialAction\":[{\"@type\":\"ReadAction\",\"target\":[\"https:\/\/www.gereso.com\/actualites\/2010\/03\/10\/jai-mal-au-travail\/\"]}]},{\"@type\":\"BreadcrumbList\",\"@id\":\"https:\/\/www.gereso.com\/actualites\/2010\/03\/10\/jai-mal-au-travail\/#breadcrumb\",\"itemListElement\":[{\"@type\":\"ListItem\",\"position\":1,\"name\":\"Home\",\"item\":\"https:\/\/www.gereso.com\/actualites\/\"},{\"@type\":\"ListItem\",\"position\":2,\"name\":\"&quot;J&#039;ai mal au travail&quot;\"}]},{\"@type\":\"WebSite\",\"@id\":\"https:\/\/www.gereso.com\/actualites\/#website\",\"url\":\"https:\/\/www.gereso.com\/actualites\/\",\"name\":\"Le Blog GERESO\",\"description\":\"Toute l&#039;actu RH, Finance, Fonction Publique, Management...\",\"potentialAction\":[{\"@type\":\"SearchAction\",\"target\":{\"@type\":\"EntryPoint\",\"urlTemplate\":\"https:\/\/www.gereso.com\/actualites\/?s={search_term_string}\"},\"query-input\":{\"@type\":\"PropertyValueSpecification\",\"valueRequired\":true,\"valueName\":\"search_term_string\"}}],\"inLanguage\":\"fr-FR\"},{\"@type\":\"Person\",\"@id\":\"https:\/\/www.gereso.com\/actualites\/#\/schema\/person\/197d8aef40cb4ae3f6a0aa9e1d3df2a6\",\"name\":\"\u00c9quipe GERESO\",\"image\":{\"@type\":\"ImageObject\",\"inLanguage\":\"fr-FR\",\"@id\":\"https:\/\/www.gereso.com\/actualites\/#\/schema\/person\/image\/\",\"url\":\"https:\/\/www.gereso.com\/actualites\/wp-content\/uploads\/2013\/12\/avatar-gereso-1.png\",\"contentUrl\":\"https:\/\/www.gereso.com\/actualites\/wp-content\/uploads\/2013\/12\/avatar-gereso-1.png\",\"caption\":\"\u00c9quipe GERESO\"},\"url\":\"https:\/\/www.gereso.com\/actualites\/author\/gereso\/\"}]}<\/script>\n<!-- \/ Yoast SEO plugin. -->","yoast_head_json":{"title":"&quot;J&#039;ai mal au travail&quot; - Le Blog GERESO","robots":{"index":"index","follow":"follow","max-snippet":"max-snippet:-1","max-image-preview":"max-image-preview:large","max-video-preview":"max-video-preview:-1"},"canonical":"https:\/\/www.gereso.com\/actualites\/2010\/03\/10\/jai-mal-au-travail\/","og_locale":"fr_FR","og_type":"article","og_title":"&quot;J&#039;ai mal au travail&quot; - Le Blog GERESO","og_description":"Par Jean-Paul Bernadat, consultant formateur chez C3S en pr\u00e9vention des risques professionnels et ergonomie. Si le stress au travail n&rsquo;est pas un ph\u00e9nom\u00e8ne nouveau, les \u00ab\u00a0risques psychosociaux\u00a0\u00bb, entendez par l\u00e0 stress, incivilit\u00e9s ou harc\u00e8lement, apparaissent progressivement. Ses manifestations et leurs cons\u00e9quences&nbsp;? mais surtout, sa visibilit\u00e9 se sont accrues ! Ainsi, au niveau europ\u00e9en, pr\u00e8s d&rsquo;un [&hellip;]","og_url":"https:\/\/www.gereso.com\/actualites\/2010\/03\/10\/jai-mal-au-travail\/","og_site_name":"Le Blog GERESO","article_published_time":"2010-03-09T22:00:00+00:00","author":"\u00c9quipe GERESO","twitter_card":"summary_large_image","schema":{"@context":"https:\/\/schema.org","@graph":[{"@type":"WebPage","@id":"https:\/\/www.gereso.com\/actualites\/2010\/03\/10\/jai-mal-au-travail\/","url":"https:\/\/www.gereso.com\/actualites\/2010\/03\/10\/jai-mal-au-travail\/","name":"&quot;J&#039;ai mal au travail&quot; - Le Blog GERESO","isPartOf":{"@id":"https:\/\/www.gereso.com\/actualites\/#website"},"datePublished":"2010-03-09T22:00:00+00:00","dateModified":"2010-03-09T22:00:00+00:00","author":{"@id":"https:\/\/www.gereso.com\/actualites\/#\/schema\/person\/197d8aef40cb4ae3f6a0aa9e1d3df2a6"},"breadcrumb":{"@id":"https:\/\/www.gereso.com\/actualites\/2010\/03\/10\/jai-mal-au-travail\/#breadcrumb"},"inLanguage":"fr-FR","potentialAction":[{"@type":"ReadAction","target":["https:\/\/www.gereso.com\/actualites\/2010\/03\/10\/jai-mal-au-travail\/"]}]},{"@type":"BreadcrumbList","@id":"https:\/\/www.gereso.com\/actualites\/2010\/03\/10\/jai-mal-au-travail\/#breadcrumb","itemListElement":[{"@type":"ListItem","position":1,"name":"Home","item":"https:\/\/www.gereso.com\/actualites\/"},{"@type":"ListItem","position":2,"name":"&quot;J&#039;ai mal au travail&quot;"}]},{"@type":"WebSite","@id":"https:\/\/www.gereso.com\/actualites\/#website","url":"https:\/\/www.gereso.com\/actualites\/","name":"Le Blog GERESO","description":"Toute l&#039;actu RH, Finance, Fonction Publique, Management...","potentialAction":[{"@type":"SearchAction","target":{"@type":"EntryPoint","urlTemplate":"https:\/\/www.gereso.com\/actualites\/?s={search_term_string}"},"query-input":{"@type":"PropertyValueSpecification","valueRequired":true,"valueName":"search_term_string"}}],"inLanguage":"fr-FR"},{"@type":"Person","@id":"https:\/\/www.gereso.com\/actualites\/#\/schema\/person\/197d8aef40cb4ae3f6a0aa9e1d3df2a6","name":"\u00c9quipe GERESO","image":{"@type":"ImageObject","inLanguage":"fr-FR","@id":"https:\/\/www.gereso.com\/actualites\/#\/schema\/person\/image\/","url":"https:\/\/www.gereso.com\/actualites\/wp-content\/uploads\/2013\/12\/avatar-gereso-1.png","contentUrl":"https:\/\/www.gereso.com\/actualites\/wp-content\/uploads\/2013\/12\/avatar-gereso-1.png","caption":"\u00c9quipe GERESO"},"url":"https:\/\/www.gereso.com\/actualites\/author\/gereso\/"}]}},"_links":{"self":[{"href":"https:\/\/www.gereso.com\/actualites\/wp-json\/wp\/v2\/posts\/2043","targetHints":{"allow":["GET"]}}],"collection":[{"href":"https:\/\/www.gereso.com\/actualites\/wp-json\/wp\/v2\/posts"}],"about":[{"href":"https:\/\/www.gereso.com\/actualites\/wp-json\/wp\/v2\/types\/post"}],"author":[{"embeddable":true,"href":"https:\/\/www.gereso.com\/actualites\/wp-json\/wp\/v2\/users\/32"}],"replies":[{"embeddable":true,"href":"https:\/\/www.gereso.com\/actualites\/wp-json\/wp\/v2\/comments?post=2043"}],"version-history":[{"count":0,"href":"https:\/\/www.gereso.com\/actualites\/wp-json\/wp\/v2\/posts\/2043\/revisions"}],"wp:attachment":[{"href":"https:\/\/www.gereso.com\/actualites\/wp-json\/wp\/v2\/media?parent=2043"}],"wp:term":[{"taxonomy":"category","embeddable":true,"href":"https:\/\/www.gereso.com\/actualites\/wp-json\/wp\/v2\/categories?post=2043"},{"taxonomy":"post_tag","embeddable":true,"href":"https:\/\/www.gereso.com\/actualites\/wp-json\/wp\/v2\/tags?post=2043"}],"curies":[{"name":"wp","href":"https:\/\/api.w.org\/{rel}","templated":true}]}}