{"id":2047,"date":"2010-04-12T00:00:00","date_gmt":"2010-04-11T22:00:00","guid":{"rendered":"https:\/\/www.gereso.com\/actualites\/2010\/04\/risque-psychosocial-des-pistes-pour-le-reduire\/"},"modified":"2010-04-12T00:00:00","modified_gmt":"2010-04-11T22:00:00","slug":"risque-psychosocial-des-pistes-pour-le-reduire","status":"publish","type":"post","link":"https:\/\/www.gereso.com\/actualites\/2010\/04\/12\/risque-psychosocial-des-pistes-pour-le-reduire\/","title":{"rendered":"Risque psychosocial : Des pistes pour le r\u00e9duire"},"content":{"rendered":"<p> La notion de \u00ab\u00a0risquepsychosocial\u00a0\u00bb fait fort\u00a0!\u00a0Deux petites ann\u00e9es d&rsquo;existence seulement et il occupe d\u00e9j\u00e0 une grandeplace sur le terrain m\u00e9diatique. En cause, notamment, les nombreux cas desuicide survenus dans de grandes entreprises hexagonales&nbsp;? Maurice Li\u00e9geois,psychologue clinicien et consultant-formateur chez notre partenaire C3S met engarde les entreprises sur sa minimisation.   <\/p>\n<li><b>Entre 400 et 600 suicides par an dus autravail\u00a0!<\/b><\/li>\n<li><b>N\u00e9cessit\u00e9 de sensibiliser tous les acteursde l&rsquo;entreprise<\/b><\/li>\n<li><b>Entreprises\u00a0: \u00e0 vous de jouer\u00a0!<\/b><\/li>\n<h4><b>C3S\u00a0: L&rsquo;apparition du terme \u00ab risquespsychosociaux\u00a0\u00bb\u00a0est r\u00e9cente, comment la d\u00e9finiriez- vous&nbsp;?<\/b><\/h4>\n<p><b>Maurice LIEGEOIS\u00a0:<\/b> En effet, celle-ci a\u00e9merg\u00e9 petit \u00e0 petit dans le monde du travail avec la mise en place del&rsquo;organisation scientifique du travail et des outils technologiques en rapportavec l&rsquo;informatique, notamment. Ainsi, le travail dans certaines conditionspeut entra\u00eener des pathologies mentales. L&rsquo;expression \u00ab\u00a0risquepsychosocial\u00a0\u00bb rapproche deux champs d&rsquo;observations qui, de mon point devue, s&rsquo;inscrivent dans le registre de la sant\u00e9 mentale, c&rsquo;est-\u00e0-dire lapr\u00e9servation et le maintien de notre \u00e9quilibre psychologique, relationnel etaffectif dans la vie quotidienne, priv\u00e9e ou professionnelle? Sans oublier biens\u00fbr la sant\u00e9 physique\u00a0!<\/p>\n<p>Cette expression de \u00ab\u00a0risquepsychosocial\u00a0\u00bb, largement usit\u00e9e, parfois employ\u00e9e \u00e0 tort, nous fait doncsavoir qu&rsquo;il y a des risques dans la vie professionnelle qui peuvent \u00eatre dedeux ordres\u00a0:<\/p>\n<p>&#8211; Les premiers sont des <b>risques d&rsquo;ordrepsychologique<\/b>,c&rsquo;est-\u00e0-dire qu&rsquo;ils peuvent affecter notre \u00e9quilibre psychologique, noscapacit\u00e9s relationnelles et \u00e9motionnelles, et nos modes de r\u00e9ponses dans dessituations difficiles\u00a0: gestion des situations critiques dansl&rsquo;entreprise, gestion des conflits, d\u00e9localisation, licenciement, gestion dustress, gestion de sa propre existence&#8230; Et provoquer un certain nombre demanifestations\u00a0: d\u00e9stabilisation \u00e9motionnelle du salari\u00e9, souffrancepsychique, anxi\u00e9t\u00e9 chronique, crise d&rsquo;angoisse, \u00e9tat d\u00e9pressif, d\u00e9pression,somatisations diverses et \u00e9tat suicidaire avec risques de passage \u00e0 l&rsquo;acte. <\/p>\n<p>Pour rappel, entre 400 et 600 suicides chaqueann\u00e9e sont en lien avec le travail\u00a0!<\/p>\n<p>&#8211; Les seconds sont des <b>risques d&rsquo;ordresociologiques<\/b> au sens de climat social et de relations entre tous les acteurs del&rsquo;entreprise. <\/p>\n<p>Ces relations sociales sont tr\u00e8s complexes, maisn\u00e9cessaires au bon fonctionnement de l&rsquo;entreprise, tant au niveau horizontalque vertical. Si ces relations dysfonctionnent, alors les liens sociaux entreles salari\u00e9s vont \u00eatre fortement perturb\u00e9s\u00a0: perte de la notion de groupeet d&rsquo;\u00e9quipe de travail, d\u00e9rapage vers une individuation relationnelle dans letravail (chacun travail \u00ab\u00a0personnel\u00a0\u00bb), de moins de moins de placepour la parole chaleureuse, d&rsquo;encouragement ou de sens. La fraternit\u00e9 dans lemonde du travail tend \u00e0 s&rsquo;amenuiser au profit d&rsquo;une parole fonctionnelle,parfois manifest\u00e9e par des modes de management anxiog\u00e8nes pour ne pas direpathog\u00e8nes?<\/p>\n<p>Si rien n&rsquo;est fait, si les situations ne sontpas\u00a0identifi\u00e9es et si les probl\u00e8mes ne sont pas trait\u00e9s, alors il va semettre en mouvement un ph\u00e9nom\u00e8ne de boucle destructrice et pathog\u00e8ne, qui vaaller en s&rsquo;amplifiant et \u00e9chapper \u00e0 tout contr\u00f4le, entre les manifestations desouffrance psychologique et la perte de la parole d&rsquo;encouragement.<\/p>\n<p>La souffrance psychologique r\u00e9duit l&rsquo;expressionde la parole et de l&rsquo;\u00e9coute entre les salari\u00e9s, mais la r\u00e9duction de l&rsquo;\u00e9couteet de la parole chaleureuse alimente la souffrance psychique&nbsp;? Et les salari\u00e9sles plus vuln\u00e9rables et les plus fragiles pour diverses raisons vont glisservers des tableaux psychopathologiques et des contres attitudesprofessionnelles, tr\u00e8s pr\u00e9judiciables aux salari\u00e9s et \u00e0 l&rsquo;entreprise\u00a0!Sachant \u00e9galement que nous trimbalons tous une histoire personnelle plus oumoins bien \u00ab\u00a0dig\u00e9r\u00e9e\u00a0\u00bb, c&rsquo;est-\u00e0-dire plus ou moins bien int\u00e9gr\u00e9e,reposant sur notre personnalit\u00e9, notre caract\u00e8re et notre temp\u00e9rament.<\/p>\n<p>\u00c0 noter que ce sont bien souvent les personnesles plus investies dans leur travail qui vont \u00ab\u00a0d\u00e9compenser\u00a0\u00bb lespremi\u00e8res.<\/p>\n<h4><b>Quels sont les moyenspour les d\u00e9pister\u00a0?<\/b><\/h4>\n<p>Il existe des outils pour d\u00e9pister ces risquespsychosociaux, mais cela n\u00e9cessite avant tout de faire des constats, desobservations ou des enqu\u00eates. Il est bien de partir du terrain, m\u00eame si parfoiscette r\u00e9alit\u00e9 nous d\u00e9range&nbsp;? En effet, il existe des m\u00e9canismes de d\u00e9fenseinconscients qui font en sorte que des personnes responsables vont mettre enplace d&rsquo;une mani\u00e8re totalement inconsciente des d\u00e9fenses sur le mode de lan\u00e9gation&#8230; C&rsquo;est-\u00e0-dire qu&rsquo;elles vont nier la r\u00e9alit\u00e9 telle qu&rsquo;elle est\u00a0!Ce sont des comportements de protection individuelle et de pr\u00e9servation denotre \u00e9quilibre et sont bien connus des psychologues.<\/p>\n<p>Si la r\u00e9alit\u00e9 de la souffrance psychique dessalari\u00e9s est ni\u00e9e, si le harc\u00e8lement psychologique ou \u00ab\u00a0mobbing\u00a0\u00bbl&rsquo;est aussi, si certains modes de managements anxiog\u00e8nes sont ignor\u00e9s ou lessituations stressantes minimis\u00e9es&#8230; Alors rien ne sera fait et les d\u00e9g\u00e2ts psychiquescontinueront \u00e0 alimenter les m\u00e9dias\u00a0! De mon point de vue, il n&rsquo;est pasquestion de faire une \u00ab\u00a0chasse aux sorci\u00e8res \u00bb, mais seulement avoirl&rsquo;audace, le courage, le d\u00e9sir et les moyens de mettre les informations \u00e0 platspour travailler en commun sur ces situations.<\/p>\n<p>Donnons quelques exemples de moyens simples pourillustrer:<\/p>\n<p><b>&#8211; Sortir du d\u00e9ni<\/b> pour affronterl&rsquo;existant, le r\u00e9el, faire l&rsquo;inventaire des situations probl\u00e9matiques, faire lebilan avec le d\u00e9sir profond de chercher ensemble des solutions, avec objectif,but et finalit\u00e9<\/p>\n<p><b>&#8211; Sensibiliser tous les acteurs del&rsquo;entreprise <\/b>par des r\u00e9unions courtes avec d\u00e9bat pour accro\u00eetre leurs connaissances sur lasouffrance psychologique et le concept de sant\u00e9 mentale au travail.<\/p>\n<p><b>&#8211; Proposer aux m\u00e9decins du travail,infirmi\u00e8res de sant\u00e9 au travail, assistantes sociales<\/b>, membres des CHSCT, et\u00e0 certains DRH\/RH, des formations bien cibl\u00e9es sur les manifestations de lasouffrance psychique sur le lieu du travail et leurs cons\u00e9quences sur la sant\u00e9des salari\u00e9s\u00a0: pathologies et psychopathologies, stress, troubles ducomportement et de la communication intra entreprise, incidence des contresattitudes sur la production et la qualit\u00e9, ambiance anxiog\u00e8ne, perte de lafraternit\u00e9, absent\u00e9isme&#8230;<\/p>\n<p>Il me semble \u00e9galement tr\u00e8s important deproposer \u00e0 ces professionnels de la sant\u00e9 des groupes de parole, d&rsquo;analyse depratique ou de supervision afin de cr\u00e9dibiliser leurs pratiques et l\u00e9gitimerleurs interventions de defusing \/ d\u00e9briefing, en p\u00e9riode de crise.<\/p>\n<p><b>&#8211; Proposer aux managers<\/b> des formations surl&rsquo;identification des signes de souffrance psychique dans l&rsquo;optique d&rsquo;engagerune \u00e9coute d&rsquo;orientation des salari\u00e9s en difficult\u00e9 et de se rapprocher desinfirmi\u00e8res en sant\u00e9 au travail pour une orientation vers dessp\u00e9cialistes\u00a0: m\u00e9decins traitants, m\u00e9decins psychiatres, psychologues,psychoth\u00e9rapeutes, relaxologues, soins psycho corporels, kin\u00e9sith\u00e9rapeutes,groupes de soutien psychologique&nbsp;?<\/p>\n<p><b>&#8211; \u00c9laborer une politique de formationconcert\u00e9e<\/b> et centr\u00e9e sur la souffrance psychique au travail\u00a0: Formations longues oucourtes, conf\u00e9rences cibl\u00e9es, mini conf\u00e9rences, groupes de travail avec desvolontaires, campagne d&rsquo;information, journal interne sp\u00e9cifique, supports audiovisuel consultable sur ordinateur, informations actualis\u00e9es en directe sur lesr\u00e9seaux informatiques internes?<\/p>\n<p><b>&#8211; Cr\u00e9er une commission charg\u00e9e d&rsquo;\u00e9couter,entendre, et recueillir des t\u00e9moignages<\/b><b>\u00ab\u00a0bruts\u00a0\u00bb<\/b> de situations desouffrance psychique de certains salari\u00e9s. Avec la possibilit\u00e9 d&rsquo;utiliser desgrilles existantes ou d&rsquo;en \u00e9laborer des plus sp\u00e9cifiques. Cette commissiondevra bien s\u00fbr b\u00e9n\u00e9ficier d&rsquo;un minimum de formation et d&rsquo;accompagnement dans lete<br \/>\nmps pour \u00eatre op\u00e9rationnelle, cr\u00e9dible et obtenir sa l\u00e9gitimit\u00e9.<\/p>\n<p><b>&#8211; Donner des moyens humains, logistiques etfinanciers <\/b>aux services m\u00e9dicosociaux au sein des entreprises, aller dans le sens d&rsquo;unrapprochement de la production et des services sociaux et apprendre \u00e0 cesservices \u00e0 travailler ensemble dans l&rsquo;int\u00e9r\u00eat des salari\u00e9s, donc de laproduction.<\/p>\n<h4><b>Quels r\u00f4les peutjouer l&#8217;employeur vis-\u00e0-vis de la souffrance au travail\u00a0?<\/b><\/h4>\n<p>L&rsquo;entreprise a certainement plusieurs r\u00f4les \u00e0jouer, \u00e0 condition qu&rsquo;elle accepte de ne pas s&rsquo;enfermer dans la n\u00e9gation desprobl\u00e8mes de terrain, de ne pas nier la r\u00e9alit\u00e9 et d&rsquo;accepter de voir en faceles probl\u00e8mes existants. Ce en ayant la volont\u00e9 de mettre en&nbsp;?uvre des moyenspour r\u00e9duire au maximum ces risques psycho sociaux, donc r\u00e9duire la souffrancedes salari\u00e9s.<\/p>\n<p>Voici les r\u00f4les \u00e0 jouer\u00a0:<\/p>\n<li>Un r\u00f4le de<b> pr\u00e9vention\u00a0<\/b>d&rsquo;une mani\u00e8re g\u00e9n\u00e9rale,en concertation avec les diff\u00e9rentes instances et acteurs sociaux internes etexternes.<\/li>\n<li>Un r\u00f4le de <b>veille\u00a0 psychosociologique,<\/b> de rep\u00e9rage dessituations anxiog\u00e8nes, stressantes et pathog\u00e8nes de toutes nature et soustoutes ses formes? Afin d&rsquo;identifier les probl\u00e9matiques sp\u00e9cifiques \u00e0 r\u00e9soudreen collaboration avec salari\u00e9s, les managers et les services sociaux, sousforme de petits groupes de travail coordonn\u00e9s.<\/li>\n<li>Un r\u00f4le de <b>d\u00e9pistage sur le terrain<\/b> des salari\u00e9s endifficult\u00e9 relationnelle, en mal \u00eatre, afin de les orienter avec leur adh\u00e9sion,vers les services de sant\u00e9 au travail par le biais d&rsquo;une cellule d&rsquo;informationet d&rsquo;orientation compos\u00e9e de RH, cadres, salari\u00e9s et partenaires sociaux. <\/li>\n<li>Un r\u00f4le de <b>pr\u00e9servation d&rsquo;une communicationcoh\u00e9rente<\/b> et d&rsquo;un r\u00e9el partenariat entre les services de production et les servicessociaux, dans l&rsquo;int\u00e9r\u00eat des salari\u00e9s et de l&rsquo;entreprise\u00a0: baisse del&rsquo;absent\u00e9isme, salari\u00e9s plus motiv\u00e9s, ambiance travail plus constructive, dansune solidarit\u00e9 et une fraternit\u00e9 en hausse.<\/li>\n<p> <span style=\"font-style: italic; font-weight: bold;\">Les offres C3S sur ce th\u00e8me :<\/span>   <\/p>\n<li>Stage : Anxi\u00e9t\u00e9, angoisse et crise de panique (ref : ANXI)<\/li>\n<li>Stage : Entretien clinique de soutien psychologique (ref : SOUT)<\/li>\n<li>Stage : Souffrance psychologique au travail (ref : SOUF)\u00a0<\/li>\n<li>Livret : Gestion du stress <\/li>\n","protected":false},"excerpt":{"rendered":"<p>La notion de \u00ab\u00a0risquepsychosocial\u00a0\u00bb fait fort\u00a0!\u00a0Deux petites ann\u00e9es d&rsquo;existence seulement et il occupe d\u00e9j\u00e0 une grandeplace sur le terrain m\u00e9diatique. En cause, notamment, les nombreux cas desuicide survenus dans de grandes entreprises hexagonales&nbsp;? Maurice Li\u00e9geois,psychologue clinicien et consultant-formateur chez notre partenaire C3S met engarde les entreprises sur sa minimisation. Entre 400 et 600 suicides par [&hellip;]<\/p>\n","protected":false},"author":32,"featured_media":0,"comment_status":"open","ping_status":"open","sticky":false,"template":"","format":"standard","meta":{"_acf_changed":false,"_mi_skip_tracking":false,"footnotes":""},"categories":[6],"tags":[],"class_list":["post-2047","post","type-post","status-publish","format-standard","hentry","category-fonction-publique"],"acf":[],"yoast_head":"<!-- This site is optimized with the Yoast SEO plugin v23.4 - https:\/\/yoast.com\/wordpress\/plugins\/seo\/ -->\n<title>Risque psychosocial : Des pistes pour le r\u00e9duire - Le Blog GERESO<\/title>\n<meta name=\"robots\" content=\"index, follow, max-snippet:-1, max-image-preview:large, max-video-preview:-1\" \/>\n<link rel=\"canonical\" href=\"https:\/\/www.gereso.com\/actualites\/2010\/04\/12\/risque-psychosocial-des-pistes-pour-le-reduire\/\" \/>\n<meta property=\"og:locale\" content=\"fr_FR\" \/>\n<meta property=\"og:type\" content=\"article\" \/>\n<meta property=\"og:title\" content=\"Risque psychosocial : Des pistes pour le r\u00e9duire - Le Blog GERESO\" \/>\n<meta property=\"og:description\" content=\"La notion de \u00ab\u00a0risquepsychosocial\u00a0\u00bb fait fort\u00a0!\u00a0Deux petites ann\u00e9es d&rsquo;existence seulement et il occupe d\u00e9j\u00e0 une grandeplace sur le terrain m\u00e9diatique. En cause, notamment, les nombreux cas desuicide survenus dans de grandes entreprises hexagonales&nbsp;? Maurice Li\u00e9geois,psychologue clinicien et consultant-formateur chez notre partenaire C3S met engarde les entreprises sur sa minimisation. Entre 400 et 600 suicides par [&hellip;]\" \/>\n<meta property=\"og:url\" content=\"https:\/\/www.gereso.com\/actualites\/2010\/04\/12\/risque-psychosocial-des-pistes-pour-le-reduire\/\" \/>\n<meta property=\"og:site_name\" content=\"Le Blog GERESO\" \/>\n<meta property=\"article:published_time\" content=\"2010-04-11T22:00:00+00:00\" \/>\n<meta name=\"author\" content=\"\u00c9quipe GERESO\" \/>\n<meta name=\"twitter:card\" content=\"summary_large_image\" \/>\n<script type=\"application\/ld+json\" class=\"yoast-schema-graph\">{\"@context\":\"https:\/\/schema.org\",\"@graph\":[{\"@type\":\"WebPage\",\"@id\":\"https:\/\/www.gereso.com\/actualites\/2010\/04\/12\/risque-psychosocial-des-pistes-pour-le-reduire\/\",\"url\":\"https:\/\/www.gereso.com\/actualites\/2010\/04\/12\/risque-psychosocial-des-pistes-pour-le-reduire\/\",\"name\":\"Risque psychosocial : Des pistes pour le r\u00e9duire - Le Blog GERESO\",\"isPartOf\":{\"@id\":\"https:\/\/www.gereso.com\/actualites\/#website\"},\"datePublished\":\"2010-04-11T22:00:00+00:00\",\"dateModified\":\"2010-04-11T22:00:00+00:00\",\"author\":{\"@id\":\"https:\/\/www.gereso.com\/actualites\/#\/schema\/person\/197d8aef40cb4ae3f6a0aa9e1d3df2a6\"},\"breadcrumb\":{\"@id\":\"https:\/\/www.gereso.com\/actualites\/2010\/04\/12\/risque-psychosocial-des-pistes-pour-le-reduire\/#breadcrumb\"},\"inLanguage\":\"fr-FR\",\"potentialAction\":[{\"@type\":\"ReadAction\",\"target\":[\"https:\/\/www.gereso.com\/actualites\/2010\/04\/12\/risque-psychosocial-des-pistes-pour-le-reduire\/\"]}]},{\"@type\":\"BreadcrumbList\",\"@id\":\"https:\/\/www.gereso.com\/actualites\/2010\/04\/12\/risque-psychosocial-des-pistes-pour-le-reduire\/#breadcrumb\",\"itemListElement\":[{\"@type\":\"ListItem\",\"position\":1,\"name\":\"Home\",\"item\":\"https:\/\/www.gereso.com\/actualites\/\"},{\"@type\":\"ListItem\",\"position\":2,\"name\":\"Risque psychosocial : Des pistes pour le r\u00e9duire\"}]},{\"@type\":\"WebSite\",\"@id\":\"https:\/\/www.gereso.com\/actualites\/#website\",\"url\":\"https:\/\/www.gereso.com\/actualites\/\",\"name\":\"Le Blog GERESO\",\"description\":\"Toute l&#039;actu RH, Finance, Fonction Publique, Management...\",\"potentialAction\":[{\"@type\":\"SearchAction\",\"target\":{\"@type\":\"EntryPoint\",\"urlTemplate\":\"https:\/\/www.gereso.com\/actualites\/?s={search_term_string}\"},\"query-input\":{\"@type\":\"PropertyValueSpecification\",\"valueRequired\":true,\"valueName\":\"search_term_string\"}}],\"inLanguage\":\"fr-FR\"},{\"@type\":\"Person\",\"@id\":\"https:\/\/www.gereso.com\/actualites\/#\/schema\/person\/197d8aef40cb4ae3f6a0aa9e1d3df2a6\",\"name\":\"\u00c9quipe GERESO\",\"image\":{\"@type\":\"ImageObject\",\"inLanguage\":\"fr-FR\",\"@id\":\"https:\/\/www.gereso.com\/actualites\/#\/schema\/person\/image\/\",\"url\":\"https:\/\/www.gereso.com\/actualites\/wp-content\/uploads\/2013\/12\/avatar-gereso-1.png\",\"contentUrl\":\"https:\/\/www.gereso.com\/actualites\/wp-content\/uploads\/2013\/12\/avatar-gereso-1.png\",\"caption\":\"\u00c9quipe GERESO\"},\"url\":\"https:\/\/www.gereso.com\/actualites\/author\/gereso\/\"}]}<\/script>\n<!-- \/ Yoast SEO plugin. -->","yoast_head_json":{"title":"Risque psychosocial : Des pistes pour le r\u00e9duire - Le Blog GERESO","robots":{"index":"index","follow":"follow","max-snippet":"max-snippet:-1","max-image-preview":"max-image-preview:large","max-video-preview":"max-video-preview:-1"},"canonical":"https:\/\/www.gereso.com\/actualites\/2010\/04\/12\/risque-psychosocial-des-pistes-pour-le-reduire\/","og_locale":"fr_FR","og_type":"article","og_title":"Risque psychosocial : Des pistes pour le r\u00e9duire - Le Blog GERESO","og_description":"La notion de \u00ab\u00a0risquepsychosocial\u00a0\u00bb fait fort\u00a0!\u00a0Deux petites ann\u00e9es d&rsquo;existence seulement et il occupe d\u00e9j\u00e0 une grandeplace sur le terrain m\u00e9diatique. En cause, notamment, les nombreux cas desuicide survenus dans de grandes entreprises hexagonales&nbsp;? Maurice Li\u00e9geois,psychologue clinicien et consultant-formateur chez notre partenaire C3S met engarde les entreprises sur sa minimisation. Entre 400 et 600 suicides par [&hellip;]","og_url":"https:\/\/www.gereso.com\/actualites\/2010\/04\/12\/risque-psychosocial-des-pistes-pour-le-reduire\/","og_site_name":"Le Blog GERESO","article_published_time":"2010-04-11T22:00:00+00:00","author":"\u00c9quipe GERESO","twitter_card":"summary_large_image","schema":{"@context":"https:\/\/schema.org","@graph":[{"@type":"WebPage","@id":"https:\/\/www.gereso.com\/actualites\/2010\/04\/12\/risque-psychosocial-des-pistes-pour-le-reduire\/","url":"https:\/\/www.gereso.com\/actualites\/2010\/04\/12\/risque-psychosocial-des-pistes-pour-le-reduire\/","name":"Risque psychosocial : Des pistes pour le r\u00e9duire - Le Blog GERESO","isPartOf":{"@id":"https:\/\/www.gereso.com\/actualites\/#website"},"datePublished":"2010-04-11T22:00:00+00:00","dateModified":"2010-04-11T22:00:00+00:00","author":{"@id":"https:\/\/www.gereso.com\/actualites\/#\/schema\/person\/197d8aef40cb4ae3f6a0aa9e1d3df2a6"},"breadcrumb":{"@id":"https:\/\/www.gereso.com\/actualites\/2010\/04\/12\/risque-psychosocial-des-pistes-pour-le-reduire\/#breadcrumb"},"inLanguage":"fr-FR","potentialAction":[{"@type":"ReadAction","target":["https:\/\/www.gereso.com\/actualites\/2010\/04\/12\/risque-psychosocial-des-pistes-pour-le-reduire\/"]}]},{"@type":"BreadcrumbList","@id":"https:\/\/www.gereso.com\/actualites\/2010\/04\/12\/risque-psychosocial-des-pistes-pour-le-reduire\/#breadcrumb","itemListElement":[{"@type":"ListItem","position":1,"name":"Home","item":"https:\/\/www.gereso.com\/actualites\/"},{"@type":"ListItem","position":2,"name":"Risque psychosocial : Des pistes pour le r\u00e9duire"}]},{"@type":"WebSite","@id":"https:\/\/www.gereso.com\/actualites\/#website","url":"https:\/\/www.gereso.com\/actualites\/","name":"Le Blog GERESO","description":"Toute l&#039;actu RH, Finance, Fonction Publique, Management...","potentialAction":[{"@type":"SearchAction","target":{"@type":"EntryPoint","urlTemplate":"https:\/\/www.gereso.com\/actualites\/?s={search_term_string}"},"query-input":{"@type":"PropertyValueSpecification","valueRequired":true,"valueName":"search_term_string"}}],"inLanguage":"fr-FR"},{"@type":"Person","@id":"https:\/\/www.gereso.com\/actualites\/#\/schema\/person\/197d8aef40cb4ae3f6a0aa9e1d3df2a6","name":"\u00c9quipe GERESO","image":{"@type":"ImageObject","inLanguage":"fr-FR","@id":"https:\/\/www.gereso.com\/actualites\/#\/schema\/person\/image\/","url":"https:\/\/www.gereso.com\/actualites\/wp-content\/uploads\/2013\/12\/avatar-gereso-1.png","contentUrl":"https:\/\/www.gereso.com\/actualites\/wp-content\/uploads\/2013\/12\/avatar-gereso-1.png","caption":"\u00c9quipe GERESO"},"url":"https:\/\/www.gereso.com\/actualites\/author\/gereso\/"}]}},"_links":{"self":[{"href":"https:\/\/www.gereso.com\/actualites\/wp-json\/wp\/v2\/posts\/2047","targetHints":{"allow":["GET"]}}],"collection":[{"href":"https:\/\/www.gereso.com\/actualites\/wp-json\/wp\/v2\/posts"}],"about":[{"href":"https:\/\/www.gereso.com\/actualites\/wp-json\/wp\/v2\/types\/post"}],"author":[{"embeddable":true,"href":"https:\/\/www.gereso.com\/actualites\/wp-json\/wp\/v2\/users\/32"}],"replies":[{"embeddable":true,"href":"https:\/\/www.gereso.com\/actualites\/wp-json\/wp\/v2\/comments?post=2047"}],"version-history":[{"count":0,"href":"https:\/\/www.gereso.com\/actualites\/wp-json\/wp\/v2\/posts\/2047\/revisions"}],"wp:attachment":[{"href":"https:\/\/www.gereso.com\/actualites\/wp-json\/wp\/v2\/media?parent=2047"}],"wp:term":[{"taxonomy":"category","embeddable":true,"href":"https:\/\/www.gereso.com\/actualites\/wp-json\/wp\/v2\/categories?post=2047"},{"taxonomy":"post_tag","embeddable":true,"href":"https:\/\/www.gereso.com\/actualites\/wp-json\/wp\/v2\/tags?post=2047"}],"curies":[{"name":"wp","href":"https:\/\/api.w.org\/{rel}","templated":true}]}}