{"id":2084,"date":"2006-10-01T00:00:00","date_gmt":"2006-09-30T22:00:00","guid":{"rendered":"https:\/\/www.gereso.com\/actualites\/2006\/10\/union-europeenne-5-mesures-pour-desamorcer-la-bombe-a-retardement-demographique\/"},"modified":"2006-10-01T00:00:00","modified_gmt":"2006-09-30T22:00:00","slug":"union-europeenne-5-mesures-pour-desamorcer-la-bombe-a-retardement-demographique","status":"publish","type":"post","link":"https:\/\/www.gereso.com\/actualites\/2006\/10\/01\/union-europeenne-5-mesures-pour-desamorcer-la-bombe-a-retardement-demographique\/","title":{"rendered":"Union europ\u00e9enne : 5 mesures pour d\u00e9samorcer la &quot;bombe \u00e0 retardement d\u00e9mographique&quot;"},"content":{"rendered":"<h3>Les 5 mesures concr\u00e8tes<\/h3>\n<p>Le commissaire \u00e0 l&#8217;emploi, aux affaires sociales et \u00e0 l&rsquo;\u00e9galit\u00e9 des chances, M. Vladim\u00edr Spidla, a d\u00e9clar\u00e9 \u00e0 ce propos : \u00a0\u00bb Lespr\u00e9occupations engendr\u00e9es par l&rsquo;existence d&rsquo;une bombe \u00e0 retardementd\u00e9mographique doivent nous conduire \u00e0 engager imm\u00e9diatement la r\u00e9formequi s&rsquo;impose. Les dix prochaines ann\u00e9es nous offrent un cr\u00e9neau :sachons l&rsquo;exploiter comme il convient !\u00a0\u00bb<\/p>\n<p>La nouvelle communication \u00e9nonce <b>cinq mesures concr\u00e8tes pour \u00e9pauler les \u00c9tats membres <\/b>dans leur adaptation au changement d\u00e9mographique suivant leurs caract\u00e9ristiques nationales respectives :<\/p>\n<li><b>aider les citoyens \u00e0 \u00e9quilibrer vie professionnelle et vie priv\u00e9e<\/b>, de mani\u00e8re qu&rsquo;ils puissent avoir autant d&rsquo;enfants qu&rsquo;ils le d\u00e9sirent ;<\/li>\n<li><b>am\u00e9liorer les perspectives d&#8217;emploi<\/b> pour les personnes plus \u00e2g\u00e9es ;<\/li>\n<li><b>accro\u00eetre le potentiel de productivit\u00e9 et de comp\u00e9titivit\u00e9<\/b> par une valorisation de la contribution des travailleurs \u00e2g\u00e9s comme des plus jeunes ;<\/li>\n<li><b>exploiter les avantages inh\u00e9rents \u00e0 l&rsquo;immigration<\/b> pour le march\u00e9 de l&#8217;emploi ;<\/li>\n<li><b>veiller \u00e0 la viabilit\u00e9 des finances publiques <\/b>pour contribuer \u00e0 garantir une protection sociale \u00e0 long terme.<\/li>\n<p>Pour M. Spidla, \u00a0\u00bb l&rsquo;Europede demain commence aujourd&rsquo;hui. Les pouvoirs publics doivent modelerleurs politiques en fonction du nouvel ordre d\u00e9mographique. Parexemple, les femmes entre 30 et 45 ans se voient de plus en plusfr\u00e9quemment astreintes \u00e0 porter un triple fardeau : maternit\u00e9, carri\u00e8reet prise en charge des parents, \u00e0 mesure que ceux-ci avancent en \u00e2ge.Dans le contexte de la&nbsp;?<b>m\u00e9thode du cycle de vie<\/b>?, nous devonsassouplir nos syst\u00e8mes \u00e9ducatifs et nos sch\u00e9mas professionnels, demani\u00e8re \u00e0 aider ceux qui veulent avoir des enfants au moment choisi pareux \u00ab\u00a0.<\/p>\n<p>Le commissaire a ajout\u00e9 : \u00a0\u00bb Ilest important que les \u00c9tats membres adressent aux entreprises comme auxparticuliers un message convaincant qui soit de nature \u00e0 inciter lesuns comme les autres \u00e0 modifier leurs attentes et leur comportement,notamment en ce qui concerne le march\u00e9 du travail. \u00ab\u00a0<\/p>\n<p>La strat\u00e9gie de l&rsquo;Union europ\u00e9enne pour la croissance et l&#8217;emploi,con\u00e7ue pour surmonter les probl\u00e8mes qu&rsquo;engendre le vieillissementd\u00e9mographique, d\u00e9crit <b>une r\u00e9forme en plusieurs \u00e9tapes concr\u00e8tes<\/b> : il est imp\u00e9ratif de m<b>odifier le fonctionnement des entreprises, notre organisation du travail et notre gestion du changement.<\/b><\/p>\n<p>La communication ne pr\u00f4ne pas l&rsquo;adoption d&rsquo;une nouvelle strat\u00e9giedevant le vieillissement : elle insiste plut\u00f4t sur la <b>n\u00e9cessit\u00e9 pour les \u00c9tats membres d&rsquo;intensifier leurs efforts et de concr\u00e9tiser la strat\u00e9gie pour la croissance et l&#8217;emploi.<\/b> Toutes les politiques doivent prendre en consid\u00e9ration le vieillissement de la population europ\u00e9enne.<\/p>\n<p>Les Europ\u00e9ens vivent plus longtemps et en meilleure sant\u00e9 et l&rsquo;acc\u00e8sdes femmes au march\u00e9 du travail est devenu plus \u00e9quitable. C&rsquo;est l\u00e0 une\u00e9volution dans la bonne direction, mais <b>nous sommes aussi tenus de revoir nos politiques en mati\u00e8re de retraite. <\/b>Les premiers r\u00e9sultats enregistr\u00e9s dans les \u00c9tats membres sont encourageants et montrent que l&rsquo;Europe peut relever le d\u00e9fi.<\/p>\n<p>Aujourd&rsquo;hui, <b>on compte quatre personnes en \u00e2ge de travailler pour une personne de plus de 65 ans.<\/b> Avec la chute des taux de natalit\u00e9, l&rsquo;augmentation de l&rsquo;esp\u00e9rance devie et le d\u00e9part \u00e0 la retraite de la \u00a0\u00bb g\u00e9n\u00e9ration du baby-boom \u00ab\u00a0, ilsne seront plus, d&rsquo;ici \u00e0 2050, que<b> deux travailleurs \u00e0 cotiser pour un retrait\u00e9<\/b>.<\/p>\n<p>\u00a0<\/p>\n<p>Mais, malgr\u00e9 la contraction de la part de la population europ\u00e9enne en \u00e2ge de travailler, <b>le taux d&#8217;emploi en g\u00e9n\u00e9ral devrait continuer de s&rsquo;\u00e9lever jusqu&rsquo;en 2017,<\/b> cons\u00e9quence de l&rsquo;arriv\u00e9e et du maintien sur le march\u00e9 du travail d&rsquo;un nombre accru de femmes et de personnes \u00e2g\u00e9es.<\/p>\n<p>La communication fait suite \u00e0 une r\u00e9cente consultation publique sur lad\u00e9mographie et au sommet informel de Hampton Court, en octobre 2005. <\/p>\n<p>Parall\u00e8lement, la Commission lance une <b>consultation des partenaires sociaux sur la conciliation de la vie professionnelle, de la vie priv\u00e9e et de la vie familiale<\/b> et publie une communication sur la viabilit\u00e9 des finances publiques (voir IP\/06\/1356).<\/p>\n<h3>Lancementde la premi\u00e8re phase de la consultation des partenaires sociaux sur laconciliation de la vie professionnelle, de la vie priv\u00e9e et de la viefamiliale<\/h3>\n<p>Des progr\u00e8s consid\u00e9rables ont d\u00e9j\u00e0 \u00e9t\u00e9 accomplis \u00e0 l&rsquo;\u00e9chelon de l&rsquo;Union europ\u00e9enne quant \u00e0 l&rsquo;<b>octroi aux travailleurs de droits de maternit\u00e9 et de droits parentaux<\/b>.Les \u00c9tats membres qui sont all\u00e9s au-del\u00e0 des prescriptions de lar\u00e9glementation communautaire ont d\u00e9montr\u00e9 les avantages des politiquesde conciliation : une combinaison de dispositions souples en mati\u00e8re decong\u00e9s et d&rsquo;infrastructures de qualit\u00e9 pour l&rsquo;accueil des enfants etdes personnes \u00e0 charge permet \u00e0 un plus grand nombre de femmes dep\u00e9n\u00e9trer sur le march\u00e9 de l&#8217;emploi.<\/p>\n<h3>Forum europ\u00e9en sur la d\u00e9mographie<\/h3>\n<p>Laplupart des questions li\u00e9es au d\u00e9bat sur la d\u00e9mographie rel\u00e8vent de laresponsabilit\u00e9 des \u00c9tats membres, mais elles concernent l&rsquo;Unioneurop\u00e9enne dans son ensemble.<\/p>\n<p>Les 30 et 31 octobre, la Commission accueillera le <b>premier Forum d\u00e9mographique europ\u00e9en semestriel,<\/b> qui r\u00e9unira des experts gouvernementaux et qui viendra prolonger la communication. <\/p>\n<p>L&rsquo;objectif vis\u00e9 est de <b>recenser et d&rsquo;\u00e9changer les meilleures pratiques suivies dans le domaine du vieillissement<\/b>(voir exemples de succ\u00e8s remport\u00e9s par des \u00c9tats membres dans leMEMO\/06\/372 ci-joint), de mani\u00e8re \u00e0 offrir aux \u00c9tats membres des id\u00e9esneuves et \u00e0 combattre le sentiment que le vieillissement repr\u00e9sente unemenace pour notre prosp\u00e9rit\u00e9 \u00e9conomique et sociale.<\/p>\n<p>Source : Commission Europ\u00e9enne &#8211; Bruxelles 12-10-2006. <b>Liens utiles :<\/b><\/p>\n<p>Communiqu\u00e9 de presse IP\/06\/1359 <\/p>\n<p>MEMO 06\/372<\/p>\n<p>Communication on First-stage Consultation on reconciliation of professional, private and family life <\/p>\n<p>Forum europ\u00e9en sur la d\u00e9mographie<\/p>\n<p>Pour plus d&rsquo;informations<\/p>\n<p>Communication on Demography<\/p>\n","protected":false},"excerpt":{"rendered":"<p>Les 5 mesures concr\u00e8tes Le commissaire \u00e0 l&#8217;emploi, aux affaires sociales et \u00e0 l&rsquo;\u00e9galit\u00e9 des chances, M. Vladim\u00edr Spidla, a d\u00e9clar\u00e9 \u00e0 ce propos : \u00a0\u00bb Lespr\u00e9occupations engendr\u00e9es par l&rsquo;existence d&rsquo;une bombe \u00e0 retardementd\u00e9mographique doivent nous conduire \u00e0 engager imm\u00e9diatement la r\u00e9formequi s&rsquo;impose. Les dix prochaines ann\u00e9es nous offrent un cr\u00e9neau :sachons l&rsquo;exploiter comme il [&hellip;]<\/p>\n","protected":false},"author":32,"featured_media":0,"comment_status":"open","ping_status":"open","sticky":false,"template":"","format":"standard","meta":{"_acf_changed":false,"_mi_skip_tracking":false,"footnotes":""},"categories":[7],"tags":[],"class_list":["post-2084","post","type-post","status-publish","format-standard","hentry","category-mobilite-internationale"],"acf":[],"yoast_head":"<!-- This site is optimized with the Yoast SEO plugin v23.4 - https:\/\/yoast.com\/wordpress\/plugins\/seo\/ -->\n<title>Union europ\u00e9enne : 5 mesures pour d\u00e9samorcer la &quot;bombe \u00e0 retardement d\u00e9mographique&quot; - Le Blog GERESO<\/title>\n<meta name=\"robots\" content=\"index, follow, max-snippet:-1, max-image-preview:large, max-video-preview:-1\" \/>\n<link rel=\"canonical\" href=\"https:\/\/www.gereso.com\/actualites\/2006\/10\/01\/union-europeenne-5-mesures-pour-desamorcer-la-bombe-a-retardement-demographique\/\" \/>\n<meta property=\"og:locale\" content=\"fr_FR\" \/>\n<meta property=\"og:type\" content=\"article\" \/>\n<meta property=\"og:title\" content=\"Union europ\u00e9enne : 5 mesures pour d\u00e9samorcer la &quot;bombe \u00e0 retardement d\u00e9mographique&quot; - Le Blog GERESO\" \/>\n<meta property=\"og:description\" content=\"Les 5 mesures concr\u00e8tes Le commissaire \u00e0 l&#8217;emploi, aux affaires sociales et \u00e0 l&rsquo;\u00e9galit\u00e9 des chances, M. Vladim\u00edr Spidla, a d\u00e9clar\u00e9 \u00e0 ce propos : \u00a0\u00bb Lespr\u00e9occupations engendr\u00e9es par l&rsquo;existence d&rsquo;une bombe \u00e0 retardementd\u00e9mographique doivent nous conduire \u00e0 engager imm\u00e9diatement la r\u00e9formequi s&rsquo;impose. Les dix prochaines ann\u00e9es nous offrent un cr\u00e9neau :sachons l&rsquo;exploiter comme il [&hellip;]\" \/>\n<meta property=\"og:url\" content=\"https:\/\/www.gereso.com\/actualites\/2006\/10\/01\/union-europeenne-5-mesures-pour-desamorcer-la-bombe-a-retardement-demographique\/\" \/>\n<meta property=\"og:site_name\" content=\"Le Blog GERESO\" \/>\n<meta property=\"article:published_time\" content=\"2006-09-30T22:00:00+00:00\" \/>\n<meta name=\"author\" content=\"\u00c9quipe GERESO\" \/>\n<meta name=\"twitter:card\" content=\"summary_large_image\" \/>\n<script type=\"application\/ld+json\" class=\"yoast-schema-graph\">{\"@context\":\"https:\/\/schema.org\",\"@graph\":[{\"@type\":\"WebPage\",\"@id\":\"https:\/\/www.gereso.com\/actualites\/2006\/10\/01\/union-europeenne-5-mesures-pour-desamorcer-la-bombe-a-retardement-demographique\/\",\"url\":\"https:\/\/www.gereso.com\/actualites\/2006\/10\/01\/union-europeenne-5-mesures-pour-desamorcer-la-bombe-a-retardement-demographique\/\",\"name\":\"Union europ\u00e9enne : 5 mesures pour d\u00e9samorcer la &quot;bombe \u00e0 retardement d\u00e9mographique&quot; - Le Blog GERESO\",\"isPartOf\":{\"@id\":\"https:\/\/www.gereso.com\/actualites\/#website\"},\"datePublished\":\"2006-09-30T22:00:00+00:00\",\"dateModified\":\"2006-09-30T22:00:00+00:00\",\"author\":{\"@id\":\"https:\/\/www.gereso.com\/actualites\/#\/schema\/person\/197d8aef40cb4ae3f6a0aa9e1d3df2a6\"},\"breadcrumb\":{\"@id\":\"https:\/\/www.gereso.com\/actualites\/2006\/10\/01\/union-europeenne-5-mesures-pour-desamorcer-la-bombe-a-retardement-demographique\/#breadcrumb\"},\"inLanguage\":\"fr-FR\",\"potentialAction\":[{\"@type\":\"ReadAction\",\"target\":[\"https:\/\/www.gereso.com\/actualites\/2006\/10\/01\/union-europeenne-5-mesures-pour-desamorcer-la-bombe-a-retardement-demographique\/\"]}]},{\"@type\":\"BreadcrumbList\",\"@id\":\"https:\/\/www.gereso.com\/actualites\/2006\/10\/01\/union-europeenne-5-mesures-pour-desamorcer-la-bombe-a-retardement-demographique\/#breadcrumb\",\"itemListElement\":[{\"@type\":\"ListItem\",\"position\":1,\"name\":\"Home\",\"item\":\"https:\/\/www.gereso.com\/actualites\/\"},{\"@type\":\"ListItem\",\"position\":2,\"name\":\"Union europ\u00e9enne : 5 mesures pour d\u00e9samorcer la &quot;bombe \u00e0 retardement d\u00e9mographique&quot;\"}]},{\"@type\":\"WebSite\",\"@id\":\"https:\/\/www.gereso.com\/actualites\/#website\",\"url\":\"https:\/\/www.gereso.com\/actualites\/\",\"name\":\"Le Blog GERESO\",\"description\":\"Toute l&#039;actu RH, Finance, Fonction Publique, Management...\",\"potentialAction\":[{\"@type\":\"SearchAction\",\"target\":{\"@type\":\"EntryPoint\",\"urlTemplate\":\"https:\/\/www.gereso.com\/actualites\/?s={search_term_string}\"},\"query-input\":{\"@type\":\"PropertyValueSpecification\",\"valueRequired\":true,\"valueName\":\"search_term_string\"}}],\"inLanguage\":\"fr-FR\"},{\"@type\":\"Person\",\"@id\":\"https:\/\/www.gereso.com\/actualites\/#\/schema\/person\/197d8aef40cb4ae3f6a0aa9e1d3df2a6\",\"name\":\"\u00c9quipe GERESO\",\"image\":{\"@type\":\"ImageObject\",\"inLanguage\":\"fr-FR\",\"@id\":\"https:\/\/www.gereso.com\/actualites\/#\/schema\/person\/image\/\",\"url\":\"https:\/\/www.gereso.com\/actualites\/wp-content\/uploads\/2013\/12\/avatar-gereso-1.png\",\"contentUrl\":\"https:\/\/www.gereso.com\/actualites\/wp-content\/uploads\/2013\/12\/avatar-gereso-1.png\",\"caption\":\"\u00c9quipe GERESO\"},\"url\":\"https:\/\/www.gereso.com\/actualites\/author\/gereso\/\"}]}<\/script>\n<!-- \/ Yoast SEO plugin. -->","yoast_head_json":{"title":"Union europ\u00e9enne : 5 mesures pour d\u00e9samorcer la &quot;bombe \u00e0 retardement d\u00e9mographique&quot; - Le Blog GERESO","robots":{"index":"index","follow":"follow","max-snippet":"max-snippet:-1","max-image-preview":"max-image-preview:large","max-video-preview":"max-video-preview:-1"},"canonical":"https:\/\/www.gereso.com\/actualites\/2006\/10\/01\/union-europeenne-5-mesures-pour-desamorcer-la-bombe-a-retardement-demographique\/","og_locale":"fr_FR","og_type":"article","og_title":"Union europ\u00e9enne : 5 mesures pour d\u00e9samorcer la &quot;bombe \u00e0 retardement d\u00e9mographique&quot; - Le Blog GERESO","og_description":"Les 5 mesures concr\u00e8tes Le commissaire \u00e0 l&#8217;emploi, aux affaires sociales et \u00e0 l&rsquo;\u00e9galit\u00e9 des chances, M. Vladim\u00edr Spidla, a d\u00e9clar\u00e9 \u00e0 ce propos : \u00a0\u00bb Lespr\u00e9occupations engendr\u00e9es par l&rsquo;existence d&rsquo;une bombe \u00e0 retardementd\u00e9mographique doivent nous conduire \u00e0 engager imm\u00e9diatement la r\u00e9formequi s&rsquo;impose. Les dix prochaines ann\u00e9es nous offrent un cr\u00e9neau :sachons l&rsquo;exploiter comme il [&hellip;]","og_url":"https:\/\/www.gereso.com\/actualites\/2006\/10\/01\/union-europeenne-5-mesures-pour-desamorcer-la-bombe-a-retardement-demographique\/","og_site_name":"Le Blog GERESO","article_published_time":"2006-09-30T22:00:00+00:00","author":"\u00c9quipe GERESO","twitter_card":"summary_large_image","schema":{"@context":"https:\/\/schema.org","@graph":[{"@type":"WebPage","@id":"https:\/\/www.gereso.com\/actualites\/2006\/10\/01\/union-europeenne-5-mesures-pour-desamorcer-la-bombe-a-retardement-demographique\/","url":"https:\/\/www.gereso.com\/actualites\/2006\/10\/01\/union-europeenne-5-mesures-pour-desamorcer-la-bombe-a-retardement-demographique\/","name":"Union europ\u00e9enne : 5 mesures pour d\u00e9samorcer la &quot;bombe \u00e0 retardement d\u00e9mographique&quot; - Le Blog GERESO","isPartOf":{"@id":"https:\/\/www.gereso.com\/actualites\/#website"},"datePublished":"2006-09-30T22:00:00+00:00","dateModified":"2006-09-30T22:00:00+00:00","author":{"@id":"https:\/\/www.gereso.com\/actualites\/#\/schema\/person\/197d8aef40cb4ae3f6a0aa9e1d3df2a6"},"breadcrumb":{"@id":"https:\/\/www.gereso.com\/actualites\/2006\/10\/01\/union-europeenne-5-mesures-pour-desamorcer-la-bombe-a-retardement-demographique\/#breadcrumb"},"inLanguage":"fr-FR","potentialAction":[{"@type":"ReadAction","target":["https:\/\/www.gereso.com\/actualites\/2006\/10\/01\/union-europeenne-5-mesures-pour-desamorcer-la-bombe-a-retardement-demographique\/"]}]},{"@type":"BreadcrumbList","@id":"https:\/\/www.gereso.com\/actualites\/2006\/10\/01\/union-europeenne-5-mesures-pour-desamorcer-la-bombe-a-retardement-demographique\/#breadcrumb","itemListElement":[{"@type":"ListItem","position":1,"name":"Home","item":"https:\/\/www.gereso.com\/actualites\/"},{"@type":"ListItem","position":2,"name":"Union europ\u00e9enne : 5 mesures pour d\u00e9samorcer la &quot;bombe \u00e0 retardement d\u00e9mographique&quot;"}]},{"@type":"WebSite","@id":"https:\/\/www.gereso.com\/actualites\/#website","url":"https:\/\/www.gereso.com\/actualites\/","name":"Le Blog GERESO","description":"Toute l&#039;actu RH, Finance, Fonction Publique, Management...","potentialAction":[{"@type":"SearchAction","target":{"@type":"EntryPoint","urlTemplate":"https:\/\/www.gereso.com\/actualites\/?s={search_term_string}"},"query-input":{"@type":"PropertyValueSpecification","valueRequired":true,"valueName":"search_term_string"}}],"inLanguage":"fr-FR"},{"@type":"Person","@id":"https:\/\/www.gereso.com\/actualites\/#\/schema\/person\/197d8aef40cb4ae3f6a0aa9e1d3df2a6","name":"\u00c9quipe GERESO","image":{"@type":"ImageObject","inLanguage":"fr-FR","@id":"https:\/\/www.gereso.com\/actualites\/#\/schema\/person\/image\/","url":"https:\/\/www.gereso.com\/actualites\/wp-content\/uploads\/2013\/12\/avatar-gereso-1.png","contentUrl":"https:\/\/www.gereso.com\/actualites\/wp-content\/uploads\/2013\/12\/avatar-gereso-1.png","caption":"\u00c9quipe GERESO"},"url":"https:\/\/www.gereso.com\/actualites\/author\/gereso\/"}]}},"_links":{"self":[{"href":"https:\/\/www.gereso.com\/actualites\/wp-json\/wp\/v2\/posts\/2084","targetHints":{"allow":["GET"]}}],"collection":[{"href":"https:\/\/www.gereso.com\/actualites\/wp-json\/wp\/v2\/posts"}],"about":[{"href":"https:\/\/www.gereso.com\/actualites\/wp-json\/wp\/v2\/types\/post"}],"author":[{"embeddable":true,"href":"https:\/\/www.gereso.com\/actualites\/wp-json\/wp\/v2\/users\/32"}],"replies":[{"embeddable":true,"href":"https:\/\/www.gereso.com\/actualites\/wp-json\/wp\/v2\/comments?post=2084"}],"version-history":[{"count":0,"href":"https:\/\/www.gereso.com\/actualites\/wp-json\/wp\/v2\/posts\/2084\/revisions"}],"wp:attachment":[{"href":"https:\/\/www.gereso.com\/actualites\/wp-json\/wp\/v2\/media?parent=2084"}],"wp:term":[{"taxonomy":"category","embeddable":true,"href":"https:\/\/www.gereso.com\/actualites\/wp-json\/wp\/v2\/categories?post=2084"},{"taxonomy":"post_tag","embeddable":true,"href":"https:\/\/www.gereso.com\/actualites\/wp-json\/wp\/v2\/tags?post=2084"}],"curies":[{"name":"wp","href":"https:\/\/api.w.org\/{rel}","templated":true}]}}