{"id":2099,"date":"2008-11-28T00:00:00","date_gmt":"2008-11-27T22:00:00","guid":{"rendered":"https:\/\/www.gereso.com\/actualites\/2008\/11\/regroupement-familial-evaluation-obligatoire-de-la-connaissance-du-francais\/"},"modified":"2008-11-28T00:00:00","modified_gmt":"2008-11-27T22:00:00","slug":"regroupement-familial-evaluation-obligatoire-de-la-connaissance-du-francais","status":"publish","type":"post","link":"https:\/\/www.gereso.com\/actualites\/2008\/11\/28\/regroupement-familial-evaluation-obligatoire-de-la-connaissance-du-francais\/","title":{"rendered":"Regroupement familial : \u00e9valuation obligatoire de la connaissance du fran\u00e7ais"},"content":{"rendered":"<p>Dans le cadre de <span style=\"font-weight: bold;\">l&rsquo;instruction de lademande de visa<\/span>, les \u00e9trangers postulant au regroupement familial sont\u00e9valu\u00e9s \u00e0 compter du 1er d\u00e9cembre 2008, dans le pays o\u00f9 ils r\u00e9sident,sur <span style=\"font-weight: bold;\">leur degr\u00e9 de connaissance de la langue fran\u00e7aise et des valeurs dela R\u00e9publique<\/span> dans les 60 jours suivant la d\u00e9livrance de l&rsquo;attestationde d\u00e9p\u00f4t du dossier complet.<\/p>\n<div id=\"texte\">\n<p class=\"spip\"><span style=\"font-weight: bold;\">Le degr\u00e9 de connaissance de la langue <\/span>est appr\u00e9ci\u00e9 aumoyen d&rsquo;un test de connaissances orales et \u00e9crites, certains \u00e9trangersqui justifient notamment d&rsquo;\u00e9tudes pouvant en \u00eatre dispens\u00e9s.<\/p>\n<p class=\"spip\"><span style=\"font-weight: bold;\">L&rsquo;\u00e9valuation du degr\u00e9 de connaissance des valeurs de la R\u00e9publique<\/span> prend la forme de questions orales sur toute une s\u00e9rie de th\u00e8mes\u00a0:\u00e9galit\u00e9 entre les hommes et les femmes, la\u00efcit\u00e9, \u00e9tat de droit,libert\u00e9s fondamentales, s\u00fbret\u00e9 des personnes et des biens, exercice dela citoyennet\u00e9, acc\u00e8s obligatoire et gratuit \u00e0 l&rsquo;\u00e9ducation&#8230; <\/p>\n<p class=\"spip\">Lesr\u00e9sultats de l&rsquo;\u00e9valuation du degr\u00e9 de connaissance de la languefran\u00e7aise et des valeurs de la R\u00e9publique sont communiqu\u00e9s \u00e0 l&rsquo;\u00e9trangeret \u00e0 l&rsquo;autorit\u00e9 diplomatique ou consulaire dans les 8 jours. <\/p>\n<p class=\"spip\">Lorsqueles \u00e9trangers obtiennent dans chacun des deux domaines des r\u00e9sultatssatisfaisants, <span style=\"font-weight: bold;\">il est d\u00e9livr\u00e9 une attestation mentionnant qu&rsquo;ils ontsatisfait \u00e0 l&rsquo;obligation d&rsquo;\u00e9valuation et qu&rsquo;ils sont dispens\u00e9s deformation \u00e0 l&rsquo;\u00e9tranger.<\/span><\/p>\n<p class=\"spip\">Si les r\u00e9sultats font appara\u00eetre un degr\u00e9insuffisant de connaissance de la langue fran\u00e7aise ou des valeurs de laR\u00e9publique,<span style=\"font-weight: bold;\"> les \u00e9trangers b\u00e9n\u00e9ficient d&rsquo;une formation portant sur le oules domaines o\u00f9 l&rsquo;insuffisance est constat\u00e9e<\/span>, la dur\u00e9e de la formation\u00e0 la langue fran\u00e7aise ne pouvant \u00eatre inf\u00e9rieure \u00e0 40 heures et laformation aux valeurs de la R\u00e9publique \u00e9tant dispens\u00e9e en unedemi-journ\u00e9e au moins.<\/p>\n<p class=\"spip\">C&rsquo;est ce que pr\u00e9cise en particulier un d\u00e9cret publi\u00e9 auJournal officiel du samedi 1er novembre 2008 qui fait suite \u00e0 la loi du20 novembre 2007 relative \u00e0 l&rsquo;immigration, \u00e0 l&rsquo;int\u00e9gration et \u00e0 l&rsquo;asile.<\/p>\n<\/p><\/div>\n","protected":false},"excerpt":{"rendered":"<p>Dans le cadre de l&rsquo;instruction de lademande de visa, les \u00e9trangers postulant au regroupement familial sont\u00e9valu\u00e9s \u00e0 compter du 1er d\u00e9cembre 2008, dans le pays o\u00f9 ils r\u00e9sident,sur leur degr\u00e9 de connaissance de la langue fran\u00e7aise et des valeurs dela R\u00e9publique dans les 60 jours suivant la d\u00e9livrance de l&rsquo;attestationde d\u00e9p\u00f4t du dossier complet. Le [&hellip;]<\/p>\n","protected":false},"author":32,"featured_media":0,"comment_status":"open","ping_status":"open","sticky":false,"template":"","format":"standard","meta":{"_acf_changed":false,"_mi_skip_tracking":false,"footnotes":""},"categories":[7],"tags":[],"class_list":["post-2099","post","type-post","status-publish","format-standard","hentry","category-mobilite-internationale"],"acf":[],"yoast_head":"<!-- This site is optimized with the Yoast SEO plugin v23.4 - https:\/\/yoast.com\/wordpress\/plugins\/seo\/ -->\n<title>Regroupement familial : \u00e9valuation obligatoire de la connaissance du fran\u00e7ais - Le Blog GERESO<\/title>\n<meta name=\"robots\" content=\"index, follow, max-snippet:-1, max-image-preview:large, max-video-preview:-1\" \/>\n<link rel=\"canonical\" href=\"https:\/\/www.gereso.com\/actualites\/2008\/11\/28\/regroupement-familial-evaluation-obligatoire-de-la-connaissance-du-francais\/\" \/>\n<meta property=\"og:locale\" content=\"fr_FR\" \/>\n<meta property=\"og:type\" content=\"article\" \/>\n<meta property=\"og:title\" content=\"Regroupement familial : \u00e9valuation obligatoire de la connaissance du fran\u00e7ais - Le Blog GERESO\" \/>\n<meta property=\"og:description\" content=\"Dans le cadre de l&rsquo;instruction de lademande de visa, les \u00e9trangers postulant au regroupement familial sont\u00e9valu\u00e9s \u00e0 compter du 1er d\u00e9cembre 2008, dans le pays o\u00f9 ils r\u00e9sident,sur leur degr\u00e9 de connaissance de la langue fran\u00e7aise et des valeurs dela R\u00e9publique dans les 60 jours suivant la d\u00e9livrance de l&rsquo;attestationde d\u00e9p\u00f4t du dossier complet. Le [&hellip;]\" \/>\n<meta property=\"og:url\" content=\"https:\/\/www.gereso.com\/actualites\/2008\/11\/28\/regroupement-familial-evaluation-obligatoire-de-la-connaissance-du-francais\/\" \/>\n<meta property=\"og:site_name\" content=\"Le Blog GERESO\" \/>\n<meta property=\"article:published_time\" content=\"2008-11-27T22:00:00+00:00\" \/>\n<meta name=\"author\" content=\"\u00c9quipe GERESO\" \/>\n<meta name=\"twitter:card\" content=\"summary_large_image\" \/>\n<script type=\"application\/ld+json\" class=\"yoast-schema-graph\">{\"@context\":\"https:\/\/schema.org\",\"@graph\":[{\"@type\":\"WebPage\",\"@id\":\"https:\/\/www.gereso.com\/actualites\/2008\/11\/28\/regroupement-familial-evaluation-obligatoire-de-la-connaissance-du-francais\/\",\"url\":\"https:\/\/www.gereso.com\/actualites\/2008\/11\/28\/regroupement-familial-evaluation-obligatoire-de-la-connaissance-du-francais\/\",\"name\":\"Regroupement familial : \u00e9valuation obligatoire de la connaissance du fran\u00e7ais - Le Blog GERESO\",\"isPartOf\":{\"@id\":\"https:\/\/www.gereso.com\/actualites\/#website\"},\"datePublished\":\"2008-11-27T22:00:00+00:00\",\"dateModified\":\"2008-11-27T22:00:00+00:00\",\"author\":{\"@id\":\"https:\/\/www.gereso.com\/actualites\/#\/schema\/person\/197d8aef40cb4ae3f6a0aa9e1d3df2a6\"},\"breadcrumb\":{\"@id\":\"https:\/\/www.gereso.com\/actualites\/2008\/11\/28\/regroupement-familial-evaluation-obligatoire-de-la-connaissance-du-francais\/#breadcrumb\"},\"inLanguage\":\"fr-FR\",\"potentialAction\":[{\"@type\":\"ReadAction\",\"target\":[\"https:\/\/www.gereso.com\/actualites\/2008\/11\/28\/regroupement-familial-evaluation-obligatoire-de-la-connaissance-du-francais\/\"]}]},{\"@type\":\"BreadcrumbList\",\"@id\":\"https:\/\/www.gereso.com\/actualites\/2008\/11\/28\/regroupement-familial-evaluation-obligatoire-de-la-connaissance-du-francais\/#breadcrumb\",\"itemListElement\":[{\"@type\":\"ListItem\",\"position\":1,\"name\":\"Home\",\"item\":\"https:\/\/www.gereso.com\/actualites\/\"},{\"@type\":\"ListItem\",\"position\":2,\"name\":\"Regroupement familial : \u00e9valuation obligatoire de la connaissance du fran\u00e7ais\"}]},{\"@type\":\"WebSite\",\"@id\":\"https:\/\/www.gereso.com\/actualites\/#website\",\"url\":\"https:\/\/www.gereso.com\/actualites\/\",\"name\":\"Le Blog GERESO\",\"description\":\"Toute l&#039;actu RH, Finance, Fonction Publique, Management...\",\"potentialAction\":[{\"@type\":\"SearchAction\",\"target\":{\"@type\":\"EntryPoint\",\"urlTemplate\":\"https:\/\/www.gereso.com\/actualites\/?s={search_term_string}\"},\"query-input\":{\"@type\":\"PropertyValueSpecification\",\"valueRequired\":true,\"valueName\":\"search_term_string\"}}],\"inLanguage\":\"fr-FR\"},{\"@type\":\"Person\",\"@id\":\"https:\/\/www.gereso.com\/actualites\/#\/schema\/person\/197d8aef40cb4ae3f6a0aa9e1d3df2a6\",\"name\":\"\u00c9quipe GERESO\",\"image\":{\"@type\":\"ImageObject\",\"inLanguage\":\"fr-FR\",\"@id\":\"https:\/\/www.gereso.com\/actualites\/#\/schema\/person\/image\/\",\"url\":\"https:\/\/www.gereso.com\/actualites\/wp-content\/uploads\/2013\/12\/avatar-gereso-1.png\",\"contentUrl\":\"https:\/\/www.gereso.com\/actualites\/wp-content\/uploads\/2013\/12\/avatar-gereso-1.png\",\"caption\":\"\u00c9quipe GERESO\"},\"url\":\"https:\/\/www.gereso.com\/actualites\/author\/gereso\/\"}]}<\/script>\n<!-- \/ Yoast SEO plugin. -->","yoast_head_json":{"title":"Regroupement familial : \u00e9valuation obligatoire de la connaissance du fran\u00e7ais - Le Blog GERESO","robots":{"index":"index","follow":"follow","max-snippet":"max-snippet:-1","max-image-preview":"max-image-preview:large","max-video-preview":"max-video-preview:-1"},"canonical":"https:\/\/www.gereso.com\/actualites\/2008\/11\/28\/regroupement-familial-evaluation-obligatoire-de-la-connaissance-du-francais\/","og_locale":"fr_FR","og_type":"article","og_title":"Regroupement familial : \u00e9valuation obligatoire de la connaissance du fran\u00e7ais - Le Blog GERESO","og_description":"Dans le cadre de l&rsquo;instruction de lademande de visa, les \u00e9trangers postulant au regroupement familial sont\u00e9valu\u00e9s \u00e0 compter du 1er d\u00e9cembre 2008, dans le pays o\u00f9 ils r\u00e9sident,sur leur degr\u00e9 de connaissance de la langue fran\u00e7aise et des valeurs dela R\u00e9publique dans les 60 jours suivant la d\u00e9livrance de l&rsquo;attestationde d\u00e9p\u00f4t du dossier complet. Le [&hellip;]","og_url":"https:\/\/www.gereso.com\/actualites\/2008\/11\/28\/regroupement-familial-evaluation-obligatoire-de-la-connaissance-du-francais\/","og_site_name":"Le Blog GERESO","article_published_time":"2008-11-27T22:00:00+00:00","author":"\u00c9quipe GERESO","twitter_card":"summary_large_image","schema":{"@context":"https:\/\/schema.org","@graph":[{"@type":"WebPage","@id":"https:\/\/www.gereso.com\/actualites\/2008\/11\/28\/regroupement-familial-evaluation-obligatoire-de-la-connaissance-du-francais\/","url":"https:\/\/www.gereso.com\/actualites\/2008\/11\/28\/regroupement-familial-evaluation-obligatoire-de-la-connaissance-du-francais\/","name":"Regroupement familial : \u00e9valuation obligatoire de la connaissance du fran\u00e7ais - Le Blog GERESO","isPartOf":{"@id":"https:\/\/www.gereso.com\/actualites\/#website"},"datePublished":"2008-11-27T22:00:00+00:00","dateModified":"2008-11-27T22:00:00+00:00","author":{"@id":"https:\/\/www.gereso.com\/actualites\/#\/schema\/person\/197d8aef40cb4ae3f6a0aa9e1d3df2a6"},"breadcrumb":{"@id":"https:\/\/www.gereso.com\/actualites\/2008\/11\/28\/regroupement-familial-evaluation-obligatoire-de-la-connaissance-du-francais\/#breadcrumb"},"inLanguage":"fr-FR","potentialAction":[{"@type":"ReadAction","target":["https:\/\/www.gereso.com\/actualites\/2008\/11\/28\/regroupement-familial-evaluation-obligatoire-de-la-connaissance-du-francais\/"]}]},{"@type":"BreadcrumbList","@id":"https:\/\/www.gereso.com\/actualites\/2008\/11\/28\/regroupement-familial-evaluation-obligatoire-de-la-connaissance-du-francais\/#breadcrumb","itemListElement":[{"@type":"ListItem","position":1,"name":"Home","item":"https:\/\/www.gereso.com\/actualites\/"},{"@type":"ListItem","position":2,"name":"Regroupement familial : \u00e9valuation obligatoire de la connaissance du fran\u00e7ais"}]},{"@type":"WebSite","@id":"https:\/\/www.gereso.com\/actualites\/#website","url":"https:\/\/www.gereso.com\/actualites\/","name":"Le Blog GERESO","description":"Toute l&#039;actu RH, Finance, Fonction Publique, Management...","potentialAction":[{"@type":"SearchAction","target":{"@type":"EntryPoint","urlTemplate":"https:\/\/www.gereso.com\/actualites\/?s={search_term_string}"},"query-input":{"@type":"PropertyValueSpecification","valueRequired":true,"valueName":"search_term_string"}}],"inLanguage":"fr-FR"},{"@type":"Person","@id":"https:\/\/www.gereso.com\/actualites\/#\/schema\/person\/197d8aef40cb4ae3f6a0aa9e1d3df2a6","name":"\u00c9quipe GERESO","image":{"@type":"ImageObject","inLanguage":"fr-FR","@id":"https:\/\/www.gereso.com\/actualites\/#\/schema\/person\/image\/","url":"https:\/\/www.gereso.com\/actualites\/wp-content\/uploads\/2013\/12\/avatar-gereso-1.png","contentUrl":"https:\/\/www.gereso.com\/actualites\/wp-content\/uploads\/2013\/12\/avatar-gereso-1.png","caption":"\u00c9quipe GERESO"},"url":"https:\/\/www.gereso.com\/actualites\/author\/gereso\/"}]}},"_links":{"self":[{"href":"https:\/\/www.gereso.com\/actualites\/wp-json\/wp\/v2\/posts\/2099","targetHints":{"allow":["GET"]}}],"collection":[{"href":"https:\/\/www.gereso.com\/actualites\/wp-json\/wp\/v2\/posts"}],"about":[{"href":"https:\/\/www.gereso.com\/actualites\/wp-json\/wp\/v2\/types\/post"}],"author":[{"embeddable":true,"href":"https:\/\/www.gereso.com\/actualites\/wp-json\/wp\/v2\/users\/32"}],"replies":[{"embeddable":true,"href":"https:\/\/www.gereso.com\/actualites\/wp-json\/wp\/v2\/comments?post=2099"}],"version-history":[{"count":0,"href":"https:\/\/www.gereso.com\/actualites\/wp-json\/wp\/v2\/posts\/2099\/revisions"}],"wp:attachment":[{"href":"https:\/\/www.gereso.com\/actualites\/wp-json\/wp\/v2\/media?parent=2099"}],"wp:term":[{"taxonomy":"category","embeddable":true,"href":"https:\/\/www.gereso.com\/actualites\/wp-json\/wp\/v2\/categories?post=2099"},{"taxonomy":"post_tag","embeddable":true,"href":"https:\/\/www.gereso.com\/actualites\/wp-json\/wp\/v2\/tags?post=2099"}],"curies":[{"name":"wp","href":"https:\/\/api.w.org\/{rel}","templated":true}]}}