{"id":2100,"date":"2008-11-27T00:00:00","date_gmt":"2008-11-26T22:00:00","guid":{"rendered":"https:\/\/www.gereso.com\/actualites\/2008\/11\/adoption-du-pacte-europeen-sur-limmigration-et-lasile\/"},"modified":"2008-11-27T00:00:00","modified_gmt":"2008-11-26T22:00:00","slug":"adoption-du-pacte-europeen-sur-limmigration-et-lasile","status":"publish","type":"post","link":"https:\/\/www.gereso.com\/actualites\/2008\/11\/27\/adoption-du-pacte-europeen-sur-limmigration-et-lasile\/","title":{"rendered":"Adoption du pacte europ\u00e9en sur l&#039;immigration et l&#039;asile"},"content":{"rendered":"<h3>5 engagements fondamentaux<\/h3>\n<p>Cinq engagements fondamentaux y sont expos\u00e9s :<\/p>\n<p><b>1\/Organiser l&rsquo;immigration l\u00e9gale en tenant compte des priorit\u00e9s, desbesoins et des capacit\u00e9s d&rsquo;accueil d\u00e9termin\u00e9s par chaque \u00c9tat membre etfavoriser l&rsquo;int\u00e9gration.<br \/><\/b>Les \u00c9tats sont appel\u00e9s \u00e0mettre en oeuvre une politique d&rsquo;immigration choisie et concert\u00e9e,notamment en fonction des besoins du march\u00e9. L&rsquo;objectif est de mieuxr\u00e9guler l&rsquo;immigration familiale : d&rsquo;ici 2012, le flux migratoire enfaveur de l&rsquo;immigration \u00e9conomique devrait atteindre un taux de 1 sur 2;<\/p>\n<p><b>2\/ Lutter contrel&rsquo;immigration irr\u00e9guli\u00e8re, notamment en assurant le retour dans leurpays d&rsquo;origine ou vers un pays de transit, des \u00e9trangers en situationirr\u00e9guli\u00e8re.<br \/><\/b>Il s&rsquo;agira de r\u00e9gularisations au cas par cas et non g\u00e9n\u00e9rales pour des motifs humanitaires ou \u00e9conomiques ;<\/p>\n<p><b>3\/ Renforcer l&rsquo;efficacit\u00e9 des contr\u00f4les aux fronti\u00e8res.<br \/><\/b> Il a \u00e9t\u00e9 convenu de g\u00e9n\u00e9raliser au plus tard au 1er janvier 2012 la d\u00e9livrance des visas biom\u00e9triques ;<\/p>\n<p><b>4\/B\u00e2tir une Europe de l&rsquo;asile avec notamment la mise en place en 2009d&rsquo;un bureau d&rsquo;appui europ\u00e9en qui aura pour mission de faciliter les\u00e9changes d&rsquo;information, d&rsquo;analyses et d&rsquo;exp\u00e9riences entre \u00c9tats membreset de d\u00e9velopper des coop\u00e9rations concr\u00e8tes entre les administrationscharg\u00e9es de l&rsquo;examen des demandes d&rsquo;asile.<\/p>\n<p><\/b>LaCommission europ\u00e9enne avait \u00e9galement annonc\u00e9 diff\u00e9rentes mesures,notamment des modifications de la directive sur les conditionsd&rsquo;accueil afin d&rsquo;assurer un acc\u00e8s simplifi\u00e9 et mieux harmonis\u00e9 aumarch\u00e9 du travail. Est \u00e9galement souhait\u00e9 l&rsquo;\u00e9tablissement d&rsquo;un statutuniforme pour les b\u00e9n\u00e9ficiaires de protection internationale valablepartout dans l&rsquo;Union ainsi que la r\u00e9vision du syst\u00e8me de Dublin<\/p>\n<p><b>5\/Cr\u00e9er un partenariat global avec les pays d&rsquo;origine et de transitfavorisant les synergies entre les migrations et le d\u00e9veloppement.<\/p>\n<p><\/b>Le ministre de l&rsquo;Immigration Brice Hortefeux, a d\u00e9clar\u00e9 que ce texteallait permettre \u00ab une v\u00e9ritable action commune \u00e0 l&rsquo;\u00e9chelle de l&rsquo;Europe\u00bb, en mati\u00e8re d&rsquo;immigration comme d&rsquo;asile, \u00ab l&rsquo;Europe passe aux actes\u00bb. Il a pr\u00e9cis\u00e9 que pour la premi\u00e8re fois, l&rsquo;Union europ\u00e9ennereconnaissait le principe selon lequel \u00ab les migrations peuventcontribuer de mani\u00e8re d\u00e9cisive \u00e0 la croissance \u00e9conomique \u00bb.<\/p>\n<p> Source : communiqu\u00e9 du Min. Immigration, 16 oct. 2008<\/p>\n","protected":false},"excerpt":{"rendered":"<p>5 engagements fondamentaux Cinq engagements fondamentaux y sont expos\u00e9s : 1\/Organiser l&rsquo;immigration l\u00e9gale en tenant compte des priorit\u00e9s, desbesoins et des capacit\u00e9s d&rsquo;accueil d\u00e9termin\u00e9s par chaque \u00c9tat membre etfavoriser l&rsquo;int\u00e9gration.Les \u00c9tats sont appel\u00e9s \u00e0mettre en oeuvre une politique d&rsquo;immigration choisie et concert\u00e9e,notamment en fonction des besoins du march\u00e9. L&rsquo;objectif est de mieuxr\u00e9guler l&rsquo;immigration familiale : [&hellip;]<\/p>\n","protected":false},"author":32,"featured_media":0,"comment_status":"open","ping_status":"open","sticky":false,"template":"","format":"standard","meta":{"_acf_changed":false,"_mi_skip_tracking":false,"footnotes":""},"categories":[7],"tags":[],"class_list":["post-2100","post","type-post","status-publish","format-standard","hentry","category-mobilite-internationale"],"acf":[],"yoast_head":"<!-- This site is optimized with the Yoast SEO plugin v23.4 - https:\/\/yoast.com\/wordpress\/plugins\/seo\/ -->\n<title>Adoption du pacte europ\u00e9en sur l&#039;immigration et l&#039;asile - Le Blog GERESO<\/title>\n<meta name=\"robots\" content=\"index, follow, max-snippet:-1, max-image-preview:large, max-video-preview:-1\" \/>\n<link rel=\"canonical\" href=\"https:\/\/www.gereso.com\/actualites\/2008\/11\/27\/adoption-du-pacte-europeen-sur-limmigration-et-lasile\/\" \/>\n<meta property=\"og:locale\" content=\"fr_FR\" \/>\n<meta property=\"og:type\" content=\"article\" \/>\n<meta property=\"og:title\" content=\"Adoption du pacte europ\u00e9en sur l&#039;immigration et l&#039;asile - Le Blog GERESO\" \/>\n<meta property=\"og:description\" content=\"5 engagements fondamentaux Cinq engagements fondamentaux y sont expos\u00e9s : 1\/Organiser l&rsquo;immigration l\u00e9gale en tenant compte des priorit\u00e9s, desbesoins et des capacit\u00e9s d&rsquo;accueil d\u00e9termin\u00e9s par chaque \u00c9tat membre etfavoriser l&rsquo;int\u00e9gration.Les \u00c9tats sont appel\u00e9s \u00e0mettre en oeuvre une politique d&rsquo;immigration choisie et concert\u00e9e,notamment en fonction des besoins du march\u00e9. L&rsquo;objectif est de mieuxr\u00e9guler l&rsquo;immigration familiale : [&hellip;]\" \/>\n<meta property=\"og:url\" content=\"https:\/\/www.gereso.com\/actualites\/2008\/11\/27\/adoption-du-pacte-europeen-sur-limmigration-et-lasile\/\" \/>\n<meta property=\"og:site_name\" content=\"Le Blog GERESO\" \/>\n<meta property=\"article:published_time\" content=\"2008-11-26T22:00:00+00:00\" \/>\n<meta name=\"author\" content=\"\u00c9quipe GERESO\" \/>\n<meta name=\"twitter:card\" content=\"summary_large_image\" \/>\n<script type=\"application\/ld+json\" class=\"yoast-schema-graph\">{\"@context\":\"https:\/\/schema.org\",\"@graph\":[{\"@type\":\"WebPage\",\"@id\":\"https:\/\/www.gereso.com\/actualites\/2008\/11\/27\/adoption-du-pacte-europeen-sur-limmigration-et-lasile\/\",\"url\":\"https:\/\/www.gereso.com\/actualites\/2008\/11\/27\/adoption-du-pacte-europeen-sur-limmigration-et-lasile\/\",\"name\":\"Adoption du pacte europ\u00e9en sur l&#039;immigration et l&#039;asile - Le Blog GERESO\",\"isPartOf\":{\"@id\":\"https:\/\/www.gereso.com\/actualites\/#website\"},\"datePublished\":\"2008-11-26T22:00:00+00:00\",\"dateModified\":\"2008-11-26T22:00:00+00:00\",\"author\":{\"@id\":\"https:\/\/www.gereso.com\/actualites\/#\/schema\/person\/197d8aef40cb4ae3f6a0aa9e1d3df2a6\"},\"breadcrumb\":{\"@id\":\"https:\/\/www.gereso.com\/actualites\/2008\/11\/27\/adoption-du-pacte-europeen-sur-limmigration-et-lasile\/#breadcrumb\"},\"inLanguage\":\"fr-FR\",\"potentialAction\":[{\"@type\":\"ReadAction\",\"target\":[\"https:\/\/www.gereso.com\/actualites\/2008\/11\/27\/adoption-du-pacte-europeen-sur-limmigration-et-lasile\/\"]}]},{\"@type\":\"BreadcrumbList\",\"@id\":\"https:\/\/www.gereso.com\/actualites\/2008\/11\/27\/adoption-du-pacte-europeen-sur-limmigration-et-lasile\/#breadcrumb\",\"itemListElement\":[{\"@type\":\"ListItem\",\"position\":1,\"name\":\"Home\",\"item\":\"https:\/\/www.gereso.com\/actualites\/\"},{\"@type\":\"ListItem\",\"position\":2,\"name\":\"Adoption du pacte europ\u00e9en sur l&#039;immigration et l&#039;asile\"}]},{\"@type\":\"WebSite\",\"@id\":\"https:\/\/www.gereso.com\/actualites\/#website\",\"url\":\"https:\/\/www.gereso.com\/actualites\/\",\"name\":\"Le Blog GERESO\",\"description\":\"Toute l&#039;actu RH, Finance, Fonction Publique, Management...\",\"potentialAction\":[{\"@type\":\"SearchAction\",\"target\":{\"@type\":\"EntryPoint\",\"urlTemplate\":\"https:\/\/www.gereso.com\/actualites\/?s={search_term_string}\"},\"query-input\":{\"@type\":\"PropertyValueSpecification\",\"valueRequired\":true,\"valueName\":\"search_term_string\"}}],\"inLanguage\":\"fr-FR\"},{\"@type\":\"Person\",\"@id\":\"https:\/\/www.gereso.com\/actualites\/#\/schema\/person\/197d8aef40cb4ae3f6a0aa9e1d3df2a6\",\"name\":\"\u00c9quipe GERESO\",\"image\":{\"@type\":\"ImageObject\",\"inLanguage\":\"fr-FR\",\"@id\":\"https:\/\/www.gereso.com\/actualites\/#\/schema\/person\/image\/\",\"url\":\"https:\/\/www.gereso.com\/actualites\/wp-content\/uploads\/2013\/12\/avatar-gereso-1.png\",\"contentUrl\":\"https:\/\/www.gereso.com\/actualites\/wp-content\/uploads\/2013\/12\/avatar-gereso-1.png\",\"caption\":\"\u00c9quipe GERESO\"},\"url\":\"https:\/\/www.gereso.com\/actualites\/author\/gereso\/\"}]}<\/script>\n<!-- \/ Yoast SEO plugin. -->","yoast_head_json":{"title":"Adoption du pacte europ\u00e9en sur l&#039;immigration et l&#039;asile - Le Blog GERESO","robots":{"index":"index","follow":"follow","max-snippet":"max-snippet:-1","max-image-preview":"max-image-preview:large","max-video-preview":"max-video-preview:-1"},"canonical":"https:\/\/www.gereso.com\/actualites\/2008\/11\/27\/adoption-du-pacte-europeen-sur-limmigration-et-lasile\/","og_locale":"fr_FR","og_type":"article","og_title":"Adoption du pacte europ\u00e9en sur l&#039;immigration et l&#039;asile - Le Blog GERESO","og_description":"5 engagements fondamentaux Cinq engagements fondamentaux y sont expos\u00e9s : 1\/Organiser l&rsquo;immigration l\u00e9gale en tenant compte des priorit\u00e9s, desbesoins et des capacit\u00e9s d&rsquo;accueil d\u00e9termin\u00e9s par chaque \u00c9tat membre etfavoriser l&rsquo;int\u00e9gration.Les \u00c9tats sont appel\u00e9s \u00e0mettre en oeuvre une politique d&rsquo;immigration choisie et concert\u00e9e,notamment en fonction des besoins du march\u00e9. L&rsquo;objectif est de mieuxr\u00e9guler l&rsquo;immigration familiale : [&hellip;]","og_url":"https:\/\/www.gereso.com\/actualites\/2008\/11\/27\/adoption-du-pacte-europeen-sur-limmigration-et-lasile\/","og_site_name":"Le Blog GERESO","article_published_time":"2008-11-26T22:00:00+00:00","author":"\u00c9quipe GERESO","twitter_card":"summary_large_image","schema":{"@context":"https:\/\/schema.org","@graph":[{"@type":"WebPage","@id":"https:\/\/www.gereso.com\/actualites\/2008\/11\/27\/adoption-du-pacte-europeen-sur-limmigration-et-lasile\/","url":"https:\/\/www.gereso.com\/actualites\/2008\/11\/27\/adoption-du-pacte-europeen-sur-limmigration-et-lasile\/","name":"Adoption du pacte europ\u00e9en sur l&#039;immigration et l&#039;asile - Le Blog GERESO","isPartOf":{"@id":"https:\/\/www.gereso.com\/actualites\/#website"},"datePublished":"2008-11-26T22:00:00+00:00","dateModified":"2008-11-26T22:00:00+00:00","author":{"@id":"https:\/\/www.gereso.com\/actualites\/#\/schema\/person\/197d8aef40cb4ae3f6a0aa9e1d3df2a6"},"breadcrumb":{"@id":"https:\/\/www.gereso.com\/actualites\/2008\/11\/27\/adoption-du-pacte-europeen-sur-limmigration-et-lasile\/#breadcrumb"},"inLanguage":"fr-FR","potentialAction":[{"@type":"ReadAction","target":["https:\/\/www.gereso.com\/actualites\/2008\/11\/27\/adoption-du-pacte-europeen-sur-limmigration-et-lasile\/"]}]},{"@type":"BreadcrumbList","@id":"https:\/\/www.gereso.com\/actualites\/2008\/11\/27\/adoption-du-pacte-europeen-sur-limmigration-et-lasile\/#breadcrumb","itemListElement":[{"@type":"ListItem","position":1,"name":"Home","item":"https:\/\/www.gereso.com\/actualites\/"},{"@type":"ListItem","position":2,"name":"Adoption du pacte europ\u00e9en sur l&#039;immigration et l&#039;asile"}]},{"@type":"WebSite","@id":"https:\/\/www.gereso.com\/actualites\/#website","url":"https:\/\/www.gereso.com\/actualites\/","name":"Le Blog GERESO","description":"Toute l&#039;actu RH, Finance, Fonction Publique, Management...","potentialAction":[{"@type":"SearchAction","target":{"@type":"EntryPoint","urlTemplate":"https:\/\/www.gereso.com\/actualites\/?s={search_term_string}"},"query-input":{"@type":"PropertyValueSpecification","valueRequired":true,"valueName":"search_term_string"}}],"inLanguage":"fr-FR"},{"@type":"Person","@id":"https:\/\/www.gereso.com\/actualites\/#\/schema\/person\/197d8aef40cb4ae3f6a0aa9e1d3df2a6","name":"\u00c9quipe GERESO","image":{"@type":"ImageObject","inLanguage":"fr-FR","@id":"https:\/\/www.gereso.com\/actualites\/#\/schema\/person\/image\/","url":"https:\/\/www.gereso.com\/actualites\/wp-content\/uploads\/2013\/12\/avatar-gereso-1.png","contentUrl":"https:\/\/www.gereso.com\/actualites\/wp-content\/uploads\/2013\/12\/avatar-gereso-1.png","caption":"\u00c9quipe GERESO"},"url":"https:\/\/www.gereso.com\/actualites\/author\/gereso\/"}]}},"_links":{"self":[{"href":"https:\/\/www.gereso.com\/actualites\/wp-json\/wp\/v2\/posts\/2100","targetHints":{"allow":["GET"]}}],"collection":[{"href":"https:\/\/www.gereso.com\/actualites\/wp-json\/wp\/v2\/posts"}],"about":[{"href":"https:\/\/www.gereso.com\/actualites\/wp-json\/wp\/v2\/types\/post"}],"author":[{"embeddable":true,"href":"https:\/\/www.gereso.com\/actualites\/wp-json\/wp\/v2\/users\/32"}],"replies":[{"embeddable":true,"href":"https:\/\/www.gereso.com\/actualites\/wp-json\/wp\/v2\/comments?post=2100"}],"version-history":[{"count":0,"href":"https:\/\/www.gereso.com\/actualites\/wp-json\/wp\/v2\/posts\/2100\/revisions"}],"wp:attachment":[{"href":"https:\/\/www.gereso.com\/actualites\/wp-json\/wp\/v2\/media?parent=2100"}],"wp:term":[{"taxonomy":"category","embeddable":true,"href":"https:\/\/www.gereso.com\/actualites\/wp-json\/wp\/v2\/categories?post=2100"},{"taxonomy":"post_tag","embeddable":true,"href":"https:\/\/www.gereso.com\/actualites\/wp-json\/wp\/v2\/tags?post=2100"}],"curies":[{"name":"wp","href":"https:\/\/api.w.org\/{rel}","templated":true}]}}