{"id":2102,"date":"2008-12-18T00:00:00","date_gmt":"2008-12-17T22:00:00","guid":{"rendered":"https:\/\/www.gereso.com\/actualites\/2008\/12\/europe-un-livre-vert-sur-lavenir-du-personnel-de-sante-dans-lunion\/"},"modified":"2008-12-18T00:00:00","modified_gmt":"2008-12-17T22:00:00","slug":"europe-un-livre-vert-sur-lavenir-du-personnel-de-sante-dans-lunion","status":"publish","type":"post","link":"https:\/\/www.gereso.com\/actualites\/2008\/12\/18\/europe-un-livre-vert-sur-lavenir-du-personnel-de-sante-dans-lunion\/","title":{"rendered":"Europe : un livre vert sur l&#039;avenir du personnel de sant\u00e9 dans l&#039;Union"},"content":{"rendered":"<p>La Commission europ\u00e9enne a adopt\u00e9 <span style=\"font-weight: bold;\">un livre vert sur le personnel de sant\u00e9 dans l&rsquo;Union. <\/span>Il marque le d\u00e9but d&rsquo;une p\u00e9riode de consultation qui vise \u00e0 d\u00e9finir <span style=\"font-weight: bold;\">des r\u00e9ponses communes aux nombreux enjeux auxquels doivent faire face les professionnels de la sant\u00e9 en Europe<\/span> : une Europe vieillissante, des d\u00e9penses de sant\u00e9 croissantes, des attentes des citoyens comme des patients de plus en plus nombreuses.<\/p>\n<p><span style=\"font-weight: bold;\">Contexte<\/span><\/p>\n<p>Les syst\u00e8mes de sant\u00e9 de l&rsquo;Union europ\u00e9enne doivent trouver<span style=\"font-weight: bold;\"> un subtil \u00e9quilibre,<\/span> tout d&rsquo;abord entre une demande croissante et une offre restreinte de services de sant\u00e9, ensuite entre la n\u00e9cessit\u00e9 de r\u00e9pondre aux besoins des personnes au niveau local et celle d&rsquo;\u00eatre pr\u00e9par\u00e9s \u00e0 des crises sanitaires majeures.<\/p>\n<p>Dans ce contexte, il est indispensable, pour que les syst\u00e8mes de sant\u00e9 accomplissent leur mission, que le personnel de sant\u00e9 soit <span style=\"font-weight: bold;\">de qualit\u00e9. <\/span>Le secteur de la sant\u00e9, qui repr\u00e9sente environ <span style=\"font-weight: bold;\">10 % du total des emplois, <\/span>joue un r\u00f4le important dans l&rsquo;\u00e9conomie de l&rsquo;Union. En outre, <span style=\"font-weight: bold;\">70 % du budget<\/span> de la sant\u00e9 en Europe sont consacr\u00e9s aux salaires et \u00e0 des questions li\u00e9es \u00e0 l&#8217;emploi.<br \/>\u00a0<br \/><span style=\"font-style: italic;\">\u00abNous devons nous pr\u00e9parer aux futurs enjeux des soins de sant\u00e9 et des services sociaux. Nous devons veiller \u00e0 disposer, dans le secteur de la sant\u00e9, d&rsquo;un personnel p\u00e9renne et d&rsquo;une grande qualit\u00e9, dot\u00e9 de capacit\u00e9s suffisantes et des comp\u00e9tences ad\u00e9quates pour am\u00e9liorer les soins de sant\u00e9 pour tous en Europe\u00bb<\/span>, a indiqu\u00e9 Mme Androulla Vassiliou, la commissaire \u00e0 la sant\u00e9.<br \/>\u00a0<br style=\"font-weight: bold;\" \/><span style=\"font-weight: bold;\">Le personnel de sant\u00e9 de l&rsquo;Union conna\u00eet aujourd&rsquo;hui d&rsquo;importantes difficult\u00e9s<\/span> qui sont, pour beaucoup, communes \u00e0 tous les \u00c9tats membres. <span style=\"font-weight: bold;\">Le vieillissement de la population<\/span> entra\u00eene une \u00e9volution des pathologies et am\u00e8ne les professionnels de la sant\u00e9 \u00e0 devoir faire face \u00e0 des exigences nouvelles et croissantes. <\/p>\n<p>Alors que ce ph\u00e9nom\u00e8ne implique \u00e9galement un vieillissement des employ\u00e9s du secteur eux-m\u00eames, les personnes embauch\u00e9es ne suffisent pas \u00e0 remplacer les personnes qui prennent leur retraite et celles qui quittent l&rsquo;Union. <\/p>\n<p><span style=\"font-weight: bold;\">L&rsquo;\u00e9migration, l&rsquo;immigration et la mobilit\u00e9 intracommunautaire<\/span> des professionnels de la sant\u00e9 ont \u00e9galement des incidences sur l&rsquo;offre et la distribution de la main-d&rsquo;oeuvre.<br \/>\u00a0<br \/>\u00a0<br \/><span style=\"font-weight: bold;\">Le livre vert<\/span><br \/>\u00a0<br \/>La n\u00e9cessit\u00e9 de ce livre vert est ressortie des travaux du groupe de haut niveau sur les services de sant\u00e9 et les soins m\u00e9dicaux (2004-2006), et notamment de <span style=\"font-weight: bold;\">l&rsquo;\u00e9laboration d&rsquo;indicateurs de l&rsquo;incidence de l&rsquo;\u00e9largissement de l&rsquo;Union sur les mouvements de m\u00e9decins et d&rsquo;infirmiers. <\/span>Dans ce contexte, les \u00c9tats membres ont fait part de leur int\u00e9r\u00eat pour un d\u00e9bat plus g\u00e9n\u00e9ral sur la planification de l&rsquo;avenir du personnel dans le domaine de la sant\u00e9 et des soins.<br \/>\u00a0<br \/>L&rsquo;objectif du livre vert est <span style=\"font-weight: bold;\">d&rsquo;ouvrir le d\u00e9bat sur les moyens les mieux \u00e0 m\u00eame de r\u00e9pondre aux enjeux auxquels le personnel de sant\u00e9 doit faire face en Europe<\/span> et d&rsquo;engager le d\u00e9bat entre les parties prenantes.<\/p>\n<p>D\u00e8s les premi\u00e8res pages, l&rsquo;ouvrage pr\u00e9sente sa raison d&rsquo;\u00eatre : \u00ab le pr\u00e9sent livre vert vise \u00e0 mettre davantage en \u00e9vidence les difficult\u00e9s auxquelles le personnel de sant\u00e9 de l&rsquo;UE doit faire face, \u00e0 donner une image plus claire de la mesure dans laquelle les responsables de la sant\u00e9 au niveau local et\/ou national sont confront\u00e9s \u00e0 des d\u00e9fis identiques et \u00e0 fournir une meilleure base pour envisager quelles mesures pourraient \u00eatre prises au niveau communautaire afin d&rsquo;apporter \u00e0 ces probl\u00e8mes une r\u00e9ponse efficace et d\u00e9pourvue d&rsquo;effets n\u00e9gatifs sur les syst\u00e8mes de sant\u00e9 des pays tiers.<\/p>\n<p>Il tend \u00e0 d\u00e9crire aussi pr\u00e9cis\u00e9ment que possible<span style=\"font-weight: bold;\"> les d\u00e9fis auxquels le personnel de sant\u00e9 de l&rsquo;Union est confront\u00e9 et qui sont communs \u00e0 l&rsquo;ensemble des \u00c9tats membres. <\/p>\n<p><\/span>Le deuxi\u00e8me objectif du pr\u00e9sent livre vert consiste \u00e0 contribuer \u00e0 d\u00e9finir les domaines dans lesquels la Commission estime que des mesures ult\u00e9rieures peuvent \u00eatre prises et \u00e0 ouvrir un d\u00e9bat \u00e0 ce sujet.<br \/>\u00a0<br \/>Le livre vert entend par \u00abpersonnel de sant\u00e9\u00bb <span style=\"font-weight: bold;\">toutes les personnes participant \u00e0 la planification et \u00e0 la fourniture des services de sant\u00e9,<\/span> y compris la promotion de la sant\u00e9.<br \/>\u00a0<br \/>Parmi les grandes questions soulev\u00e9es par le livre vert figurent <span style=\"font-weight: bold;\">l&rsquo;investissement dans la formation et l&rsquo;\u00e9laboration de strat\u00e9gies de ressources humaines solides,<\/span> en vue d&rsquo;am\u00e9liorer l&#8217;embauche et la r\u00e9tention du personnel.<\/p>\n<p>On peut citer \u00e0 cet \u00e9gard, par exemple, <span style=\"font-weight: bold;\">l&rsquo;am\u00e9lioration du statut et de la participation des femmes.<\/span> Le livre vert souligne \u00e9galement l&rsquo;importance de l&rsquo;\u00e9quilibre qu&rsquo;il convient de trouver entre les solutions apport\u00e9es aux p\u00e9nuries au sein de l&rsquo;Union et des consid\u00e9rations plus g\u00e9n\u00e9rales en mati\u00e8re de soins de sant\u00e9.<br \/>\u00a0<br \/>\u00a0<br \/><span style=\"font-weight: bold;\">Consultation<\/span><br \/>\u00a0<br \/>La Commission europ\u00e9enne invite toutes les organisations int\u00e9ress\u00e9es \u00e0 <span style=\"font-weight: bold;\">envoyer leurs r\u00e9ponses aux questions abord\u00e9es dans le pr\u00e9sent livre vert au plus tard le 31 mars 2009<\/span>, de pr\u00e9f\u00e9rence \u00e0 l&rsquo;adresse \u00e9lectronique suivante: SANCO-health-workforce@ec.europa.eu ou bien \u00e0 l&rsquo;adresse suivante : Commission europ\u00e9enne, B-1049 Bruxelles &#8211; Belgique.<br \/>\u00a0<br \/>\u00a0Notons qu&rsquo;une conf\u00e9rence intitul\u00e9e <span style=\"font-style: italic;\">\u00abPromouvoir la p\u00e9rennit\u00e9 du personnel de sant\u00e9 en Europe\u00bb <\/span>a r\u00e9uni, la semaine pass\u00e9e, les parties prenantes \u00e0 Bruxelles. Elle \u00e9t\u00e9 le cadre d&rsquo;un v\u00e9ritable \u00e9change avec les acteurs de la sant\u00e9 et les responsables de la planification dans ce secteur.<br \/>\u00a0<br \/>\u00a0En savoir plus :<\/p>\n<li>Le livre vert relatif au personnel de sant\u00e9 en Europe est disponible en ligne. http:\/\/ec.europa.eu\/health\/ph_systems\/docs\/workforce_gp_fr.pdf<\/li>\n<li>La conf\u00e9rence des parties prenantes intitul\u00e9e \u00abPromouvoir la p\u00e9rennit\u00e9 du personnel de sant\u00e9 en Europe\u00bb<\/li>\n<p><\/p>\n","protected":false},"excerpt":{"rendered":"<p>La Commission europ\u00e9enne a adopt\u00e9 un livre vert sur le personnel de sant\u00e9 dans l&rsquo;Union. Il marque le d\u00e9but d&rsquo;une p\u00e9riode de consultation qui vise \u00e0 d\u00e9finir des r\u00e9ponses communes aux nombreux enjeux auxquels doivent faire face les professionnels de la sant\u00e9 en Europe : une Europe vieillissante, des d\u00e9penses de sant\u00e9 croissantes, des attentes [&hellip;]<\/p>\n","protected":false},"author":32,"featured_media":0,"comment_status":"open","ping_status":"open","sticky":false,"template":"","format":"standard","meta":{"_acf_changed":false,"_mi_skip_tracking":false,"footnotes":""},"categories":[7],"tags":[],"class_list":["post-2102","post","type-post","status-publish","format-standard","hentry","category-mobilite-internationale"],"acf":[],"yoast_head":"<!-- This site is optimized with the Yoast SEO plugin v23.4 - https:\/\/yoast.com\/wordpress\/plugins\/seo\/ -->\n<title>Europe : un livre vert sur l&#039;avenir du personnel de sant\u00e9 dans l&#039;Union - Le Blog GERESO<\/title>\n<meta name=\"robots\" content=\"index, follow, max-snippet:-1, max-image-preview:large, max-video-preview:-1\" \/>\n<link rel=\"canonical\" href=\"https:\/\/www.gereso.com\/actualites\/2008\/12\/18\/europe-un-livre-vert-sur-lavenir-du-personnel-de-sante-dans-lunion\/\" \/>\n<meta property=\"og:locale\" content=\"fr_FR\" \/>\n<meta property=\"og:type\" content=\"article\" \/>\n<meta property=\"og:title\" content=\"Europe : un livre vert sur l&#039;avenir du personnel de sant\u00e9 dans l&#039;Union - Le Blog GERESO\" \/>\n<meta property=\"og:description\" content=\"La Commission europ\u00e9enne a adopt\u00e9 un livre vert sur le personnel de sant\u00e9 dans l&rsquo;Union. Il marque le d\u00e9but d&rsquo;une p\u00e9riode de consultation qui vise \u00e0 d\u00e9finir des r\u00e9ponses communes aux nombreux enjeux auxquels doivent faire face les professionnels de la sant\u00e9 en Europe : une Europe vieillissante, des d\u00e9penses de sant\u00e9 croissantes, des attentes [&hellip;]\" \/>\n<meta property=\"og:url\" content=\"https:\/\/www.gereso.com\/actualites\/2008\/12\/18\/europe-un-livre-vert-sur-lavenir-du-personnel-de-sante-dans-lunion\/\" \/>\n<meta property=\"og:site_name\" content=\"Le Blog GERESO\" \/>\n<meta property=\"article:published_time\" content=\"2008-12-17T22:00:00+00:00\" \/>\n<meta name=\"author\" content=\"\u00c9quipe GERESO\" \/>\n<meta name=\"twitter:card\" content=\"summary_large_image\" \/>\n<script type=\"application\/ld+json\" class=\"yoast-schema-graph\">{\"@context\":\"https:\/\/schema.org\",\"@graph\":[{\"@type\":\"WebPage\",\"@id\":\"https:\/\/www.gereso.com\/actualites\/2008\/12\/18\/europe-un-livre-vert-sur-lavenir-du-personnel-de-sante-dans-lunion\/\",\"url\":\"https:\/\/www.gereso.com\/actualites\/2008\/12\/18\/europe-un-livre-vert-sur-lavenir-du-personnel-de-sante-dans-lunion\/\",\"name\":\"Europe : un livre vert sur l&#039;avenir du personnel de sant\u00e9 dans l&#039;Union - Le Blog GERESO\",\"isPartOf\":{\"@id\":\"https:\/\/www.gereso.com\/actualites\/#website\"},\"datePublished\":\"2008-12-17T22:00:00+00:00\",\"dateModified\":\"2008-12-17T22:00:00+00:00\",\"author\":{\"@id\":\"https:\/\/www.gereso.com\/actualites\/#\/schema\/person\/197d8aef40cb4ae3f6a0aa9e1d3df2a6\"},\"breadcrumb\":{\"@id\":\"https:\/\/www.gereso.com\/actualites\/2008\/12\/18\/europe-un-livre-vert-sur-lavenir-du-personnel-de-sante-dans-lunion\/#breadcrumb\"},\"inLanguage\":\"fr-FR\",\"potentialAction\":[{\"@type\":\"ReadAction\",\"target\":[\"https:\/\/www.gereso.com\/actualites\/2008\/12\/18\/europe-un-livre-vert-sur-lavenir-du-personnel-de-sante-dans-lunion\/\"]}]},{\"@type\":\"BreadcrumbList\",\"@id\":\"https:\/\/www.gereso.com\/actualites\/2008\/12\/18\/europe-un-livre-vert-sur-lavenir-du-personnel-de-sante-dans-lunion\/#breadcrumb\",\"itemListElement\":[{\"@type\":\"ListItem\",\"position\":1,\"name\":\"Home\",\"item\":\"https:\/\/www.gereso.com\/actualites\/\"},{\"@type\":\"ListItem\",\"position\":2,\"name\":\"Europe : un livre vert sur l&#039;avenir du personnel de sant\u00e9 dans l&#039;Union\"}]},{\"@type\":\"WebSite\",\"@id\":\"https:\/\/www.gereso.com\/actualites\/#website\",\"url\":\"https:\/\/www.gereso.com\/actualites\/\",\"name\":\"Le Blog GERESO\",\"description\":\"Toute l&#039;actu RH, Finance, Fonction Publique, Management...\",\"potentialAction\":[{\"@type\":\"SearchAction\",\"target\":{\"@type\":\"EntryPoint\",\"urlTemplate\":\"https:\/\/www.gereso.com\/actualites\/?s={search_term_string}\"},\"query-input\":{\"@type\":\"PropertyValueSpecification\",\"valueRequired\":true,\"valueName\":\"search_term_string\"}}],\"inLanguage\":\"fr-FR\"},{\"@type\":\"Person\",\"@id\":\"https:\/\/www.gereso.com\/actualites\/#\/schema\/person\/197d8aef40cb4ae3f6a0aa9e1d3df2a6\",\"name\":\"\u00c9quipe GERESO\",\"image\":{\"@type\":\"ImageObject\",\"inLanguage\":\"fr-FR\",\"@id\":\"https:\/\/www.gereso.com\/actualites\/#\/schema\/person\/image\/\",\"url\":\"https:\/\/www.gereso.com\/actualites\/wp-content\/uploads\/2013\/12\/avatar-gereso-1.png\",\"contentUrl\":\"https:\/\/www.gereso.com\/actualites\/wp-content\/uploads\/2013\/12\/avatar-gereso-1.png\",\"caption\":\"\u00c9quipe GERESO\"},\"url\":\"https:\/\/www.gereso.com\/actualites\/author\/gereso\/\"}]}<\/script>\n<!-- \/ Yoast SEO plugin. -->","yoast_head_json":{"title":"Europe : un livre vert sur l&#039;avenir du personnel de sant\u00e9 dans l&#039;Union - Le Blog GERESO","robots":{"index":"index","follow":"follow","max-snippet":"max-snippet:-1","max-image-preview":"max-image-preview:large","max-video-preview":"max-video-preview:-1"},"canonical":"https:\/\/www.gereso.com\/actualites\/2008\/12\/18\/europe-un-livre-vert-sur-lavenir-du-personnel-de-sante-dans-lunion\/","og_locale":"fr_FR","og_type":"article","og_title":"Europe : un livre vert sur l&#039;avenir du personnel de sant\u00e9 dans l&#039;Union - Le Blog GERESO","og_description":"La Commission europ\u00e9enne a adopt\u00e9 un livre vert sur le personnel de sant\u00e9 dans l&rsquo;Union. Il marque le d\u00e9but d&rsquo;une p\u00e9riode de consultation qui vise \u00e0 d\u00e9finir des r\u00e9ponses communes aux nombreux enjeux auxquels doivent faire face les professionnels de la sant\u00e9 en Europe : une Europe vieillissante, des d\u00e9penses de sant\u00e9 croissantes, des attentes [&hellip;]","og_url":"https:\/\/www.gereso.com\/actualites\/2008\/12\/18\/europe-un-livre-vert-sur-lavenir-du-personnel-de-sante-dans-lunion\/","og_site_name":"Le Blog GERESO","article_published_time":"2008-12-17T22:00:00+00:00","author":"\u00c9quipe GERESO","twitter_card":"summary_large_image","schema":{"@context":"https:\/\/schema.org","@graph":[{"@type":"WebPage","@id":"https:\/\/www.gereso.com\/actualites\/2008\/12\/18\/europe-un-livre-vert-sur-lavenir-du-personnel-de-sante-dans-lunion\/","url":"https:\/\/www.gereso.com\/actualites\/2008\/12\/18\/europe-un-livre-vert-sur-lavenir-du-personnel-de-sante-dans-lunion\/","name":"Europe : un livre vert sur l&#039;avenir du personnel de sant\u00e9 dans l&#039;Union - Le Blog GERESO","isPartOf":{"@id":"https:\/\/www.gereso.com\/actualites\/#website"},"datePublished":"2008-12-17T22:00:00+00:00","dateModified":"2008-12-17T22:00:00+00:00","author":{"@id":"https:\/\/www.gereso.com\/actualites\/#\/schema\/person\/197d8aef40cb4ae3f6a0aa9e1d3df2a6"},"breadcrumb":{"@id":"https:\/\/www.gereso.com\/actualites\/2008\/12\/18\/europe-un-livre-vert-sur-lavenir-du-personnel-de-sante-dans-lunion\/#breadcrumb"},"inLanguage":"fr-FR","potentialAction":[{"@type":"ReadAction","target":["https:\/\/www.gereso.com\/actualites\/2008\/12\/18\/europe-un-livre-vert-sur-lavenir-du-personnel-de-sante-dans-lunion\/"]}]},{"@type":"BreadcrumbList","@id":"https:\/\/www.gereso.com\/actualites\/2008\/12\/18\/europe-un-livre-vert-sur-lavenir-du-personnel-de-sante-dans-lunion\/#breadcrumb","itemListElement":[{"@type":"ListItem","position":1,"name":"Home","item":"https:\/\/www.gereso.com\/actualites\/"},{"@type":"ListItem","position":2,"name":"Europe : un livre vert sur l&#039;avenir du personnel de sant\u00e9 dans l&#039;Union"}]},{"@type":"WebSite","@id":"https:\/\/www.gereso.com\/actualites\/#website","url":"https:\/\/www.gereso.com\/actualites\/","name":"Le Blog GERESO","description":"Toute l&#039;actu RH, Finance, Fonction Publique, Management...","potentialAction":[{"@type":"SearchAction","target":{"@type":"EntryPoint","urlTemplate":"https:\/\/www.gereso.com\/actualites\/?s={search_term_string}"},"query-input":{"@type":"PropertyValueSpecification","valueRequired":true,"valueName":"search_term_string"}}],"inLanguage":"fr-FR"},{"@type":"Person","@id":"https:\/\/www.gereso.com\/actualites\/#\/schema\/person\/197d8aef40cb4ae3f6a0aa9e1d3df2a6","name":"\u00c9quipe GERESO","image":{"@type":"ImageObject","inLanguage":"fr-FR","@id":"https:\/\/www.gereso.com\/actualites\/#\/schema\/person\/image\/","url":"https:\/\/www.gereso.com\/actualites\/wp-content\/uploads\/2013\/12\/avatar-gereso-1.png","contentUrl":"https:\/\/www.gereso.com\/actualites\/wp-content\/uploads\/2013\/12\/avatar-gereso-1.png","caption":"\u00c9quipe GERESO"},"url":"https:\/\/www.gereso.com\/actualites\/author\/gereso\/"}]}},"_links":{"self":[{"href":"https:\/\/www.gereso.com\/actualites\/wp-json\/wp\/v2\/posts\/2102","targetHints":{"allow":["GET"]}}],"collection":[{"href":"https:\/\/www.gereso.com\/actualites\/wp-json\/wp\/v2\/posts"}],"about":[{"href":"https:\/\/www.gereso.com\/actualites\/wp-json\/wp\/v2\/types\/post"}],"author":[{"embeddable":true,"href":"https:\/\/www.gereso.com\/actualites\/wp-json\/wp\/v2\/users\/32"}],"replies":[{"embeddable":true,"href":"https:\/\/www.gereso.com\/actualites\/wp-json\/wp\/v2\/comments?post=2102"}],"version-history":[{"count":0,"href":"https:\/\/www.gereso.com\/actualites\/wp-json\/wp\/v2\/posts\/2102\/revisions"}],"wp:attachment":[{"href":"https:\/\/www.gereso.com\/actualites\/wp-json\/wp\/v2\/media?parent=2102"}],"wp:term":[{"taxonomy":"category","embeddable":true,"href":"https:\/\/www.gereso.com\/actualites\/wp-json\/wp\/v2\/categories?post=2102"},{"taxonomy":"post_tag","embeddable":true,"href":"https:\/\/www.gereso.com\/actualites\/wp-json\/wp\/v2\/tags?post=2102"}],"curies":[{"name":"wp","href":"https:\/\/api.w.org\/{rel}","templated":true}]}}