{"id":2109,"date":"2009-04-29T00:00:00","date_gmt":"2009-04-28T22:00:00","guid":{"rendered":"https:\/\/www.gereso.com\/actualites\/2009\/04\/la-nouvelle-procedure-de-naturalisation-confiee-aux-prefets\/"},"modified":"2009-04-29T00:00:00","modified_gmt":"2009-04-28T22:00:00","slug":"la-nouvelle-procedure-de-naturalisation-confiee-aux-prefets","status":"publish","type":"post","link":"https:\/\/www.gereso.com\/actualites\/2009\/04\/29\/la-nouvelle-procedure-de-naturalisation-confiee-aux-prefets\/","title":{"rendered":"La nouvelle proc\u00e9dure de naturalisation confi\u00e9e aux pr\u00e9fets"},"content":{"rendered":"<p>Eric Besson, ministre de l&rsquo;Immigration, de l&rsquo;Int\u00e9gration, de l&rsquo;Identit\u00e9 nationale et du D\u00e9veloppement solidaire, a pr\u00e9sent\u00e9 \u00e0 Nantes, le 20 avril, <span style=\"font-weight: bold;\">la r\u00e9forme de la proc\u00e9dure de naturalisation.<\/span><br \/><span style=\"font-style: italic;\">\u00ab\u00a0L&rsquo;actuelle proc\u00e9dure, lourde et complexe, induit <span style=\"font-weight: bold;\">un d\u00e9lai de r\u00e9ponse trop long<\/span> (dur\u00e9e moyenne de pr\u00e8s de 20 mois) et extr\u00eamement variable d&rsquo;une pr\u00e9fecture \u00e0 l&rsquo;autre\u00a0\u00bb<\/span> a indiqu\u00e9 le ministre.<br \/><br style=\"font-style: italic;\" \/><span style=\"font-style: italic;\">\u00ab Des doublons existent dans l&rsquo;instruction des dossiers entre les pr\u00e9fectures et l&rsquo;administration centrale tandis que le nombre de demandes en instance de traitement est tr\u00e8s important<\/span> \u00bb, a-t-il ajout\u00e9. <\/p>\n<p>Le Conseil de modernisation des politiques publiques a pr\u00e9conis\u00e9 en d\u00e9cembre 2007,<span style=\"font-weight: bold;\"> la suppression du double niveau d&rsquo;instruction<\/span>, par les pr\u00e9fectures et l&rsquo;administration centrale, des dossiers de demande de naturalisation par d\u00e9cret.<\/p>\n<p>Ainsi, les propositions de naturalisation et les d\u00e9cisions d\u00e9favorables seront d\u00e9sormais confi\u00e9es aux pr\u00e9fets.<\/p>\n<p>Ce transfert sera pr\u00e9c\u00e9d\u00e9 d&rsquo;une <span style=\"font-weight: bold;\">p\u00e9riode d&rsquo;exp\u00e9rimentation dans 20 pr\u00e9fectures,<\/span> qui d\u00e9butera le 1er janvier 2010, l&rsquo;ann\u00e9e 2009 \u00e9tant consacr\u00e9e \u00e0 adapter l&rsquo;application informatique PRENAT et \u00e0 assurer la formation des agents de ces pr\u00e9fectures.<\/p>\n<p>Eric Besson a pr\u00e9cis\u00e9 que <span style=\"font-weight: bold;\">la mission de la sous-direction de l&rsquo;acc\u00e8s \u00e0 la nationalit\u00e9 fran\u00e7aise devenait de ce fait incontournable,<\/span> \u00ab <span style=\"font-style: italic;\">tant dans le contr\u00f4le des d\u00e9cisions d\u00e9favorables des pr\u00e9fets que dans leurs propositions d&rsquo;octroyer la nationalit\u00e9 fran\u00e7aise<\/span> \u00bb. <\/p>\n<p><span style=\"font-weight: bold;\">L&rsquo;octroi de la nationalit\u00e9 fran\u00e7aise continuera \u00e0 relever du d\u00e9cret,<\/span> apr\u00e8s instruction de la pr\u00e9fecture, et le traitement des recours hi\u00e9rarchiques, dont la sous-direction de l&rsquo;acc\u00e8s \u00e0 la nationalit\u00e9 fran\u00e7aise aura la charge, garantira <span style=\"font-weight: bold;\">l&rsquo;homog\u00e9n\u00e9it\u00e9 des d\u00e9cisions \u00e0 l&rsquo;\u00e9chelle nationale.<\/span><br \/>\u00a0<br \/><span style=\"font-style: italic;\">Source : discours du ministre de l&rsquo;immigration, 21 avril 2009<\/span><\/p>\n","protected":false},"excerpt":{"rendered":"<p>Eric Besson, ministre de l&rsquo;Immigration, de l&rsquo;Int\u00e9gration, de l&rsquo;Identit\u00e9 nationale et du D\u00e9veloppement solidaire, a pr\u00e9sent\u00e9 \u00e0 Nantes, le 20 avril, la r\u00e9forme de la proc\u00e9dure de naturalisation.\u00ab\u00a0L&rsquo;actuelle proc\u00e9dure, lourde et complexe, induit un d\u00e9lai de r\u00e9ponse trop long (dur\u00e9e moyenne de pr\u00e8s de 20 mois) et extr\u00eamement variable d&rsquo;une pr\u00e9fecture \u00e0 l&rsquo;autre\u00a0\u00bb a indiqu\u00e9 [&hellip;]<\/p>\n","protected":false},"author":32,"featured_media":0,"comment_status":"open","ping_status":"open","sticky":false,"template":"","format":"standard","meta":{"_acf_changed":false,"_mi_skip_tracking":false,"footnotes":""},"categories":[7],"tags":[],"class_list":["post-2109","post","type-post","status-publish","format-standard","hentry","category-mobilite-internationale"],"acf":[],"yoast_head":"<!-- This site is optimized with the Yoast SEO plugin v23.4 - https:\/\/yoast.com\/wordpress\/plugins\/seo\/ -->\n<title>La nouvelle proc\u00e9dure de naturalisation confi\u00e9e aux pr\u00e9fets - Le Blog GERESO<\/title>\n<meta name=\"robots\" content=\"index, follow, max-snippet:-1, max-image-preview:large, max-video-preview:-1\" \/>\n<link rel=\"canonical\" href=\"https:\/\/www.gereso.com\/actualites\/2009\/04\/29\/la-nouvelle-procedure-de-naturalisation-confiee-aux-prefets\/\" \/>\n<meta property=\"og:locale\" content=\"fr_FR\" \/>\n<meta property=\"og:type\" content=\"article\" \/>\n<meta property=\"og:title\" content=\"La nouvelle proc\u00e9dure de naturalisation confi\u00e9e aux pr\u00e9fets - Le Blog GERESO\" \/>\n<meta property=\"og:description\" content=\"Eric Besson, ministre de l&rsquo;Immigration, de l&rsquo;Int\u00e9gration, de l&rsquo;Identit\u00e9 nationale et du D\u00e9veloppement solidaire, a pr\u00e9sent\u00e9 \u00e0 Nantes, le 20 avril, la r\u00e9forme de la proc\u00e9dure de naturalisation.\u00ab\u00a0L&rsquo;actuelle proc\u00e9dure, lourde et complexe, induit un d\u00e9lai de r\u00e9ponse trop long (dur\u00e9e moyenne de pr\u00e8s de 20 mois) et extr\u00eamement variable d&rsquo;une pr\u00e9fecture \u00e0 l&rsquo;autre\u00a0\u00bb a indiqu\u00e9 [&hellip;]\" \/>\n<meta property=\"og:url\" content=\"https:\/\/www.gereso.com\/actualites\/2009\/04\/29\/la-nouvelle-procedure-de-naturalisation-confiee-aux-prefets\/\" \/>\n<meta property=\"og:site_name\" content=\"Le Blog GERESO\" \/>\n<meta property=\"article:published_time\" content=\"2009-04-28T22:00:00+00:00\" \/>\n<meta name=\"author\" content=\"\u00c9quipe GERESO\" \/>\n<meta name=\"twitter:card\" content=\"summary_large_image\" \/>\n<script type=\"application\/ld+json\" class=\"yoast-schema-graph\">{\"@context\":\"https:\/\/schema.org\",\"@graph\":[{\"@type\":\"WebPage\",\"@id\":\"https:\/\/www.gereso.com\/actualites\/2009\/04\/29\/la-nouvelle-procedure-de-naturalisation-confiee-aux-prefets\/\",\"url\":\"https:\/\/www.gereso.com\/actualites\/2009\/04\/29\/la-nouvelle-procedure-de-naturalisation-confiee-aux-prefets\/\",\"name\":\"La nouvelle proc\u00e9dure de naturalisation confi\u00e9e aux pr\u00e9fets - Le Blog GERESO\",\"isPartOf\":{\"@id\":\"https:\/\/www.gereso.com\/actualites\/#website\"},\"datePublished\":\"2009-04-28T22:00:00+00:00\",\"dateModified\":\"2009-04-28T22:00:00+00:00\",\"author\":{\"@id\":\"https:\/\/www.gereso.com\/actualites\/#\/schema\/person\/197d8aef40cb4ae3f6a0aa9e1d3df2a6\"},\"breadcrumb\":{\"@id\":\"https:\/\/www.gereso.com\/actualites\/2009\/04\/29\/la-nouvelle-procedure-de-naturalisation-confiee-aux-prefets\/#breadcrumb\"},\"inLanguage\":\"fr-FR\",\"potentialAction\":[{\"@type\":\"ReadAction\",\"target\":[\"https:\/\/www.gereso.com\/actualites\/2009\/04\/29\/la-nouvelle-procedure-de-naturalisation-confiee-aux-prefets\/\"]}]},{\"@type\":\"BreadcrumbList\",\"@id\":\"https:\/\/www.gereso.com\/actualites\/2009\/04\/29\/la-nouvelle-procedure-de-naturalisation-confiee-aux-prefets\/#breadcrumb\",\"itemListElement\":[{\"@type\":\"ListItem\",\"position\":1,\"name\":\"Home\",\"item\":\"https:\/\/www.gereso.com\/actualites\/\"},{\"@type\":\"ListItem\",\"position\":2,\"name\":\"La nouvelle proc\u00e9dure de naturalisation confi\u00e9e aux pr\u00e9fets\"}]},{\"@type\":\"WebSite\",\"@id\":\"https:\/\/www.gereso.com\/actualites\/#website\",\"url\":\"https:\/\/www.gereso.com\/actualites\/\",\"name\":\"Le Blog GERESO\",\"description\":\"Toute l&#039;actu RH, Finance, Fonction Publique, Management...\",\"potentialAction\":[{\"@type\":\"SearchAction\",\"target\":{\"@type\":\"EntryPoint\",\"urlTemplate\":\"https:\/\/www.gereso.com\/actualites\/?s={search_term_string}\"},\"query-input\":{\"@type\":\"PropertyValueSpecification\",\"valueRequired\":true,\"valueName\":\"search_term_string\"}}],\"inLanguage\":\"fr-FR\"},{\"@type\":\"Person\",\"@id\":\"https:\/\/www.gereso.com\/actualites\/#\/schema\/person\/197d8aef40cb4ae3f6a0aa9e1d3df2a6\",\"name\":\"\u00c9quipe GERESO\",\"image\":{\"@type\":\"ImageObject\",\"inLanguage\":\"fr-FR\",\"@id\":\"https:\/\/www.gereso.com\/actualites\/#\/schema\/person\/image\/\",\"url\":\"https:\/\/www.gereso.com\/actualites\/wp-content\/uploads\/2013\/12\/avatar-gereso-1.png\",\"contentUrl\":\"https:\/\/www.gereso.com\/actualites\/wp-content\/uploads\/2013\/12\/avatar-gereso-1.png\",\"caption\":\"\u00c9quipe GERESO\"},\"url\":\"https:\/\/www.gereso.com\/actualites\/author\/gereso\/\"}]}<\/script>\n<!-- \/ Yoast SEO plugin. -->","yoast_head_json":{"title":"La nouvelle proc\u00e9dure de naturalisation confi\u00e9e aux pr\u00e9fets - Le Blog GERESO","robots":{"index":"index","follow":"follow","max-snippet":"max-snippet:-1","max-image-preview":"max-image-preview:large","max-video-preview":"max-video-preview:-1"},"canonical":"https:\/\/www.gereso.com\/actualites\/2009\/04\/29\/la-nouvelle-procedure-de-naturalisation-confiee-aux-prefets\/","og_locale":"fr_FR","og_type":"article","og_title":"La nouvelle proc\u00e9dure de naturalisation confi\u00e9e aux pr\u00e9fets - Le Blog GERESO","og_description":"Eric Besson, ministre de l&rsquo;Immigration, de l&rsquo;Int\u00e9gration, de l&rsquo;Identit\u00e9 nationale et du D\u00e9veloppement solidaire, a pr\u00e9sent\u00e9 \u00e0 Nantes, le 20 avril, la r\u00e9forme de la proc\u00e9dure de naturalisation.\u00ab\u00a0L&rsquo;actuelle proc\u00e9dure, lourde et complexe, induit un d\u00e9lai de r\u00e9ponse trop long (dur\u00e9e moyenne de pr\u00e8s de 20 mois) et extr\u00eamement variable d&rsquo;une pr\u00e9fecture \u00e0 l&rsquo;autre\u00a0\u00bb a indiqu\u00e9 [&hellip;]","og_url":"https:\/\/www.gereso.com\/actualites\/2009\/04\/29\/la-nouvelle-procedure-de-naturalisation-confiee-aux-prefets\/","og_site_name":"Le Blog GERESO","article_published_time":"2009-04-28T22:00:00+00:00","author":"\u00c9quipe GERESO","twitter_card":"summary_large_image","schema":{"@context":"https:\/\/schema.org","@graph":[{"@type":"WebPage","@id":"https:\/\/www.gereso.com\/actualites\/2009\/04\/29\/la-nouvelle-procedure-de-naturalisation-confiee-aux-prefets\/","url":"https:\/\/www.gereso.com\/actualites\/2009\/04\/29\/la-nouvelle-procedure-de-naturalisation-confiee-aux-prefets\/","name":"La nouvelle proc\u00e9dure de naturalisation confi\u00e9e aux pr\u00e9fets - Le Blog GERESO","isPartOf":{"@id":"https:\/\/www.gereso.com\/actualites\/#website"},"datePublished":"2009-04-28T22:00:00+00:00","dateModified":"2009-04-28T22:00:00+00:00","author":{"@id":"https:\/\/www.gereso.com\/actualites\/#\/schema\/person\/197d8aef40cb4ae3f6a0aa9e1d3df2a6"},"breadcrumb":{"@id":"https:\/\/www.gereso.com\/actualites\/2009\/04\/29\/la-nouvelle-procedure-de-naturalisation-confiee-aux-prefets\/#breadcrumb"},"inLanguage":"fr-FR","potentialAction":[{"@type":"ReadAction","target":["https:\/\/www.gereso.com\/actualites\/2009\/04\/29\/la-nouvelle-procedure-de-naturalisation-confiee-aux-prefets\/"]}]},{"@type":"BreadcrumbList","@id":"https:\/\/www.gereso.com\/actualites\/2009\/04\/29\/la-nouvelle-procedure-de-naturalisation-confiee-aux-prefets\/#breadcrumb","itemListElement":[{"@type":"ListItem","position":1,"name":"Home","item":"https:\/\/www.gereso.com\/actualites\/"},{"@type":"ListItem","position":2,"name":"La nouvelle proc\u00e9dure de naturalisation confi\u00e9e aux pr\u00e9fets"}]},{"@type":"WebSite","@id":"https:\/\/www.gereso.com\/actualites\/#website","url":"https:\/\/www.gereso.com\/actualites\/","name":"Le Blog GERESO","description":"Toute l&#039;actu RH, Finance, Fonction Publique, Management...","potentialAction":[{"@type":"SearchAction","target":{"@type":"EntryPoint","urlTemplate":"https:\/\/www.gereso.com\/actualites\/?s={search_term_string}"},"query-input":{"@type":"PropertyValueSpecification","valueRequired":true,"valueName":"search_term_string"}}],"inLanguage":"fr-FR"},{"@type":"Person","@id":"https:\/\/www.gereso.com\/actualites\/#\/schema\/person\/197d8aef40cb4ae3f6a0aa9e1d3df2a6","name":"\u00c9quipe GERESO","image":{"@type":"ImageObject","inLanguage":"fr-FR","@id":"https:\/\/www.gereso.com\/actualites\/#\/schema\/person\/image\/","url":"https:\/\/www.gereso.com\/actualites\/wp-content\/uploads\/2013\/12\/avatar-gereso-1.png","contentUrl":"https:\/\/www.gereso.com\/actualites\/wp-content\/uploads\/2013\/12\/avatar-gereso-1.png","caption":"\u00c9quipe GERESO"},"url":"https:\/\/www.gereso.com\/actualites\/author\/gereso\/"}]}},"_links":{"self":[{"href":"https:\/\/www.gereso.com\/actualites\/wp-json\/wp\/v2\/posts\/2109","targetHints":{"allow":["GET"]}}],"collection":[{"href":"https:\/\/www.gereso.com\/actualites\/wp-json\/wp\/v2\/posts"}],"about":[{"href":"https:\/\/www.gereso.com\/actualites\/wp-json\/wp\/v2\/types\/post"}],"author":[{"embeddable":true,"href":"https:\/\/www.gereso.com\/actualites\/wp-json\/wp\/v2\/users\/32"}],"replies":[{"embeddable":true,"href":"https:\/\/www.gereso.com\/actualites\/wp-json\/wp\/v2\/comments?post=2109"}],"version-history":[{"count":0,"href":"https:\/\/www.gereso.com\/actualites\/wp-json\/wp\/v2\/posts\/2109\/revisions"}],"wp:attachment":[{"href":"https:\/\/www.gereso.com\/actualites\/wp-json\/wp\/v2\/media?parent=2109"}],"wp:term":[{"taxonomy":"category","embeddable":true,"href":"https:\/\/www.gereso.com\/actualites\/wp-json\/wp\/v2\/categories?post=2109"},{"taxonomy":"post_tag","embeddable":true,"href":"https:\/\/www.gereso.com\/actualites\/wp-json\/wp\/v2\/tags?post=2109"}],"curies":[{"name":"wp","href":"https:\/\/api.w.org\/{rel}","templated":true}]}}