{"id":2118,"date":"2007-02-01T00:00:00","date_gmt":"2007-01-31T22:00:00","guid":{"rendered":"https:\/\/www.gereso.com\/actualites\/2007\/02\/le-saviez-vous-convention-collective-et-bulletin-de-paie\/"},"modified":"2007-02-01T00:00:00","modified_gmt":"2007-01-31T22:00:00","slug":"le-saviez-vous-convention-collective-et-bulletin-de-paie","status":"publish","type":"post","link":"https:\/\/www.gereso.com\/actualites\/2007\/02\/01\/le-saviez-vous-convention-collective-et-bulletin-de-paie\/","title":{"rendered":"Le saviez-vous&nbsp;? Convention collective et bulletin de paie."},"content":{"rendered":"<p>Pouvez-vous revendiquer l&rsquo;application de la convention collective mentionn\u00e9e par erreur sur votre bulletin de paie&nbsp;?<\/p>\n<li> OUI<\/li>\n<li>NON<\/li>\n<h3>R\u00e9ponse<\/h3>\n<p> La bonne r\u00e9ponse est : <b>OUI.<\/b><\/p>\n<h3>Une mention obligatoire<\/h3>\n<p>L&#8217;employeur est <b>tenu de porter \u00e0 la connaissance du salari\u00e9 la convention collective applicable \u00e0 l&rsquo;entreprise<\/b>.<\/p>\n<p><b>Le bulletin de paie doit donc obligatoirement mentionner la convention de branche applicable<\/b> au salari\u00e9 (article R.143-2 du Code du travail).<\/p>\n<p>Le salari\u00e9 peut revendiquer l&rsquo;application de la convention mentionn\u00e9e sur le bulletin de paie.<\/p>\n<p>La mention de la convention collective sur le bulletin de paie vaut <b>reconnaissance de son application volontaire<\/b> \u00e0 l&rsquo;\u00e9gard du salari\u00e9, m\u00eame si cette mention a \u00e9t\u00e9 appos\u00e9e par erreur.<br \/>Il en est de m\u00eame lorsque le bulletin de paie mentionne une conventioncollective diff\u00e9rente de celle appliqu\u00e9e dans l&rsquo;entreprise.<\/p>\n<p>Par cons\u00e9quent, le salari\u00e9 peut demander l&rsquo;application de cetteconvention en m\u00eame temps que celle de la convention normalementapplicable au titre de l&rsquo;activit\u00e9 principale de l&rsquo;entreprise.<br \/>En effet, cette mention n&rsquo;interdit pas au salari\u00e9 de revendiquerl&rsquo;application de la convention li\u00e9e \u00e0 l&rsquo;activit\u00e9 de l&rsquo;entreprise dansses dispositions les plus favorables.<\/p>\n<p>Attention : lorsque le contrat de travail pr\u00e9voit l&rsquo;applicationvolontaire de certaines clauses seulement d&rsquo;une convention collective,la mention de cette convention dans le bulletin de paie ne conf\u00e8re pasau salari\u00e9 le droit de b\u00e9n\u00e9ficier de l&rsquo;application de toutes lesclauses de la convention (Cass. soc. 10 juin 2003 n\u00b0 01-41328).<\/p>\n<p>Notez que dans les relations collectives de travail, une seuleconvention est applicable, celle qui est d\u00e9termin\u00e9e par l&rsquo;activit\u00e9principale de l&rsquo;entreprise.<\/p>\n<p>Sources: Arr\u00eats de la chambre sociale de la Cour de cassation du 18 juillet2000 n\u00b0 97-44897, 15 novembre 2006 n\u00b0 05-42842 et du 7 f\u00e9vrier 2007 n\u00b005-44201, juritravail.com<\/p>\n<h3>Article R.143-2 du Code du travail<\/h3>\n<p>(D\u00e9cret n\u00ba 75-54 du 21 janvier 1975 Journal Officiel du 30 janvier 1975)<\/p>\n<p> (D\u00e9cret n\u00ba 78-427 du 20 mars 1978 Journal Officiel du 26 mars 1978)<\/p>\n<p> (D\u00e9cret n\u00ba 88-889 du 22 ao\u00fbt 1988 art. 1, art. 2 Journal Officiel du 24 aout 1988 en vigueur le 1er janvier 1989)<\/p>\n<p>(D\u00e9cret n\u00ba 91-94 du 24 janvier 1991 art. 1, art. 2, art. 3, art. 4Journal Officiel du 25 janvier 1991 en vigueur le 1er f\u00e9vrier 1991)<\/p>\n<p> (D\u00e9cret n\u00ba 94-761 du 31 ao\u00fbt 1994 art. 1 Journal Officiel du 2 septembre 1994)<\/p>\n<p> (D\u00e9cret n\u00ba 95-942 du 25 ao\u00fbt 1995 art. 7 Journal Officiel du 26 ao\u00fbt 1995)<\/p>\n<p> (D\u00e9cret n\u00ba 96-186 du 12 mars 1996 art. 1 Journal Officiel du 14 mars 1996)<\/p>\n<p> (D\u00e9cret n\u00ba 2000-70 du 28 janvier 2000 art. 1 art. 2 art. 3 Journal Officiel du 29 janvier 2000)<\/p>\n<p> (D\u00e9cret n\u00ba 2005-239 du 14 mars 2005 art. 2 Journal Officiel du 18 mars 2005 et rectificatif JORF 11 juin 2005)<\/p>\n<p>Le bulletin de paie pr\u00e9vu \u00e0 l&rsquo;article L. 143-3 comporte obligatoirement :<\/p>\n<p>1\u00ba Le nom et l&rsquo;adresse de l&#8217;employeur ainsi que, le cas \u00e9ch\u00e9ant, lad\u00e9signation de l&rsquo;\u00e9tablissement dont d\u00e9pend le salari\u00e9 ;<\/p>\n<p>2\u00ba La r\u00e9f\u00e9rence de l&rsquo;organisme auquel l&#8217;employeur verse les cotisationsde s\u00e9curit\u00e9 sociale, le num\u00e9ro sous lequel ces cotisations sont vers\u00e9eset, pour les employeurs inscrits au r\u00e9pertoire national des entrepriseset des \u00e9tablissements pr\u00e9vu \u00e0 l&rsquo;article 1er du d\u00e9cret n\u00ba 73-314 du 14mars 1973, le num\u00e9ro de la nomenclature des activit\u00e9s \u00e9conomiques (codede l&rsquo;activit\u00e9 principale exerc\u00e9e) caract\u00e9risant l&rsquo;activit\u00e9 del&rsquo;entreprise ou de l&rsquo;\u00e9tablissement mentionn\u00e9 au second alin\u00e9a del&rsquo;article 5 dudit d\u00e9cret ;<\/p>\n<p>3\u00ba S&rsquo;il y a lieu, l&rsquo;intitul\u00e9 de la convention collective de brancheapplicable au salari\u00e9 ou, \u00e0 d\u00e9faut, la r\u00e9f\u00e9rence au code du travailpour les dispositions relatives \u00e0 la dur\u00e9e des cong\u00e9s pay\u00e9s du salari\u00e9et \u00e0 la dur\u00e9e des d\u00e9lais de pr\u00e9avis en cas de cessation de la relationde travail ;<\/p>\n<p>4\u00ba Le nom et l&#8217;emploi du salari\u00e9 ainsi que sa position dans laclassification conventionnelle qui lui est applicable ; la position dusalari\u00e9 est notamment d\u00e9finie par le niveau ou le coefficienthi\u00e9rarchique qui lui est attribu\u00e9 ;<\/p>\n<p>5\u00ba La p\u00e9riode et le nombre d&rsquo;heures de travail auxquels se rapporte lesalaire en distinguant, s&rsquo;il y a lieu, les heures qui sont pay\u00e9es autaux normal et celles qui comportent une majoration pour heuressuppl\u00e9mentaires ou pour toute autre cause et en mentionnant le ou lestaux appliqu\u00e9s aux heures correspondantes :<\/p>\n<li>la nature et le volume du forfait auquel se rapporte le salaire dessalari\u00e9s dont la r\u00e9mun\u00e9ration est d\u00e9termin\u00e9e sur la base d&rsquo;un forfaithebdomadaire ou mensuel en heures, d&rsquo;un forfait annuel en heures ou enjours ;<\/li>\n<li>l&rsquo;indication de la nature de la base de calcul du salaire lorsque,par exception, cette base de calcul n&rsquo;est pas la dur\u00e9e du travail ;<\/li>\n<p>6\u00ba Le montant du compl\u00e9ment diff\u00e9rentiel de salaire mentionn\u00e9 parl&rsquo;article 32 de la loi n\u00ba 2000-37 du 19 janvier 2000 relative \u00e0 lar\u00e9duction n\u00e9goci\u00e9e du temps de travail, s&rsquo;il y a lieu, ainsi que lanature et le montant des accessoires de salaire soumis aux cotisationsmentionn\u00e9es au 8\u00ba et au dix-septi\u00e8me alin\u00e9a du pr\u00e9sent article ;<\/p>\n<p>7\u00ba Le montant de la r\u00e9mun\u00e9ration brute du salari\u00e9 ;<\/p>\n<p>8\u00ba La nature et le montant des retenues et ajouts effectu\u00e9s sur lar\u00e9mun\u00e9ration brute en application des dispositions l\u00e9gislatives,r\u00e9glementaires ou conventionnelles ainsi que des autres retenues etajouts.<\/p>\n<p>Le regroupement des retenues relatives aux cotisations et auxcontributions salariales est autoris\u00e9 d\u00e8s lors que ces pr\u00e9l\u00e8vementssont appliqu\u00e9s \u00e0 une m\u00eame assiette et destin\u00e9s \u00e0 un m\u00eame organismecollecteur. Dans ce cas, le bulletin de paie est pr\u00e9sent\u00e9 avec destitres pr\u00e9cisant l&rsquo;objet de ces pr\u00e9l\u00e8vements.<\/p>\n<p>Le taux, le montant ainsi que la composition de chacun de cespr\u00e9l\u00e8vements sont communiqu\u00e9s au salari\u00e9 au moins une fois par an oulorsque prend fin le contrat de travail, soit sur le bulletin de paie,soit sur un document pouvant lui \u00eatre annex\u00e9 ;<\/p>\n<p>9\u00ba Le montant de la somme effectivement re\u00e7ue par le salari\u00e9 ;<\/p>\n<p>10\u00ba La date de paiement de ladite somme ;<\/p>\n<p>11\u00ba Les dates de cong\u00e9 et le montant de l&rsquo;indemnit\u00e9 correspondante,lorsqu&rsquo;une p\u00e9riode de cong\u00e9 annuel est comprise dans la p\u00e9riode de paieconsid\u00e9r\u00e9e.<\/p>\n<p>Le bulletin de paie ou un r\u00e9capitulatif annuel remis au salari\u00e9mentionne la nature, le montant et le taux des cotisations etcontributions patronales d&rsquo;origine l\u00e9gislative, r\u00e9glementaire ouconventionnelle assises sur la r\u00e9mun\u00e9ration brute. Lorsque cescotisations et contributions sont mentionn\u00e9es sur le bulletin de paie,elles peuvent \u00eatre regroup\u00e9es dans les m\u00eames conditions et selon lesm\u00eames modalit\u00e9s de communication au salari\u00e9 que celles pr\u00e9vues pour lescotisations et contributions salariales mentionn\u00e9es au 8\u00ba. Lesemployeurs de main-d&rsquo;oeuvre agricoles auxquels le montant decotisations est notifi\u00e9 trimestriellement ont la facult\u00e9 de mentionnerces cotisations apr\u00e8s le paiement des cotisations patronales, enpr\u00e9cisant la p\u00e9riode sur laquelle elles portent.<\/p>\n<p>Il ne doit \u00eatre fait mention ni de l&rsquo;exercice du droit de gr\u00e8ve ni del&rsquo;activit\u00e9 de repr\u00e9sentation des salari\u00e9s. La nature et le montant dela r\u00e9mun\u00e9ration de l&rsquo;activit\u00e9 de repr\u00e9sentation figurent sur une ficheannex\u00e9e au bulletin de paie qui a le m\u00eame r\u00e9gime juridique que celui-ciet que l&#8217;employeur est tenu d&rsquo;\u00e9tablir et de fournir au salari\u00e9.<\/p>\n<p>Le bulletin de paie doit comporter en caract\u00e8res apparents une mentionincitant le salari\u00e9 \u00e0 le conserver sans limitation de dur\u00e9e.<\/p>\n","protected":false},"excerpt":{"rendered":"<p>Pouvez-vous revendiquer l&rsquo;application de la convention collective mentionn\u00e9e par erreur sur votre bulletin de paie&nbsp;? OUI NON R\u00e9ponse La bonne r\u00e9ponse est : OUI. Une mention obligatoire L&#8217;employeur est tenu de porter \u00e0 la connaissance du salari\u00e9 la convention collective applicable \u00e0 l&rsquo;entreprise. Le bulletin de paie doit donc obligatoirement mentionner la convention de branche [&hellip;]<\/p>\n","protected":false},"author":32,"featured_media":0,"comment_status":"open","ping_status":"open","sticky":false,"template":"","format":"standard","meta":{"_acf_changed":false,"_mi_skip_tracking":false,"footnotes":""},"categories":[8],"tags":[],"class_list":["post-2118","post","type-post","status-publish","format-standard","hentry","category-paie-et-administration-du-personnel"],"acf":[],"yoast_head":"<!-- This site is optimized with the Yoast SEO plugin v23.4 - https:\/\/yoast.com\/wordpress\/plugins\/seo\/ -->\n<title>Le saviez-vous&nbsp;? Convention collective et bulletin de paie. - Le Blog GERESO<\/title>\n<meta name=\"robots\" content=\"index, follow, max-snippet:-1, max-image-preview:large, max-video-preview:-1\" \/>\n<link rel=\"canonical\" href=\"https:\/\/www.gereso.com\/actualites\/2007\/02\/01\/le-saviez-vous-convention-collective-et-bulletin-de-paie\/\" \/>\n<meta property=\"og:locale\" content=\"fr_FR\" \/>\n<meta property=\"og:type\" content=\"article\" \/>\n<meta property=\"og:title\" content=\"Le saviez-vous&nbsp;? Convention collective et bulletin de paie. - Le Blog GERESO\" \/>\n<meta property=\"og:description\" content=\"Pouvez-vous revendiquer l&rsquo;application de la convention collective mentionn\u00e9e par erreur sur votre bulletin de paie&nbsp;? OUI NON R\u00e9ponse La bonne r\u00e9ponse est : OUI. Une mention obligatoire L&#8217;employeur est tenu de porter \u00e0 la connaissance du salari\u00e9 la convention collective applicable \u00e0 l&rsquo;entreprise. Le bulletin de paie doit donc obligatoirement mentionner la convention de branche [&hellip;]\" \/>\n<meta property=\"og:url\" content=\"https:\/\/www.gereso.com\/actualites\/2007\/02\/01\/le-saviez-vous-convention-collective-et-bulletin-de-paie\/\" \/>\n<meta property=\"og:site_name\" content=\"Le Blog GERESO\" \/>\n<meta property=\"article:published_time\" content=\"2007-01-31T22:00:00+00:00\" \/>\n<meta name=\"author\" content=\"\u00c9quipe GERESO\" \/>\n<meta name=\"twitter:card\" content=\"summary_large_image\" \/>\n<script type=\"application\/ld+json\" class=\"yoast-schema-graph\">{\"@context\":\"https:\/\/schema.org\",\"@graph\":[{\"@type\":\"WebPage\",\"@id\":\"https:\/\/www.gereso.com\/actualites\/2007\/02\/01\/le-saviez-vous-convention-collective-et-bulletin-de-paie\/\",\"url\":\"https:\/\/www.gereso.com\/actualites\/2007\/02\/01\/le-saviez-vous-convention-collective-et-bulletin-de-paie\/\",\"name\":\"Le saviez-vous&nbsp;? Convention collective et bulletin de paie. - Le Blog GERESO\",\"isPartOf\":{\"@id\":\"https:\/\/www.gereso.com\/actualites\/#website\"},\"datePublished\":\"2007-01-31T22:00:00+00:00\",\"dateModified\":\"2007-01-31T22:00:00+00:00\",\"author\":{\"@id\":\"https:\/\/www.gereso.com\/actualites\/#\/schema\/person\/197d8aef40cb4ae3f6a0aa9e1d3df2a6\"},\"breadcrumb\":{\"@id\":\"https:\/\/www.gereso.com\/actualites\/2007\/02\/01\/le-saviez-vous-convention-collective-et-bulletin-de-paie\/#breadcrumb\"},\"inLanguage\":\"fr-FR\",\"potentialAction\":[{\"@type\":\"ReadAction\",\"target\":[\"https:\/\/www.gereso.com\/actualites\/2007\/02\/01\/le-saviez-vous-convention-collective-et-bulletin-de-paie\/\"]}]},{\"@type\":\"BreadcrumbList\",\"@id\":\"https:\/\/www.gereso.com\/actualites\/2007\/02\/01\/le-saviez-vous-convention-collective-et-bulletin-de-paie\/#breadcrumb\",\"itemListElement\":[{\"@type\":\"ListItem\",\"position\":1,\"name\":\"Home\",\"item\":\"https:\/\/www.gereso.com\/actualites\/\"},{\"@type\":\"ListItem\",\"position\":2,\"name\":\"Le saviez-vous&nbsp;? Convention collective et bulletin de paie.\"}]},{\"@type\":\"WebSite\",\"@id\":\"https:\/\/www.gereso.com\/actualites\/#website\",\"url\":\"https:\/\/www.gereso.com\/actualites\/\",\"name\":\"Le Blog GERESO\",\"description\":\"Toute l&#039;actu RH, Finance, Fonction Publique, Management...\",\"potentialAction\":[{\"@type\":\"SearchAction\",\"target\":{\"@type\":\"EntryPoint\",\"urlTemplate\":\"https:\/\/www.gereso.com\/actualites\/?s={search_term_string}\"},\"query-input\":{\"@type\":\"PropertyValueSpecification\",\"valueRequired\":true,\"valueName\":\"search_term_string\"}}],\"inLanguage\":\"fr-FR\"},{\"@type\":\"Person\",\"@id\":\"https:\/\/www.gereso.com\/actualites\/#\/schema\/person\/197d8aef40cb4ae3f6a0aa9e1d3df2a6\",\"name\":\"\u00c9quipe GERESO\",\"image\":{\"@type\":\"ImageObject\",\"inLanguage\":\"fr-FR\",\"@id\":\"https:\/\/www.gereso.com\/actualites\/#\/schema\/person\/image\/\",\"url\":\"https:\/\/www.gereso.com\/actualites\/wp-content\/uploads\/2013\/12\/avatar-gereso-1.png\",\"contentUrl\":\"https:\/\/www.gereso.com\/actualites\/wp-content\/uploads\/2013\/12\/avatar-gereso-1.png\",\"caption\":\"\u00c9quipe GERESO\"},\"url\":\"https:\/\/www.gereso.com\/actualites\/author\/gereso\/\"}]}<\/script>\n<!-- \/ Yoast SEO plugin. -->","yoast_head_json":{"title":"Le saviez-vous&nbsp;? Convention collective et bulletin de paie. - Le Blog GERESO","robots":{"index":"index","follow":"follow","max-snippet":"max-snippet:-1","max-image-preview":"max-image-preview:large","max-video-preview":"max-video-preview:-1"},"canonical":"https:\/\/www.gereso.com\/actualites\/2007\/02\/01\/le-saviez-vous-convention-collective-et-bulletin-de-paie\/","og_locale":"fr_FR","og_type":"article","og_title":"Le saviez-vous&nbsp;? Convention collective et bulletin de paie. - Le Blog GERESO","og_description":"Pouvez-vous revendiquer l&rsquo;application de la convention collective mentionn\u00e9e par erreur sur votre bulletin de paie&nbsp;? OUI NON R\u00e9ponse La bonne r\u00e9ponse est : OUI. Une mention obligatoire L&#8217;employeur est tenu de porter \u00e0 la connaissance du salari\u00e9 la convention collective applicable \u00e0 l&rsquo;entreprise. Le bulletin de paie doit donc obligatoirement mentionner la convention de branche [&hellip;]","og_url":"https:\/\/www.gereso.com\/actualites\/2007\/02\/01\/le-saviez-vous-convention-collective-et-bulletin-de-paie\/","og_site_name":"Le Blog GERESO","article_published_time":"2007-01-31T22:00:00+00:00","author":"\u00c9quipe GERESO","twitter_card":"summary_large_image","schema":{"@context":"https:\/\/schema.org","@graph":[{"@type":"WebPage","@id":"https:\/\/www.gereso.com\/actualites\/2007\/02\/01\/le-saviez-vous-convention-collective-et-bulletin-de-paie\/","url":"https:\/\/www.gereso.com\/actualites\/2007\/02\/01\/le-saviez-vous-convention-collective-et-bulletin-de-paie\/","name":"Le saviez-vous&nbsp;? Convention collective et bulletin de paie. - Le Blog GERESO","isPartOf":{"@id":"https:\/\/www.gereso.com\/actualites\/#website"},"datePublished":"2007-01-31T22:00:00+00:00","dateModified":"2007-01-31T22:00:00+00:00","author":{"@id":"https:\/\/www.gereso.com\/actualites\/#\/schema\/person\/197d8aef40cb4ae3f6a0aa9e1d3df2a6"},"breadcrumb":{"@id":"https:\/\/www.gereso.com\/actualites\/2007\/02\/01\/le-saviez-vous-convention-collective-et-bulletin-de-paie\/#breadcrumb"},"inLanguage":"fr-FR","potentialAction":[{"@type":"ReadAction","target":["https:\/\/www.gereso.com\/actualites\/2007\/02\/01\/le-saviez-vous-convention-collective-et-bulletin-de-paie\/"]}]},{"@type":"BreadcrumbList","@id":"https:\/\/www.gereso.com\/actualites\/2007\/02\/01\/le-saviez-vous-convention-collective-et-bulletin-de-paie\/#breadcrumb","itemListElement":[{"@type":"ListItem","position":1,"name":"Home","item":"https:\/\/www.gereso.com\/actualites\/"},{"@type":"ListItem","position":2,"name":"Le saviez-vous&nbsp;? Convention collective et bulletin de paie."}]},{"@type":"WebSite","@id":"https:\/\/www.gereso.com\/actualites\/#website","url":"https:\/\/www.gereso.com\/actualites\/","name":"Le Blog GERESO","description":"Toute l&#039;actu RH, Finance, Fonction Publique, Management...","potentialAction":[{"@type":"SearchAction","target":{"@type":"EntryPoint","urlTemplate":"https:\/\/www.gereso.com\/actualites\/?s={search_term_string}"},"query-input":{"@type":"PropertyValueSpecification","valueRequired":true,"valueName":"search_term_string"}}],"inLanguage":"fr-FR"},{"@type":"Person","@id":"https:\/\/www.gereso.com\/actualites\/#\/schema\/person\/197d8aef40cb4ae3f6a0aa9e1d3df2a6","name":"\u00c9quipe GERESO","image":{"@type":"ImageObject","inLanguage":"fr-FR","@id":"https:\/\/www.gereso.com\/actualites\/#\/schema\/person\/image\/","url":"https:\/\/www.gereso.com\/actualites\/wp-content\/uploads\/2013\/12\/avatar-gereso-1.png","contentUrl":"https:\/\/www.gereso.com\/actualites\/wp-content\/uploads\/2013\/12\/avatar-gereso-1.png","caption":"\u00c9quipe GERESO"},"url":"https:\/\/www.gereso.com\/actualites\/author\/gereso\/"}]}},"_links":{"self":[{"href":"https:\/\/www.gereso.com\/actualites\/wp-json\/wp\/v2\/posts\/2118","targetHints":{"allow":["GET"]}}],"collection":[{"href":"https:\/\/www.gereso.com\/actualites\/wp-json\/wp\/v2\/posts"}],"about":[{"href":"https:\/\/www.gereso.com\/actualites\/wp-json\/wp\/v2\/types\/post"}],"author":[{"embeddable":true,"href":"https:\/\/www.gereso.com\/actualites\/wp-json\/wp\/v2\/users\/32"}],"replies":[{"embeddable":true,"href":"https:\/\/www.gereso.com\/actualites\/wp-json\/wp\/v2\/comments?post=2118"}],"version-history":[{"count":0,"href":"https:\/\/www.gereso.com\/actualites\/wp-json\/wp\/v2\/posts\/2118\/revisions"}],"wp:attachment":[{"href":"https:\/\/www.gereso.com\/actualites\/wp-json\/wp\/v2\/media?parent=2118"}],"wp:term":[{"taxonomy":"category","embeddable":true,"href":"https:\/\/www.gereso.com\/actualites\/wp-json\/wp\/v2\/categories?post=2118"},{"taxonomy":"post_tag","embeddable":true,"href":"https:\/\/www.gereso.com\/actualites\/wp-json\/wp\/v2\/tags?post=2118"}],"curies":[{"name":"wp","href":"https:\/\/api.w.org\/{rel}","templated":true}]}}