{"id":2119,"date":"2007-06-01T00:00:00","date_gmt":"2007-05-31T22:00:00","guid":{"rendered":"https:\/\/www.gereso.com\/actualites\/2007\/06\/votre-salaire-correspond-il-a-vos-fonctions\/"},"modified":"2007-06-01T00:00:00","modified_gmt":"2007-05-31T22:00:00","slug":"votre-salaire-correspond-il-a-vos-fonctions","status":"publish","type":"post","link":"https:\/\/www.gereso.com\/actualites\/2007\/06\/01\/votre-salaire-correspond-il-a-vos-fonctions\/","title":{"rendered":"Votre salaire correspond-il \u00e0 vos fonctions&nbsp;?"},"content":{"rendered":"<h3>L&rsquo;histoire<\/h3>\n<p>Mme. X. a \u00e9t\u00e9 engag\u00e9e par la soci\u00e9t\u00e9 Y. afin de fabriquer et de commercialiser du fromage.<\/p>\n<p>En consultant <b>la grille de salaire et les classifications de sa convention collective,<\/b> la salari\u00e9e avait estim\u00e9 que l&rsquo;entreprise ne lui appliquait pas le bon coefficient et que de ce fait <b>sa r\u00e9mun\u00e9ration \u00e9tait inf\u00e9rieure au salaire minimum conventionnel.<br \/><\/b><\/p>\n<p> La salari\u00e9e a saisi le Conseil de prud&rsquo;hommes afin que lui soit appliqu\u00e9 <b>le bon coefficient<\/b> et pour \u00e9galement obtenir un rappel de salaire.<\/p>\n<h3>Ce qu&rsquo;en disent les juges :<b><br \/><\/b><\/h3>\n<p>Les juges ont recherch\u00e9 quelles \u00e9taient <b>les t\u00e2ches de la salari\u00e9e au sein de l&rsquo;entreprise<\/b>. Ils ont constat\u00e9 que <b>la salari\u00e9e ne d\u00e9montrait pas qu&rsquo;elle pouvait effectuer l&rsquo;ensemble destravaux de production correspondant au coefficient voulu.<br \/><\/b><\/p>\n<p> Les juges ont estim\u00e9 que <b>son activit\u00e9 se limitait \u00e0 des travaux simples et r\u00e9p\u00e9titifs<\/b> ne demandant aucune formation professionnelle et dont l&rsquo;adaptation ne n\u00e9cessitait qu&rsquo;une mise au courant tr\u00e8s sommaire.<\/p>\n<p>Par cons\u00e9quent,<b> les juges en ont conclu que la salari\u00e9e ne pouvait pr\u00e9tendre \u00e0 un coefficient plus \u00e9lev\u00e9.<br \/><\/b><\/p>\n<h3>Ce qu&rsquo;il faut retenir :<b><br \/><\/b><\/h3>\n<p>Un salari\u00e9 qui <b>souhaite savoir si son salaire correspond au salaire minimum pr\u00e9vu par la convention collective<\/b> doit :<\/p>\n<li>D\u00e9terminer quelles sont <b>ses fonctions<\/b> dans l&rsquo;entreprise<\/li>\n<li>Rechercher, dans la grille de classification de sa convention collective, <b>quel coefficient est attribu\u00e9 <\/b>pour le type de fonctions qu&rsquo;il exerce<\/li>\n<li><b>Retrouver le salaire minimum conventionnel<\/b> qui correspond \u00e0 son coefficient<\/li>\n<li><b>Comparer son salaire<\/b> avec le salaire minimum conventionnel<\/li>\n<p>Si son salaire est inf\u00e9rieur au salaire minimum fix\u00e9 par la conventioncollective, le salari\u00e9 est en droit de demander, outre l&rsquo;application dubon coefficient, un <b>rappel de salaire<\/b> (Notez que le salari\u00e9 peut demander jusqu&rsquo;\u00e0 5 ans de salaire).<\/p>\n<p>Sources : arr\u00eat de la chambre sociale de la cour de cassation du 14 juin 2007 n\u00b006-41718, juritravail.com<\/p>\n","protected":false},"excerpt":{"rendered":"<p>L&rsquo;histoire Mme. X. a \u00e9t\u00e9 engag\u00e9e par la soci\u00e9t\u00e9 Y. afin de fabriquer et de commercialiser du fromage. En consultant la grille de salaire et les classifications de sa convention collective, la salari\u00e9e avait estim\u00e9 que l&rsquo;entreprise ne lui appliquait pas le bon coefficient et que de ce fait sa r\u00e9mun\u00e9ration \u00e9tait inf\u00e9rieure au salaire [&hellip;]<\/p>\n","protected":false},"author":32,"featured_media":0,"comment_status":"open","ping_status":"open","sticky":false,"template":"","format":"standard","meta":{"_acf_changed":false,"_mi_skip_tracking":false,"footnotes":""},"categories":[8],"tags":[],"class_list":["post-2119","post","type-post","status-publish","format-standard","hentry","category-paie-et-administration-du-personnel"],"acf":[],"yoast_head":"<!-- This site is optimized with the Yoast SEO plugin v23.4 - https:\/\/yoast.com\/wordpress\/plugins\/seo\/ -->\n<title>Votre salaire correspond-il \u00e0 vos fonctions&nbsp;? - Le Blog GERESO<\/title>\n<meta name=\"robots\" content=\"index, follow, max-snippet:-1, max-image-preview:large, max-video-preview:-1\" \/>\n<link rel=\"canonical\" href=\"https:\/\/www.gereso.com\/actualites\/2007\/06\/01\/votre-salaire-correspond-il-a-vos-fonctions\/\" \/>\n<meta property=\"og:locale\" content=\"fr_FR\" \/>\n<meta property=\"og:type\" content=\"article\" \/>\n<meta property=\"og:title\" content=\"Votre salaire correspond-il \u00e0 vos fonctions&nbsp;? - Le Blog GERESO\" \/>\n<meta property=\"og:description\" content=\"L&rsquo;histoire Mme. X. a \u00e9t\u00e9 engag\u00e9e par la soci\u00e9t\u00e9 Y. afin de fabriquer et de commercialiser du fromage. En consultant la grille de salaire et les classifications de sa convention collective, la salari\u00e9e avait estim\u00e9 que l&rsquo;entreprise ne lui appliquait pas le bon coefficient et que de ce fait sa r\u00e9mun\u00e9ration \u00e9tait inf\u00e9rieure au salaire [&hellip;]\" \/>\n<meta property=\"og:url\" content=\"https:\/\/www.gereso.com\/actualites\/2007\/06\/01\/votre-salaire-correspond-il-a-vos-fonctions\/\" \/>\n<meta property=\"og:site_name\" content=\"Le Blog GERESO\" \/>\n<meta property=\"article:published_time\" content=\"2007-05-31T22:00:00+00:00\" \/>\n<meta name=\"author\" content=\"\u00c9quipe GERESO\" \/>\n<meta name=\"twitter:card\" content=\"summary_large_image\" \/>\n<script type=\"application\/ld+json\" class=\"yoast-schema-graph\">{\"@context\":\"https:\/\/schema.org\",\"@graph\":[{\"@type\":\"WebPage\",\"@id\":\"https:\/\/www.gereso.com\/actualites\/2007\/06\/01\/votre-salaire-correspond-il-a-vos-fonctions\/\",\"url\":\"https:\/\/www.gereso.com\/actualites\/2007\/06\/01\/votre-salaire-correspond-il-a-vos-fonctions\/\",\"name\":\"Votre salaire correspond-il \u00e0 vos fonctions&nbsp;? - Le Blog GERESO\",\"isPartOf\":{\"@id\":\"https:\/\/www.gereso.com\/actualites\/#website\"},\"datePublished\":\"2007-05-31T22:00:00+00:00\",\"dateModified\":\"2007-05-31T22:00:00+00:00\",\"author\":{\"@id\":\"https:\/\/www.gereso.com\/actualites\/#\/schema\/person\/197d8aef40cb4ae3f6a0aa9e1d3df2a6\"},\"breadcrumb\":{\"@id\":\"https:\/\/www.gereso.com\/actualites\/2007\/06\/01\/votre-salaire-correspond-il-a-vos-fonctions\/#breadcrumb\"},\"inLanguage\":\"fr-FR\",\"potentialAction\":[{\"@type\":\"ReadAction\",\"target\":[\"https:\/\/www.gereso.com\/actualites\/2007\/06\/01\/votre-salaire-correspond-il-a-vos-fonctions\/\"]}]},{\"@type\":\"BreadcrumbList\",\"@id\":\"https:\/\/www.gereso.com\/actualites\/2007\/06\/01\/votre-salaire-correspond-il-a-vos-fonctions\/#breadcrumb\",\"itemListElement\":[{\"@type\":\"ListItem\",\"position\":1,\"name\":\"Home\",\"item\":\"https:\/\/www.gereso.com\/actualites\/\"},{\"@type\":\"ListItem\",\"position\":2,\"name\":\"Votre salaire correspond-il \u00e0 vos fonctions&nbsp;?\"}]},{\"@type\":\"WebSite\",\"@id\":\"https:\/\/www.gereso.com\/actualites\/#website\",\"url\":\"https:\/\/www.gereso.com\/actualites\/\",\"name\":\"Le Blog GERESO\",\"description\":\"Toute l&#039;actu RH, Finance, Fonction Publique, Management...\",\"potentialAction\":[{\"@type\":\"SearchAction\",\"target\":{\"@type\":\"EntryPoint\",\"urlTemplate\":\"https:\/\/www.gereso.com\/actualites\/?s={search_term_string}\"},\"query-input\":{\"@type\":\"PropertyValueSpecification\",\"valueRequired\":true,\"valueName\":\"search_term_string\"}}],\"inLanguage\":\"fr-FR\"},{\"@type\":\"Person\",\"@id\":\"https:\/\/www.gereso.com\/actualites\/#\/schema\/person\/197d8aef40cb4ae3f6a0aa9e1d3df2a6\",\"name\":\"\u00c9quipe GERESO\",\"image\":{\"@type\":\"ImageObject\",\"inLanguage\":\"fr-FR\",\"@id\":\"https:\/\/www.gereso.com\/actualites\/#\/schema\/person\/image\/\",\"url\":\"https:\/\/www.gereso.com\/actualites\/wp-content\/uploads\/2013\/12\/avatar-gereso-1.png\",\"contentUrl\":\"https:\/\/www.gereso.com\/actualites\/wp-content\/uploads\/2013\/12\/avatar-gereso-1.png\",\"caption\":\"\u00c9quipe GERESO\"},\"url\":\"https:\/\/www.gereso.com\/actualites\/author\/gereso\/\"}]}<\/script>\n<!-- \/ Yoast SEO plugin. -->","yoast_head_json":{"title":"Votre salaire correspond-il \u00e0 vos fonctions&nbsp;? - Le Blog GERESO","robots":{"index":"index","follow":"follow","max-snippet":"max-snippet:-1","max-image-preview":"max-image-preview:large","max-video-preview":"max-video-preview:-1"},"canonical":"https:\/\/www.gereso.com\/actualites\/2007\/06\/01\/votre-salaire-correspond-il-a-vos-fonctions\/","og_locale":"fr_FR","og_type":"article","og_title":"Votre salaire correspond-il \u00e0 vos fonctions&nbsp;? - Le Blog GERESO","og_description":"L&rsquo;histoire Mme. X. a \u00e9t\u00e9 engag\u00e9e par la soci\u00e9t\u00e9 Y. afin de fabriquer et de commercialiser du fromage. En consultant la grille de salaire et les classifications de sa convention collective, la salari\u00e9e avait estim\u00e9 que l&rsquo;entreprise ne lui appliquait pas le bon coefficient et que de ce fait sa r\u00e9mun\u00e9ration \u00e9tait inf\u00e9rieure au salaire [&hellip;]","og_url":"https:\/\/www.gereso.com\/actualites\/2007\/06\/01\/votre-salaire-correspond-il-a-vos-fonctions\/","og_site_name":"Le Blog GERESO","article_published_time":"2007-05-31T22:00:00+00:00","author":"\u00c9quipe GERESO","twitter_card":"summary_large_image","schema":{"@context":"https:\/\/schema.org","@graph":[{"@type":"WebPage","@id":"https:\/\/www.gereso.com\/actualites\/2007\/06\/01\/votre-salaire-correspond-il-a-vos-fonctions\/","url":"https:\/\/www.gereso.com\/actualites\/2007\/06\/01\/votre-salaire-correspond-il-a-vos-fonctions\/","name":"Votre salaire correspond-il \u00e0 vos fonctions&nbsp;? - Le Blog GERESO","isPartOf":{"@id":"https:\/\/www.gereso.com\/actualites\/#website"},"datePublished":"2007-05-31T22:00:00+00:00","dateModified":"2007-05-31T22:00:00+00:00","author":{"@id":"https:\/\/www.gereso.com\/actualites\/#\/schema\/person\/197d8aef40cb4ae3f6a0aa9e1d3df2a6"},"breadcrumb":{"@id":"https:\/\/www.gereso.com\/actualites\/2007\/06\/01\/votre-salaire-correspond-il-a-vos-fonctions\/#breadcrumb"},"inLanguage":"fr-FR","potentialAction":[{"@type":"ReadAction","target":["https:\/\/www.gereso.com\/actualites\/2007\/06\/01\/votre-salaire-correspond-il-a-vos-fonctions\/"]}]},{"@type":"BreadcrumbList","@id":"https:\/\/www.gereso.com\/actualites\/2007\/06\/01\/votre-salaire-correspond-il-a-vos-fonctions\/#breadcrumb","itemListElement":[{"@type":"ListItem","position":1,"name":"Home","item":"https:\/\/www.gereso.com\/actualites\/"},{"@type":"ListItem","position":2,"name":"Votre salaire correspond-il \u00e0 vos fonctions&nbsp;?"}]},{"@type":"WebSite","@id":"https:\/\/www.gereso.com\/actualites\/#website","url":"https:\/\/www.gereso.com\/actualites\/","name":"Le Blog GERESO","description":"Toute l&#039;actu RH, Finance, Fonction Publique, Management...","potentialAction":[{"@type":"SearchAction","target":{"@type":"EntryPoint","urlTemplate":"https:\/\/www.gereso.com\/actualites\/?s={search_term_string}"},"query-input":{"@type":"PropertyValueSpecification","valueRequired":true,"valueName":"search_term_string"}}],"inLanguage":"fr-FR"},{"@type":"Person","@id":"https:\/\/www.gereso.com\/actualites\/#\/schema\/person\/197d8aef40cb4ae3f6a0aa9e1d3df2a6","name":"\u00c9quipe GERESO","image":{"@type":"ImageObject","inLanguage":"fr-FR","@id":"https:\/\/www.gereso.com\/actualites\/#\/schema\/person\/image\/","url":"https:\/\/www.gereso.com\/actualites\/wp-content\/uploads\/2013\/12\/avatar-gereso-1.png","contentUrl":"https:\/\/www.gereso.com\/actualites\/wp-content\/uploads\/2013\/12\/avatar-gereso-1.png","caption":"\u00c9quipe GERESO"},"url":"https:\/\/www.gereso.com\/actualites\/author\/gereso\/"}]}},"_links":{"self":[{"href":"https:\/\/www.gereso.com\/actualites\/wp-json\/wp\/v2\/posts\/2119","targetHints":{"allow":["GET"]}}],"collection":[{"href":"https:\/\/www.gereso.com\/actualites\/wp-json\/wp\/v2\/posts"}],"about":[{"href":"https:\/\/www.gereso.com\/actualites\/wp-json\/wp\/v2\/types\/post"}],"author":[{"embeddable":true,"href":"https:\/\/www.gereso.com\/actualites\/wp-json\/wp\/v2\/users\/32"}],"replies":[{"embeddable":true,"href":"https:\/\/www.gereso.com\/actualites\/wp-json\/wp\/v2\/comments?post=2119"}],"version-history":[{"count":0,"href":"https:\/\/www.gereso.com\/actualites\/wp-json\/wp\/v2\/posts\/2119\/revisions"}],"wp:attachment":[{"href":"https:\/\/www.gereso.com\/actualites\/wp-json\/wp\/v2\/media?parent=2119"}],"wp:term":[{"taxonomy":"category","embeddable":true,"href":"https:\/\/www.gereso.com\/actualites\/wp-json\/wp\/v2\/categories?post=2119"},{"taxonomy":"post_tag","embeddable":true,"href":"https:\/\/www.gereso.com\/actualites\/wp-json\/wp\/v2\/tags?post=2119"}],"curies":[{"name":"wp","href":"https:\/\/api.w.org\/{rel}","templated":true}]}}