{"id":2123,"date":"2008-05-01T00:00:00","date_gmt":"2008-04-30T22:00:00","guid":{"rendered":"https:\/\/www.gereso.com\/actualites\/2008\/05\/heures-supplementaires-une-utilisation-en-hausse-pour-le-6e-mois-consecutif\/"},"modified":"2008-05-01T00:00:00","modified_gmt":"2008-04-30T22:00:00","slug":"heures-supplementaires-une-utilisation-en-hausse-pour-le-6e-mois-consecutif","status":"publish","type":"post","link":"https:\/\/www.gereso.com\/actualites\/2008\/05\/01\/heures-supplementaires-une-utilisation-en-hausse-pour-le-6e-mois-consecutif\/","title":{"rendered":"Heures suppl\u00e9mentaires : une utilisation en hausse pour le 6e mois cons\u00e9cutif"},"content":{"rendered":"<h3><b style=\"font-weight: bold;\">Une progression notable dans les PME et le secteur industriel.<\/b><span style=\"font-weight: bold;\">\u00a0<\/span><br \/><\/h3>\n<p>ChristineLagarde, ministre de l&rsquo;\u00c9conomie, de l&rsquo;industrie et de l&#8217;emploi et \u00c9ricWoerth, ministre du Budget, des comptes publics et de la Fonctionpublique, se r\u00e9jouissent de la progression des heures suppl\u00e9mentairesqui se poursuit au mois de mars 2008.<\/p>\n<p>Lesministres remarquent que \u00ab mois apr\u00e8s mois, de plus en plusd&rsquo;entreprises permettent \u00e0 leurs salari\u00e9s de travailler plus de 35heures et d&rsquo;am\u00e9liorer ainsi leur r\u00e9mun\u00e9ration et leur pouvoir d&rsquo;achat. \u00bb<\/p>\n<p>Pour les entreprises effectuant leur d\u00e9claration trimestriellement, quicorrespondent essentiellement au moins de 10 salari\u00e9s la proportions&rsquo;\u00e9l\u00e8ve \u00e0 <b>33 % au premier trimestre 2008 contre 32 % au dernier trimestre 2007.<\/b><\/p>\n<p>Les heures suppl\u00e9mentaires sont tr\u00e8s utilis\u00e9es <b>dansla plupart des secteurs de l&rsquo;industrie (automobile, m\u00e9tallurgie,\u00e9quipements m\u00e9caniques, chimie, composants \u00e9lectriques et\u00e9lectroniques&rsquo;), du commerce et de la r\u00e9paration automobile et destransports.<\/b><\/p>\n<p>Source : Communiqu\u00e9 du minist\u00e8re de l&rsquo;\u00c9conomie, de l&rsquo;industrie et de l&#8217;emploi, 20\/05\/2008<\/p>\n","protected":false},"excerpt":{"rendered":"<p>Une progression notable dans les PME et le secteur industriel.\u00a0 ChristineLagarde, ministre de l&rsquo;\u00c9conomie, de l&rsquo;industrie et de l&#8217;emploi et \u00c9ricWoerth, ministre du Budget, des comptes publics et de la Fonctionpublique, se r\u00e9jouissent de la progression des heures suppl\u00e9mentairesqui se poursuit au mois de mars 2008. Lesministres remarquent que \u00ab mois apr\u00e8s mois, de plus [&hellip;]<\/p>\n","protected":false},"author":32,"featured_media":0,"comment_status":"open","ping_status":"open","sticky":false,"template":"","format":"standard","meta":{"_acf_changed":false,"_mi_skip_tracking":false,"footnotes":""},"categories":[8],"tags":[],"class_list":["post-2123","post","type-post","status-publish","format-standard","hentry","category-paie-et-administration-du-personnel"],"acf":[],"yoast_head":"<!-- This site is optimized with the Yoast SEO plugin v23.4 - https:\/\/yoast.com\/wordpress\/plugins\/seo\/ -->\n<title>Heures suppl\u00e9mentaires : une utilisation en hausse pour le 6e mois cons\u00e9cutif - Le Blog GERESO<\/title>\n<meta name=\"robots\" content=\"index, follow, max-snippet:-1, max-image-preview:large, max-video-preview:-1\" \/>\n<link rel=\"canonical\" href=\"https:\/\/www.gereso.com\/actualites\/2008\/05\/01\/heures-supplementaires-une-utilisation-en-hausse-pour-le-6e-mois-consecutif\/\" \/>\n<meta property=\"og:locale\" content=\"fr_FR\" \/>\n<meta property=\"og:type\" content=\"article\" \/>\n<meta property=\"og:title\" content=\"Heures suppl\u00e9mentaires : une utilisation en hausse pour le 6e mois cons\u00e9cutif - Le Blog GERESO\" \/>\n<meta property=\"og:description\" content=\"Une progression notable dans les PME et le secteur industriel.\u00a0 ChristineLagarde, ministre de l&rsquo;\u00c9conomie, de l&rsquo;industrie et de l&#8217;emploi et \u00c9ricWoerth, ministre du Budget, des comptes publics et de la Fonctionpublique, se r\u00e9jouissent de la progression des heures suppl\u00e9mentairesqui se poursuit au mois de mars 2008. Lesministres remarquent que \u00ab mois apr\u00e8s mois, de plus [&hellip;]\" \/>\n<meta property=\"og:url\" content=\"https:\/\/www.gereso.com\/actualites\/2008\/05\/01\/heures-supplementaires-une-utilisation-en-hausse-pour-le-6e-mois-consecutif\/\" \/>\n<meta property=\"og:site_name\" content=\"Le Blog GERESO\" \/>\n<meta property=\"article:published_time\" content=\"2008-04-30T22:00:00+00:00\" \/>\n<meta name=\"author\" content=\"\u00c9quipe GERESO\" \/>\n<meta name=\"twitter:card\" content=\"summary_large_image\" \/>\n<script type=\"application\/ld+json\" class=\"yoast-schema-graph\">{\"@context\":\"https:\/\/schema.org\",\"@graph\":[{\"@type\":\"WebPage\",\"@id\":\"https:\/\/www.gereso.com\/actualites\/2008\/05\/01\/heures-supplementaires-une-utilisation-en-hausse-pour-le-6e-mois-consecutif\/\",\"url\":\"https:\/\/www.gereso.com\/actualites\/2008\/05\/01\/heures-supplementaires-une-utilisation-en-hausse-pour-le-6e-mois-consecutif\/\",\"name\":\"Heures suppl\u00e9mentaires : une utilisation en hausse pour le 6e mois cons\u00e9cutif - Le Blog GERESO\",\"isPartOf\":{\"@id\":\"https:\/\/www.gereso.com\/actualites\/#website\"},\"datePublished\":\"2008-04-30T22:00:00+00:00\",\"dateModified\":\"2008-04-30T22:00:00+00:00\",\"author\":{\"@id\":\"https:\/\/www.gereso.com\/actualites\/#\/schema\/person\/197d8aef40cb4ae3f6a0aa9e1d3df2a6\"},\"breadcrumb\":{\"@id\":\"https:\/\/www.gereso.com\/actualites\/2008\/05\/01\/heures-supplementaires-une-utilisation-en-hausse-pour-le-6e-mois-consecutif\/#breadcrumb\"},\"inLanguage\":\"fr-FR\",\"potentialAction\":[{\"@type\":\"ReadAction\",\"target\":[\"https:\/\/www.gereso.com\/actualites\/2008\/05\/01\/heures-supplementaires-une-utilisation-en-hausse-pour-le-6e-mois-consecutif\/\"]}]},{\"@type\":\"BreadcrumbList\",\"@id\":\"https:\/\/www.gereso.com\/actualites\/2008\/05\/01\/heures-supplementaires-une-utilisation-en-hausse-pour-le-6e-mois-consecutif\/#breadcrumb\",\"itemListElement\":[{\"@type\":\"ListItem\",\"position\":1,\"name\":\"Home\",\"item\":\"https:\/\/www.gereso.com\/actualites\/\"},{\"@type\":\"ListItem\",\"position\":2,\"name\":\"Heures suppl\u00e9mentaires : une utilisation en hausse pour le 6e mois cons\u00e9cutif\"}]},{\"@type\":\"WebSite\",\"@id\":\"https:\/\/www.gereso.com\/actualites\/#website\",\"url\":\"https:\/\/www.gereso.com\/actualites\/\",\"name\":\"Le Blog GERESO\",\"description\":\"Toute l&#039;actu RH, Finance, Fonction Publique, Management...\",\"potentialAction\":[{\"@type\":\"SearchAction\",\"target\":{\"@type\":\"EntryPoint\",\"urlTemplate\":\"https:\/\/www.gereso.com\/actualites\/?s={search_term_string}\"},\"query-input\":{\"@type\":\"PropertyValueSpecification\",\"valueRequired\":true,\"valueName\":\"search_term_string\"}}],\"inLanguage\":\"fr-FR\"},{\"@type\":\"Person\",\"@id\":\"https:\/\/www.gereso.com\/actualites\/#\/schema\/person\/197d8aef40cb4ae3f6a0aa9e1d3df2a6\",\"name\":\"\u00c9quipe GERESO\",\"image\":{\"@type\":\"ImageObject\",\"inLanguage\":\"fr-FR\",\"@id\":\"https:\/\/www.gereso.com\/actualites\/#\/schema\/person\/image\/\",\"url\":\"https:\/\/www.gereso.com\/actualites\/wp-content\/uploads\/2013\/12\/avatar-gereso-1.png\",\"contentUrl\":\"https:\/\/www.gereso.com\/actualites\/wp-content\/uploads\/2013\/12\/avatar-gereso-1.png\",\"caption\":\"\u00c9quipe GERESO\"},\"url\":\"https:\/\/www.gereso.com\/actualites\/author\/gereso\/\"}]}<\/script>\n<!-- \/ Yoast SEO plugin. -->","yoast_head_json":{"title":"Heures suppl\u00e9mentaires : une utilisation en hausse pour le 6e mois cons\u00e9cutif - Le Blog GERESO","robots":{"index":"index","follow":"follow","max-snippet":"max-snippet:-1","max-image-preview":"max-image-preview:large","max-video-preview":"max-video-preview:-1"},"canonical":"https:\/\/www.gereso.com\/actualites\/2008\/05\/01\/heures-supplementaires-une-utilisation-en-hausse-pour-le-6e-mois-consecutif\/","og_locale":"fr_FR","og_type":"article","og_title":"Heures suppl\u00e9mentaires : une utilisation en hausse pour le 6e mois cons\u00e9cutif - Le Blog GERESO","og_description":"Une progression notable dans les PME et le secteur industriel.\u00a0 ChristineLagarde, ministre de l&rsquo;\u00c9conomie, de l&rsquo;industrie et de l&#8217;emploi et \u00c9ricWoerth, ministre du Budget, des comptes publics et de la Fonctionpublique, se r\u00e9jouissent de la progression des heures suppl\u00e9mentairesqui se poursuit au mois de mars 2008. Lesministres remarquent que \u00ab mois apr\u00e8s mois, de plus [&hellip;]","og_url":"https:\/\/www.gereso.com\/actualites\/2008\/05\/01\/heures-supplementaires-une-utilisation-en-hausse-pour-le-6e-mois-consecutif\/","og_site_name":"Le Blog GERESO","article_published_time":"2008-04-30T22:00:00+00:00","author":"\u00c9quipe GERESO","twitter_card":"summary_large_image","schema":{"@context":"https:\/\/schema.org","@graph":[{"@type":"WebPage","@id":"https:\/\/www.gereso.com\/actualites\/2008\/05\/01\/heures-supplementaires-une-utilisation-en-hausse-pour-le-6e-mois-consecutif\/","url":"https:\/\/www.gereso.com\/actualites\/2008\/05\/01\/heures-supplementaires-une-utilisation-en-hausse-pour-le-6e-mois-consecutif\/","name":"Heures suppl\u00e9mentaires : une utilisation en hausse pour le 6e mois cons\u00e9cutif - Le Blog GERESO","isPartOf":{"@id":"https:\/\/www.gereso.com\/actualites\/#website"},"datePublished":"2008-04-30T22:00:00+00:00","dateModified":"2008-04-30T22:00:00+00:00","author":{"@id":"https:\/\/www.gereso.com\/actualites\/#\/schema\/person\/197d8aef40cb4ae3f6a0aa9e1d3df2a6"},"breadcrumb":{"@id":"https:\/\/www.gereso.com\/actualites\/2008\/05\/01\/heures-supplementaires-une-utilisation-en-hausse-pour-le-6e-mois-consecutif\/#breadcrumb"},"inLanguage":"fr-FR","potentialAction":[{"@type":"ReadAction","target":["https:\/\/www.gereso.com\/actualites\/2008\/05\/01\/heures-supplementaires-une-utilisation-en-hausse-pour-le-6e-mois-consecutif\/"]}]},{"@type":"BreadcrumbList","@id":"https:\/\/www.gereso.com\/actualites\/2008\/05\/01\/heures-supplementaires-une-utilisation-en-hausse-pour-le-6e-mois-consecutif\/#breadcrumb","itemListElement":[{"@type":"ListItem","position":1,"name":"Home","item":"https:\/\/www.gereso.com\/actualites\/"},{"@type":"ListItem","position":2,"name":"Heures suppl\u00e9mentaires : une utilisation en hausse pour le 6e mois cons\u00e9cutif"}]},{"@type":"WebSite","@id":"https:\/\/www.gereso.com\/actualites\/#website","url":"https:\/\/www.gereso.com\/actualites\/","name":"Le Blog GERESO","description":"Toute l&#039;actu RH, Finance, Fonction Publique, Management...","potentialAction":[{"@type":"SearchAction","target":{"@type":"EntryPoint","urlTemplate":"https:\/\/www.gereso.com\/actualites\/?s={search_term_string}"},"query-input":{"@type":"PropertyValueSpecification","valueRequired":true,"valueName":"search_term_string"}}],"inLanguage":"fr-FR"},{"@type":"Person","@id":"https:\/\/www.gereso.com\/actualites\/#\/schema\/person\/197d8aef40cb4ae3f6a0aa9e1d3df2a6","name":"\u00c9quipe GERESO","image":{"@type":"ImageObject","inLanguage":"fr-FR","@id":"https:\/\/www.gereso.com\/actualites\/#\/schema\/person\/image\/","url":"https:\/\/www.gereso.com\/actualites\/wp-content\/uploads\/2013\/12\/avatar-gereso-1.png","contentUrl":"https:\/\/www.gereso.com\/actualites\/wp-content\/uploads\/2013\/12\/avatar-gereso-1.png","caption":"\u00c9quipe GERESO"},"url":"https:\/\/www.gereso.com\/actualites\/author\/gereso\/"}]}},"_links":{"self":[{"href":"https:\/\/www.gereso.com\/actualites\/wp-json\/wp\/v2\/posts\/2123","targetHints":{"allow":["GET"]}}],"collection":[{"href":"https:\/\/www.gereso.com\/actualites\/wp-json\/wp\/v2\/posts"}],"about":[{"href":"https:\/\/www.gereso.com\/actualites\/wp-json\/wp\/v2\/types\/post"}],"author":[{"embeddable":true,"href":"https:\/\/www.gereso.com\/actualites\/wp-json\/wp\/v2\/users\/32"}],"replies":[{"embeddable":true,"href":"https:\/\/www.gereso.com\/actualites\/wp-json\/wp\/v2\/comments?post=2123"}],"version-history":[{"count":0,"href":"https:\/\/www.gereso.com\/actualites\/wp-json\/wp\/v2\/posts\/2123\/revisions"}],"wp:attachment":[{"href":"https:\/\/www.gereso.com\/actualites\/wp-json\/wp\/v2\/media?parent=2123"}],"wp:term":[{"taxonomy":"category","embeddable":true,"href":"https:\/\/www.gereso.com\/actualites\/wp-json\/wp\/v2\/categories?post=2123"},{"taxonomy":"post_tag","embeddable":true,"href":"https:\/\/www.gereso.com\/actualites\/wp-json\/wp\/v2\/tags?post=2123"}],"curies":[{"name":"wp","href":"https:\/\/api.w.org\/{rel}","templated":true}]}}