{"id":2129,"date":"2007-07-01T00:00:00","date_gmt":"2007-06-30T22:00:00","guid":{"rendered":"https:\/\/www.gereso.com\/actualites\/2007\/07\/charges-sociales-obligation-de-declaration-par-voie-electronique\/"},"modified":"2007-07-01T00:00:00","modified_gmt":"2007-06-30T22:00:00","slug":"charges-sociales-obligation-de-declaration-par-voie-electronique","status":"publish","type":"post","link":"https:\/\/www.gereso.com\/actualites\/2007\/07\/01\/charges-sociales-obligation-de-declaration-par-voie-electronique\/","title":{"rendered":"Charges sociales : obligation de d\u00e9claration par voie \u00e9lectronique"},"content":{"rendered":"<h3>Le principe<\/h3>\n<p>L&rsquo;articleL.243.14 du code de la S\u00e9curit\u00e9 sociale, dans sa nouvelle r\u00e9dactionissue de l&rsquo;article 40 de la loi de financement de la S\u00e9curit\u00e9 socialepour 2007, cr\u00e9e, pour les entreprises ou \u00e9tablissements d&rsquo;une m\u00eameentreprise, redevables de cotisations, contributions, et taxes d&rsquo;<b>unmontant sup\u00e9rieur \u00e0 un seuil r\u00e9visable chaque ann\u00e9e de 2007 \u00e0 2009,l&rsquo;obligation d&rsquo;effectuer leurs d\u00e9clarations sociales, au titre dessommes dont ils sont redevables l&rsquo;ann\u00e9e suivante, par voie \u00e9lectronique.<br \/><\/b><\/p>\n<p>Ainsi, cette obligation est applicable aux d\u00e9clarations de cotisationsaff\u00e9rentes aux r\u00e9mun\u00e9rations vers\u00e9es \u00e0 compter du <b>1er juillet 2007<\/b>, pour les entreprises redevables au titre de l&rsquo;ann\u00e9e 2006 de sommes sup\u00e9rieures \u00e0 <b>800.000 euros.<\/b><\/p>\n<h3>Qui est concern\u00e9&nbsp;?<\/h3>\n<p>Sont concern\u00e9s par cette obligation de d\u00e9claration par voie \u00e9lectronique, <b>tousles employeurs du secteur priv\u00e9 ou du secteur public, \u00e0 l&rsquo;exception del&rsquo;Etat, des Collectivit\u00e9s territoriales et leurs \u00e9tablissements publicsadministratifs, scientifiques et culturels.<br \/><\/b><br \/>  Sont donc notamment concern\u00e9s :<\/p>\n<li>les associations,<\/li>\n<li>les caisses de cong\u00e9s pay\u00e9s, et autres organismes ou entreprises sesubstituant \u00e0 l&#8217;employeur pour le paiement des cotisations,<\/li>\n<li>les \u00e9tablissements publics \u00e0 caract\u00e8re industriel et commercial (EPIC),<\/li>\n<li>les soci\u00e9t\u00e9s d&rsquo;\u00e9conomie mixte (SEM).<\/li>\n<p>Le seuil de 800 000 euros s&rsquo;appr\u00e9cie en fonction du <b>montant cumul\u00e9 des cotisations, contributions et taxes dues au titre des r\u00e9mun\u00e9rations vers\u00e9es au cours d&rsquo;une ann\u00e9e civile, <\/b>acquitt\u00e9esaupr\u00e8s de(s) l&rsquo;Urssaf dont rel\u00e8vent l&rsquo;entreprise et ses \u00e9tablissements,non compris les majorations de retard et\/ou p\u00e9nalit\u00e9s \u00e9ventuellementappliqu\u00e9es.<\/p>\n<p>De m\u00eame, <b>doivent \u00eatre pris en compte dans la d\u00e9termination de ce seuil, les versements effectu\u00e9s au titre :<\/b><\/p>\n<li> de la contribution au financement de la protection compl\u00e9mentaire de la couverture maladie universelle,<\/li>\n<li>des taxes relatives aux activit\u00e9s de vente et d&rsquo;exploitation de sp\u00e9cialit\u00e9s pharmaceutiques,<\/li>\n<li>de la contribution au financement du Fonds de cessation anticip\u00e9e d&rsquo;activit\u00e9 des travailleurs de l&rsquo;amiante (FCAATA),<\/li>\n<li>de la contribution pour frais de contr\u00f4le destin\u00e9e \u00e0 l&rsquo;Autorit\u00e9 de Contr\u00f4le des Assurances et des Mutuelles (ACAM).<\/li>\n<h3>Quelles d\u00e9clarations&nbsp;?<\/h3>\n<p>Entrent dans le champ d&rsquo;application de l&rsquo;obligation de d\u00e9claration par voie d\u00e9mat\u00e9rialis\u00e9e,<b> les d\u00e9clarations sociales suivantes :<br \/><\/b><\/p>\n<li>Les bordereaux r\u00e9capitulatifs mensuels et trimestriels (BRC),<\/li>\n<li> Les tableaux r\u00e9capitulatifs annuels (TR),<\/li>\n<li> Les d\u00e9clarations aff\u00e9rentes aux contributions et taxes sp\u00e9cifiques \u00e9num\u00e9r\u00e9es ci-dessus,<\/li>\n<li> Les volets sociaux des offres d\u00e9claratives simplifi\u00e9es destin\u00e9es aux entreprises.<\/li>\n<p>L&rsquo;obligation concernant les d\u00e9clarations aff\u00e9rentes aux contributionset taxes sp\u00e9cifiques est diff\u00e9r\u00e9e, dans l&rsquo;attente de l&rsquo;adaptation duservice de saisie en ligne d&rsquo;urssaf.fr. Dans l&rsquo;intervalle, lesentreprises concern\u00e9es produiront ces d\u00e9clarations sous format papier.La date d&rsquo;entr\u00e9e en vigueur vous sera communiqu\u00e9e ult\u00e9rieurement.<\/p>\n<p><b>Sont en revanche exclues de l&rsquo;obligation de d\u00e9clarer par voie \u00e9lectronique :<br \/><\/b><\/p>\n<li>la d\u00e9claration unique d&#8217;embauche (DUE),<\/li>\n<li> la d\u00e9claration automatis\u00e9e des donn\u00e9es sociales unifi\u00e9e (DADS-U),<\/li>\n<li>les d\u00e9clarations effectu\u00e9es aupr\u00e8s du guichet unique du spectacleoccasionnel (GUSO), car non recouvr\u00e9es par les Urssaf.<\/li>\n<h3>Date d&rsquo;entr\u00e9e en vigueur de la mesure<\/h3>\n<p>L&rsquo;obligation d&rsquo;effectuer les d\u00e9clarations sociales par voied\u00e9mat\u00e9rialis\u00e9e entre en vigueur selon le calendrier suivant :<\/p>\n<li> \u00e0 compter du <b>1er juillet 2007<\/b> pour les entreprises redevables de <b>sommes sup\u00e9rieures \u00e0 800.000 euros<\/b>,<\/li>\n<li> \u00e0 compter du <b>1er janvier 2008<\/b> pour les entreprises redevables de <b>sommes sup\u00e9rieures \u00e0 400.000 euros<\/b>,<\/li>\n<li> \u00e0 compter du <b>1er janvier 2009<\/b> pour les entreprises redevables de <b>sommes sup\u00e9rieures \u00e0 150.000 euros<\/b>.<\/li>\n<p>Les changements de moyen de d\u00e9claration entra\u00een\u00e9s par les modificationsconstat\u00e9es d&rsquo;une ann\u00e9e sur l&rsquo;autre prennent effet pour la d\u00e9clarationdes cotisations contributions et taxes dues au titre des r\u00e9mun\u00e9rationsvers\u00e9es \u00e0 compter du 1er janvier de l&rsquo;ann\u00e9e suivante.<\/p>\n<h3>Pour en savoir +<\/h3>\n<p>Pourvous permettre de satisfaire \u00e0 cette obligation des offres adapt\u00e9essont \u00e0 votre disposition, pour plus d&rsquo;informations nous vous invitons \u00e0consulter les sites net-entreprises.fr et declaration.urssaf.fr<\/p>\n","protected":false},"excerpt":{"rendered":"<p>Le principe L&rsquo;articleL.243.14 du code de la S\u00e9curit\u00e9 sociale, dans sa nouvelle r\u00e9dactionissue de l&rsquo;article 40 de la loi de financement de la S\u00e9curit\u00e9 socialepour 2007, cr\u00e9e, pour les entreprises ou \u00e9tablissements d&rsquo;une m\u00eameentreprise, redevables de cotisations, contributions, et taxes d&rsquo;unmontant sup\u00e9rieur \u00e0 un seuil r\u00e9visable chaque ann\u00e9e de 2007 \u00e0 2009,l&rsquo;obligation d&rsquo;effectuer leurs d\u00e9clarations [&hellip;]<\/p>\n","protected":false},"author":32,"featured_media":0,"comment_status":"open","ping_status":"open","sticky":false,"template":"","format":"standard","meta":{"_acf_changed":false,"_mi_skip_tracking":false,"footnotes":""},"categories":[8],"tags":[],"class_list":["post-2129","post","type-post","status-publish","format-standard","hentry","category-paie-et-administration-du-personnel"],"acf":[],"yoast_head":"<!-- This site is optimized with the Yoast SEO plugin v23.4 - https:\/\/yoast.com\/wordpress\/plugins\/seo\/ -->\n<title>Charges sociales : obligation de d\u00e9claration par voie \u00e9lectronique - Le Blog GERESO<\/title>\n<meta name=\"robots\" content=\"index, follow, max-snippet:-1, max-image-preview:large, max-video-preview:-1\" \/>\n<link rel=\"canonical\" href=\"https:\/\/www.gereso.com\/actualites\/2007\/07\/01\/charges-sociales-obligation-de-declaration-par-voie-electronique\/\" \/>\n<meta property=\"og:locale\" content=\"fr_FR\" \/>\n<meta property=\"og:type\" content=\"article\" \/>\n<meta property=\"og:title\" content=\"Charges sociales : obligation de d\u00e9claration par voie \u00e9lectronique - Le Blog GERESO\" \/>\n<meta property=\"og:description\" content=\"Le principe L&rsquo;articleL.243.14 du code de la S\u00e9curit\u00e9 sociale, dans sa nouvelle r\u00e9dactionissue de l&rsquo;article 40 de la loi de financement de la S\u00e9curit\u00e9 socialepour 2007, cr\u00e9e, pour les entreprises ou \u00e9tablissements d&rsquo;une m\u00eameentreprise, redevables de cotisations, contributions, et taxes d&rsquo;unmontant sup\u00e9rieur \u00e0 un seuil r\u00e9visable chaque ann\u00e9e de 2007 \u00e0 2009,l&rsquo;obligation d&rsquo;effectuer leurs d\u00e9clarations [&hellip;]\" \/>\n<meta property=\"og:url\" content=\"https:\/\/www.gereso.com\/actualites\/2007\/07\/01\/charges-sociales-obligation-de-declaration-par-voie-electronique\/\" \/>\n<meta property=\"og:site_name\" content=\"Le Blog GERESO\" \/>\n<meta property=\"article:published_time\" content=\"2007-06-30T22:00:00+00:00\" \/>\n<meta name=\"author\" content=\"\u00c9quipe GERESO\" \/>\n<meta name=\"twitter:card\" content=\"summary_large_image\" \/>\n<script type=\"application\/ld+json\" class=\"yoast-schema-graph\">{\"@context\":\"https:\/\/schema.org\",\"@graph\":[{\"@type\":\"WebPage\",\"@id\":\"https:\/\/www.gereso.com\/actualites\/2007\/07\/01\/charges-sociales-obligation-de-declaration-par-voie-electronique\/\",\"url\":\"https:\/\/www.gereso.com\/actualites\/2007\/07\/01\/charges-sociales-obligation-de-declaration-par-voie-electronique\/\",\"name\":\"Charges sociales : obligation de d\u00e9claration par voie \u00e9lectronique - Le Blog GERESO\",\"isPartOf\":{\"@id\":\"https:\/\/www.gereso.com\/actualites\/#website\"},\"datePublished\":\"2007-06-30T22:00:00+00:00\",\"dateModified\":\"2007-06-30T22:00:00+00:00\",\"author\":{\"@id\":\"https:\/\/www.gereso.com\/actualites\/#\/schema\/person\/197d8aef40cb4ae3f6a0aa9e1d3df2a6\"},\"breadcrumb\":{\"@id\":\"https:\/\/www.gereso.com\/actualites\/2007\/07\/01\/charges-sociales-obligation-de-declaration-par-voie-electronique\/#breadcrumb\"},\"inLanguage\":\"fr-FR\",\"potentialAction\":[{\"@type\":\"ReadAction\",\"target\":[\"https:\/\/www.gereso.com\/actualites\/2007\/07\/01\/charges-sociales-obligation-de-declaration-par-voie-electronique\/\"]}]},{\"@type\":\"BreadcrumbList\",\"@id\":\"https:\/\/www.gereso.com\/actualites\/2007\/07\/01\/charges-sociales-obligation-de-declaration-par-voie-electronique\/#breadcrumb\",\"itemListElement\":[{\"@type\":\"ListItem\",\"position\":1,\"name\":\"Home\",\"item\":\"https:\/\/www.gereso.com\/actualites\/\"},{\"@type\":\"ListItem\",\"position\":2,\"name\":\"Charges sociales : obligation de d\u00e9claration par voie \u00e9lectronique\"}]},{\"@type\":\"WebSite\",\"@id\":\"https:\/\/www.gereso.com\/actualites\/#website\",\"url\":\"https:\/\/www.gereso.com\/actualites\/\",\"name\":\"Le Blog GERESO\",\"description\":\"Toute l&#039;actu RH, Finance, Fonction Publique, Management...\",\"potentialAction\":[{\"@type\":\"SearchAction\",\"target\":{\"@type\":\"EntryPoint\",\"urlTemplate\":\"https:\/\/www.gereso.com\/actualites\/?s={search_term_string}\"},\"query-input\":{\"@type\":\"PropertyValueSpecification\",\"valueRequired\":true,\"valueName\":\"search_term_string\"}}],\"inLanguage\":\"fr-FR\"},{\"@type\":\"Person\",\"@id\":\"https:\/\/www.gereso.com\/actualites\/#\/schema\/person\/197d8aef40cb4ae3f6a0aa9e1d3df2a6\",\"name\":\"\u00c9quipe GERESO\",\"image\":{\"@type\":\"ImageObject\",\"inLanguage\":\"fr-FR\",\"@id\":\"https:\/\/www.gereso.com\/actualites\/#\/schema\/person\/image\/\",\"url\":\"https:\/\/www.gereso.com\/actualites\/wp-content\/uploads\/2013\/12\/avatar-gereso-1.png\",\"contentUrl\":\"https:\/\/www.gereso.com\/actualites\/wp-content\/uploads\/2013\/12\/avatar-gereso-1.png\",\"caption\":\"\u00c9quipe GERESO\"},\"url\":\"https:\/\/www.gereso.com\/actualites\/author\/gereso\/\"}]}<\/script>\n<!-- \/ Yoast SEO plugin. -->","yoast_head_json":{"title":"Charges sociales : obligation de d\u00e9claration par voie \u00e9lectronique - Le Blog GERESO","robots":{"index":"index","follow":"follow","max-snippet":"max-snippet:-1","max-image-preview":"max-image-preview:large","max-video-preview":"max-video-preview:-1"},"canonical":"https:\/\/www.gereso.com\/actualites\/2007\/07\/01\/charges-sociales-obligation-de-declaration-par-voie-electronique\/","og_locale":"fr_FR","og_type":"article","og_title":"Charges sociales : obligation de d\u00e9claration par voie \u00e9lectronique - Le Blog GERESO","og_description":"Le principe L&rsquo;articleL.243.14 du code de la S\u00e9curit\u00e9 sociale, dans sa nouvelle r\u00e9dactionissue de l&rsquo;article 40 de la loi de financement de la S\u00e9curit\u00e9 socialepour 2007, cr\u00e9e, pour les entreprises ou \u00e9tablissements d&rsquo;une m\u00eameentreprise, redevables de cotisations, contributions, et taxes d&rsquo;unmontant sup\u00e9rieur \u00e0 un seuil r\u00e9visable chaque ann\u00e9e de 2007 \u00e0 2009,l&rsquo;obligation d&rsquo;effectuer leurs d\u00e9clarations [&hellip;]","og_url":"https:\/\/www.gereso.com\/actualites\/2007\/07\/01\/charges-sociales-obligation-de-declaration-par-voie-electronique\/","og_site_name":"Le Blog GERESO","article_published_time":"2007-06-30T22:00:00+00:00","author":"\u00c9quipe GERESO","twitter_card":"summary_large_image","schema":{"@context":"https:\/\/schema.org","@graph":[{"@type":"WebPage","@id":"https:\/\/www.gereso.com\/actualites\/2007\/07\/01\/charges-sociales-obligation-de-declaration-par-voie-electronique\/","url":"https:\/\/www.gereso.com\/actualites\/2007\/07\/01\/charges-sociales-obligation-de-declaration-par-voie-electronique\/","name":"Charges sociales : obligation de d\u00e9claration par voie \u00e9lectronique - Le Blog GERESO","isPartOf":{"@id":"https:\/\/www.gereso.com\/actualites\/#website"},"datePublished":"2007-06-30T22:00:00+00:00","dateModified":"2007-06-30T22:00:00+00:00","author":{"@id":"https:\/\/www.gereso.com\/actualites\/#\/schema\/person\/197d8aef40cb4ae3f6a0aa9e1d3df2a6"},"breadcrumb":{"@id":"https:\/\/www.gereso.com\/actualites\/2007\/07\/01\/charges-sociales-obligation-de-declaration-par-voie-electronique\/#breadcrumb"},"inLanguage":"fr-FR","potentialAction":[{"@type":"ReadAction","target":["https:\/\/www.gereso.com\/actualites\/2007\/07\/01\/charges-sociales-obligation-de-declaration-par-voie-electronique\/"]}]},{"@type":"BreadcrumbList","@id":"https:\/\/www.gereso.com\/actualites\/2007\/07\/01\/charges-sociales-obligation-de-declaration-par-voie-electronique\/#breadcrumb","itemListElement":[{"@type":"ListItem","position":1,"name":"Home","item":"https:\/\/www.gereso.com\/actualites\/"},{"@type":"ListItem","position":2,"name":"Charges sociales : obligation de d\u00e9claration par voie \u00e9lectronique"}]},{"@type":"WebSite","@id":"https:\/\/www.gereso.com\/actualites\/#website","url":"https:\/\/www.gereso.com\/actualites\/","name":"Le Blog GERESO","description":"Toute l&#039;actu RH, Finance, Fonction Publique, Management...","potentialAction":[{"@type":"SearchAction","target":{"@type":"EntryPoint","urlTemplate":"https:\/\/www.gereso.com\/actualites\/?s={search_term_string}"},"query-input":{"@type":"PropertyValueSpecification","valueRequired":true,"valueName":"search_term_string"}}],"inLanguage":"fr-FR"},{"@type":"Person","@id":"https:\/\/www.gereso.com\/actualites\/#\/schema\/person\/197d8aef40cb4ae3f6a0aa9e1d3df2a6","name":"\u00c9quipe GERESO","image":{"@type":"ImageObject","inLanguage":"fr-FR","@id":"https:\/\/www.gereso.com\/actualites\/#\/schema\/person\/image\/","url":"https:\/\/www.gereso.com\/actualites\/wp-content\/uploads\/2013\/12\/avatar-gereso-1.png","contentUrl":"https:\/\/www.gereso.com\/actualites\/wp-content\/uploads\/2013\/12\/avatar-gereso-1.png","caption":"\u00c9quipe GERESO"},"url":"https:\/\/www.gereso.com\/actualites\/author\/gereso\/"}]}},"_links":{"self":[{"href":"https:\/\/www.gereso.com\/actualites\/wp-json\/wp\/v2\/posts\/2129","targetHints":{"allow":["GET"]}}],"collection":[{"href":"https:\/\/www.gereso.com\/actualites\/wp-json\/wp\/v2\/posts"}],"about":[{"href":"https:\/\/www.gereso.com\/actualites\/wp-json\/wp\/v2\/types\/post"}],"author":[{"embeddable":true,"href":"https:\/\/www.gereso.com\/actualites\/wp-json\/wp\/v2\/users\/32"}],"replies":[{"embeddable":true,"href":"https:\/\/www.gereso.com\/actualites\/wp-json\/wp\/v2\/comments?post=2129"}],"version-history":[{"count":0,"href":"https:\/\/www.gereso.com\/actualites\/wp-json\/wp\/v2\/posts\/2129\/revisions"}],"wp:attachment":[{"href":"https:\/\/www.gereso.com\/actualites\/wp-json\/wp\/v2\/media?parent=2129"}],"wp:term":[{"taxonomy":"category","embeddable":true,"href":"https:\/\/www.gereso.com\/actualites\/wp-json\/wp\/v2\/categories?post=2129"},{"taxonomy":"post_tag","embeddable":true,"href":"https:\/\/www.gereso.com\/actualites\/wp-json\/wp\/v2\/tags?post=2129"}],"curies":[{"name":"wp","href":"https:\/\/api.w.org\/{rel}","templated":true}]}}