{"id":21318,"date":"2021-05-04T10:53:07","date_gmt":"2021-05-04T08:53:07","guid":{"rendered":"https:\/\/www.gereso.com\/actualites\/?p=21318"},"modified":"2021-05-04T10:53:24","modified_gmt":"2021-05-04T08:53:24","slug":"tolerance-jusquau-30-juin-pour-les-experts-comptables","status":"publish","type":"post","link":"https:\/\/www.gereso.com\/actualites\/2021\/05\/04\/tolerance-jusquau-30-juin-pour-les-experts-comptables\/","title":{"rendered":"Tol\u00e9rance jusqu\u2019au 30 juin pour les experts-comptables"},"content":{"rendered":"\n<p>Le Conseil sup\u00e9rieur de l\u2019Ordre des experts-comptables a\nobtenu aupr\u00e8s du Gouvernement une tol\u00e9rance jusqu\u2019au <strong>30 juin 2021<\/strong> pour\nle d\u00e9p\u00f4t des d\u00e9clarations fiscales de leurs clients.<\/p>\n\n\n\n<h2 class=\"wp-block-heading\"><strong>Une tol\u00e9rance jusqu\u2019au 30 juin<\/strong><\/h2>\n\n\n\n<p>Les <strong>cabinets d\u2019expertise-comptable<\/strong> font face \u00e0 une importante\npression relative aux \u00e9ch\u00e9ances de d\u00e9p\u00f4t des d\u00e9clarations fiscales dans un\ncontexte de difficult\u00e9s financi\u00e8res importantes de leurs clients face \u00e0 la\ncrise sanitaire.<\/p>\n\n\n\n<p>Pour r\u00e9duire cette pression, Lionel Canesi, pr\u00e9sident du <strong>Conseil\nsup\u00e9rieur de l\u2019OEC,<\/strong> a demand\u00e9 et obtenu aupr\u00e8s du minist\u00e8re de l\u2019\u00c9conomie\net des Finances, et du directeur g\u00e9n\u00e9ral des Finances publiques une tol\u00e9rance\nofficielle jusqu\u2019au <strong>30 juin 2021<\/strong> au b\u00e9n\u00e9fice des <strong>cabinets d\u2019expertise-comptable<\/strong>\npour toutes les d\u00e9clarations fiscales au titre des <strong>exercices clos en 2020<\/strong>.\nAinsi, sous respect de cette nouvelle \u00e9ch\u00e9ance, ni relance ni p\u00e9nalit\u00e9 ne\nseront r\u00e9alis\u00e9es par l\u2019administration fiscale.<\/p>\n\n\n\n<p>Une lettre d\u2019information \u00e9crite par Lionel Canesi \u00e0 ce titre a r\u00e9cemment \u00e9t\u00e9 publi\u00e9e (<a href=\"https:\/\/public.message-business.com\/emailing\/51486\/6343\/emailing.aspx\">lettre du 21 avril 2021<\/a>).<\/p>\n\n\n\n<h2 class=\"wp-block-heading\"><strong>Les d\u00e9clarations concern\u00e9es<\/strong><\/h2>\n\n\n\n<p>Les experts-comptables ont d\u00e9j\u00e0 b\u00e9n\u00e9fici\u00e9 l\u2019an dernier d\u2019un\nd\u00e9lai suppl\u00e9mentaire jusqu\u2019au 30 juin mais il \u00e9tait n\u00e9cessaire d\u2019en faire la\ndemande pr\u00e9alable et de justifier des difficult\u00e9s financi\u00e8res des entreprises. Pour\ncette ann\u00e9e, la tol\u00e9rance est plus souple. Elle s\u2019applique de mani\u00e8re <strong>automatique<\/strong>,\n<strong>sans demande pr\u00e9alable<\/strong>. Elle va donc plus loin qu\u2019un simple report et\nconstitue selon le pr\u00e9sident du conseil sup\u00e9rieur de l\u2019OEC un t\u00e9moignage de la\nconfiance de l\u2019administration fiscale envers la profession des\nexperts-comptables.<\/p>\n\n\n\n<p>Sont concern\u00e9s par cette tol\u00e9rance, les d\u00e9clarations et les\npaiements suivants&nbsp;: <\/p>\n\n\n\n<ul class=\"wp-block-list\"><li>La <strong>liasse fiscale<\/strong> (\u00e9ch\u00e9ance initiale&nbsp;:\n19 mai 2021)<\/li><li>La <strong>d\u00e9claration de TVA CA12<\/strong> (\u00e9ch\u00e9ance initiale&nbsp;:\n4 mai 2021)<\/li><li>Le <strong>solde de CVAE<\/strong> (\u00e9ch\u00e9ance initiale&nbsp;:\n4 mai 2021)<\/li><li>Le <strong>solde d\u2019imp\u00f4t sur les soci\u00e9t\u00e9s<\/strong>\n(\u00e9ch\u00e9ance initiale&nbsp;: 15 mai 2021)<\/li><li><strong>L\u2019imp\u00f4t sur le revenu<\/strong> (\u00e9ch\u00e9ance initiale&nbsp;:\nentre le 26 mai et le 8 juin 2021 selon les d\u00e9partements). &nbsp;<\/li><\/ul>\n\n\n\n<p>En revanche, les <strong>CVAE cr\u00e9ditrices<\/strong> c\u2019est-\u00e0-dire pour\nlesquelles le solde d\u00fb est en faveur des entreprises, conservent leur <strong>date\ninitiale<\/strong> de d\u00e9claration. L\u2019administration fiscale souhaite en effet\nrembourser rapidement les entreprises concern\u00e9es.<\/p>\n","protected":false},"excerpt":{"rendered":"<p>Le Conseil sup\u00e9rieur de l\u2019Ordre des experts-comptables a obtenu aupr\u00e8s du Gouvernement une tol\u00e9rance jusqu\u2019au 30 juin 2021 pour le d\u00e9p\u00f4t des d\u00e9clarations fiscales de leurs clients. Une tol\u00e9rance jusqu\u2019au 30 juin Les cabinets d\u2019expertise-comptable font face \u00e0 une importante pression relative aux \u00e9ch\u00e9ances de d\u00e9p\u00f4t des d\u00e9clarations fiscales dans un contexte de difficult\u00e9s financi\u00e8res [&hellip;]<\/p>\n","protected":false},"author":45,"featured_media":0,"comment_status":"open","ping_status":"open","sticky":false,"template":"","format":"quote","meta":{"_acf_changed":false,"_mi_skip_tracking":false,"footnotes":""},"categories":[12,3],"tags":[2010,1102,1039,874,1065],"class_list":["post-21318","post","type-post","status-publish","format-quote","hentry","category-actualites","category-comptabilite-fiscalite-et-gestion-financiere","tag-ca12","tag-cvae","tag-impot-sur-le-revenu","tag-impot-sur-les-societes","tag-liasse-fiscale","post_format-post-format-quote"],"acf":[],"yoast_head":"<!-- This site is optimized with the Yoast SEO plugin v23.4 - https:\/\/yoast.com\/wordpress\/plugins\/seo\/ -->\n<title>Tol\u00e9rance jusqu\u2019au 30 juin pour les experts-comptables - Le Blog GERESO<\/title>\n<meta name=\"robots\" content=\"index, follow, max-snippet:-1, max-image-preview:large, max-video-preview:-1\" \/>\n<link rel=\"canonical\" href=\"https:\/\/www.gereso.com\/actualites\/2021\/05\/04\/tolerance-jusquau-30-juin-pour-les-experts-comptables\/\" \/>\n<meta property=\"og:locale\" content=\"fr_FR\" \/>\n<meta property=\"og:type\" content=\"article\" \/>\n<meta property=\"og:title\" content=\"Tol\u00e9rance jusqu\u2019au 30 juin pour les experts-comptables - Le Blog GERESO\" \/>\n<meta property=\"og:description\" content=\"Le Conseil sup\u00e9rieur de l\u2019Ordre des experts-comptables a obtenu aupr\u00e8s du Gouvernement une tol\u00e9rance jusqu\u2019au 30 juin 2021 pour le d\u00e9p\u00f4t des d\u00e9clarations fiscales de leurs clients. Une tol\u00e9rance jusqu\u2019au 30 juin Les cabinets d\u2019expertise-comptable font face \u00e0 une importante pression relative aux \u00e9ch\u00e9ances de d\u00e9p\u00f4t des d\u00e9clarations fiscales dans un contexte de difficult\u00e9s financi\u00e8res [&hellip;]\" \/>\n<meta property=\"og:url\" content=\"https:\/\/www.gereso.com\/actualites\/2021\/05\/04\/tolerance-jusquau-30-juin-pour-les-experts-comptables\/\" \/>\n<meta property=\"og:site_name\" content=\"Le Blog GERESO\" \/>\n<meta property=\"article:published_time\" content=\"2021-05-04T08:53:07+00:00\" \/>\n<meta property=\"article:modified_time\" content=\"2021-05-04T08:53:24+00:00\" \/>\n<meta name=\"author\" content=\"Damien P\u00e9an\" \/>\n<meta name=\"twitter:card\" content=\"summary_large_image\" \/>\n<script type=\"application\/ld+json\" class=\"yoast-schema-graph\">{\"@context\":\"https:\/\/schema.org\",\"@graph\":[{\"@type\":\"WebPage\",\"@id\":\"https:\/\/www.gereso.com\/actualites\/2021\/05\/04\/tolerance-jusquau-30-juin-pour-les-experts-comptables\/\",\"url\":\"https:\/\/www.gereso.com\/actualites\/2021\/05\/04\/tolerance-jusquau-30-juin-pour-les-experts-comptables\/\",\"name\":\"Tol\u00e9rance jusqu\u2019au 30 juin pour les experts-comptables - Le Blog GERESO\",\"isPartOf\":{\"@id\":\"https:\/\/www.gereso.com\/actualites\/#website\"},\"datePublished\":\"2021-05-04T08:53:07+00:00\",\"dateModified\":\"2021-05-04T08:53:24+00:00\",\"author\":{\"@id\":\"https:\/\/www.gereso.com\/actualites\/#\/schema\/person\/c91814f92d627ed4715993fbbf7c7e8d\"},\"breadcrumb\":{\"@id\":\"https:\/\/www.gereso.com\/actualites\/2021\/05\/04\/tolerance-jusquau-30-juin-pour-les-experts-comptables\/#breadcrumb\"},\"inLanguage\":\"fr-FR\",\"potentialAction\":[{\"@type\":\"ReadAction\",\"target\":[\"https:\/\/www.gereso.com\/actualites\/2021\/05\/04\/tolerance-jusquau-30-juin-pour-les-experts-comptables\/\"]}]},{\"@type\":\"BreadcrumbList\",\"@id\":\"https:\/\/www.gereso.com\/actualites\/2021\/05\/04\/tolerance-jusquau-30-juin-pour-les-experts-comptables\/#breadcrumb\",\"itemListElement\":[{\"@type\":\"ListItem\",\"position\":1,\"name\":\"Home\",\"item\":\"https:\/\/www.gereso.com\/actualites\/\"},{\"@type\":\"ListItem\",\"position\":2,\"name\":\"Tol\u00e9rance jusqu\u2019au 30 juin pour les experts-comptables\"}]},{\"@type\":\"WebSite\",\"@id\":\"https:\/\/www.gereso.com\/actualites\/#website\",\"url\":\"https:\/\/www.gereso.com\/actualites\/\",\"name\":\"Le Blog GERESO\",\"description\":\"Toute l&#039;actu RH, Finance, Fonction Publique, Management...\",\"potentialAction\":[{\"@type\":\"SearchAction\",\"target\":{\"@type\":\"EntryPoint\",\"urlTemplate\":\"https:\/\/www.gereso.com\/actualites\/?s={search_term_string}\"},\"query-input\":{\"@type\":\"PropertyValueSpecification\",\"valueRequired\":true,\"valueName\":\"search_term_string\"}}],\"inLanguage\":\"fr-FR\"},{\"@type\":\"Person\",\"@id\":\"https:\/\/www.gereso.com\/actualites\/#\/schema\/person\/c91814f92d627ed4715993fbbf7c7e8d\",\"name\":\"Damien P\u00e9an\",\"image\":{\"@type\":\"ImageObject\",\"inLanguage\":\"fr-FR\",\"@id\":\"https:\/\/www.gereso.com\/actualites\/#\/schema\/person\/image\/\",\"url\":\"https:\/\/www.gereso.com\/actualites\/wp-content\/uploads\/2016\/03\/damien-pean.jpg\",\"contentUrl\":\"https:\/\/www.gereso.com\/actualites\/wp-content\/uploads\/2016\/03\/damien-pean.jpg\",\"caption\":\"Damien P\u00e9an\"},\"description\":\"Damien P\u00c9AN est titulaire du Dipl\u00f4me d'\u00e9tudes sup\u00e9rieures comptables et financi\u00e8res (DESCF). Il intervient depuis plusieurs ann\u00e9es aupr\u00e8s d'\u00e9tudiants en licence de comptabilit\u00e9 et de gestion, \u00e0 qui il enseigne le contr\u00f4le de gestion, la comptabilit\u00e9 approfondie, le management, la fiscalit\u00e9, le droit des soci\u00e9t\u00e9s et le droit du travail. Il intervient \u00e9galement en formation continue pour le compte de divers organismes de formation sur des th\u00e9matiques techniques en comptabilit\u00e9 et fiscalit\u00e9. Il forme aussi un public de non-initi\u00e9s aux fondamentaux de la finance.\",\"url\":\"https:\/\/www.gereso.com\/actualites\/author\/d-pean\/\"}]}<\/script>\n<!-- \/ Yoast SEO plugin. -->","yoast_head_json":{"title":"Tol\u00e9rance jusqu\u2019au 30 juin pour les experts-comptables - Le Blog GERESO","robots":{"index":"index","follow":"follow","max-snippet":"max-snippet:-1","max-image-preview":"max-image-preview:large","max-video-preview":"max-video-preview:-1"},"canonical":"https:\/\/www.gereso.com\/actualites\/2021\/05\/04\/tolerance-jusquau-30-juin-pour-les-experts-comptables\/","og_locale":"fr_FR","og_type":"article","og_title":"Tol\u00e9rance jusqu\u2019au 30 juin pour les experts-comptables - Le Blog GERESO","og_description":"Le Conseil sup\u00e9rieur de l\u2019Ordre des experts-comptables a obtenu aupr\u00e8s du Gouvernement une tol\u00e9rance jusqu\u2019au 30 juin 2021 pour le d\u00e9p\u00f4t des d\u00e9clarations fiscales de leurs clients. Une tol\u00e9rance jusqu\u2019au 30 juin Les cabinets d\u2019expertise-comptable font face \u00e0 une importante pression relative aux \u00e9ch\u00e9ances de d\u00e9p\u00f4t des d\u00e9clarations fiscales dans un contexte de difficult\u00e9s financi\u00e8res [&hellip;]","og_url":"https:\/\/www.gereso.com\/actualites\/2021\/05\/04\/tolerance-jusquau-30-juin-pour-les-experts-comptables\/","og_site_name":"Le Blog GERESO","article_published_time":"2021-05-04T08:53:07+00:00","article_modified_time":"2021-05-04T08:53:24+00:00","author":"Damien P\u00e9an","twitter_card":"summary_large_image","schema":{"@context":"https:\/\/schema.org","@graph":[{"@type":"WebPage","@id":"https:\/\/www.gereso.com\/actualites\/2021\/05\/04\/tolerance-jusquau-30-juin-pour-les-experts-comptables\/","url":"https:\/\/www.gereso.com\/actualites\/2021\/05\/04\/tolerance-jusquau-30-juin-pour-les-experts-comptables\/","name":"Tol\u00e9rance jusqu\u2019au 30 juin pour les experts-comptables - Le Blog GERESO","isPartOf":{"@id":"https:\/\/www.gereso.com\/actualites\/#website"},"datePublished":"2021-05-04T08:53:07+00:00","dateModified":"2021-05-04T08:53:24+00:00","author":{"@id":"https:\/\/www.gereso.com\/actualites\/#\/schema\/person\/c91814f92d627ed4715993fbbf7c7e8d"},"breadcrumb":{"@id":"https:\/\/www.gereso.com\/actualites\/2021\/05\/04\/tolerance-jusquau-30-juin-pour-les-experts-comptables\/#breadcrumb"},"inLanguage":"fr-FR","potentialAction":[{"@type":"ReadAction","target":["https:\/\/www.gereso.com\/actualites\/2021\/05\/04\/tolerance-jusquau-30-juin-pour-les-experts-comptables\/"]}]},{"@type":"BreadcrumbList","@id":"https:\/\/www.gereso.com\/actualites\/2021\/05\/04\/tolerance-jusquau-30-juin-pour-les-experts-comptables\/#breadcrumb","itemListElement":[{"@type":"ListItem","position":1,"name":"Home","item":"https:\/\/www.gereso.com\/actualites\/"},{"@type":"ListItem","position":2,"name":"Tol\u00e9rance jusqu\u2019au 30 juin pour les experts-comptables"}]},{"@type":"WebSite","@id":"https:\/\/www.gereso.com\/actualites\/#website","url":"https:\/\/www.gereso.com\/actualites\/","name":"Le Blog GERESO","description":"Toute l&#039;actu RH, Finance, Fonction Publique, Management...","potentialAction":[{"@type":"SearchAction","target":{"@type":"EntryPoint","urlTemplate":"https:\/\/www.gereso.com\/actualites\/?s={search_term_string}"},"query-input":{"@type":"PropertyValueSpecification","valueRequired":true,"valueName":"search_term_string"}}],"inLanguage":"fr-FR"},{"@type":"Person","@id":"https:\/\/www.gereso.com\/actualites\/#\/schema\/person\/c91814f92d627ed4715993fbbf7c7e8d","name":"Damien P\u00e9an","image":{"@type":"ImageObject","inLanguage":"fr-FR","@id":"https:\/\/www.gereso.com\/actualites\/#\/schema\/person\/image\/","url":"https:\/\/www.gereso.com\/actualites\/wp-content\/uploads\/2016\/03\/damien-pean.jpg","contentUrl":"https:\/\/www.gereso.com\/actualites\/wp-content\/uploads\/2016\/03\/damien-pean.jpg","caption":"Damien P\u00e9an"},"description":"Damien P\u00c9AN est titulaire du Dipl\u00f4me d'\u00e9tudes sup\u00e9rieures comptables et financi\u00e8res (DESCF). Il intervient depuis plusieurs ann\u00e9es aupr\u00e8s d'\u00e9tudiants en licence de comptabilit\u00e9 et de gestion, \u00e0 qui il enseigne le contr\u00f4le de gestion, la comptabilit\u00e9 approfondie, le management, la fiscalit\u00e9, le droit des soci\u00e9t\u00e9s et le droit du travail. Il intervient \u00e9galement en formation continue pour le compte de divers organismes de formation sur des th\u00e9matiques techniques en comptabilit\u00e9 et fiscalit\u00e9. Il forme aussi un public de non-initi\u00e9s aux fondamentaux de la finance.","url":"https:\/\/www.gereso.com\/actualites\/author\/d-pean\/"}]}},"_links":{"self":[{"href":"https:\/\/www.gereso.com\/actualites\/wp-json\/wp\/v2\/posts\/21318","targetHints":{"allow":["GET"]}}],"collection":[{"href":"https:\/\/www.gereso.com\/actualites\/wp-json\/wp\/v2\/posts"}],"about":[{"href":"https:\/\/www.gereso.com\/actualites\/wp-json\/wp\/v2\/types\/post"}],"author":[{"embeddable":true,"href":"https:\/\/www.gereso.com\/actualites\/wp-json\/wp\/v2\/users\/45"}],"replies":[{"embeddable":true,"href":"https:\/\/www.gereso.com\/actualites\/wp-json\/wp\/v2\/comments?post=21318"}],"version-history":[{"count":2,"href":"https:\/\/www.gereso.com\/actualites\/wp-json\/wp\/v2\/posts\/21318\/revisions"}],"predecessor-version":[{"id":21583,"href":"https:\/\/www.gereso.com\/actualites\/wp-json\/wp\/v2\/posts\/21318\/revisions\/21583"}],"wp:attachment":[{"href":"https:\/\/www.gereso.com\/actualites\/wp-json\/wp\/v2\/media?parent=21318"}],"wp:term":[{"taxonomy":"category","embeddable":true,"href":"https:\/\/www.gereso.com\/actualites\/wp-json\/wp\/v2\/categories?post=21318"},{"taxonomy":"post_tag","embeddable":true,"href":"https:\/\/www.gereso.com\/actualites\/wp-json\/wp\/v2\/tags?post=21318"}],"curies":[{"name":"wp","href":"https:\/\/api.w.org\/{rel}","templated":true}]}}