{"id":2136,"date":"2007-06-01T00:00:00","date_gmt":"2007-05-31T22:00:00","guid":{"rendered":"https:\/\/www.gereso.com\/actualites\/2007\/06\/la-defiscalisation-des-heures-supplementaires\/"},"modified":"2007-06-01T00:00:00","modified_gmt":"2007-05-31T22:00:00","slug":"la-defiscalisation-des-heures-supplementaires","status":"publish","type":"post","link":"https:\/\/www.gereso.com\/actualites\/2007\/06\/01\/la-defiscalisation-des-heures-supplementaires\/","title":{"rendered":"La d\u00e9fiscalisation des heures suppl\u00e9mentaires"},"content":{"rendered":"<h3>L&rsquo;avant projet de loi en d\u00e9tails<br \/><\/h3>\n<p>   Cette disposition vaut \u00e9galement pour :<\/p>\n<p><b>&#8211; les cadres<\/b>: l&rsquo;exon\u00e9ration est applicable \u00e0 la majoration de salaire vers\u00e9e, dansle cadre des conventions de forfait annuel en jours, \u00ab en contrepartiede la renonciation (&#8230;), au-del\u00e0 de deux cent dix-huit jours (..), \u00e0des jours de repos \u00bb ;<\/p>\n<p><b>&#8211; les salari\u00e9s \u00e0 temps partiel au titre des heures compl\u00e9mentaires<\/b> \u00ab dans la limite de 10 % de la dur\u00e9e hebdomadaire ou mensuelle de travail \u00bb.<\/p>\n<p>Par ailleurs, outre la majoration de 25 % ou de 50 %, toute heure suppl\u00e9mentaire ouvrira droit \u00e0 <b>une \u00ab r\u00e9duction des cotisations salariales de s\u00e9curit\u00e9 sociale \u00bb<\/b> ainsi qu&rsquo;\u00e0 une \u00ab r\u00e9duction forfaitaire des cotisations patronales \u00bb dont les taux seront fix\u00e9s par d\u00e9cret. <\/p>\n<p>Dans les entreprises de 20 salari\u00e9s, le taux de majoration des heuressuppl\u00e9mentaires, fix\u00e9 jusqu&rsquo;au 31 d\u00e9cembre 2008 \u00e0 10 %, est port\u00e9 \u00e0 25% au 1er octobre 2007.<\/p>\n<p>L&rsquo;exon\u00e9ration fiscale s&rsquo;appliquera \u00e0 <b>toute heure suppl\u00e9mentaire effectu\u00e9e \u00e0 compter du 1er octobre 2007.<\/b><\/p>\n<p>La mesure \u00ab a vocation \u00e0 b\u00e9n\u00e9ficier \u00e0 l&rsquo;ensemble des entreprises et dessalari\u00e9s, qu&rsquo;ils soient du secteur priv\u00e9 ou du secteur public \u00bb.<\/p>\n<p>Source : Avant-projet de loi JCP S 2007, act. \u00e0 para\u00eetre<\/p>\n","protected":false},"excerpt":{"rendered":"<p>L&rsquo;avant projet de loi en d\u00e9tails Cette disposition vaut \u00e9galement pour : &#8211; les cadres: l&rsquo;exon\u00e9ration est applicable \u00e0 la majoration de salaire vers\u00e9e, dansle cadre des conventions de forfait annuel en jours, \u00ab en contrepartiede la renonciation (&#8230;), au-del\u00e0 de deux cent dix-huit jours (..), \u00e0des jours de repos \u00bb ; &#8211; les salari\u00e9s [&hellip;]<\/p>\n","protected":false},"author":32,"featured_media":0,"comment_status":"open","ping_status":"open","sticky":false,"template":"","format":"standard","meta":{"_acf_changed":false,"_mi_skip_tracking":false,"footnotes":""},"categories":[8],"tags":[],"class_list":["post-2136","post","type-post","status-publish","format-standard","hentry","category-paie-et-administration-du-personnel"],"acf":[],"yoast_head":"<!-- This site is optimized with the Yoast SEO plugin v23.4 - https:\/\/yoast.com\/wordpress\/plugins\/seo\/ -->\n<title>La d\u00e9fiscalisation des heures suppl\u00e9mentaires - Le Blog GERESO<\/title>\n<meta name=\"robots\" content=\"index, follow, max-snippet:-1, max-image-preview:large, max-video-preview:-1\" \/>\n<link rel=\"canonical\" href=\"https:\/\/www.gereso.com\/actualites\/2007\/06\/01\/la-defiscalisation-des-heures-supplementaires\/\" \/>\n<meta property=\"og:locale\" content=\"fr_FR\" \/>\n<meta property=\"og:type\" content=\"article\" \/>\n<meta property=\"og:title\" content=\"La d\u00e9fiscalisation des heures suppl\u00e9mentaires - Le Blog GERESO\" \/>\n<meta property=\"og:description\" content=\"L&rsquo;avant projet de loi en d\u00e9tails Cette disposition vaut \u00e9galement pour : &#8211; les cadres: l&rsquo;exon\u00e9ration est applicable \u00e0 la majoration de salaire vers\u00e9e, dansle cadre des conventions de forfait annuel en jours, \u00ab en contrepartiede la renonciation (&#8230;), au-del\u00e0 de deux cent dix-huit jours (..), \u00e0des jours de repos \u00bb ; &#8211; les salari\u00e9s [&hellip;]\" \/>\n<meta property=\"og:url\" content=\"https:\/\/www.gereso.com\/actualites\/2007\/06\/01\/la-defiscalisation-des-heures-supplementaires\/\" \/>\n<meta property=\"og:site_name\" content=\"Le Blog GERESO\" \/>\n<meta property=\"article:published_time\" content=\"2007-05-31T22:00:00+00:00\" \/>\n<meta name=\"author\" content=\"\u00c9quipe GERESO\" \/>\n<meta name=\"twitter:card\" content=\"summary_large_image\" \/>\n<script type=\"application\/ld+json\" class=\"yoast-schema-graph\">{\"@context\":\"https:\/\/schema.org\",\"@graph\":[{\"@type\":\"WebPage\",\"@id\":\"https:\/\/www.gereso.com\/actualites\/2007\/06\/01\/la-defiscalisation-des-heures-supplementaires\/\",\"url\":\"https:\/\/www.gereso.com\/actualites\/2007\/06\/01\/la-defiscalisation-des-heures-supplementaires\/\",\"name\":\"La d\u00e9fiscalisation des heures suppl\u00e9mentaires - Le Blog GERESO\",\"isPartOf\":{\"@id\":\"https:\/\/www.gereso.com\/actualites\/#website\"},\"datePublished\":\"2007-05-31T22:00:00+00:00\",\"dateModified\":\"2007-05-31T22:00:00+00:00\",\"author\":{\"@id\":\"https:\/\/www.gereso.com\/actualites\/#\/schema\/person\/197d8aef40cb4ae3f6a0aa9e1d3df2a6\"},\"breadcrumb\":{\"@id\":\"https:\/\/www.gereso.com\/actualites\/2007\/06\/01\/la-defiscalisation-des-heures-supplementaires\/#breadcrumb\"},\"inLanguage\":\"fr-FR\",\"potentialAction\":[{\"@type\":\"ReadAction\",\"target\":[\"https:\/\/www.gereso.com\/actualites\/2007\/06\/01\/la-defiscalisation-des-heures-supplementaires\/\"]}]},{\"@type\":\"BreadcrumbList\",\"@id\":\"https:\/\/www.gereso.com\/actualites\/2007\/06\/01\/la-defiscalisation-des-heures-supplementaires\/#breadcrumb\",\"itemListElement\":[{\"@type\":\"ListItem\",\"position\":1,\"name\":\"Home\",\"item\":\"https:\/\/www.gereso.com\/actualites\/\"},{\"@type\":\"ListItem\",\"position\":2,\"name\":\"La d\u00e9fiscalisation des heures suppl\u00e9mentaires\"}]},{\"@type\":\"WebSite\",\"@id\":\"https:\/\/www.gereso.com\/actualites\/#website\",\"url\":\"https:\/\/www.gereso.com\/actualites\/\",\"name\":\"Le Blog GERESO\",\"description\":\"Toute l&#039;actu RH, Finance, Fonction Publique, Management...\",\"potentialAction\":[{\"@type\":\"SearchAction\",\"target\":{\"@type\":\"EntryPoint\",\"urlTemplate\":\"https:\/\/www.gereso.com\/actualites\/?s={search_term_string}\"},\"query-input\":{\"@type\":\"PropertyValueSpecification\",\"valueRequired\":true,\"valueName\":\"search_term_string\"}}],\"inLanguage\":\"fr-FR\"},{\"@type\":\"Person\",\"@id\":\"https:\/\/www.gereso.com\/actualites\/#\/schema\/person\/197d8aef40cb4ae3f6a0aa9e1d3df2a6\",\"name\":\"\u00c9quipe GERESO\",\"image\":{\"@type\":\"ImageObject\",\"inLanguage\":\"fr-FR\",\"@id\":\"https:\/\/www.gereso.com\/actualites\/#\/schema\/person\/image\/\",\"url\":\"https:\/\/www.gereso.com\/actualites\/wp-content\/uploads\/2013\/12\/avatar-gereso-1.png\",\"contentUrl\":\"https:\/\/www.gereso.com\/actualites\/wp-content\/uploads\/2013\/12\/avatar-gereso-1.png\",\"caption\":\"\u00c9quipe GERESO\"},\"url\":\"https:\/\/www.gereso.com\/actualites\/author\/gereso\/\"}]}<\/script>\n<!-- \/ Yoast SEO plugin. -->","yoast_head_json":{"title":"La d\u00e9fiscalisation des heures suppl\u00e9mentaires - Le Blog GERESO","robots":{"index":"index","follow":"follow","max-snippet":"max-snippet:-1","max-image-preview":"max-image-preview:large","max-video-preview":"max-video-preview:-1"},"canonical":"https:\/\/www.gereso.com\/actualites\/2007\/06\/01\/la-defiscalisation-des-heures-supplementaires\/","og_locale":"fr_FR","og_type":"article","og_title":"La d\u00e9fiscalisation des heures suppl\u00e9mentaires - Le Blog GERESO","og_description":"L&rsquo;avant projet de loi en d\u00e9tails Cette disposition vaut \u00e9galement pour : &#8211; les cadres: l&rsquo;exon\u00e9ration est applicable \u00e0 la majoration de salaire vers\u00e9e, dansle cadre des conventions de forfait annuel en jours, \u00ab en contrepartiede la renonciation (&#8230;), au-del\u00e0 de deux cent dix-huit jours (..), \u00e0des jours de repos \u00bb ; &#8211; les salari\u00e9s [&hellip;]","og_url":"https:\/\/www.gereso.com\/actualites\/2007\/06\/01\/la-defiscalisation-des-heures-supplementaires\/","og_site_name":"Le Blog GERESO","article_published_time":"2007-05-31T22:00:00+00:00","author":"\u00c9quipe GERESO","twitter_card":"summary_large_image","schema":{"@context":"https:\/\/schema.org","@graph":[{"@type":"WebPage","@id":"https:\/\/www.gereso.com\/actualites\/2007\/06\/01\/la-defiscalisation-des-heures-supplementaires\/","url":"https:\/\/www.gereso.com\/actualites\/2007\/06\/01\/la-defiscalisation-des-heures-supplementaires\/","name":"La d\u00e9fiscalisation des heures suppl\u00e9mentaires - Le Blog GERESO","isPartOf":{"@id":"https:\/\/www.gereso.com\/actualites\/#website"},"datePublished":"2007-05-31T22:00:00+00:00","dateModified":"2007-05-31T22:00:00+00:00","author":{"@id":"https:\/\/www.gereso.com\/actualites\/#\/schema\/person\/197d8aef40cb4ae3f6a0aa9e1d3df2a6"},"breadcrumb":{"@id":"https:\/\/www.gereso.com\/actualites\/2007\/06\/01\/la-defiscalisation-des-heures-supplementaires\/#breadcrumb"},"inLanguage":"fr-FR","potentialAction":[{"@type":"ReadAction","target":["https:\/\/www.gereso.com\/actualites\/2007\/06\/01\/la-defiscalisation-des-heures-supplementaires\/"]}]},{"@type":"BreadcrumbList","@id":"https:\/\/www.gereso.com\/actualites\/2007\/06\/01\/la-defiscalisation-des-heures-supplementaires\/#breadcrumb","itemListElement":[{"@type":"ListItem","position":1,"name":"Home","item":"https:\/\/www.gereso.com\/actualites\/"},{"@type":"ListItem","position":2,"name":"La d\u00e9fiscalisation des heures suppl\u00e9mentaires"}]},{"@type":"WebSite","@id":"https:\/\/www.gereso.com\/actualites\/#website","url":"https:\/\/www.gereso.com\/actualites\/","name":"Le Blog GERESO","description":"Toute l&#039;actu RH, Finance, Fonction Publique, Management...","potentialAction":[{"@type":"SearchAction","target":{"@type":"EntryPoint","urlTemplate":"https:\/\/www.gereso.com\/actualites\/?s={search_term_string}"},"query-input":{"@type":"PropertyValueSpecification","valueRequired":true,"valueName":"search_term_string"}}],"inLanguage":"fr-FR"},{"@type":"Person","@id":"https:\/\/www.gereso.com\/actualites\/#\/schema\/person\/197d8aef40cb4ae3f6a0aa9e1d3df2a6","name":"\u00c9quipe GERESO","image":{"@type":"ImageObject","inLanguage":"fr-FR","@id":"https:\/\/www.gereso.com\/actualites\/#\/schema\/person\/image\/","url":"https:\/\/www.gereso.com\/actualites\/wp-content\/uploads\/2013\/12\/avatar-gereso-1.png","contentUrl":"https:\/\/www.gereso.com\/actualites\/wp-content\/uploads\/2013\/12\/avatar-gereso-1.png","caption":"\u00c9quipe GERESO"},"url":"https:\/\/www.gereso.com\/actualites\/author\/gereso\/"}]}},"_links":{"self":[{"href":"https:\/\/www.gereso.com\/actualites\/wp-json\/wp\/v2\/posts\/2136","targetHints":{"allow":["GET"]}}],"collection":[{"href":"https:\/\/www.gereso.com\/actualites\/wp-json\/wp\/v2\/posts"}],"about":[{"href":"https:\/\/www.gereso.com\/actualites\/wp-json\/wp\/v2\/types\/post"}],"author":[{"embeddable":true,"href":"https:\/\/www.gereso.com\/actualites\/wp-json\/wp\/v2\/users\/32"}],"replies":[{"embeddable":true,"href":"https:\/\/www.gereso.com\/actualites\/wp-json\/wp\/v2\/comments?post=2136"}],"version-history":[{"count":0,"href":"https:\/\/www.gereso.com\/actualites\/wp-json\/wp\/v2\/posts\/2136\/revisions"}],"wp:attachment":[{"href":"https:\/\/www.gereso.com\/actualites\/wp-json\/wp\/v2\/media?parent=2136"}],"wp:term":[{"taxonomy":"category","embeddable":true,"href":"https:\/\/www.gereso.com\/actualites\/wp-json\/wp\/v2\/categories?post=2136"},{"taxonomy":"post_tag","embeddable":true,"href":"https:\/\/www.gereso.com\/actualites\/wp-json\/wp\/v2\/tags?post=2136"}],"curies":[{"name":"wp","href":"https:\/\/api.w.org\/{rel}","templated":true}]}}