{"id":21423,"date":"2021-05-10T06:30:37","date_gmt":"2021-05-10T04:30:37","guid":{"rendered":"https:\/\/www.gereso.com\/actualites\/?p=21423"},"modified":"2021-05-18T11:29:42","modified_gmt":"2021-05-18T09:29:42","slug":"amortissement-des-biens-peu-utilises-pendant-la-crise-sanitaire","status":"publish","type":"post","link":"https:\/\/www.gereso.com\/actualites\/2021\/05\/10\/amortissement-des-biens-peu-utilises-pendant-la-crise-sanitaire\/","title":{"rendered":"Amortissement des biens peu utilis\u00e9s pendant la crise sanitaire"},"content":{"rendered":"\n<p>Le Gouvernement vient de pr\u00e9ciser dans une r\u00e9ponse \u00e9crite \u00e0\nun s\u00e9nateur, les conditions pour <strong>ajuster l\u2019amortissement<\/strong> des\nimmobilisations peu ou pas utilis\u00e9es compte tenu de la crise sanitaire. <strong>L\u2019amortissement\npar unit\u00e9 d\u2019\u0153uvre<\/strong> en fonction d\u2019un crit\u00e8re physique peut ainsi \u00eatre choisi\n\u00e0 la place de l\u2019amortissement lin\u00e9aire.<\/p>\n\n\n\n<h2 class=\"wp-block-heading\"><strong>Le principe de l\u2019unit\u00e9 d\u2019\u0153uvre sous-jacente<\/strong><\/h2>\n\n\n\n<p>Dans le cadre d\u2019une publication le 8 janvier dernier, l\u2019ANC\n(autorit\u00e9 des normes comptables) a apport\u00e9 des <strong>recommandations<\/strong> relatives\n\u00e0 l\u2019amortissement des immobilisations dans le cadre de la crise sanitaire. <\/p>\n\n\n\n<p>En principe, en cas d\u2019amortissement lin\u00e9aire ou d\u00e9gressif,\nil est interdit d\u2019interrompre l\u2019amortissement d\u2019un bien m\u00eame si celui-ci est beaucoup\nmoins utilis\u00e9 voire \u00e0 l\u2019arr\u00eat total. L\u2019<strong>ANC<\/strong> pr\u00e9cise n\u00e9anmoins que dans\nces circonstances exceptionnelles, la modification du plan d\u2019amortissement est autoris\u00e9e.\nTel un changement de m\u00e9thode comptable, il est autoris\u00e9 de se r\u00e9f\u00e9rer \u00e0 une <strong>unit\u00e9\nd\u2019\u0153uvre sous-jacente<\/strong>.<\/p>\n\n\n\n<p>\u00c0 ce titre, le s\u00e9nateur Les R\u00e9publicains, M. Pascal Alliard\ndemande au Gouvernement des pr\u00e9cisions dans l\u2019interpr\u00e9tation de ces\ndispositions pour les <strong>parcs d\u2019attractions<\/strong>. Quelle unit\u00e9 d\u2019\u0153uvre sous-jacente,\nces parcs seront-ils autoris\u00e9s \u00e0 utiliser sans risquer un redressement fiscal\nult\u00e9rieur ? Le s\u00e9nateur pose ainsi la question de la possibilit\u00e9 d\u2019utiliser\ncomme crit\u00e8re le nombre de jours d\u2019ouverture, ou un crit\u00e8re tenant compte de la\nperte de chiffre d\u2019affaires.<\/p>\n\n\n\n<h2 class=\"wp-block-heading\"><strong>La r\u00e9ponse \u00e9crite du minist\u00e8re de l\u2019\u00c9conomie et des\nFinances<\/strong><\/h2>\n\n\n\n<p>Dans sa r\u00e9ponse \u00e9crite, <a href=\"http:\/\/www.senat.fr\/basile\/visio.do?id=qSEQ210321571&amp;idtable=q393722&amp;_nu=21571&amp;rch=qs&amp;de=20180505&amp;au=20210505&amp;dp=3+ans&amp;radio=dp&amp;aff=sep&amp;tri=dd&amp;off=0&amp;afd=ppr&amp;afd=ppl&amp;afd=pjl&amp;afd=cvn\">publi\u00e9e au JO du S\u00e9nat le 29 avril <\/a>dernier, le Gouvernement s\u2019appuie tout d\u2019abord sur la recommandation de l\u2019ANC qui pr\u00e9conise comme unit\u00e9 d\u2019\u0153uvre sous-jacente, <strong>l\u2019unit\u00e9 produite ou le temps effectif d\u2019utilisation <\/strong>de l\u2019immobilisation. Les parcs d\u2019attractions peuvent donc utiliser une unit\u00e9 sous-jacente de m\u00eame nature que ces deux exemples, et notamment celle relative au temps d\u2019utilisation r\u00e9elle. <\/p>\n\n\n\n<p>Le minist\u00e8re de l\u2019\u00c9conomie, des Finances et de la Relance rappelle\nen outre que cette modification de m\u00e9thode comptable en passant notamment du\nlin\u00e9aire \u00e0 l\u2019unit\u00e9 d\u2019\u0153uvre peut conduire au non-respect de la <strong>r\u00e8gle de l\u2019amortissement\nminimum<\/strong>. Selon cette r\u00e8gle pr\u00e9vue \u00e0 l\u2019article 39B du CGI, la somme des\namortissements d\u2019une immobilisation ne doit pas \u00eatre inf\u00e9rieure \u00e0 l\u2019amortissement\nlin\u00e9aire cumul\u00e9. Dans le cas contraire, la diff\u00e9rence constitue des\namortissements irr\u00e9guli\u00e8rement diff\u00e9r\u00e9s qui seront \u00e0 r\u00e9int\u00e9grer les ann\u00e9es suivantes\nlorsqu\u2019elles seront rattrap\u00e9es. Pour rester en conformit\u00e9 avec la r\u00e8gle de l\u2019amortissement\nminimum, le Gouvernement pr\u00e9conise la constatation <strong>d\u2019amortissements\nd\u00e9rogatoires<\/strong>.<\/p>\n\n\n\n<p>Enfin, le minist\u00e8re pr\u00e9cise que le choix d\u2019une unit\u00e9 sous-jacente\n\u00e0 l\u2019amortissement lin\u00e9aire n\u2019est pas possible pour les immobilisations subissant\nune usure physique par le <strong>passage du temps<\/strong> comme pour la structure ou la\ntoiture d\u2019un <strong>b\u00e2timent<\/strong> administratif.<\/p>\n","protected":false},"excerpt":{"rendered":"<p>Le Gouvernement vient de pr\u00e9ciser dans une r\u00e9ponse \u00e9crite \u00e0 un s\u00e9nateur, les conditions pour ajuster l\u2019amortissement des immobilisations peu ou pas utilis\u00e9es compte tenu de la crise sanitaire. L\u2019amortissement par unit\u00e9 d\u2019\u0153uvre en fonction d\u2019un crit\u00e8re physique peut ainsi \u00eatre choisi \u00e0 la place de l\u2019amortissement lin\u00e9aire. Le principe de l\u2019unit\u00e9 d\u2019\u0153uvre sous-jacente Dans [&hellip;]<\/p>\n","protected":false},"author":45,"featured_media":0,"comment_status":"open","ping_status":"open","sticky":false,"template":"","format":"quote","meta":{"_acf_changed":false,"_mi_skip_tracking":false,"footnotes":""},"categories":[12,3],"tags":[1037],"class_list":["post-21423","post","type-post","status-publish","format-quote","hentry","category-actualites","category-comptabilite-fiscalite-et-gestion-financiere","tag-amortissement","post_format-post-format-quote"],"acf":[],"yoast_head":"<!-- This site is optimized with the Yoast SEO plugin v23.4 - https:\/\/yoast.com\/wordpress\/plugins\/seo\/ -->\n<title>Amortissement des biens peu utilis\u00e9s pendant la crise sanitaire - Le Blog GERESO<\/title>\n<meta name=\"robots\" content=\"index, follow, max-snippet:-1, max-image-preview:large, max-video-preview:-1\" \/>\n<link rel=\"canonical\" href=\"https:\/\/www.gereso.com\/actualites\/2021\/05\/10\/amortissement-des-biens-peu-utilises-pendant-la-crise-sanitaire\/\" \/>\n<meta property=\"og:locale\" content=\"fr_FR\" \/>\n<meta property=\"og:type\" content=\"article\" \/>\n<meta property=\"og:title\" content=\"Amortissement des biens peu utilis\u00e9s pendant la crise sanitaire - Le Blog GERESO\" \/>\n<meta property=\"og:description\" content=\"Le Gouvernement vient de pr\u00e9ciser dans une r\u00e9ponse \u00e9crite \u00e0 un s\u00e9nateur, les conditions pour ajuster l\u2019amortissement des immobilisations peu ou pas utilis\u00e9es compte tenu de la crise sanitaire. L\u2019amortissement par unit\u00e9 d\u2019\u0153uvre en fonction d\u2019un crit\u00e8re physique peut ainsi \u00eatre choisi \u00e0 la place de l\u2019amortissement lin\u00e9aire. Le principe de l\u2019unit\u00e9 d\u2019\u0153uvre sous-jacente Dans [&hellip;]\" \/>\n<meta property=\"og:url\" content=\"https:\/\/www.gereso.com\/actualites\/2021\/05\/10\/amortissement-des-biens-peu-utilises-pendant-la-crise-sanitaire\/\" \/>\n<meta property=\"og:site_name\" content=\"Le Blog GERESO\" \/>\n<meta property=\"article:published_time\" content=\"2021-05-10T04:30:37+00:00\" \/>\n<meta property=\"article:modified_time\" content=\"2021-05-18T09:29:42+00:00\" \/>\n<meta name=\"author\" content=\"Damien P\u00e9an\" \/>\n<meta name=\"twitter:card\" content=\"summary_large_image\" \/>\n<script type=\"application\/ld+json\" class=\"yoast-schema-graph\">{\"@context\":\"https:\/\/schema.org\",\"@graph\":[{\"@type\":\"WebPage\",\"@id\":\"https:\/\/www.gereso.com\/actualites\/2021\/05\/10\/amortissement-des-biens-peu-utilises-pendant-la-crise-sanitaire\/\",\"url\":\"https:\/\/www.gereso.com\/actualites\/2021\/05\/10\/amortissement-des-biens-peu-utilises-pendant-la-crise-sanitaire\/\",\"name\":\"Amortissement des biens peu utilis\u00e9s pendant la crise sanitaire - Le Blog GERESO\",\"isPartOf\":{\"@id\":\"https:\/\/www.gereso.com\/actualites\/#website\"},\"datePublished\":\"2021-05-10T04:30:37+00:00\",\"dateModified\":\"2021-05-18T09:29:42+00:00\",\"author\":{\"@id\":\"https:\/\/www.gereso.com\/actualites\/#\/schema\/person\/c91814f92d627ed4715993fbbf7c7e8d\"},\"breadcrumb\":{\"@id\":\"https:\/\/www.gereso.com\/actualites\/2021\/05\/10\/amortissement-des-biens-peu-utilises-pendant-la-crise-sanitaire\/#breadcrumb\"},\"inLanguage\":\"fr-FR\",\"potentialAction\":[{\"@type\":\"ReadAction\",\"target\":[\"https:\/\/www.gereso.com\/actualites\/2021\/05\/10\/amortissement-des-biens-peu-utilises-pendant-la-crise-sanitaire\/\"]}]},{\"@type\":\"BreadcrumbList\",\"@id\":\"https:\/\/www.gereso.com\/actualites\/2021\/05\/10\/amortissement-des-biens-peu-utilises-pendant-la-crise-sanitaire\/#breadcrumb\",\"itemListElement\":[{\"@type\":\"ListItem\",\"position\":1,\"name\":\"Home\",\"item\":\"https:\/\/www.gereso.com\/actualites\/\"},{\"@type\":\"ListItem\",\"position\":2,\"name\":\"Amortissement des biens peu utilis\u00e9s pendant la crise sanitaire\"}]},{\"@type\":\"WebSite\",\"@id\":\"https:\/\/www.gereso.com\/actualites\/#website\",\"url\":\"https:\/\/www.gereso.com\/actualites\/\",\"name\":\"Le Blog GERESO\",\"description\":\"Toute l&#039;actu RH, Finance, Fonction Publique, Management...\",\"potentialAction\":[{\"@type\":\"SearchAction\",\"target\":{\"@type\":\"EntryPoint\",\"urlTemplate\":\"https:\/\/www.gereso.com\/actualites\/?s={search_term_string}\"},\"query-input\":{\"@type\":\"PropertyValueSpecification\",\"valueRequired\":true,\"valueName\":\"search_term_string\"}}],\"inLanguage\":\"fr-FR\"},{\"@type\":\"Person\",\"@id\":\"https:\/\/www.gereso.com\/actualites\/#\/schema\/person\/c91814f92d627ed4715993fbbf7c7e8d\",\"name\":\"Damien P\u00e9an\",\"image\":{\"@type\":\"ImageObject\",\"inLanguage\":\"fr-FR\",\"@id\":\"https:\/\/www.gereso.com\/actualites\/#\/schema\/person\/image\/\",\"url\":\"https:\/\/www.gereso.com\/actualites\/wp-content\/uploads\/2016\/03\/damien-pean.jpg\",\"contentUrl\":\"https:\/\/www.gereso.com\/actualites\/wp-content\/uploads\/2016\/03\/damien-pean.jpg\",\"caption\":\"Damien P\u00e9an\"},\"description\":\"Damien P\u00c9AN est titulaire du Dipl\u00f4me d'\u00e9tudes sup\u00e9rieures comptables et financi\u00e8res (DESCF). Il intervient depuis plusieurs ann\u00e9es aupr\u00e8s d'\u00e9tudiants en licence de comptabilit\u00e9 et de gestion, \u00e0 qui il enseigne le contr\u00f4le de gestion, la comptabilit\u00e9 approfondie, le management, la fiscalit\u00e9, le droit des soci\u00e9t\u00e9s et le droit du travail. Il intervient \u00e9galement en formation continue pour le compte de divers organismes de formation sur des th\u00e9matiques techniques en comptabilit\u00e9 et fiscalit\u00e9. Il forme aussi un public de non-initi\u00e9s aux fondamentaux de la finance.\",\"url\":\"https:\/\/www.gereso.com\/actualites\/author\/d-pean\/\"}]}<\/script>\n<!-- \/ Yoast SEO plugin. -->","yoast_head_json":{"title":"Amortissement des biens peu utilis\u00e9s pendant la crise sanitaire - Le Blog GERESO","robots":{"index":"index","follow":"follow","max-snippet":"max-snippet:-1","max-image-preview":"max-image-preview:large","max-video-preview":"max-video-preview:-1"},"canonical":"https:\/\/www.gereso.com\/actualites\/2021\/05\/10\/amortissement-des-biens-peu-utilises-pendant-la-crise-sanitaire\/","og_locale":"fr_FR","og_type":"article","og_title":"Amortissement des biens peu utilis\u00e9s pendant la crise sanitaire - Le Blog GERESO","og_description":"Le Gouvernement vient de pr\u00e9ciser dans une r\u00e9ponse \u00e9crite \u00e0 un s\u00e9nateur, les conditions pour ajuster l\u2019amortissement des immobilisations peu ou pas utilis\u00e9es compte tenu de la crise sanitaire. L\u2019amortissement par unit\u00e9 d\u2019\u0153uvre en fonction d\u2019un crit\u00e8re physique peut ainsi \u00eatre choisi \u00e0 la place de l\u2019amortissement lin\u00e9aire. Le principe de l\u2019unit\u00e9 d\u2019\u0153uvre sous-jacente Dans [&hellip;]","og_url":"https:\/\/www.gereso.com\/actualites\/2021\/05\/10\/amortissement-des-biens-peu-utilises-pendant-la-crise-sanitaire\/","og_site_name":"Le Blog GERESO","article_published_time":"2021-05-10T04:30:37+00:00","article_modified_time":"2021-05-18T09:29:42+00:00","author":"Damien P\u00e9an","twitter_card":"summary_large_image","schema":{"@context":"https:\/\/schema.org","@graph":[{"@type":"WebPage","@id":"https:\/\/www.gereso.com\/actualites\/2021\/05\/10\/amortissement-des-biens-peu-utilises-pendant-la-crise-sanitaire\/","url":"https:\/\/www.gereso.com\/actualites\/2021\/05\/10\/amortissement-des-biens-peu-utilises-pendant-la-crise-sanitaire\/","name":"Amortissement des biens peu utilis\u00e9s pendant la crise sanitaire - Le Blog GERESO","isPartOf":{"@id":"https:\/\/www.gereso.com\/actualites\/#website"},"datePublished":"2021-05-10T04:30:37+00:00","dateModified":"2021-05-18T09:29:42+00:00","author":{"@id":"https:\/\/www.gereso.com\/actualites\/#\/schema\/person\/c91814f92d627ed4715993fbbf7c7e8d"},"breadcrumb":{"@id":"https:\/\/www.gereso.com\/actualites\/2021\/05\/10\/amortissement-des-biens-peu-utilises-pendant-la-crise-sanitaire\/#breadcrumb"},"inLanguage":"fr-FR","potentialAction":[{"@type":"ReadAction","target":["https:\/\/www.gereso.com\/actualites\/2021\/05\/10\/amortissement-des-biens-peu-utilises-pendant-la-crise-sanitaire\/"]}]},{"@type":"BreadcrumbList","@id":"https:\/\/www.gereso.com\/actualites\/2021\/05\/10\/amortissement-des-biens-peu-utilises-pendant-la-crise-sanitaire\/#breadcrumb","itemListElement":[{"@type":"ListItem","position":1,"name":"Home","item":"https:\/\/www.gereso.com\/actualites\/"},{"@type":"ListItem","position":2,"name":"Amortissement des biens peu utilis\u00e9s pendant la crise sanitaire"}]},{"@type":"WebSite","@id":"https:\/\/www.gereso.com\/actualites\/#website","url":"https:\/\/www.gereso.com\/actualites\/","name":"Le Blog GERESO","description":"Toute l&#039;actu RH, Finance, Fonction Publique, Management...","potentialAction":[{"@type":"SearchAction","target":{"@type":"EntryPoint","urlTemplate":"https:\/\/www.gereso.com\/actualites\/?s={search_term_string}"},"query-input":{"@type":"PropertyValueSpecification","valueRequired":true,"valueName":"search_term_string"}}],"inLanguage":"fr-FR"},{"@type":"Person","@id":"https:\/\/www.gereso.com\/actualites\/#\/schema\/person\/c91814f92d627ed4715993fbbf7c7e8d","name":"Damien P\u00e9an","image":{"@type":"ImageObject","inLanguage":"fr-FR","@id":"https:\/\/www.gereso.com\/actualites\/#\/schema\/person\/image\/","url":"https:\/\/www.gereso.com\/actualites\/wp-content\/uploads\/2016\/03\/damien-pean.jpg","contentUrl":"https:\/\/www.gereso.com\/actualites\/wp-content\/uploads\/2016\/03\/damien-pean.jpg","caption":"Damien P\u00e9an"},"description":"Damien P\u00c9AN est titulaire du Dipl\u00f4me d'\u00e9tudes sup\u00e9rieures comptables et financi\u00e8res (DESCF). Il intervient depuis plusieurs ann\u00e9es aupr\u00e8s d'\u00e9tudiants en licence de comptabilit\u00e9 et de gestion, \u00e0 qui il enseigne le contr\u00f4le de gestion, la comptabilit\u00e9 approfondie, le management, la fiscalit\u00e9, le droit des soci\u00e9t\u00e9s et le droit du travail. Il intervient \u00e9galement en formation continue pour le compte de divers organismes de formation sur des th\u00e9matiques techniques en comptabilit\u00e9 et fiscalit\u00e9. Il forme aussi un public de non-initi\u00e9s aux fondamentaux de la finance.","url":"https:\/\/www.gereso.com\/actualites\/author\/d-pean\/"}]}},"_links":{"self":[{"href":"https:\/\/www.gereso.com\/actualites\/wp-json\/wp\/v2\/posts\/21423","targetHints":{"allow":["GET"]}}],"collection":[{"href":"https:\/\/www.gereso.com\/actualites\/wp-json\/wp\/v2\/posts"}],"about":[{"href":"https:\/\/www.gereso.com\/actualites\/wp-json\/wp\/v2\/types\/post"}],"author":[{"embeddable":true,"href":"https:\/\/www.gereso.com\/actualites\/wp-json\/wp\/v2\/users\/45"}],"replies":[{"embeddable":true,"href":"https:\/\/www.gereso.com\/actualites\/wp-json\/wp\/v2\/comments?post=21423"}],"version-history":[{"count":1,"href":"https:\/\/www.gereso.com\/actualites\/wp-json\/wp\/v2\/posts\/21423\/revisions"}],"predecessor-version":[{"id":21424,"href":"https:\/\/www.gereso.com\/actualites\/wp-json\/wp\/v2\/posts\/21423\/revisions\/21424"}],"wp:attachment":[{"href":"https:\/\/www.gereso.com\/actualites\/wp-json\/wp\/v2\/media?parent=21423"}],"wp:term":[{"taxonomy":"category","embeddable":true,"href":"https:\/\/www.gereso.com\/actualites\/wp-json\/wp\/v2\/categories?post=21423"},{"taxonomy":"post_tag","embeddable":true,"href":"https:\/\/www.gereso.com\/actualites\/wp-json\/wp\/v2\/tags?post=21423"}],"curies":[{"name":"wp","href":"https:\/\/api.w.org\/{rel}","templated":true}]}}