{"id":2164,"date":"2008-11-26T00:00:00","date_gmt":"2008-11-25T22:00:00","guid":{"rendered":"https:\/\/www.gereso.com\/actualites\/2008\/11\/nouvelles-modalites-dutilisation-du-compte-epargne-temps-dans-la-fonction-publique-de-letat-et-la-magistrature\/"},"modified":"2008-11-26T00:00:00","modified_gmt":"2008-11-25T22:00:00","slug":"nouvelles-modalites-dutilisation-du-compte-epargne-temps-dans-la-fonction-publique-de-letat-et-la-magistrature","status":"publish","type":"post","link":"https:\/\/www.gereso.com\/actualites\/2008\/11\/26\/nouvelles-modalites-dutilisation-du-compte-epargne-temps-dans-la-fonction-publique-de-letat-et-la-magistrature\/","title":{"rendered":"Nouvelles modalit\u00e9s d&#039;utilisation du compte \u00e9pargne-temps dans la fonction publique de l&#039;\u00c9tat et la magistrature"},"content":{"rendered":"<p>Un d\u00e9cret du 3 novembre dernier pr\u00e9voit <span style=\"font-weight: bold;\">denouvelles modalit\u00e9s d&rsquo;utilisation du compte \u00e9pargne-temps (CET) dans lafonction publique de l&rsquo;\u00c9tat et la magistrature et l&rsquo;indemnisation desjours accumul\u00e9s sur le CET.<\/p>\n<p><\/span>Le d\u00e9cret modifie le d\u00e9cret n\u00b0 2002 634 du 29 avril 2002. Il pr\u00e9voit que <span style=\"font-weight: bold;\">le chef de service peut fixer des dates de prise de jours de cong\u00e9 pour l&rsquo;organisation du service. <\/span>Sanspr\u00e9judice des comp\u00e9tences des comit\u00e9s techniques paritaires, lad\u00e9termination de ces dates fait l&rsquo;objet d&rsquo;une n\u00e9gociation avec lesorganisations syndicales repr\u00e9sent\u00e9es au sein du comit\u00e9.<\/p>\n<p>L&rsquo;agent peut utiliser \u00e0 cette fin <span style=\"font-weight: bold;\">des jours \u00e9pargn\u00e9s sur son CET, des jours de cong\u00e9 annuel ou des jours de r\u00e9duction du temps de travail.<\/span><\/p>\n<p> <span style=\"font-weight: bold;\">Les modalit\u00e9s d&rsquo;indemnisation des jours accumul\u00e9s sur le CET<\/span> des agents de la fonction publique de l&rsquo;\u00c9tat et des magistrats de l&rsquo;ordre judiciaire sont pr\u00e9cis\u00e9es.<\/p>\n<p>Le titulaire d&rsquo;un CET peut opter pour <span style=\"font-weight: bold;\">l&rsquo;indemnisation des jours inscrits sur son compte au 31 d\u00e9cembre 2007,<\/span>dans la limite de la moiti\u00e9 de ces jours. Ces jours sont retranch\u00e9s duCET \u00e0 la date de cette option, qui doit intervenir avant le 31 d\u00e9cembre2008.<\/p>\n<p>Le montant de l&rsquo;indemnit\u00e9 due est calcul\u00e9 en valorisant chaque jour \u00e0un taux forfaitaire par cat\u00e9gorie statutaire fix\u00e9 par arr\u00eat\u00e9 du m\u00eamejour : <span style=\"font-weight: bold;\">cat\u00e9gorie A et assimil\u00e9s : 125&nbsp;? ; cat\u00e9gorie B : 80&nbsp;? ; cat\u00e9gorie C : 65&nbsp;?.<\/span><\/p>\n<p>Cette indemnit\u00e9 n&rsquo;est pas soumise aux majorations et indexationspouvant \u00eatre vers\u00e9es aux agents en poste dans les d\u00e9partements etcollectivit\u00e9s d&rsquo;Outre-mer.<\/p>\n<p>Le versement de l&rsquo;indemnit\u00e9 s&rsquo;effectue \u00e0 hauteur de <span style=\"font-weight: bold;\">quatre jours par an jusqu&rsquo;\u00e0 \u00e9puisement du solde.<\/span>Toutefois, si le b\u00e9n\u00e9ficiaire cesse d\u00e9finitivement ses fonctions enapplication de l&rsquo;article 24 de la loi du 13 juillet 1983 ou en raisonde la fin de son contrat, le solde \u00e9ventuel d\u00fb \u00e0 la cessation de sesfonctions lui est vers\u00e9 \u00e0 cette date.<\/p>\n<p>Les jours ayant donn\u00e9 lieu \u00e0 l&rsquo;application du <span style=\"font-weight: bold;\">d\u00e9cret n\u00b0 2007-1597 du 12 novembre 2007 <\/span>instituant une indemnit\u00e9 compensant les jours de repos travaill\u00e9s ou du <span style=\"font-weight: bold;\">d\u00e9cret n\u00b0 2003-402 du 29 avril 2003<\/span>portant cr\u00e9ation d&rsquo;une indemnit\u00e9 sp\u00e9cifique allou\u00e9e aux fonctionnairesdu corps de commandement et d&rsquo;encadrement et \u00e0 ceux du corps dema\u00eetrise et d&rsquo;application de la police nationale ne peuvent \u00eatreinscrits sur le CET. Ces dispositions s&rsquo;appliquent aux agents enservice \u00e0 l&rsquo;\u00e9tranger.<br \/>\u00a0<br \/> <span style=\"font-style: italic;\">Source : <\/span>D\u00e9cret n\u00b0 2008-1136, 3 nov. 2008<span style=\"font-style: italic;\"> : JO 5 nov. 2008, texte n\u00b0 40<\/span><br style=\"font-style: italic;\" \/> <span style=\"font-style: italic;\">Arr\u00eat\u00e9 du 3 nov. 2008 : JO 5 nov. 2008, texte n\u00b0 42<\/span><\/p>\n","protected":false},"excerpt":{"rendered":"<p>Un d\u00e9cret du 3 novembre dernier pr\u00e9voit denouvelles modalit\u00e9s d&rsquo;utilisation du compte \u00e9pargne-temps (CET) dans lafonction publique de l&rsquo;\u00c9tat et la magistrature et l&rsquo;indemnisation desjours accumul\u00e9s sur le CET. Le d\u00e9cret modifie le d\u00e9cret n\u00b0 2002 634 du 29 avril 2002. Il pr\u00e9voit que le chef de service peut fixer des dates de prise de [&hellip;]<\/p>\n","protected":false},"author":32,"featured_media":0,"comment_status":"open","ping_status":"open","sticky":false,"template":"","format":"standard","meta":{"_acf_changed":false,"_mi_skip_tracking":false,"footnotes":""},"categories":[8],"tags":[],"class_list":["post-2164","post","type-post","status-publish","format-standard","hentry","category-paie-et-administration-du-personnel"],"acf":[],"yoast_head":"<!-- This site is optimized with the Yoast SEO plugin v23.4 - https:\/\/yoast.com\/wordpress\/plugins\/seo\/ -->\n<title>Nouvelles modalit\u00e9s d&#039;utilisation du compte \u00e9pargne-temps dans la fonction publique de l&#039;\u00c9tat et la magistrature - Le Blog GERESO<\/title>\n<meta name=\"robots\" content=\"index, follow, max-snippet:-1, max-image-preview:large, max-video-preview:-1\" \/>\n<link rel=\"canonical\" href=\"https:\/\/www.gereso.com\/actualites\/2008\/11\/26\/nouvelles-modalites-dutilisation-du-compte-epargne-temps-dans-la-fonction-publique-de-letat-et-la-magistrature\/\" \/>\n<meta property=\"og:locale\" content=\"fr_FR\" \/>\n<meta property=\"og:type\" content=\"article\" \/>\n<meta property=\"og:title\" content=\"Nouvelles modalit\u00e9s d&#039;utilisation du compte \u00e9pargne-temps dans la fonction publique de l&#039;\u00c9tat et la magistrature - Le Blog GERESO\" \/>\n<meta property=\"og:description\" content=\"Un d\u00e9cret du 3 novembre dernier pr\u00e9voit denouvelles modalit\u00e9s d&rsquo;utilisation du compte \u00e9pargne-temps (CET) dans lafonction publique de l&rsquo;\u00c9tat et la magistrature et l&rsquo;indemnisation desjours accumul\u00e9s sur le CET. Le d\u00e9cret modifie le d\u00e9cret n\u00b0 2002 634 du 29 avril 2002. Il pr\u00e9voit que le chef de service peut fixer des dates de prise de [&hellip;]\" \/>\n<meta property=\"og:url\" content=\"https:\/\/www.gereso.com\/actualites\/2008\/11\/26\/nouvelles-modalites-dutilisation-du-compte-epargne-temps-dans-la-fonction-publique-de-letat-et-la-magistrature\/\" \/>\n<meta property=\"og:site_name\" content=\"Le Blog GERESO\" \/>\n<meta property=\"article:published_time\" content=\"2008-11-25T22:00:00+00:00\" \/>\n<meta name=\"author\" content=\"\u00c9quipe GERESO\" \/>\n<meta name=\"twitter:card\" content=\"summary_large_image\" \/>\n<script type=\"application\/ld+json\" class=\"yoast-schema-graph\">{\"@context\":\"https:\/\/schema.org\",\"@graph\":[{\"@type\":\"WebPage\",\"@id\":\"https:\/\/www.gereso.com\/actualites\/2008\/11\/26\/nouvelles-modalites-dutilisation-du-compte-epargne-temps-dans-la-fonction-publique-de-letat-et-la-magistrature\/\",\"url\":\"https:\/\/www.gereso.com\/actualites\/2008\/11\/26\/nouvelles-modalites-dutilisation-du-compte-epargne-temps-dans-la-fonction-publique-de-letat-et-la-magistrature\/\",\"name\":\"Nouvelles modalit\u00e9s d&#039;utilisation du compte \u00e9pargne-temps dans la fonction publique de l&#039;\u00c9tat et la magistrature - Le Blog GERESO\",\"isPartOf\":{\"@id\":\"https:\/\/www.gereso.com\/actualites\/#website\"},\"datePublished\":\"2008-11-25T22:00:00+00:00\",\"dateModified\":\"2008-11-25T22:00:00+00:00\",\"author\":{\"@id\":\"https:\/\/www.gereso.com\/actualites\/#\/schema\/person\/197d8aef40cb4ae3f6a0aa9e1d3df2a6\"},\"breadcrumb\":{\"@id\":\"https:\/\/www.gereso.com\/actualites\/2008\/11\/26\/nouvelles-modalites-dutilisation-du-compte-epargne-temps-dans-la-fonction-publique-de-letat-et-la-magistrature\/#breadcrumb\"},\"inLanguage\":\"fr-FR\",\"potentialAction\":[{\"@type\":\"ReadAction\",\"target\":[\"https:\/\/www.gereso.com\/actualites\/2008\/11\/26\/nouvelles-modalites-dutilisation-du-compte-epargne-temps-dans-la-fonction-publique-de-letat-et-la-magistrature\/\"]}]},{\"@type\":\"BreadcrumbList\",\"@id\":\"https:\/\/www.gereso.com\/actualites\/2008\/11\/26\/nouvelles-modalites-dutilisation-du-compte-epargne-temps-dans-la-fonction-publique-de-letat-et-la-magistrature\/#breadcrumb\",\"itemListElement\":[{\"@type\":\"ListItem\",\"position\":1,\"name\":\"Home\",\"item\":\"https:\/\/www.gereso.com\/actualites\/\"},{\"@type\":\"ListItem\",\"position\":2,\"name\":\"Nouvelles modalit\u00e9s d&#039;utilisation du compte \u00e9pargne-temps dans la fonction publique de l&#039;\u00c9tat et la magistrature\"}]},{\"@type\":\"WebSite\",\"@id\":\"https:\/\/www.gereso.com\/actualites\/#website\",\"url\":\"https:\/\/www.gereso.com\/actualites\/\",\"name\":\"Le Blog GERESO\",\"description\":\"Toute l&#039;actu RH, Finance, Fonction Publique, Management...\",\"potentialAction\":[{\"@type\":\"SearchAction\",\"target\":{\"@type\":\"EntryPoint\",\"urlTemplate\":\"https:\/\/www.gereso.com\/actualites\/?s={search_term_string}\"},\"query-input\":{\"@type\":\"PropertyValueSpecification\",\"valueRequired\":true,\"valueName\":\"search_term_string\"}}],\"inLanguage\":\"fr-FR\"},{\"@type\":\"Person\",\"@id\":\"https:\/\/www.gereso.com\/actualites\/#\/schema\/person\/197d8aef40cb4ae3f6a0aa9e1d3df2a6\",\"name\":\"\u00c9quipe GERESO\",\"image\":{\"@type\":\"ImageObject\",\"inLanguage\":\"fr-FR\",\"@id\":\"https:\/\/www.gereso.com\/actualites\/#\/schema\/person\/image\/\",\"url\":\"https:\/\/www.gereso.com\/actualites\/wp-content\/uploads\/2013\/12\/avatar-gereso-1.png\",\"contentUrl\":\"https:\/\/www.gereso.com\/actualites\/wp-content\/uploads\/2013\/12\/avatar-gereso-1.png\",\"caption\":\"\u00c9quipe GERESO\"},\"url\":\"https:\/\/www.gereso.com\/actualites\/author\/gereso\/\"}]}<\/script>\n<!-- \/ Yoast SEO plugin. -->","yoast_head_json":{"title":"Nouvelles modalit\u00e9s d&#039;utilisation du compte \u00e9pargne-temps dans la fonction publique de l&#039;\u00c9tat et la magistrature - Le Blog GERESO","robots":{"index":"index","follow":"follow","max-snippet":"max-snippet:-1","max-image-preview":"max-image-preview:large","max-video-preview":"max-video-preview:-1"},"canonical":"https:\/\/www.gereso.com\/actualites\/2008\/11\/26\/nouvelles-modalites-dutilisation-du-compte-epargne-temps-dans-la-fonction-publique-de-letat-et-la-magistrature\/","og_locale":"fr_FR","og_type":"article","og_title":"Nouvelles modalit\u00e9s d&#039;utilisation du compte \u00e9pargne-temps dans la fonction publique de l&#039;\u00c9tat et la magistrature - Le Blog GERESO","og_description":"Un d\u00e9cret du 3 novembre dernier pr\u00e9voit denouvelles modalit\u00e9s d&rsquo;utilisation du compte \u00e9pargne-temps (CET) dans lafonction publique de l&rsquo;\u00c9tat et la magistrature et l&rsquo;indemnisation desjours accumul\u00e9s sur le CET. Le d\u00e9cret modifie le d\u00e9cret n\u00b0 2002 634 du 29 avril 2002. Il pr\u00e9voit que le chef de service peut fixer des dates de prise de [&hellip;]","og_url":"https:\/\/www.gereso.com\/actualites\/2008\/11\/26\/nouvelles-modalites-dutilisation-du-compte-epargne-temps-dans-la-fonction-publique-de-letat-et-la-magistrature\/","og_site_name":"Le Blog GERESO","article_published_time":"2008-11-25T22:00:00+00:00","author":"\u00c9quipe GERESO","twitter_card":"summary_large_image","schema":{"@context":"https:\/\/schema.org","@graph":[{"@type":"WebPage","@id":"https:\/\/www.gereso.com\/actualites\/2008\/11\/26\/nouvelles-modalites-dutilisation-du-compte-epargne-temps-dans-la-fonction-publique-de-letat-et-la-magistrature\/","url":"https:\/\/www.gereso.com\/actualites\/2008\/11\/26\/nouvelles-modalites-dutilisation-du-compte-epargne-temps-dans-la-fonction-publique-de-letat-et-la-magistrature\/","name":"Nouvelles modalit\u00e9s d&#039;utilisation du compte \u00e9pargne-temps dans la fonction publique de l&#039;\u00c9tat et la magistrature - Le Blog GERESO","isPartOf":{"@id":"https:\/\/www.gereso.com\/actualites\/#website"},"datePublished":"2008-11-25T22:00:00+00:00","dateModified":"2008-11-25T22:00:00+00:00","author":{"@id":"https:\/\/www.gereso.com\/actualites\/#\/schema\/person\/197d8aef40cb4ae3f6a0aa9e1d3df2a6"},"breadcrumb":{"@id":"https:\/\/www.gereso.com\/actualites\/2008\/11\/26\/nouvelles-modalites-dutilisation-du-compte-epargne-temps-dans-la-fonction-publique-de-letat-et-la-magistrature\/#breadcrumb"},"inLanguage":"fr-FR","potentialAction":[{"@type":"ReadAction","target":["https:\/\/www.gereso.com\/actualites\/2008\/11\/26\/nouvelles-modalites-dutilisation-du-compte-epargne-temps-dans-la-fonction-publique-de-letat-et-la-magistrature\/"]}]},{"@type":"BreadcrumbList","@id":"https:\/\/www.gereso.com\/actualites\/2008\/11\/26\/nouvelles-modalites-dutilisation-du-compte-epargne-temps-dans-la-fonction-publique-de-letat-et-la-magistrature\/#breadcrumb","itemListElement":[{"@type":"ListItem","position":1,"name":"Home","item":"https:\/\/www.gereso.com\/actualites\/"},{"@type":"ListItem","position":2,"name":"Nouvelles modalit\u00e9s d&#039;utilisation du compte \u00e9pargne-temps dans la fonction publique de l&#039;\u00c9tat et la magistrature"}]},{"@type":"WebSite","@id":"https:\/\/www.gereso.com\/actualites\/#website","url":"https:\/\/www.gereso.com\/actualites\/","name":"Le Blog GERESO","description":"Toute l&#039;actu RH, Finance, Fonction Publique, Management...","potentialAction":[{"@type":"SearchAction","target":{"@type":"EntryPoint","urlTemplate":"https:\/\/www.gereso.com\/actualites\/?s={search_term_string}"},"query-input":{"@type":"PropertyValueSpecification","valueRequired":true,"valueName":"search_term_string"}}],"inLanguage":"fr-FR"},{"@type":"Person","@id":"https:\/\/www.gereso.com\/actualites\/#\/schema\/person\/197d8aef40cb4ae3f6a0aa9e1d3df2a6","name":"\u00c9quipe GERESO","image":{"@type":"ImageObject","inLanguage":"fr-FR","@id":"https:\/\/www.gereso.com\/actualites\/#\/schema\/person\/image\/","url":"https:\/\/www.gereso.com\/actualites\/wp-content\/uploads\/2013\/12\/avatar-gereso-1.png","contentUrl":"https:\/\/www.gereso.com\/actualites\/wp-content\/uploads\/2013\/12\/avatar-gereso-1.png","caption":"\u00c9quipe GERESO"},"url":"https:\/\/www.gereso.com\/actualites\/author\/gereso\/"}]}},"_links":{"self":[{"href":"https:\/\/www.gereso.com\/actualites\/wp-json\/wp\/v2\/posts\/2164","targetHints":{"allow":["GET"]}}],"collection":[{"href":"https:\/\/www.gereso.com\/actualites\/wp-json\/wp\/v2\/posts"}],"about":[{"href":"https:\/\/www.gereso.com\/actualites\/wp-json\/wp\/v2\/types\/post"}],"author":[{"embeddable":true,"href":"https:\/\/www.gereso.com\/actualites\/wp-json\/wp\/v2\/users\/32"}],"replies":[{"embeddable":true,"href":"https:\/\/www.gereso.com\/actualites\/wp-json\/wp\/v2\/comments?post=2164"}],"version-history":[{"count":0,"href":"https:\/\/www.gereso.com\/actualites\/wp-json\/wp\/v2\/posts\/2164\/revisions"}],"wp:attachment":[{"href":"https:\/\/www.gereso.com\/actualites\/wp-json\/wp\/v2\/media?parent=2164"}],"wp:term":[{"taxonomy":"category","embeddable":true,"href":"https:\/\/www.gereso.com\/actualites\/wp-json\/wp\/v2\/categories?post=2164"},{"taxonomy":"post_tag","embeddable":true,"href":"https:\/\/www.gereso.com\/actualites\/wp-json\/wp\/v2\/tags?post=2164"}],"curies":[{"name":"wp","href":"https:\/\/api.w.org\/{rel}","templated":true}]}}