{"id":2165,"date":"2008-11-26T00:00:00","date_gmt":"2008-11-25T22:00:00","guid":{"rendered":"https:\/\/www.gereso.com\/actualites\/2008\/11\/institution-dune-prime-au-merite-dans-la-fonction-publique\/"},"modified":"2008-11-26T00:00:00","modified_gmt":"2008-11-25T22:00:00","slug":"institution-dune-prime-au-merite-dans-la-fonction-publique","status":"publish","type":"post","link":"https:\/\/www.gereso.com\/actualites\/2008\/11\/26\/institution-dune-prime-au-merite-dans-la-fonction-publique\/","title":{"rendered":"Institution d&#039;une prime au m\u00e9rite dans la fonction publique"},"content":{"rendered":"<p>Le secr\u00e9taire d&rsquo;\u00c9tat charg\u00e9 dela Fonction publique, Andr\u00e9 Santini a d\u00e9voil\u00e9 <span style=\"font-weight: bold;\">un projet de d\u00e9cret instituant une prime de fonctions et de r\u00e9sultats (PFR) dans la fonction publique. <\/span>Ced\u00e9cret, dont la publication est attendue avant la fin novembre,instaurera une prime unique devant remplacer les primes existantes.Cette nouvelle prime sera constitu\u00e9e de deux parties\u00a0:  <\/p>\n<div class=\"texte\">\n<li><span style=\"font-weight: bold;\">unepartie fixe, dite prime de fonction<\/span>, repr\u00e9sentera 60 % de la PFR. Sonmontant sera d\u00e9fini durablement par chaque minist\u00e8re au regard du typed&#8217;emploi, du niveau de responsabilit\u00e9 qui s&rsquo;y attache, du niveau dequalification requis et de l&rsquo;anciennet\u00e9\u00a0;<\/li>\n<li><span style=\"font-weight: bold;\">unepartie, dite prime de r\u00e9sultats,<\/span> \u00e9gale \u00e0 40 % de la PFR sera fix\u00e9eindividuellement et annuellement en fonction de l&rsquo;atteinte desr\u00e9sultats fix\u00e9s \u00e0 chaque fonctionnaire.<\/li>\n<p>  La PFR, dont l&rsquo;application est pr\u00e9vue d\u00e8s l&rsquo;ann\u00e9eprochaine pour <span style=\"font-weight: bold;\">une partie des attach\u00e9s et attach\u00e9s principaux del&rsquo;administration, c&rsquo;est-\u00e0-dire les cadres de la fili\u00e8re administrativede l&rsquo;Etat, devra \u00eatre progressivement g\u00e9n\u00e9ralis\u00e9e \u00e0 cette cat\u00e9gorie defonctionnaires au plus tard au 1er janvier 2012. <\/span>Elle sera \u00e9tendue, \u00e0terme, \u00e0 l&rsquo;ensemble des personnels des trois fonctions publiques.  <\/p>\n<p style=\"font-style: italic;\" class=\"spip\"><span class=\"bold\">Source : <\/span>Premier ministre, 3 nov. 2008, communiqu\u00e9<\/p>\n<\/p><\/div>\n","protected":false},"excerpt":{"rendered":"<p>Le secr\u00e9taire d&rsquo;\u00c9tat charg\u00e9 dela Fonction publique, Andr\u00e9 Santini a d\u00e9voil\u00e9 un projet de d\u00e9cret instituant une prime de fonctions et de r\u00e9sultats (PFR) dans la fonction publique. Ced\u00e9cret, dont la publication est attendue avant la fin novembre,instaurera une prime unique devant remplacer les primes existantes.Cette nouvelle prime sera constitu\u00e9e de deux parties\u00a0: unepartie fixe, [&hellip;]<\/p>\n","protected":false},"author":32,"featured_media":0,"comment_status":"open","ping_status":"open","sticky":false,"template":"","format":"standard","meta":{"_acf_changed":false,"_mi_skip_tracking":false,"footnotes":""},"categories":[8],"tags":[],"class_list":["post-2165","post","type-post","status-publish","format-standard","hentry","category-paie-et-administration-du-personnel"],"acf":[],"yoast_head":"<!-- This site is optimized with the Yoast SEO plugin v23.4 - https:\/\/yoast.com\/wordpress\/plugins\/seo\/ -->\n<title>Institution d&#039;une prime au m\u00e9rite dans la fonction publique - Le Blog GERESO<\/title>\n<meta name=\"robots\" content=\"index, follow, max-snippet:-1, max-image-preview:large, max-video-preview:-1\" \/>\n<link rel=\"canonical\" href=\"https:\/\/www.gereso.com\/actualites\/2008\/11\/26\/institution-dune-prime-au-merite-dans-la-fonction-publique\/\" \/>\n<meta property=\"og:locale\" content=\"fr_FR\" \/>\n<meta property=\"og:type\" content=\"article\" \/>\n<meta property=\"og:title\" content=\"Institution d&#039;une prime au m\u00e9rite dans la fonction publique - Le Blog GERESO\" \/>\n<meta property=\"og:description\" content=\"Le secr\u00e9taire d&rsquo;\u00c9tat charg\u00e9 dela Fonction publique, Andr\u00e9 Santini a d\u00e9voil\u00e9 un projet de d\u00e9cret instituant une prime de fonctions et de r\u00e9sultats (PFR) dans la fonction publique. Ced\u00e9cret, dont la publication est attendue avant la fin novembre,instaurera une prime unique devant remplacer les primes existantes.Cette nouvelle prime sera constitu\u00e9e de deux parties\u00a0: unepartie fixe, [&hellip;]\" \/>\n<meta property=\"og:url\" content=\"https:\/\/www.gereso.com\/actualites\/2008\/11\/26\/institution-dune-prime-au-merite-dans-la-fonction-publique\/\" \/>\n<meta property=\"og:site_name\" content=\"Le Blog GERESO\" \/>\n<meta property=\"article:published_time\" content=\"2008-11-25T22:00:00+00:00\" \/>\n<meta name=\"author\" content=\"\u00c9quipe GERESO\" \/>\n<meta name=\"twitter:card\" content=\"summary_large_image\" \/>\n<script type=\"application\/ld+json\" class=\"yoast-schema-graph\">{\"@context\":\"https:\/\/schema.org\",\"@graph\":[{\"@type\":\"WebPage\",\"@id\":\"https:\/\/www.gereso.com\/actualites\/2008\/11\/26\/institution-dune-prime-au-merite-dans-la-fonction-publique\/\",\"url\":\"https:\/\/www.gereso.com\/actualites\/2008\/11\/26\/institution-dune-prime-au-merite-dans-la-fonction-publique\/\",\"name\":\"Institution d&#039;une prime au m\u00e9rite dans la fonction publique - Le Blog GERESO\",\"isPartOf\":{\"@id\":\"https:\/\/www.gereso.com\/actualites\/#website\"},\"datePublished\":\"2008-11-25T22:00:00+00:00\",\"dateModified\":\"2008-11-25T22:00:00+00:00\",\"author\":{\"@id\":\"https:\/\/www.gereso.com\/actualites\/#\/schema\/person\/197d8aef40cb4ae3f6a0aa9e1d3df2a6\"},\"breadcrumb\":{\"@id\":\"https:\/\/www.gereso.com\/actualites\/2008\/11\/26\/institution-dune-prime-au-merite-dans-la-fonction-publique\/#breadcrumb\"},\"inLanguage\":\"fr-FR\",\"potentialAction\":[{\"@type\":\"ReadAction\",\"target\":[\"https:\/\/www.gereso.com\/actualites\/2008\/11\/26\/institution-dune-prime-au-merite-dans-la-fonction-publique\/\"]}]},{\"@type\":\"BreadcrumbList\",\"@id\":\"https:\/\/www.gereso.com\/actualites\/2008\/11\/26\/institution-dune-prime-au-merite-dans-la-fonction-publique\/#breadcrumb\",\"itemListElement\":[{\"@type\":\"ListItem\",\"position\":1,\"name\":\"Home\",\"item\":\"https:\/\/www.gereso.com\/actualites\/\"},{\"@type\":\"ListItem\",\"position\":2,\"name\":\"Institution d&#039;une prime au m\u00e9rite dans la fonction publique\"}]},{\"@type\":\"WebSite\",\"@id\":\"https:\/\/www.gereso.com\/actualites\/#website\",\"url\":\"https:\/\/www.gereso.com\/actualites\/\",\"name\":\"Le Blog GERESO\",\"description\":\"Toute l&#039;actu RH, Finance, Fonction Publique, Management...\",\"potentialAction\":[{\"@type\":\"SearchAction\",\"target\":{\"@type\":\"EntryPoint\",\"urlTemplate\":\"https:\/\/www.gereso.com\/actualites\/?s={search_term_string}\"},\"query-input\":{\"@type\":\"PropertyValueSpecification\",\"valueRequired\":true,\"valueName\":\"search_term_string\"}}],\"inLanguage\":\"fr-FR\"},{\"@type\":\"Person\",\"@id\":\"https:\/\/www.gereso.com\/actualites\/#\/schema\/person\/197d8aef40cb4ae3f6a0aa9e1d3df2a6\",\"name\":\"\u00c9quipe GERESO\",\"image\":{\"@type\":\"ImageObject\",\"inLanguage\":\"fr-FR\",\"@id\":\"https:\/\/www.gereso.com\/actualites\/#\/schema\/person\/image\/\",\"url\":\"https:\/\/www.gereso.com\/actualites\/wp-content\/uploads\/2013\/12\/avatar-gereso-1.png\",\"contentUrl\":\"https:\/\/www.gereso.com\/actualites\/wp-content\/uploads\/2013\/12\/avatar-gereso-1.png\",\"caption\":\"\u00c9quipe GERESO\"},\"url\":\"https:\/\/www.gereso.com\/actualites\/author\/gereso\/\"}]}<\/script>\n<!-- \/ Yoast SEO plugin. -->","yoast_head_json":{"title":"Institution d&#039;une prime au m\u00e9rite dans la fonction publique - Le Blog GERESO","robots":{"index":"index","follow":"follow","max-snippet":"max-snippet:-1","max-image-preview":"max-image-preview:large","max-video-preview":"max-video-preview:-1"},"canonical":"https:\/\/www.gereso.com\/actualites\/2008\/11\/26\/institution-dune-prime-au-merite-dans-la-fonction-publique\/","og_locale":"fr_FR","og_type":"article","og_title":"Institution d&#039;une prime au m\u00e9rite dans la fonction publique - Le Blog GERESO","og_description":"Le secr\u00e9taire d&rsquo;\u00c9tat charg\u00e9 dela Fonction publique, Andr\u00e9 Santini a d\u00e9voil\u00e9 un projet de d\u00e9cret instituant une prime de fonctions et de r\u00e9sultats (PFR) dans la fonction publique. Ced\u00e9cret, dont la publication est attendue avant la fin novembre,instaurera une prime unique devant remplacer les primes existantes.Cette nouvelle prime sera constitu\u00e9e de deux parties\u00a0: unepartie fixe, [&hellip;]","og_url":"https:\/\/www.gereso.com\/actualites\/2008\/11\/26\/institution-dune-prime-au-merite-dans-la-fonction-publique\/","og_site_name":"Le Blog GERESO","article_published_time":"2008-11-25T22:00:00+00:00","author":"\u00c9quipe GERESO","twitter_card":"summary_large_image","schema":{"@context":"https:\/\/schema.org","@graph":[{"@type":"WebPage","@id":"https:\/\/www.gereso.com\/actualites\/2008\/11\/26\/institution-dune-prime-au-merite-dans-la-fonction-publique\/","url":"https:\/\/www.gereso.com\/actualites\/2008\/11\/26\/institution-dune-prime-au-merite-dans-la-fonction-publique\/","name":"Institution d&#039;une prime au m\u00e9rite dans la fonction publique - Le Blog GERESO","isPartOf":{"@id":"https:\/\/www.gereso.com\/actualites\/#website"},"datePublished":"2008-11-25T22:00:00+00:00","dateModified":"2008-11-25T22:00:00+00:00","author":{"@id":"https:\/\/www.gereso.com\/actualites\/#\/schema\/person\/197d8aef40cb4ae3f6a0aa9e1d3df2a6"},"breadcrumb":{"@id":"https:\/\/www.gereso.com\/actualites\/2008\/11\/26\/institution-dune-prime-au-merite-dans-la-fonction-publique\/#breadcrumb"},"inLanguage":"fr-FR","potentialAction":[{"@type":"ReadAction","target":["https:\/\/www.gereso.com\/actualites\/2008\/11\/26\/institution-dune-prime-au-merite-dans-la-fonction-publique\/"]}]},{"@type":"BreadcrumbList","@id":"https:\/\/www.gereso.com\/actualites\/2008\/11\/26\/institution-dune-prime-au-merite-dans-la-fonction-publique\/#breadcrumb","itemListElement":[{"@type":"ListItem","position":1,"name":"Home","item":"https:\/\/www.gereso.com\/actualites\/"},{"@type":"ListItem","position":2,"name":"Institution d&#039;une prime au m\u00e9rite dans la fonction publique"}]},{"@type":"WebSite","@id":"https:\/\/www.gereso.com\/actualites\/#website","url":"https:\/\/www.gereso.com\/actualites\/","name":"Le Blog GERESO","description":"Toute l&#039;actu RH, Finance, Fonction Publique, Management...","potentialAction":[{"@type":"SearchAction","target":{"@type":"EntryPoint","urlTemplate":"https:\/\/www.gereso.com\/actualites\/?s={search_term_string}"},"query-input":{"@type":"PropertyValueSpecification","valueRequired":true,"valueName":"search_term_string"}}],"inLanguage":"fr-FR"},{"@type":"Person","@id":"https:\/\/www.gereso.com\/actualites\/#\/schema\/person\/197d8aef40cb4ae3f6a0aa9e1d3df2a6","name":"\u00c9quipe GERESO","image":{"@type":"ImageObject","inLanguage":"fr-FR","@id":"https:\/\/www.gereso.com\/actualites\/#\/schema\/person\/image\/","url":"https:\/\/www.gereso.com\/actualites\/wp-content\/uploads\/2013\/12\/avatar-gereso-1.png","contentUrl":"https:\/\/www.gereso.com\/actualites\/wp-content\/uploads\/2013\/12\/avatar-gereso-1.png","caption":"\u00c9quipe GERESO"},"url":"https:\/\/www.gereso.com\/actualites\/author\/gereso\/"}]}},"_links":{"self":[{"href":"https:\/\/www.gereso.com\/actualites\/wp-json\/wp\/v2\/posts\/2165","targetHints":{"allow":["GET"]}}],"collection":[{"href":"https:\/\/www.gereso.com\/actualites\/wp-json\/wp\/v2\/posts"}],"about":[{"href":"https:\/\/www.gereso.com\/actualites\/wp-json\/wp\/v2\/types\/post"}],"author":[{"embeddable":true,"href":"https:\/\/www.gereso.com\/actualites\/wp-json\/wp\/v2\/users\/32"}],"replies":[{"embeddable":true,"href":"https:\/\/www.gereso.com\/actualites\/wp-json\/wp\/v2\/comments?post=2165"}],"version-history":[{"count":0,"href":"https:\/\/www.gereso.com\/actualites\/wp-json\/wp\/v2\/posts\/2165\/revisions"}],"wp:attachment":[{"href":"https:\/\/www.gereso.com\/actualites\/wp-json\/wp\/v2\/media?parent=2165"}],"wp:term":[{"taxonomy":"category","embeddable":true,"href":"https:\/\/www.gereso.com\/actualites\/wp-json\/wp\/v2\/categories?post=2165"},{"taxonomy":"post_tag","embeddable":true,"href":"https:\/\/www.gereso.com\/actualites\/wp-json\/wp\/v2\/tags?post=2165"}],"curies":[{"name":"wp","href":"https:\/\/api.w.org\/{rel}","templated":true}]}}