{"id":21934,"date":"2021-06-05T15:39:33","date_gmt":"2021-06-05T13:39:33","guid":{"rendered":"https:\/\/www.gereso.com\/actualites\/?p=21934"},"modified":"2021-06-05T15:39:35","modified_gmt":"2021-06-05T13:39:35","slug":"budget-rectificatif-le-deficit-reportable-en-arriere-sur-3-ans","status":"publish","type":"post","link":"https:\/\/www.gereso.com\/actualites\/2021\/06\/05\/budget-rectificatif-le-deficit-reportable-en-arriere-sur-3-ans\/","title":{"rendered":"Budget rectificatif : le d\u00e9ficit reportable en arri\u00e8re sur 3 ans"},"content":{"rendered":"\n<p>Le <strong><a href=\"https:\/\/www.assemblee-nationale.fr\/dyn\/15\/textes\/l15b4215_projet-loi\">projet de loi de finances rectificative pour 2021<\/a><\/strong> pr\u00e9voit un assouplissement du <strong>report en arri\u00e8re des d\u00e9ficits<\/strong>. Le report pourra s\u2019effectuer sur les <strong>3 derniers exercices<\/strong> au lieu d\u2019un seul et sans plafond.<\/p>\n\n\n\n<h2 class=\"wp-block-heading\"><strong>Un report sur 3 ans seulement pour le d\u00e9ficit du dernier exercice<\/strong><\/h2>\n\n\n\n<p>Le Gouvernement a pr\u00e9sent\u00e9 la semaine derni\u00e8re le projet de loi de finances rectificative pour 2021. Le premier article pr\u00e9voit une r\u00e9forme temporaire du dispositif du report en arri\u00e8re, plus connu sous le nom de <strong>carry-back<\/strong>. Les ajustements pr\u00e9sent\u00e9s ne concernent que les exercices clos entre <strong>le 30 juin 2020 et le 30 juin 2021<\/strong>.<\/p>\n\n\n\n<p>Le d\u00e9ficit constat\u00e9 au cours de cette p\u00e9riode sera imputable sur les b\u00e9n\u00e9fices fiscaux des 3 exercices pr\u00e9c\u00e9dents et sans application de plafond. Il s\u2019agit d\u2019un retour \u00e0 la l\u00e9gislation applicable aux &nbsp;exercices clos avant le 21 septembre 2011. Actuellement, le report en arri\u00e8re est limit\u00e9 \u00e0 l\u2019exercice pr\u00e9c\u00e9dent dans la limite d\u2019un million \u20ac. En revanche, comme dans le r\u00e9gime actuel, le report sera limit\u00e9 \u00e0 la quote-part de b\u00e9n\u00e9fice non distribu\u00e9 et dont l\u2019IS correspondant n\u2019a pas \u00e9t\u00e9 pay\u00e9 \u00e0 l\u2019aide de cr\u00e9dits d\u2019imp\u00f4t.<\/p>\n\n\n\n<h2 class=\"wp-block-heading\"><strong>Une cr\u00e9ance d\u2019IS au taux de 25%<\/strong><\/h2>\n\n\n\n<p><strong>L\u2019imputation sur 3 ans<\/strong> et <strong>sans plafond<\/strong> permettra aux entreprises de b\u00e9n\u00e9ficier d\u2019une <strong>cr\u00e9ance de carry-back<\/strong> potentiellement plus importante. Le Gouvernement met ainsi en application une r\u00e9cente pr\u00e9conisation de l\u2019OCDE.<\/p>\n\n\n\n<p>Le montant de la cr\u00e9ance est obtenu en multipliant le d\u00e9ficit report\u00e9 par le taux d\u2019IS applicable aux exercices ouverts au 1<sup>er<\/sup> janvier 2022, soit <strong>25%<\/strong>.<\/p>\n\n\n\n<p>En revanche, les soci\u00e9t\u00e9s concern\u00e9es par ce dispositif ne pourront b\u00e9n\u00e9ficier du remboursement automatique de la cr\u00e9ance de carry-back comme le pr\u00e9voyait la derni\u00e8re loi de finances rectificative pour 2020. Ce remboursement anticip\u00e9 exceptionnel n\u2019est pas reconduit. Le r\u00e9gime de droit commun est applicable. La cr\u00e9ance pourra servir \u00e0 payer les acomptes et soldes d\u2019IS des <strong>5 prochains exercices<\/strong>. Le solde qui n\u2019aura pu \u00eatre imput\u00e9 fera l\u2019objet d\u2019un remboursement par l\u2019administration fiscale \u00e0 l\u2019issue des 5 ans.<\/p>\n","protected":false},"excerpt":{"rendered":"<p>Le projet de loi de finances rectificative pour 2021 pr\u00e9voit un assouplissement du report en arri\u00e8re des d\u00e9ficits. Le report pourra s\u2019effectuer sur les 3 derniers exercices au lieu d\u2019un seul et sans plafond. Un report sur 3 ans seulement pour le d\u00e9ficit du dernier exercice Le Gouvernement a pr\u00e9sent\u00e9 la semaine derni\u00e8re le projet [&hellip;]<\/p>\n","protected":false},"author":45,"featured_media":0,"comment_status":"open","ping_status":"open","sticky":false,"template":"","format":"quote","meta":{"_acf_changed":false,"_mi_skip_tracking":false,"footnotes":""},"categories":[12,3],"tags":[874,1898],"class_list":["post-21934","post","type-post","status-publish","format-quote","hentry","category-actualites","category-comptabilite-fiscalite-et-gestion-financiere","tag-impot-sur-les-societes","tag-report-en-arriere-des-deficits","post_format-post-format-quote"],"acf":[],"yoast_head":"<!-- This site is optimized with the Yoast SEO plugin v23.4 - https:\/\/yoast.com\/wordpress\/plugins\/seo\/ -->\n<title>Budget rectificatif : le d\u00e9ficit reportable en arri\u00e8re sur 3 ans - Le Blog GERESO<\/title>\n<meta name=\"robots\" content=\"index, follow, max-snippet:-1, max-image-preview:large, max-video-preview:-1\" \/>\n<link rel=\"canonical\" href=\"https:\/\/www.gereso.com\/actualites\/2021\/06\/05\/budget-rectificatif-le-deficit-reportable-en-arriere-sur-3-ans\/\" \/>\n<meta property=\"og:locale\" content=\"fr_FR\" \/>\n<meta property=\"og:type\" content=\"article\" \/>\n<meta property=\"og:title\" content=\"Budget rectificatif : le d\u00e9ficit reportable en arri\u00e8re sur 3 ans - Le Blog GERESO\" \/>\n<meta property=\"og:description\" content=\"Le projet de loi de finances rectificative pour 2021 pr\u00e9voit un assouplissement du report en arri\u00e8re des d\u00e9ficits. Le report pourra s\u2019effectuer sur les 3 derniers exercices au lieu d\u2019un seul et sans plafond. Un report sur 3 ans seulement pour le d\u00e9ficit du dernier exercice Le Gouvernement a pr\u00e9sent\u00e9 la semaine derni\u00e8re le projet [&hellip;]\" \/>\n<meta property=\"og:url\" content=\"https:\/\/www.gereso.com\/actualites\/2021\/06\/05\/budget-rectificatif-le-deficit-reportable-en-arriere-sur-3-ans\/\" \/>\n<meta property=\"og:site_name\" content=\"Le Blog GERESO\" \/>\n<meta property=\"article:published_time\" content=\"2021-06-05T13:39:33+00:00\" \/>\n<meta property=\"article:modified_time\" content=\"2021-06-05T13:39:35+00:00\" \/>\n<meta name=\"author\" content=\"Damien P\u00e9an\" \/>\n<meta name=\"twitter:card\" content=\"summary_large_image\" \/>\n<script type=\"application\/ld+json\" class=\"yoast-schema-graph\">{\"@context\":\"https:\/\/schema.org\",\"@graph\":[{\"@type\":\"WebPage\",\"@id\":\"https:\/\/www.gereso.com\/actualites\/2021\/06\/05\/budget-rectificatif-le-deficit-reportable-en-arriere-sur-3-ans\/\",\"url\":\"https:\/\/www.gereso.com\/actualites\/2021\/06\/05\/budget-rectificatif-le-deficit-reportable-en-arriere-sur-3-ans\/\",\"name\":\"Budget rectificatif : le d\u00e9ficit reportable en arri\u00e8re sur 3 ans - Le Blog GERESO\",\"isPartOf\":{\"@id\":\"https:\/\/www.gereso.com\/actualites\/#website\"},\"datePublished\":\"2021-06-05T13:39:33+00:00\",\"dateModified\":\"2021-06-05T13:39:35+00:00\",\"author\":{\"@id\":\"https:\/\/www.gereso.com\/actualites\/#\/schema\/person\/c91814f92d627ed4715993fbbf7c7e8d\"},\"breadcrumb\":{\"@id\":\"https:\/\/www.gereso.com\/actualites\/2021\/06\/05\/budget-rectificatif-le-deficit-reportable-en-arriere-sur-3-ans\/#breadcrumb\"},\"inLanguage\":\"fr-FR\",\"potentialAction\":[{\"@type\":\"ReadAction\",\"target\":[\"https:\/\/www.gereso.com\/actualites\/2021\/06\/05\/budget-rectificatif-le-deficit-reportable-en-arriere-sur-3-ans\/\"]}]},{\"@type\":\"BreadcrumbList\",\"@id\":\"https:\/\/www.gereso.com\/actualites\/2021\/06\/05\/budget-rectificatif-le-deficit-reportable-en-arriere-sur-3-ans\/#breadcrumb\",\"itemListElement\":[{\"@type\":\"ListItem\",\"position\":1,\"name\":\"Home\",\"item\":\"https:\/\/www.gereso.com\/actualites\/\"},{\"@type\":\"ListItem\",\"position\":2,\"name\":\"Budget rectificatif : le d\u00e9ficit reportable en arri\u00e8re sur 3 ans\"}]},{\"@type\":\"WebSite\",\"@id\":\"https:\/\/www.gereso.com\/actualites\/#website\",\"url\":\"https:\/\/www.gereso.com\/actualites\/\",\"name\":\"Le Blog GERESO\",\"description\":\"Toute l&#039;actu RH, Finance, Fonction Publique, Management...\",\"potentialAction\":[{\"@type\":\"SearchAction\",\"target\":{\"@type\":\"EntryPoint\",\"urlTemplate\":\"https:\/\/www.gereso.com\/actualites\/?s={search_term_string}\"},\"query-input\":{\"@type\":\"PropertyValueSpecification\",\"valueRequired\":true,\"valueName\":\"search_term_string\"}}],\"inLanguage\":\"fr-FR\"},{\"@type\":\"Person\",\"@id\":\"https:\/\/www.gereso.com\/actualites\/#\/schema\/person\/c91814f92d627ed4715993fbbf7c7e8d\",\"name\":\"Damien P\u00e9an\",\"image\":{\"@type\":\"ImageObject\",\"inLanguage\":\"fr-FR\",\"@id\":\"https:\/\/www.gereso.com\/actualites\/#\/schema\/person\/image\/\",\"url\":\"https:\/\/www.gereso.com\/actualites\/wp-content\/uploads\/2016\/03\/damien-pean.jpg\",\"contentUrl\":\"https:\/\/www.gereso.com\/actualites\/wp-content\/uploads\/2016\/03\/damien-pean.jpg\",\"caption\":\"Damien P\u00e9an\"},\"description\":\"Damien P\u00c9AN est titulaire du Dipl\u00f4me d'\u00e9tudes sup\u00e9rieures comptables et financi\u00e8res (DESCF). Il intervient depuis plusieurs ann\u00e9es aupr\u00e8s d'\u00e9tudiants en licence de comptabilit\u00e9 et de gestion, \u00e0 qui il enseigne le contr\u00f4le de gestion, la comptabilit\u00e9 approfondie, le management, la fiscalit\u00e9, le droit des soci\u00e9t\u00e9s et le droit du travail. Il intervient \u00e9galement en formation continue pour le compte de divers organismes de formation sur des th\u00e9matiques techniques en comptabilit\u00e9 et fiscalit\u00e9. Il forme aussi un public de non-initi\u00e9s aux fondamentaux de la finance.\",\"url\":\"https:\/\/www.gereso.com\/actualites\/author\/d-pean\/\"}]}<\/script>\n<!-- \/ Yoast SEO plugin. -->","yoast_head_json":{"title":"Budget rectificatif : le d\u00e9ficit reportable en arri\u00e8re sur 3 ans - Le Blog GERESO","robots":{"index":"index","follow":"follow","max-snippet":"max-snippet:-1","max-image-preview":"max-image-preview:large","max-video-preview":"max-video-preview:-1"},"canonical":"https:\/\/www.gereso.com\/actualites\/2021\/06\/05\/budget-rectificatif-le-deficit-reportable-en-arriere-sur-3-ans\/","og_locale":"fr_FR","og_type":"article","og_title":"Budget rectificatif : le d\u00e9ficit reportable en arri\u00e8re sur 3 ans - Le Blog GERESO","og_description":"Le projet de loi de finances rectificative pour 2021 pr\u00e9voit un assouplissement du report en arri\u00e8re des d\u00e9ficits. Le report pourra s\u2019effectuer sur les 3 derniers exercices au lieu d\u2019un seul et sans plafond. Un report sur 3 ans seulement pour le d\u00e9ficit du dernier exercice Le Gouvernement a pr\u00e9sent\u00e9 la semaine derni\u00e8re le projet [&hellip;]","og_url":"https:\/\/www.gereso.com\/actualites\/2021\/06\/05\/budget-rectificatif-le-deficit-reportable-en-arriere-sur-3-ans\/","og_site_name":"Le Blog GERESO","article_published_time":"2021-06-05T13:39:33+00:00","article_modified_time":"2021-06-05T13:39:35+00:00","author":"Damien P\u00e9an","twitter_card":"summary_large_image","schema":{"@context":"https:\/\/schema.org","@graph":[{"@type":"WebPage","@id":"https:\/\/www.gereso.com\/actualites\/2021\/06\/05\/budget-rectificatif-le-deficit-reportable-en-arriere-sur-3-ans\/","url":"https:\/\/www.gereso.com\/actualites\/2021\/06\/05\/budget-rectificatif-le-deficit-reportable-en-arriere-sur-3-ans\/","name":"Budget rectificatif : le d\u00e9ficit reportable en arri\u00e8re sur 3 ans - Le Blog GERESO","isPartOf":{"@id":"https:\/\/www.gereso.com\/actualites\/#website"},"datePublished":"2021-06-05T13:39:33+00:00","dateModified":"2021-06-05T13:39:35+00:00","author":{"@id":"https:\/\/www.gereso.com\/actualites\/#\/schema\/person\/c91814f92d627ed4715993fbbf7c7e8d"},"breadcrumb":{"@id":"https:\/\/www.gereso.com\/actualites\/2021\/06\/05\/budget-rectificatif-le-deficit-reportable-en-arriere-sur-3-ans\/#breadcrumb"},"inLanguage":"fr-FR","potentialAction":[{"@type":"ReadAction","target":["https:\/\/www.gereso.com\/actualites\/2021\/06\/05\/budget-rectificatif-le-deficit-reportable-en-arriere-sur-3-ans\/"]}]},{"@type":"BreadcrumbList","@id":"https:\/\/www.gereso.com\/actualites\/2021\/06\/05\/budget-rectificatif-le-deficit-reportable-en-arriere-sur-3-ans\/#breadcrumb","itemListElement":[{"@type":"ListItem","position":1,"name":"Home","item":"https:\/\/www.gereso.com\/actualites\/"},{"@type":"ListItem","position":2,"name":"Budget rectificatif : le d\u00e9ficit reportable en arri\u00e8re sur 3 ans"}]},{"@type":"WebSite","@id":"https:\/\/www.gereso.com\/actualites\/#website","url":"https:\/\/www.gereso.com\/actualites\/","name":"Le Blog GERESO","description":"Toute l&#039;actu RH, Finance, Fonction Publique, Management...","potentialAction":[{"@type":"SearchAction","target":{"@type":"EntryPoint","urlTemplate":"https:\/\/www.gereso.com\/actualites\/?s={search_term_string}"},"query-input":{"@type":"PropertyValueSpecification","valueRequired":true,"valueName":"search_term_string"}}],"inLanguage":"fr-FR"},{"@type":"Person","@id":"https:\/\/www.gereso.com\/actualites\/#\/schema\/person\/c91814f92d627ed4715993fbbf7c7e8d","name":"Damien P\u00e9an","image":{"@type":"ImageObject","inLanguage":"fr-FR","@id":"https:\/\/www.gereso.com\/actualites\/#\/schema\/person\/image\/","url":"https:\/\/www.gereso.com\/actualites\/wp-content\/uploads\/2016\/03\/damien-pean.jpg","contentUrl":"https:\/\/www.gereso.com\/actualites\/wp-content\/uploads\/2016\/03\/damien-pean.jpg","caption":"Damien P\u00e9an"},"description":"Damien P\u00c9AN est titulaire du Dipl\u00f4me d'\u00e9tudes sup\u00e9rieures comptables et financi\u00e8res (DESCF). Il intervient depuis plusieurs ann\u00e9es aupr\u00e8s d'\u00e9tudiants en licence de comptabilit\u00e9 et de gestion, \u00e0 qui il enseigne le contr\u00f4le de gestion, la comptabilit\u00e9 approfondie, le management, la fiscalit\u00e9, le droit des soci\u00e9t\u00e9s et le droit du travail. Il intervient \u00e9galement en formation continue pour le compte de divers organismes de formation sur des th\u00e9matiques techniques en comptabilit\u00e9 et fiscalit\u00e9. Il forme aussi un public de non-initi\u00e9s aux fondamentaux de la finance.","url":"https:\/\/www.gereso.com\/actualites\/author\/d-pean\/"}]}},"_links":{"self":[{"href":"https:\/\/www.gereso.com\/actualites\/wp-json\/wp\/v2\/posts\/21934","targetHints":{"allow":["GET"]}}],"collection":[{"href":"https:\/\/www.gereso.com\/actualites\/wp-json\/wp\/v2\/posts"}],"about":[{"href":"https:\/\/www.gereso.com\/actualites\/wp-json\/wp\/v2\/types\/post"}],"author":[{"embeddable":true,"href":"https:\/\/www.gereso.com\/actualites\/wp-json\/wp\/v2\/users\/45"}],"replies":[{"embeddable":true,"href":"https:\/\/www.gereso.com\/actualites\/wp-json\/wp\/v2\/comments?post=21934"}],"version-history":[{"count":1,"href":"https:\/\/www.gereso.com\/actualites\/wp-json\/wp\/v2\/posts\/21934\/revisions"}],"predecessor-version":[{"id":21935,"href":"https:\/\/www.gereso.com\/actualites\/wp-json\/wp\/v2\/posts\/21934\/revisions\/21935"}],"wp:attachment":[{"href":"https:\/\/www.gereso.com\/actualites\/wp-json\/wp\/v2\/media?parent=21934"}],"wp:term":[{"taxonomy":"category","embeddable":true,"href":"https:\/\/www.gereso.com\/actualites\/wp-json\/wp\/v2\/categories?post=21934"},{"taxonomy":"post_tag","embeddable":true,"href":"https:\/\/www.gereso.com\/actualites\/wp-json\/wp\/v2\/tags?post=21934"}],"curies":[{"name":"wp","href":"https:\/\/api.w.org\/{rel}","templated":true}]}}