{"id":2206,"date":"2011-02-09T00:00:00","date_gmt":"2011-02-08T22:00:00","guid":{"rendered":"https:\/\/www.gereso.com\/actualites\/2011\/02\/paie-dans-le-secteur-public-tous-les-chiffres-2011\/"},"modified":"2011-02-09T00:00:00","modified_gmt":"2011-02-08T22:00:00","slug":"paie-dans-le-secteur-public-tous-les-chiffres-2011","status":"publish","type":"post","link":"https:\/\/www.gereso.com\/actualites\/2011\/02\/09\/paie-dans-le-secteur-public-tous-les-chiffres-2011\/","title":{"rendered":"Paie dans le secteur public : tous les chiffres 2011"},"content":{"rendered":"<p>Montant du SMIC, revalorisation indiciaire, indemnit\u00e9 de r\u00e9sidence, contribution de solidarit\u00e9, plafond de la s\u00e9curit\u00e9 sociale, taux de cotisations&#8230; Retrouvez toutes les valeurs applicables au 1er janvier 2011<\/p>\n<p>&gt; SMIC au 1er janvier 2011<\/p>\n<p>&gt; Revalorisation indiciaire<\/p>\n<p>&gt; Indemnit\u00e9 de r\u00e9sidence<\/p>\n<p>&gt; Contribution de solidarit\u00e9<\/p>\n<p>&gt; Plafond de s\u00e9curit\u00e9 sociale<\/p>\n<p>&gt; Taux de cotisations : CNRACL, PCM, Ircantec, FNAL, Assurance ch\u00f4mage, contribution FCCPA pour la fonction publique territoriale, CSG\/CRDS, CAREL et FONPEL et forfait social<\/p>\n<h3>Augmentation du SMIC au 1er janvier 2011<\/h3>\n<p>Le SMIC augmente \u00e0 partir du 1er janvier 2011,<strong> il passe de 8,86 &euro; \u00e0 9 &euro;.<\/strong><\/p>\n<p>Source : D\u00e9cret n\u00b0 2010-1584 du 17 d\u00e9cembre 2010 (J.O du 18.12.2010)<\/p>\n<p>Le SMIC mensuel pour 151,67 h est donc fix\u00e9 \u00e0 \u00a09 x 35 x 52\/12 = <strong>1 365 &euro; pour 2011<\/strong>\u00a0<\/p>\n<p>Pour rappel, l&rsquo;indice major\u00e9 minimum de r\u00e9mun\u00e9ration \u00e9tait fix\u00e9 \u00e0 292 \u00e0 compter du 1er juillet 2010 , soit un traitement minimum de 1 352,04. Afin d&rsquo;\u00e9viter la mise en place d&rsquo;un indemnit\u00e9 diff\u00e9rentielle, le traitement minimum de la fonction publique a fait l&rsquo;objet d&rsquo;une revalorisation.\u00a0<\/p>\n<h3>Revalorisation indiciaire<\/h3>\n<p>Au 1er janvier 2011, l&rsquo;indice minimum est port\u00e9 de<strong> l&rsquo;indice major\u00e9 292 \u00e0 l&rsquo;indice major\u00e9 295,<\/strong> soit une r\u00e9mun\u00e9ration mensuelle brute de 1365.63 euros.\u00a0<\/p>\n<p>Source : D\u00e9cret n\u00b0 2011-51 du 13 janvier 2011 ( JO du 14 f\u00e9vrier)<strong><\/strong><\/p>\n<p><strong>Des points d&rsquo;indices major\u00e9s <\/strong>sont attribu\u00e9s aux premiers \u00e9chelons des grilles de r\u00e9mun\u00e9ration de la cat\u00e9gorie C et de cat\u00e9gorie B selon les seuils suivants :<\/p>\n<li>3 points suppl\u00e9mentaires d&rsquo;indices major\u00e9s pour les 4 premiers \u00e9chelons de l&rsquo;\u00e9chelle 3\u00a0 <\/li>\n<li>3 points suppl\u00e9mentaires d&rsquo;indices major\u00e9s pour les 3 premiers \u00e9chelons de l&rsquo;\u00e9chelle 4 <\/li>\n<li>3 points suppl\u00e9mentaires d&rsquo;indices major\u00e9s pour les 2 premiers \u00e9chelons de l&rsquo;\u00e9chelle 5<\/li>\n<li>1 point suppl\u00e9mentaire d&rsquo;indice major\u00e9 pour le 3e \u00e9chelon de l&rsquo;\u00e9chelle 5<\/li>\n<h3>L&rsquo;indemnit\u00e9 de r\u00e9sidence<\/h3>\n<p>Le montant de l&rsquo;indemnit\u00e9 de r\u00e9sidence est calcul\u00e9 <strong>en fonction d&rsquo;un pourcentage appliqu\u00e9 sur le traitement de l&rsquo;agent.<\/strong><\/p>\n<p>Le montant ne peut \u00eatre inf\u00e9rieur \u00e0 un montant calcul\u00e9 par rapport \u00e0 <strong>l&rsquo;indice major\u00e9 299, soit l&rsquo;indice brut 308<\/strong> du fait de l&rsquo;attribution de points compl\u00e9mentaires.<\/p>\n<p>Source : D\u00e9cret n\u00b0 2011-51 du 13 janvier 2011 (JO du 14 f\u00e9vrier) modifiant le d\u00e9cret n\u00b0 85-1148 du 24 octobre 1985<\/p>\n<p>\u00a0<\/p>\n<table border=\"1\" cellspacing=\"0\" cellpadding=\"0\">\n<tbody>\n<tr>\n<td style=\"text-align: center;\" width=\"153\">\n<p><strong>\u00a0<\/strong><\/p>\n<p><strong>Zones<\/strong><\/p>\n<p><strong>\u00a0<\/strong><\/p>\n<\/td>\n<td style=\"text-align: center;\" width=\"153\">\n<p><strong>\u00a0<\/strong><\/p>\n<p><strong>Pourcentage du traitement brut<\/strong><\/p>\n<p><strong>\u00a0<\/strong><\/p>\n<\/td>\n<td width=\"153\">\n<p><strong>\u00a0<\/strong><\/p>\n<p style=\"text-align: center;\"><strong>Montants mensuels planchers<\/strong><\/p>\n<p><strong>\u00a0<\/strong><\/p>\n<\/td>\n<\/tr>\n<tr>\n<td style=\"text-align: center;\" width=\"153\">\n<p>1<\/p>\n<\/td>\n<td style=\"text-align: center;\" width=\"153\">\n<p>3%<\/p>\n<\/td>\n<td style=\"text-align: center;\" width=\"153\">\n<p>41,53 &euro;<\/p>\n<\/td>\n<\/tr>\n<tr>\n<td style=\"text-align: center;\" width=\"153\">\n<p>2<\/p>\n<\/td>\n<td style=\"text-align: center;\" width=\"153\">\n<p>1%<\/p>\n<\/td>\n<td style=\"text-align: center;\" width=\"153\">\n<p>13,84 &euro;<\/p>\n<\/td>\n<\/tr>\n<tr>\n<td style=\"text-align: center;\" width=\"153\">\n<p>3<\/p>\n<\/td>\n<td style=\"text-align: center;\" width=\"153\">\n<p>0%<\/p>\n<\/td>\n<td style=\"text-align: center;\" width=\"153\">\n<p>&#8211;<\/p>\n<\/td>\n<\/tr>\n<\/tbody>\n<\/table>\n<h3>La contribution de solidarit\u00e9<\/h3>\n<p>La valeur mensuelle du seuil d&rsquo;assujettissement s&rsquo;\u00e9tablit depuis le 1er\u00a0janvier 2011 \u00e0<strong> 1 365,93 euros sur la base de l&rsquo;indice brut 296<\/strong> qui correspond\u00a0au 1er janvier 2011 \u00e0 l&rsquo;indice major\u00e9 295.<\/p>\n<p>Source : D\u00e9cret n\u00b0 2011-51 du 13\/01\/11 &#8211; J.O. du 14\/01\/11 <\/p>\n<h3>Le plafond de s\u00e9curit\u00e9 sociale<\/h3>\n<p>L&rsquo;arr\u00eat\u00e9 du 26 novembre 2010 fixe le plafond de la s\u00e9curit\u00e9 sociale pour les r\u00e9mun\u00e9rations vers\u00e9es du 1er janvier au 31 d\u00e9cembre 2011 (plafond mensuel = 2 946 &euro;)<\/p>\n<h5 style=\"text-align: left;\">Plafonds de salaire par p\u00e9riodicit\u00e9 de paie en euros<\/h5>\n<table border=\"1\" cellpadding=\"0\" width=\"500\">\n<tbody>\n<tr>\n<td style=\"text-align: center;\" width=\"69\">\n<p>Ann\u00e9e<\/p>\n<\/td>\n<td style=\"text-align: center;\" width=\"70\">\n<p>Trimestre<\/p>\n<\/td>\n<td style=\"text-align: center;\" width=\"70\">\n<p>Mois<\/p>\n<\/td>\n<td style=\"text-align: center;\" width=\"70\">\n<p>Quinzaine<\/p>\n<\/td>\n<td style=\"text-align: center;\" width=\"70\">\n<p>Semaine<\/p>\n<\/td>\n<td style=\"text-align: center;\" width=\"70\">\n<p>Jour<\/p>\n<\/td>\n<td style=\"text-align: center;\" width=\"69\">\n<p>Heure*<\/p>\n<\/td>\n<\/tr>\n<tr>\n<td style=\"text-align: center;\" width=\"69\">\n<p>35 352<\/p>\n<\/td>\n<td style=\"text-align: center;\" width=\"70\">\n<p>8 838<\/p>\n<\/td>\n<td style=\"text-align: center;\" width=\"70\">\n<p>2 946<\/p>\n<\/td>\n<td style=\"text-align: center;\" width=\"70\">\n<p>1 473<\/p>\n<\/td>\n<td style=\"text-align: center;\" width=\"70\">\n<p>680<\/p>\n<\/td>\n<td style=\"text-align: center;\" width=\"70\">\n<p>162<\/p>\n<\/td>\n<td style=\"text-align: center;\" width=\"69\">\n<p>22<\/p>\n<\/td>\n<\/tr>\n<\/tbody>\n<\/table>\n<p>*Pour une dur\u00e9e de travail inf\u00e9rieure \u00e0 5 heures<\/p>\n<p>Source : art.D 242-16 et suivants du code de la s\u00e9curit\u00e9 sociale<\/p>\n<h3>Taux de cotisations<\/h3>\n<h4><strong>Taux de cotisation CNRACL<\/strong>\u00a0:<\/h4>\n<p>Source : D\u00e9cret n\u00b0 2010-1749 du 30 d\u00e9cembre 2010 portant rel\u00e8vement du taux de cotisation des fonctionnaires, des militaires et des ouvriers des \u00e9tablissements industriels de l&rsquo;Etat <\/p>\n<li> Part salariale\u00a0: 8,12% sur le traitement indiciaire et 7,85 % sur la NBI<\/li>\n<li>Part patronale: 27,30 % sur le traitement indiciaire et la NBI<\/li>\n<h4><strong>Taux de cotisation PCM<\/strong>\u00a0: <strong><\/strong><\/h4>\n<p>Source : D\u00e9cret n\u00b0 2010-1749 du 30 d\u00e9cembre 2010 portant rel\u00e8vement du taux de cotisation des fonctionnaires, des militaires et des ouvriers des \u00e9tablissements industriels de l&rsquo;Etat <\/p>\n<li>\u00a0Part salariale\u00a0: 8,12% sur le traitement indiciaire et la NBI<\/li>\n<li>Part patronale\u00a0: 65,39 % sur le traitement indiciaire et la NBI<\/li>\n<h4>Taux de cotisation IRCANTEC :\u00a0<\/h4>\n<p>Alors que les taux de cotisations aupr\u00e8s de l&rsquo;IRCANTEC n&rsquo;avaient pas \u00e9volu\u00e9 depuis 1992, \u00e0 compter du 1er janvier 2011, la cotisation (tranche A) pour les agents va passer <strong>de 2,25% \u00e0 2,28%<\/strong> et celle des employeurs <strong>de 3,38% \u00e0 3,41%.<\/strong><\/p>\n<p>La cotisation (tranche B) pour les agents va passer <strong>de 5,95% \u00e0 6,00%<\/strong> et celle des employeurs <strong>de 11,55% \u00e0 11,60%.<\/strong><\/p>\n<p><strong>Fonctionnaires de l&rsquo;Etat d\u00e9tach\u00e9 dans la fonction publique territoriale ou hospitali\u00e8re :\u00a0<\/strong><\/p>\n<p>Le taux de la contribution patronale sont redevables les employeurs d&rsquo;accueil s&rsquo;\u00e9l\u00e8vent \u00e0 <strong>65,39 % .<\/strong><\/p>\n<p>La part salariale passe \u00e0<strong> 8,12 %<\/strong> sur le traitement indiciaire brut et la NBI.<\/p>\n<h4>Le FNAL\u00a0: fonds national d&rsquo;aide au logement<\/h4>\n<p>\u00c0 compter du 1er janvier 2011, le taux de la contribution suppl\u00e9mentaire vers\u00e9e au titre du Fonds national d&rsquo;aide au logement (FNAL) due par les employeurs d&rsquo;au moins 20 salari\u00e9s est modifi\u00e9.<\/p>\n<p>Source : article 209 de la loi de finances pour 2011.<\/p>\n<p>Le taux de 0,40% s&rsquo;applique d\u00e9sormais sur la part de r\u00e9mun\u00e9ration limit\u00e9e au plafond de la s\u00e9curit\u00e9 sociale (auparavant il s&rsquo;appliquait sur la totalit\u00e9 de la r\u00e9mun\u00e9ration). Pour la part de r\u00e9mun\u00e9ration exc\u00e9dant le plafond, la contribution FNAL suppl\u00e9mentaire est port\u00e9e \u00e0 0,50%. Ainsi, les taux du FNAL qui s&rsquo;appliquent aujourd&rsquo;hui sont :<\/p>\n<li>Sur le salaire limit\u00e9 au plafond : 0,10 %<\/li>\n<li>Sur le salaire limit\u00e9 au plafond : 0,40 % (pour les \u00e9tablissements de plus de 20 salari\u00e9s)<\/li>\n<li>Sur la part des salaires d\u00e9passant le plafond : 0,50 % (pour le<br \/>\ns \u00e9tablissements de plus de 20 salari\u00e9s)<\/li>\n<p>Quel que soit l&rsquo;effectif de l&rsquo;entreprise, les employeurs restent assujettis \u00e0 la cotisation FNAL de 0,10 % assise sur les salaires plafonn\u00e9s.<\/p>\n<p>Modalit\u00e9s d\u00e9claratives :<\/p>\n<li>Le FNAL \u00e0 0,10% calcul\u00e9 dans la limite du plafond, reste globalis\u00e9 avec les taux d&rsquo;assurance vieillesse.<\/li>\n<li>Le FNAL \u00e0 0,40% dans la limite du plafond doit figurer en plafonn\u00e9 sous le code type de personnel 237 \u00ab\u00a0FNAL sur totalit\u00e9 des salaires\u00a0\u00bb<\/li>\n<li>Le FNAL \u00e0 0,50% sur la fraction exc\u00e9dant le plafond doit figurer sous le code type de personnel 237 \u00ab\u00a0FNAL sur totalit\u00e9 des salaires\u00a0\u00bb en d\u00e9plafonn\u00e9.<\/li>\n<p><strong>Exemple :<\/strong><\/p>\n<p>Salaires en totalit\u00e9 = 10 000 euros <br \/> Plafond mensuel de la S\u00e9curit\u00e9 sociale en 2011 : 2946 euros<\/p>\n<li> CTP 100 \u00ab\u00a0cas g\u00e9n\u00e9ral\u00a0\u00bb = 2946 x 0.10% (plafonn\u00e9) = 2,94 euros arrondis \u00e0 3 euros, le taux de 0,10% est compris dans le taux de 15,05%<\/li>\n<li>CTP 237 \u00ab\u00a0FNAL sur la totalit\u00e9 des salaires\u00a0\u00bb = 7 054 x 0,50% (fraction exc\u00e9dant le plafond 10 000 &ndash; 2946) = 35, 27 euros arrondis 35 euros.\u00a0<\/li>\n<li>CTP 237 \u00ab FNAL PLAFONNE \u00bb = 2946 x 0,40% (r\u00e9mun\u00e9ration dans la limite du plafond) = 11, 78 euros arrondis \u00e0 12 euros <\/li>\n<p>TOTAL COTISATION FNAL =3+35+12 = 50 euros <\/p>\n<p> <strong>A noter : <\/strong><br \/> L&rsquo;article 135 de la loi de finances 2011 prolonge d&rsquo;un an les dispositions de l&rsquo;article 48 de la loi de modernisation de l&rsquo;\u00e9conomie visant \u00e0 att\u00e9nuer les effets financiers li\u00e9s au d\u00e9passement de certains seuils d&rsquo;effectif. Les employeurs atteignant ou d\u00e9passant pour la premi\u00e8re fois le seuil de 20 salari\u00e9s au cours de l&rsquo;ann\u00e9e 2011 b\u00e9n\u00e9ficieront donc du dispositif de dispense puis d&rsquo;assujettissement progressif au Fnal suppl\u00e9mentaire.<\/p>\n<h4>Assurance ch\u00f4mage<\/h4>\n<p>A compter du 1<sup>er<\/sup> janvier 2011, le recouvrement des cotisations d&rsquo;assurance ch\u00f4mage est <strong>effectu\u00e9 par l&rsquo;URSSAF<\/strong> et non plus pas P\u00f4le emploi.<\/p>\n<h4>Contribution FCCPA pour la fonction publique territoriale<\/h4>\n<p>L&rsquo;article 54 de la loi n\u00b02010-1330 du 9 novembre 2010 portant r\u00e9forme des retraites abroge l&rsquo;ordonnance de cr\u00e9ation du FCCPA.<\/p>\n<p>De fait, <strong>les cotisations FCCPA de 0,50 %<\/strong> ne sont pas dues en 2011.\u00a0<\/p>\n<h4>CSG\/CRDS : Plafonnement de l&rsquo;abattement en 2011<\/h4>\n<p>Depuis le 1er janvier 2011, le montant des revenus d&rsquo;activit\u00e9 salari\u00e9e et des allocations de ch\u00f4mage donnant lieu \u00e0 abattement de 3% au titre des frais professionnels pour l&rsquo;application de la CSG et de la CRDS est limit\u00e9 \u00e0 4 plafonds de la s\u00e9curit\u00e9 sociale, soit 141 408 euros pour l&rsquo;ann\u00e9e 2011 compl\u00e8te.<\/p>\n<p>L&rsquo;assiette de la CSG-CRDS et de cet abattement n&rsquo;est pas modifi\u00e9e. Tous les revenus d&rsquo;activit\u00e9 soumis \u00e0 CSG-CRDS (par exemple : int\u00e9ressement, contributions patronales de pr\u00e9voyance &#8230;) sont pris en compte pour l&rsquo;appr\u00e9ciation de la limite de 4 plafonds de la S\u00e9curit\u00e9 sociale.<\/p>\n<p>Exemple : Le contrat d&rsquo;un salari\u00e9 d\u00e9bute le 26 janvier 2011 et prend fin au 31 mars 2011. <br \/> La limite maximale de l&rsquo;assiette de la CSG-CRDS b\u00e9n\u00e9ficiant de l&rsquo;abattement de 3% est calcul\u00e9e de la mani\u00e8re suivante :<\/p>\n<li>pour janvier 2011 : 6\/31\u00e8me du plafond mensuel * 4 = (6\/31\u00e8me de 2946) * 4 soit 2281 euros.<\/li>\n<li>pour f\u00e9vrier 2011 : 4 plafonds mensuels soit 11 784 euros.<\/li>\n<li>pour mars 2011 : 4 plafonds mensuels soit 11 784 euros.<\/li>\n<h4>CAREL et FONPEL et forfait social\u00a0:<\/h4>\n<p>\u00c0 partir du <span style=\"text-decoration: underline;\">1er janvier 2011, <\/span>le taux du forfait social passe <strong>de 4% \u00e0 6%<\/strong> pour la CAREL et la FONPEL<\/p>\n<p>Source : Article 16 de la s\u00e9curit\u00e9 sociale (LFSS) pour 2011.<\/p>\n<p>Cette contribution \u00e0 la charge des employeurs, en vigueur depuis janvier 2009, s&rsquo;applique aux \u00e9l\u00e9ments de r\u00e9mun\u00e9ration vers\u00e9s par l&rsquo;employeur, qui sont soumis \u00e0 la CSG, mais exclus des cotisations de S\u00e9curit\u00e9 sociale, tels que l&rsquo;int\u00e9ressement, la participation, l&rsquo;\u00e9pargne salariale (PEE et PERCO) ou les contributions aux r\u00e9gimes de retraite suppl\u00e9mentaire (CAREL et FONPEL).<\/p>\n<p>En revanche, restent exon\u00e9r\u00e9es du forfait social :<\/p>\n<li>les contributions au financement de prestations compl\u00e9mentaires de pr\u00e9voyance, d\u00e9j\u00e0 assujetties \u00e0 une contribution de 8 % ;<\/li>\n<li>les attributions de stock-options et d&rsquo;actions gratuites, d\u00e9j\u00e0 soumises \u00e0 une contribution de 10 % ;<\/li>\n<li> les indemnit\u00e9s vers\u00e9es en cas de rupture du contrat de travail ;<\/li>\n<li>les contributions des employeurs aux ch\u00e8ques vacances, aux ch\u00e8ques restaurant et aux ch\u00e8ques emplois service universel (CESU) pr\u00e9financ\u00e9s.<\/li>\n<p>La participation obligatoire des collectivit\u00e9s \u00e0 ces r\u00e9gimes de retraite par rente (CAREL et FONPEL) devient imposable<\/p>\n<p>Source : circulaire de la DGFP du 7 janvier 2011.<\/p>\n<p>Le montant de la part patronale CAREL et FONPEL doit dont \u00eatre r\u00e9int\u00e9gr\u00e9 aux indemnit\u00e9s de fonctions per\u00e7ues par les \u00e9lus locaux, qu&rsquo;elles soient soumises \u00e0 la retenue \u00e0 la source ou \u00e0 l&rsquo;imp\u00f4t sur le revenu.<\/p>\n","protected":false},"excerpt":{"rendered":"<p>Montant du SMIC, revalorisation indiciaire, indemnit\u00e9 de r\u00e9sidence, contribution de solidarit\u00e9, plafond de la s\u00e9curit\u00e9 sociale, taux de cotisations&#8230; Retrouvez toutes les valeurs applicables au 1er janvier 2011 &gt; SMIC au 1er janvier 2011 &gt; Revalorisation indiciaire &gt; Indemnit\u00e9 de r\u00e9sidence &gt; Contribution de solidarit\u00e9 &gt; Plafond de s\u00e9curit\u00e9 sociale &gt; Taux de cotisations : [&hellip;]<\/p>\n","protected":false},"author":32,"featured_media":0,"comment_status":"open","ping_status":"open","sticky":false,"template":"","format":"standard","meta":{"_acf_changed":false,"_mi_skip_tracking":false,"footnotes":""},"categories":[8],"tags":[],"class_list":["post-2206","post","type-post","status-publish","format-standard","hentry","category-paie-et-administration-du-personnel"],"acf":[],"yoast_head":"<!-- This site is optimized with the Yoast SEO plugin v23.4 - https:\/\/yoast.com\/wordpress\/plugins\/seo\/ -->\n<title>Paie dans le secteur public : tous les chiffres 2011 - Le Blog GERESO<\/title>\n<meta name=\"robots\" content=\"index, follow, max-snippet:-1, max-image-preview:large, max-video-preview:-1\" \/>\n<link rel=\"canonical\" href=\"https:\/\/www.gereso.com\/actualites\/2011\/02\/09\/paie-dans-le-secteur-public-tous-les-chiffres-2011\/\" \/>\n<meta property=\"og:locale\" content=\"fr_FR\" \/>\n<meta property=\"og:type\" content=\"article\" \/>\n<meta property=\"og:title\" content=\"Paie dans le secteur public : tous les chiffres 2011 - Le Blog GERESO\" \/>\n<meta property=\"og:description\" content=\"Montant du SMIC, revalorisation indiciaire, indemnit\u00e9 de r\u00e9sidence, contribution de solidarit\u00e9, plafond de la s\u00e9curit\u00e9 sociale, taux de cotisations&#8230; Retrouvez toutes les valeurs applicables au 1er janvier 2011 &gt; SMIC au 1er janvier 2011 &gt; Revalorisation indiciaire &gt; Indemnit\u00e9 de r\u00e9sidence &gt; Contribution de solidarit\u00e9 &gt; Plafond de s\u00e9curit\u00e9 sociale &gt; Taux de cotisations : [&hellip;]\" \/>\n<meta property=\"og:url\" content=\"https:\/\/www.gereso.com\/actualites\/2011\/02\/09\/paie-dans-le-secteur-public-tous-les-chiffres-2011\/\" \/>\n<meta property=\"og:site_name\" content=\"Le Blog GERESO\" \/>\n<meta property=\"article:published_time\" content=\"2011-02-08T22:00:00+00:00\" \/>\n<meta name=\"author\" content=\"\u00c9quipe GERESO\" \/>\n<meta name=\"twitter:card\" content=\"summary_large_image\" \/>\n<script type=\"application\/ld+json\" class=\"yoast-schema-graph\">{\"@context\":\"https:\/\/schema.org\",\"@graph\":[{\"@type\":\"WebPage\",\"@id\":\"https:\/\/www.gereso.com\/actualites\/2011\/02\/09\/paie-dans-le-secteur-public-tous-les-chiffres-2011\/\",\"url\":\"https:\/\/www.gereso.com\/actualites\/2011\/02\/09\/paie-dans-le-secteur-public-tous-les-chiffres-2011\/\",\"name\":\"Paie dans le secteur public : tous les chiffres 2011 - Le Blog GERESO\",\"isPartOf\":{\"@id\":\"https:\/\/www.gereso.com\/actualites\/#website\"},\"datePublished\":\"2011-02-08T22:00:00+00:00\",\"dateModified\":\"2011-02-08T22:00:00+00:00\",\"author\":{\"@id\":\"https:\/\/www.gereso.com\/actualites\/#\/schema\/person\/197d8aef40cb4ae3f6a0aa9e1d3df2a6\"},\"breadcrumb\":{\"@id\":\"https:\/\/www.gereso.com\/actualites\/2011\/02\/09\/paie-dans-le-secteur-public-tous-les-chiffres-2011\/#breadcrumb\"},\"inLanguage\":\"fr-FR\",\"potentialAction\":[{\"@type\":\"ReadAction\",\"target\":[\"https:\/\/www.gereso.com\/actualites\/2011\/02\/09\/paie-dans-le-secteur-public-tous-les-chiffres-2011\/\"]}]},{\"@type\":\"BreadcrumbList\",\"@id\":\"https:\/\/www.gereso.com\/actualites\/2011\/02\/09\/paie-dans-le-secteur-public-tous-les-chiffres-2011\/#breadcrumb\",\"itemListElement\":[{\"@type\":\"ListItem\",\"position\":1,\"name\":\"Home\",\"item\":\"https:\/\/www.gereso.com\/actualites\/\"},{\"@type\":\"ListItem\",\"position\":2,\"name\":\"Paie dans le secteur public : tous les chiffres 2011\"}]},{\"@type\":\"WebSite\",\"@id\":\"https:\/\/www.gereso.com\/actualites\/#website\",\"url\":\"https:\/\/www.gereso.com\/actualites\/\",\"name\":\"Le Blog GERESO\",\"description\":\"Toute l&#039;actu RH, Finance, Fonction Publique, Management...\",\"potentialAction\":[{\"@type\":\"SearchAction\",\"target\":{\"@type\":\"EntryPoint\",\"urlTemplate\":\"https:\/\/www.gereso.com\/actualites\/?s={search_term_string}\"},\"query-input\":{\"@type\":\"PropertyValueSpecification\",\"valueRequired\":true,\"valueName\":\"search_term_string\"}}],\"inLanguage\":\"fr-FR\"},{\"@type\":\"Person\",\"@id\":\"https:\/\/www.gereso.com\/actualites\/#\/schema\/person\/197d8aef40cb4ae3f6a0aa9e1d3df2a6\",\"name\":\"\u00c9quipe GERESO\",\"image\":{\"@type\":\"ImageObject\",\"inLanguage\":\"fr-FR\",\"@id\":\"https:\/\/www.gereso.com\/actualites\/#\/schema\/person\/image\/\",\"url\":\"https:\/\/www.gereso.com\/actualites\/wp-content\/uploads\/2013\/12\/avatar-gereso-1.png\",\"contentUrl\":\"https:\/\/www.gereso.com\/actualites\/wp-content\/uploads\/2013\/12\/avatar-gereso-1.png\",\"caption\":\"\u00c9quipe GERESO\"},\"url\":\"https:\/\/www.gereso.com\/actualites\/author\/gereso\/\"}]}<\/script>\n<!-- \/ Yoast SEO plugin. -->","yoast_head_json":{"title":"Paie dans le secteur public : tous les chiffres 2011 - Le Blog GERESO","robots":{"index":"index","follow":"follow","max-snippet":"max-snippet:-1","max-image-preview":"max-image-preview:large","max-video-preview":"max-video-preview:-1"},"canonical":"https:\/\/www.gereso.com\/actualites\/2011\/02\/09\/paie-dans-le-secteur-public-tous-les-chiffres-2011\/","og_locale":"fr_FR","og_type":"article","og_title":"Paie dans le secteur public : tous les chiffres 2011 - Le Blog GERESO","og_description":"Montant du SMIC, revalorisation indiciaire, indemnit\u00e9 de r\u00e9sidence, contribution de solidarit\u00e9, plafond de la s\u00e9curit\u00e9 sociale, taux de cotisations&#8230; Retrouvez toutes les valeurs applicables au 1er janvier 2011 &gt; SMIC au 1er janvier 2011 &gt; Revalorisation indiciaire &gt; Indemnit\u00e9 de r\u00e9sidence &gt; Contribution de solidarit\u00e9 &gt; Plafond de s\u00e9curit\u00e9 sociale &gt; Taux de cotisations : [&hellip;]","og_url":"https:\/\/www.gereso.com\/actualites\/2011\/02\/09\/paie-dans-le-secteur-public-tous-les-chiffres-2011\/","og_site_name":"Le Blog GERESO","article_published_time":"2011-02-08T22:00:00+00:00","author":"\u00c9quipe GERESO","twitter_card":"summary_large_image","schema":{"@context":"https:\/\/schema.org","@graph":[{"@type":"WebPage","@id":"https:\/\/www.gereso.com\/actualites\/2011\/02\/09\/paie-dans-le-secteur-public-tous-les-chiffres-2011\/","url":"https:\/\/www.gereso.com\/actualites\/2011\/02\/09\/paie-dans-le-secteur-public-tous-les-chiffres-2011\/","name":"Paie dans le secteur public : tous les chiffres 2011 - Le Blog GERESO","isPartOf":{"@id":"https:\/\/www.gereso.com\/actualites\/#website"},"datePublished":"2011-02-08T22:00:00+00:00","dateModified":"2011-02-08T22:00:00+00:00","author":{"@id":"https:\/\/www.gereso.com\/actualites\/#\/schema\/person\/197d8aef40cb4ae3f6a0aa9e1d3df2a6"},"breadcrumb":{"@id":"https:\/\/www.gereso.com\/actualites\/2011\/02\/09\/paie-dans-le-secteur-public-tous-les-chiffres-2011\/#breadcrumb"},"inLanguage":"fr-FR","potentialAction":[{"@type":"ReadAction","target":["https:\/\/www.gereso.com\/actualites\/2011\/02\/09\/paie-dans-le-secteur-public-tous-les-chiffres-2011\/"]}]},{"@type":"BreadcrumbList","@id":"https:\/\/www.gereso.com\/actualites\/2011\/02\/09\/paie-dans-le-secteur-public-tous-les-chiffres-2011\/#breadcrumb","itemListElement":[{"@type":"ListItem","position":1,"name":"Home","item":"https:\/\/www.gereso.com\/actualites\/"},{"@type":"ListItem","position":2,"name":"Paie dans le secteur public : tous les chiffres 2011"}]},{"@type":"WebSite","@id":"https:\/\/www.gereso.com\/actualites\/#website","url":"https:\/\/www.gereso.com\/actualites\/","name":"Le Blog GERESO","description":"Toute l&#039;actu RH, Finance, Fonction Publique, Management...","potentialAction":[{"@type":"SearchAction","target":{"@type":"EntryPoint","urlTemplate":"https:\/\/www.gereso.com\/actualites\/?s={search_term_string}"},"query-input":{"@type":"PropertyValueSpecification","valueRequired":true,"valueName":"search_term_string"}}],"inLanguage":"fr-FR"},{"@type":"Person","@id":"https:\/\/www.gereso.com\/actualites\/#\/schema\/person\/197d8aef40cb4ae3f6a0aa9e1d3df2a6","name":"\u00c9quipe GERESO","image":{"@type":"ImageObject","inLanguage":"fr-FR","@id":"https:\/\/www.gereso.com\/actualites\/#\/schema\/person\/image\/","url":"https:\/\/www.gereso.com\/actualites\/wp-content\/uploads\/2013\/12\/avatar-gereso-1.png","contentUrl":"https:\/\/www.gereso.com\/actualites\/wp-content\/uploads\/2013\/12\/avatar-gereso-1.png","caption":"\u00c9quipe GERESO"},"url":"https:\/\/www.gereso.com\/actualites\/author\/gereso\/"}]}},"_links":{"self":[{"href":"https:\/\/www.gereso.com\/actualites\/wp-json\/wp\/v2\/posts\/2206","targetHints":{"allow":["GET"]}}],"collection":[{"href":"https:\/\/www.gereso.com\/actualites\/wp-json\/wp\/v2\/posts"}],"about":[{"href":"https:\/\/www.gereso.com\/actualites\/wp-json\/wp\/v2\/types\/post"}],"author":[{"embeddable":true,"href":"https:\/\/www.gereso.com\/actualites\/wp-json\/wp\/v2\/users\/32"}],"replies":[{"embeddable":true,"href":"https:\/\/www.gereso.com\/actualites\/wp-json\/wp\/v2\/comments?post=2206"}],"version-history":[{"count":0,"href":"https:\/\/www.gereso.com\/actualites\/wp-json\/wp\/v2\/posts\/2206\/revisions"}],"wp:attachment":[{"href":"https:\/\/www.gereso.com\/actualites\/wp-json\/wp\/v2\/media?parent=2206"}],"wp:term":[{"taxonomy":"category","embeddable":true,"href":"https:\/\/www.gereso.com\/actualites\/wp-json\/wp\/v2\/categories?post=2206"},{"taxonomy":"post_tag","embeddable":true,"href":"https:\/\/www.gereso.com\/actualites\/wp-json\/wp\/v2\/tags?post=2206"}],"curies":[{"name":"wp","href":"https:\/\/api.w.org\/{rel}","templated":true}]}}