{"id":2213,"date":"2011-03-11T00:00:00","date_gmt":"2011-03-10T22:00:00","guid":{"rendered":"https:\/\/www.gereso.com\/actualites\/2011\/03\/prime-de-fonction-et-de-resultats-pour-les-directeurs-territoriaux-attaches-principaux-et-territoriaux\/"},"modified":"2011-03-11T00:00:00","modified_gmt":"2011-03-10T22:00:00","slug":"prime-de-fonction-et-de-resultats-pour-les-directeurs-territoriaux-attaches-principaux-et-territoriaux","status":"publish","type":"post","link":"https:\/\/www.gereso.com\/actualites\/2011\/03\/11\/prime-de-fonction-et-de-resultats-pour-les-directeurs-territoriaux-attaches-principaux-et-territoriaux\/","title":{"rendered":"Prime de fonction et de r\u00e9sultats pour les directeurs territoriaux, attach\u00e9s principaux et territoriaux"},"content":{"rendered":"<p>L&rsquo;application de la prime de fonctions et de r\u00e9sultats (PFR) dans la fonction publique territoriale est subordonn\u00e9e \u00e0 la parution d&rsquo;arr\u00eat\u00e9s qui d\u00e9finissent pour chaque minist\u00e8re la liste des corps et emplois b\u00e9n\u00e9ficiaires.<\/p>\n<p>L&rsquo;arr\u00eat\u00e9 du 9 f\u00e9vrier 2011 publi\u00e9 au Journal officiel du 19 f\u00e9vrier 2011 fixe pour le minist\u00e8re de l&rsquo;Int\u00e9rieur la liste des corps et emplois b\u00e9n\u00e9ficiaires de la PFR et permet, par cons\u00e9quent, l&rsquo;application de la PFR aux directeurs territoriaux, aux attach\u00e9s principaux et aux attach\u00e9s territoriaux \u00e0 compter du 1er janvier 2011.<\/p>\n<p>\u00a0<\/p>\n<p>Source : Arr\u00eat\u00e9 du 9 f\u00e9vrier 2011 fixant les corps et emplois b\u00e9n\u00e9ficiant de la prime de fonctions et de r\u00e9sultats<\/p>\n<p>\u00a0<\/p>\n<p><strong>Les montants annuels de r\u00e9f\u00e9rence de la prime de fonctions et de r\u00e9sultats sont les suivants :<\/strong><\/p>\n<p>\u00a0<\/p>\n<table border=\"1\" cellspacing=\"0\" cellpadding=\"0\">\n<tbody>\n<tr>\n<td style=\"text-align: center;\" width=\"230\">\n<p><strong>CORPS, GRADES ET EMPLOIS B\u00c9N\u00c9FICIAIRESde la prime de fonctions et de r\u00e9sultats<\/strong><\/p>\n<\/td>\n<td style=\"text-align: center;\" width=\"230\">\n<p><strong>GRADES OU EMPLOIS PERMETTANT LA D\u00c9TERMINATION du montant de r\u00e9f\u00e9rence applicable\u00a0 (arr\u00eat\u00e9 du 22 d\u00e9cembre 2008)<\/strong><\/p>\n<\/td>\n<\/tr>\n<tr>\n<td style=\"text-align: center;\" width=\"230\">\n<p>Attach\u00e9 d&rsquo;administration de l&rsquo;int\u00e9rieur et de l&rsquo;outre-mer<strong>\u00a0<\/strong><\/p>\n<\/td>\n<td style=\"text-align: center;\" width=\"230\">\n<p>Attach\u00e9 d&rsquo;administration<strong><br \/><\/strong><\/p>\n<\/td>\n<\/tr>\n<tr>\n<td style=\"text-align: center;\" width=\"230\">\n<p>Attach\u00e9 principal d&rsquo;administration de l&rsquo;int\u00e9rieur et de l&rsquo;outre-mer\u00a0 Directeurs de pr\u00e9fecture<\/p>\n<\/td>\n<td style=\"text-align: center;\" width=\"230\">\n<p>Attach\u00e9 principal d&rsquo;administration<strong>\u00a0<\/strong><\/p>\n<p><strong>\u00a0<\/strong><\/p>\n<\/td>\n<\/tr>\n<tr>\n<td style=\"text-align: center;\" width=\"230\">\n<p>Conseiller d&rsquo;administration de l&rsquo;int\u00e9rieur et de l&rsquo;outre-mer<strong><br \/><\/strong><\/p>\n<\/td>\n<td style=\"text-align: center;\" width=\"230\">\n<p>Emploi fonctionnel<strong><br \/><\/strong><\/p>\n<\/td>\n<\/tr>\n<\/tbody>\n<\/table>\n<p class=\"reference\"><strong><br \/><\/strong><\/p>\n","protected":false},"excerpt":{"rendered":"<p>L&rsquo;application de la prime de fonctions et de r\u00e9sultats (PFR) dans la fonction publique territoriale est subordonn\u00e9e \u00e0 la parution d&rsquo;arr\u00eat\u00e9s qui d\u00e9finissent pour chaque minist\u00e8re la liste des corps et emplois b\u00e9n\u00e9ficiaires. L&rsquo;arr\u00eat\u00e9 du 9 f\u00e9vrier 2011 publi\u00e9 au Journal officiel du 19 f\u00e9vrier 2011 fixe pour le minist\u00e8re de l&rsquo;Int\u00e9rieur la liste des [&hellip;]<\/p>\n","protected":false},"author":32,"featured_media":0,"comment_status":"open","ping_status":"open","sticky":false,"template":"","format":"standard","meta":{"_acf_changed":false,"_mi_skip_tracking":false,"footnotes":""},"categories":[8],"tags":[],"class_list":["post-2213","post","type-post","status-publish","format-standard","hentry","category-paie-et-administration-du-personnel"],"acf":[],"yoast_head":"<!-- This site is optimized with the Yoast SEO plugin v23.4 - https:\/\/yoast.com\/wordpress\/plugins\/seo\/ -->\n<title>Prime de fonction et de r\u00e9sultats pour les directeurs territoriaux, attach\u00e9s principaux et territoriaux - Le Blog GERESO<\/title>\n<meta name=\"robots\" content=\"index, follow, max-snippet:-1, max-image-preview:large, max-video-preview:-1\" \/>\n<link rel=\"canonical\" href=\"https:\/\/www.gereso.com\/actualites\/2011\/03\/11\/prime-de-fonction-et-de-resultats-pour-les-directeurs-territoriaux-attaches-principaux-et-territoriaux\/\" \/>\n<meta property=\"og:locale\" content=\"fr_FR\" \/>\n<meta property=\"og:type\" content=\"article\" \/>\n<meta property=\"og:title\" content=\"Prime de fonction et de r\u00e9sultats pour les directeurs territoriaux, attach\u00e9s principaux et territoriaux - Le Blog GERESO\" \/>\n<meta property=\"og:description\" content=\"L&rsquo;application de la prime de fonctions et de r\u00e9sultats (PFR) dans la fonction publique territoriale est subordonn\u00e9e \u00e0 la parution d&rsquo;arr\u00eat\u00e9s qui d\u00e9finissent pour chaque minist\u00e8re la liste des corps et emplois b\u00e9n\u00e9ficiaires. L&rsquo;arr\u00eat\u00e9 du 9 f\u00e9vrier 2011 publi\u00e9 au Journal officiel du 19 f\u00e9vrier 2011 fixe pour le minist\u00e8re de l&rsquo;Int\u00e9rieur la liste des [&hellip;]\" \/>\n<meta property=\"og:url\" content=\"https:\/\/www.gereso.com\/actualites\/2011\/03\/11\/prime-de-fonction-et-de-resultats-pour-les-directeurs-territoriaux-attaches-principaux-et-territoriaux\/\" \/>\n<meta property=\"og:site_name\" content=\"Le Blog GERESO\" \/>\n<meta property=\"article:published_time\" content=\"2011-03-10T22:00:00+00:00\" \/>\n<meta name=\"author\" content=\"\u00c9quipe GERESO\" \/>\n<meta name=\"twitter:card\" content=\"summary_large_image\" \/>\n<script type=\"application\/ld+json\" class=\"yoast-schema-graph\">{\"@context\":\"https:\/\/schema.org\",\"@graph\":[{\"@type\":\"WebPage\",\"@id\":\"https:\/\/www.gereso.com\/actualites\/2011\/03\/11\/prime-de-fonction-et-de-resultats-pour-les-directeurs-territoriaux-attaches-principaux-et-territoriaux\/\",\"url\":\"https:\/\/www.gereso.com\/actualites\/2011\/03\/11\/prime-de-fonction-et-de-resultats-pour-les-directeurs-territoriaux-attaches-principaux-et-territoriaux\/\",\"name\":\"Prime de fonction et de r\u00e9sultats pour les directeurs territoriaux, attach\u00e9s principaux et territoriaux - Le Blog GERESO\",\"isPartOf\":{\"@id\":\"https:\/\/www.gereso.com\/actualites\/#website\"},\"datePublished\":\"2011-03-10T22:00:00+00:00\",\"dateModified\":\"2011-03-10T22:00:00+00:00\",\"author\":{\"@id\":\"https:\/\/www.gereso.com\/actualites\/#\/schema\/person\/197d8aef40cb4ae3f6a0aa9e1d3df2a6\"},\"breadcrumb\":{\"@id\":\"https:\/\/www.gereso.com\/actualites\/2011\/03\/11\/prime-de-fonction-et-de-resultats-pour-les-directeurs-territoriaux-attaches-principaux-et-territoriaux\/#breadcrumb\"},\"inLanguage\":\"fr-FR\",\"potentialAction\":[{\"@type\":\"ReadAction\",\"target\":[\"https:\/\/www.gereso.com\/actualites\/2011\/03\/11\/prime-de-fonction-et-de-resultats-pour-les-directeurs-territoriaux-attaches-principaux-et-territoriaux\/\"]}]},{\"@type\":\"BreadcrumbList\",\"@id\":\"https:\/\/www.gereso.com\/actualites\/2011\/03\/11\/prime-de-fonction-et-de-resultats-pour-les-directeurs-territoriaux-attaches-principaux-et-territoriaux\/#breadcrumb\",\"itemListElement\":[{\"@type\":\"ListItem\",\"position\":1,\"name\":\"Home\",\"item\":\"https:\/\/www.gereso.com\/actualites\/\"},{\"@type\":\"ListItem\",\"position\":2,\"name\":\"Prime de fonction et de r\u00e9sultats pour les directeurs territoriaux, attach\u00e9s principaux et territoriaux\"}]},{\"@type\":\"WebSite\",\"@id\":\"https:\/\/www.gereso.com\/actualites\/#website\",\"url\":\"https:\/\/www.gereso.com\/actualites\/\",\"name\":\"Le Blog GERESO\",\"description\":\"Toute l&#039;actu RH, Finance, Fonction Publique, Management...\",\"potentialAction\":[{\"@type\":\"SearchAction\",\"target\":{\"@type\":\"EntryPoint\",\"urlTemplate\":\"https:\/\/www.gereso.com\/actualites\/?s={search_term_string}\"},\"query-input\":{\"@type\":\"PropertyValueSpecification\",\"valueRequired\":true,\"valueName\":\"search_term_string\"}}],\"inLanguage\":\"fr-FR\"},{\"@type\":\"Person\",\"@id\":\"https:\/\/www.gereso.com\/actualites\/#\/schema\/person\/197d8aef40cb4ae3f6a0aa9e1d3df2a6\",\"name\":\"\u00c9quipe GERESO\",\"image\":{\"@type\":\"ImageObject\",\"inLanguage\":\"fr-FR\",\"@id\":\"https:\/\/www.gereso.com\/actualites\/#\/schema\/person\/image\/\",\"url\":\"https:\/\/www.gereso.com\/actualites\/wp-content\/uploads\/2013\/12\/avatar-gereso-1.png\",\"contentUrl\":\"https:\/\/www.gereso.com\/actualites\/wp-content\/uploads\/2013\/12\/avatar-gereso-1.png\",\"caption\":\"\u00c9quipe GERESO\"},\"url\":\"https:\/\/www.gereso.com\/actualites\/author\/gereso\/\"}]}<\/script>\n<!-- \/ Yoast SEO plugin. -->","yoast_head_json":{"title":"Prime de fonction et de r\u00e9sultats pour les directeurs territoriaux, attach\u00e9s principaux et territoriaux - Le Blog GERESO","robots":{"index":"index","follow":"follow","max-snippet":"max-snippet:-1","max-image-preview":"max-image-preview:large","max-video-preview":"max-video-preview:-1"},"canonical":"https:\/\/www.gereso.com\/actualites\/2011\/03\/11\/prime-de-fonction-et-de-resultats-pour-les-directeurs-territoriaux-attaches-principaux-et-territoriaux\/","og_locale":"fr_FR","og_type":"article","og_title":"Prime de fonction et de r\u00e9sultats pour les directeurs territoriaux, attach\u00e9s principaux et territoriaux - Le Blog GERESO","og_description":"L&rsquo;application de la prime de fonctions et de r\u00e9sultats (PFR) dans la fonction publique territoriale est subordonn\u00e9e \u00e0 la parution d&rsquo;arr\u00eat\u00e9s qui d\u00e9finissent pour chaque minist\u00e8re la liste des corps et emplois b\u00e9n\u00e9ficiaires. L&rsquo;arr\u00eat\u00e9 du 9 f\u00e9vrier 2011 publi\u00e9 au Journal officiel du 19 f\u00e9vrier 2011 fixe pour le minist\u00e8re de l&rsquo;Int\u00e9rieur la liste des [&hellip;]","og_url":"https:\/\/www.gereso.com\/actualites\/2011\/03\/11\/prime-de-fonction-et-de-resultats-pour-les-directeurs-territoriaux-attaches-principaux-et-territoriaux\/","og_site_name":"Le Blog GERESO","article_published_time":"2011-03-10T22:00:00+00:00","author":"\u00c9quipe GERESO","twitter_card":"summary_large_image","schema":{"@context":"https:\/\/schema.org","@graph":[{"@type":"WebPage","@id":"https:\/\/www.gereso.com\/actualites\/2011\/03\/11\/prime-de-fonction-et-de-resultats-pour-les-directeurs-territoriaux-attaches-principaux-et-territoriaux\/","url":"https:\/\/www.gereso.com\/actualites\/2011\/03\/11\/prime-de-fonction-et-de-resultats-pour-les-directeurs-territoriaux-attaches-principaux-et-territoriaux\/","name":"Prime de fonction et de r\u00e9sultats pour les directeurs territoriaux, attach\u00e9s principaux et territoriaux - Le Blog GERESO","isPartOf":{"@id":"https:\/\/www.gereso.com\/actualites\/#website"},"datePublished":"2011-03-10T22:00:00+00:00","dateModified":"2011-03-10T22:00:00+00:00","author":{"@id":"https:\/\/www.gereso.com\/actualites\/#\/schema\/person\/197d8aef40cb4ae3f6a0aa9e1d3df2a6"},"breadcrumb":{"@id":"https:\/\/www.gereso.com\/actualites\/2011\/03\/11\/prime-de-fonction-et-de-resultats-pour-les-directeurs-territoriaux-attaches-principaux-et-territoriaux\/#breadcrumb"},"inLanguage":"fr-FR","potentialAction":[{"@type":"ReadAction","target":["https:\/\/www.gereso.com\/actualites\/2011\/03\/11\/prime-de-fonction-et-de-resultats-pour-les-directeurs-territoriaux-attaches-principaux-et-territoriaux\/"]}]},{"@type":"BreadcrumbList","@id":"https:\/\/www.gereso.com\/actualites\/2011\/03\/11\/prime-de-fonction-et-de-resultats-pour-les-directeurs-territoriaux-attaches-principaux-et-territoriaux\/#breadcrumb","itemListElement":[{"@type":"ListItem","position":1,"name":"Home","item":"https:\/\/www.gereso.com\/actualites\/"},{"@type":"ListItem","position":2,"name":"Prime de fonction et de r\u00e9sultats pour les directeurs territoriaux, attach\u00e9s principaux et territoriaux"}]},{"@type":"WebSite","@id":"https:\/\/www.gereso.com\/actualites\/#website","url":"https:\/\/www.gereso.com\/actualites\/","name":"Le Blog GERESO","description":"Toute l&#039;actu RH, Finance, Fonction Publique, Management...","potentialAction":[{"@type":"SearchAction","target":{"@type":"EntryPoint","urlTemplate":"https:\/\/www.gereso.com\/actualites\/?s={search_term_string}"},"query-input":{"@type":"PropertyValueSpecification","valueRequired":true,"valueName":"search_term_string"}}],"inLanguage":"fr-FR"},{"@type":"Person","@id":"https:\/\/www.gereso.com\/actualites\/#\/schema\/person\/197d8aef40cb4ae3f6a0aa9e1d3df2a6","name":"\u00c9quipe GERESO","image":{"@type":"ImageObject","inLanguage":"fr-FR","@id":"https:\/\/www.gereso.com\/actualites\/#\/schema\/person\/image\/","url":"https:\/\/www.gereso.com\/actualites\/wp-content\/uploads\/2013\/12\/avatar-gereso-1.png","contentUrl":"https:\/\/www.gereso.com\/actualites\/wp-content\/uploads\/2013\/12\/avatar-gereso-1.png","caption":"\u00c9quipe GERESO"},"url":"https:\/\/www.gereso.com\/actualites\/author\/gereso\/"}]}},"_links":{"self":[{"href":"https:\/\/www.gereso.com\/actualites\/wp-json\/wp\/v2\/posts\/2213","targetHints":{"allow":["GET"]}}],"collection":[{"href":"https:\/\/www.gereso.com\/actualites\/wp-json\/wp\/v2\/posts"}],"about":[{"href":"https:\/\/www.gereso.com\/actualites\/wp-json\/wp\/v2\/types\/post"}],"author":[{"embeddable":true,"href":"https:\/\/www.gereso.com\/actualites\/wp-json\/wp\/v2\/users\/32"}],"replies":[{"embeddable":true,"href":"https:\/\/www.gereso.com\/actualites\/wp-json\/wp\/v2\/comments?post=2213"}],"version-history":[{"count":0,"href":"https:\/\/www.gereso.com\/actualites\/wp-json\/wp\/v2\/posts\/2213\/revisions"}],"wp:attachment":[{"href":"https:\/\/www.gereso.com\/actualites\/wp-json\/wp\/v2\/media?parent=2213"}],"wp:term":[{"taxonomy":"category","embeddable":true,"href":"https:\/\/www.gereso.com\/actualites\/wp-json\/wp\/v2\/categories?post=2213"},{"taxonomy":"post_tag","embeddable":true,"href":"https:\/\/www.gereso.com\/actualites\/wp-json\/wp\/v2\/tags?post=2213"}],"curies":[{"name":"wp","href":"https:\/\/api.w.org\/{rel}","templated":true}]}}