{"id":2224,"date":"2011-09-08T00:00:00","date_gmt":"2011-09-07T22:00:00","guid":{"rendered":"https:\/\/www.gereso.com\/actualites\/2011\/09\/projet-de-reforme-du-supplement-familial-de-traitement-sft\/"},"modified":"2011-09-08T00:00:00","modified_gmt":"2011-09-07T22:00:00","slug":"projet-de-reforme-du-supplement-familial-de-traitement-sft","status":"publish","type":"post","link":"https:\/\/www.gereso.com\/actualites\/2011\/09\/08\/projet-de-reforme-du-supplement-familial-de-traitement-sft\/","title":{"rendered":"Projet de r\u00e9forme du Suppl\u00e9ment Familial de Traitement (SFT)"},"content":{"rendered":"<p>Depuis 2009, le gouvernement a engag\u00e9 avec les syndicats des discussions visant \u00e0 r\u00e9former le Suppl\u00e9ment Familial de Traitement (SFT). Le projet devrait \u00eatre pr\u00e9sent\u00e9 courant septembre 2011 pour une application au 1er janvier 2012.<\/p>\n<p>La volont\u00e9 de r\u00e9forme s&rsquo;inscrit dans un cadre de modernisation du dispositif afin d&rsquo;att\u00e9nuer entre autres le caract\u00e8re in\u00e9galitaire du Suppl\u00e9ment Familial de Traitement (SFT) actuellement index\u00e9 pour partie sur les indices des agents.<\/p>\n<p>Il est \u00e9galement pr\u00e9vu de prendre en compte la situation des enfants en garde altern\u00e9e en ce qui concerne le versement du SFT en cas de s\u00e9paration.<\/p>\n<p>Ce nouveau dispositif serait mis en place progressivement de 2012 \u00e0 2017 et \u00e0 budget constant.<\/p>\n<h2>Les nouveaux montants<\/h2>\n<p>Nombre d&rsquo;enfants : 1<br \/>Dispositif actuel : 2,29 &euro;<br \/>Projet : 30 &euro;<\/p>\n<p>Nombre d&rsquo;enfants : 2<br \/>Dispositif actuel : 73,04 &euro; \u00e0 110,27 &euro;<br \/>Projet : 73 &euro;<\/p>\n<p>Nombre d&rsquo;enfants : 3<br \/>Dispositif actuel : 181,56 &euro; \u00e0 280,83 &euro;<br \/>Projet : 181 &euro;<\/p>\n<p>Par enfant suppl\u00e9mentaire :<br \/>Dispositif actuel : 129,31 &euro; \u00e0 203,77 &euro;<br \/>Projet : 129 &euro;<\/p>\n<p>Le projet de juin 2011, initi\u00e9 par le ministre de la fonction publique de l&rsquo;\u00e9poque, George Tron, pr\u00e9voyait que les montants actuels, proportionnels au traitement seraient modifi\u00e9s au profit de montants forfaitaires, croissant en fonction du nombre d&rsquo;enfants \u00e0 charge.<\/p>\n<p>De m\u00eame, une clause de sauvegarde \u00e9tait pr\u00e9vue permettant aux agents de conserver le montant le plus favorable entre l&rsquo;ancien mode de calcul et le nouveau tant que leur situation familiale n&rsquo;est pas modifi\u00e9e.<\/p>\n<p>Lorsqu&rsquo;un nouvel enfant arriverait au foyer ou lorsqu&rsquo;un des enfants cesserait d&rsquo;\u00eatre \u00e0 charge, le nouveau bar\u00e8me forfaitaire s&rsquo;appliquerait obligatoirement.<\/p>\n<p>Ces dispositions seront-elles reprises lors des n\u00e9gociations par son successeur Fran\u00e7ois Sauvadet&nbsp;?<\/p>\n","protected":false},"excerpt":{"rendered":"<p>Depuis 2009, le gouvernement a engag\u00e9 avec les syndicats des discussions visant \u00e0 r\u00e9former le Suppl\u00e9ment Familial de Traitement (SFT). Le projet devrait \u00eatre pr\u00e9sent\u00e9 courant septembre 2011 pour une application au 1er janvier 2012. La volont\u00e9 de r\u00e9forme s&rsquo;inscrit dans un cadre de modernisation du dispositif afin d&rsquo;att\u00e9nuer entre autres le caract\u00e8re in\u00e9galitaire du [&hellip;]<\/p>\n","protected":false},"author":32,"featured_media":0,"comment_status":"open","ping_status":"open","sticky":false,"template":"","format":"standard","meta":{"_acf_changed":false,"_mi_skip_tracking":false,"footnotes":""},"categories":[8],"tags":[],"class_list":["post-2224","post","type-post","status-publish","format-standard","hentry","category-paie-et-administration-du-personnel"],"acf":[],"yoast_head":"<!-- This site is optimized with the Yoast SEO plugin v23.4 - https:\/\/yoast.com\/wordpress\/plugins\/seo\/ -->\n<title>Projet de r\u00e9forme du Suppl\u00e9ment Familial de Traitement (SFT) - Le Blog GERESO<\/title>\n<meta name=\"robots\" content=\"index, follow, max-snippet:-1, max-image-preview:large, max-video-preview:-1\" \/>\n<link rel=\"canonical\" href=\"https:\/\/www.gereso.com\/actualites\/2011\/09\/08\/projet-de-reforme-du-supplement-familial-de-traitement-sft\/\" \/>\n<meta property=\"og:locale\" content=\"fr_FR\" \/>\n<meta property=\"og:type\" content=\"article\" \/>\n<meta property=\"og:title\" content=\"Projet de r\u00e9forme du Suppl\u00e9ment Familial de Traitement (SFT) - Le Blog GERESO\" \/>\n<meta property=\"og:description\" content=\"Depuis 2009, le gouvernement a engag\u00e9 avec les syndicats des discussions visant \u00e0 r\u00e9former le Suppl\u00e9ment Familial de Traitement (SFT). Le projet devrait \u00eatre pr\u00e9sent\u00e9 courant septembre 2011 pour une application au 1er janvier 2012. La volont\u00e9 de r\u00e9forme s&rsquo;inscrit dans un cadre de modernisation du dispositif afin d&rsquo;att\u00e9nuer entre autres le caract\u00e8re in\u00e9galitaire du [&hellip;]\" \/>\n<meta property=\"og:url\" content=\"https:\/\/www.gereso.com\/actualites\/2011\/09\/08\/projet-de-reforme-du-supplement-familial-de-traitement-sft\/\" \/>\n<meta property=\"og:site_name\" content=\"Le Blog GERESO\" \/>\n<meta property=\"article:published_time\" content=\"2011-09-07T22:00:00+00:00\" \/>\n<meta name=\"author\" content=\"\u00c9quipe GERESO\" \/>\n<meta name=\"twitter:card\" content=\"summary_large_image\" \/>\n<script type=\"application\/ld+json\" class=\"yoast-schema-graph\">{\"@context\":\"https:\/\/schema.org\",\"@graph\":[{\"@type\":\"WebPage\",\"@id\":\"https:\/\/www.gereso.com\/actualites\/2011\/09\/08\/projet-de-reforme-du-supplement-familial-de-traitement-sft\/\",\"url\":\"https:\/\/www.gereso.com\/actualites\/2011\/09\/08\/projet-de-reforme-du-supplement-familial-de-traitement-sft\/\",\"name\":\"Projet de r\u00e9forme du Suppl\u00e9ment Familial de Traitement (SFT) - Le Blog GERESO\",\"isPartOf\":{\"@id\":\"https:\/\/www.gereso.com\/actualites\/#website\"},\"datePublished\":\"2011-09-07T22:00:00+00:00\",\"dateModified\":\"2011-09-07T22:00:00+00:00\",\"author\":{\"@id\":\"https:\/\/www.gereso.com\/actualites\/#\/schema\/person\/197d8aef40cb4ae3f6a0aa9e1d3df2a6\"},\"breadcrumb\":{\"@id\":\"https:\/\/www.gereso.com\/actualites\/2011\/09\/08\/projet-de-reforme-du-supplement-familial-de-traitement-sft\/#breadcrumb\"},\"inLanguage\":\"fr-FR\",\"potentialAction\":[{\"@type\":\"ReadAction\",\"target\":[\"https:\/\/www.gereso.com\/actualites\/2011\/09\/08\/projet-de-reforme-du-supplement-familial-de-traitement-sft\/\"]}]},{\"@type\":\"BreadcrumbList\",\"@id\":\"https:\/\/www.gereso.com\/actualites\/2011\/09\/08\/projet-de-reforme-du-supplement-familial-de-traitement-sft\/#breadcrumb\",\"itemListElement\":[{\"@type\":\"ListItem\",\"position\":1,\"name\":\"Home\",\"item\":\"https:\/\/www.gereso.com\/actualites\/\"},{\"@type\":\"ListItem\",\"position\":2,\"name\":\"Projet de r\u00e9forme du Suppl\u00e9ment Familial de Traitement (SFT)\"}]},{\"@type\":\"WebSite\",\"@id\":\"https:\/\/www.gereso.com\/actualites\/#website\",\"url\":\"https:\/\/www.gereso.com\/actualites\/\",\"name\":\"Le Blog GERESO\",\"description\":\"Toute l&#039;actu RH, Finance, Fonction Publique, Management...\",\"potentialAction\":[{\"@type\":\"SearchAction\",\"target\":{\"@type\":\"EntryPoint\",\"urlTemplate\":\"https:\/\/www.gereso.com\/actualites\/?s={search_term_string}\"},\"query-input\":{\"@type\":\"PropertyValueSpecification\",\"valueRequired\":true,\"valueName\":\"search_term_string\"}}],\"inLanguage\":\"fr-FR\"},{\"@type\":\"Person\",\"@id\":\"https:\/\/www.gereso.com\/actualites\/#\/schema\/person\/197d8aef40cb4ae3f6a0aa9e1d3df2a6\",\"name\":\"\u00c9quipe GERESO\",\"image\":{\"@type\":\"ImageObject\",\"inLanguage\":\"fr-FR\",\"@id\":\"https:\/\/www.gereso.com\/actualites\/#\/schema\/person\/image\/\",\"url\":\"https:\/\/www.gereso.com\/actualites\/wp-content\/uploads\/2013\/12\/avatar-gereso-1.png\",\"contentUrl\":\"https:\/\/www.gereso.com\/actualites\/wp-content\/uploads\/2013\/12\/avatar-gereso-1.png\",\"caption\":\"\u00c9quipe GERESO\"},\"url\":\"https:\/\/www.gereso.com\/actualites\/author\/gereso\/\"}]}<\/script>\n<!-- \/ Yoast SEO plugin. -->","yoast_head_json":{"title":"Projet de r\u00e9forme du Suppl\u00e9ment Familial de Traitement (SFT) - Le Blog GERESO","robots":{"index":"index","follow":"follow","max-snippet":"max-snippet:-1","max-image-preview":"max-image-preview:large","max-video-preview":"max-video-preview:-1"},"canonical":"https:\/\/www.gereso.com\/actualites\/2011\/09\/08\/projet-de-reforme-du-supplement-familial-de-traitement-sft\/","og_locale":"fr_FR","og_type":"article","og_title":"Projet de r\u00e9forme du Suppl\u00e9ment Familial de Traitement (SFT) - Le Blog GERESO","og_description":"Depuis 2009, le gouvernement a engag\u00e9 avec les syndicats des discussions visant \u00e0 r\u00e9former le Suppl\u00e9ment Familial de Traitement (SFT). Le projet devrait \u00eatre pr\u00e9sent\u00e9 courant septembre 2011 pour une application au 1er janvier 2012. La volont\u00e9 de r\u00e9forme s&rsquo;inscrit dans un cadre de modernisation du dispositif afin d&rsquo;att\u00e9nuer entre autres le caract\u00e8re in\u00e9galitaire du [&hellip;]","og_url":"https:\/\/www.gereso.com\/actualites\/2011\/09\/08\/projet-de-reforme-du-supplement-familial-de-traitement-sft\/","og_site_name":"Le Blog GERESO","article_published_time":"2011-09-07T22:00:00+00:00","author":"\u00c9quipe GERESO","twitter_card":"summary_large_image","schema":{"@context":"https:\/\/schema.org","@graph":[{"@type":"WebPage","@id":"https:\/\/www.gereso.com\/actualites\/2011\/09\/08\/projet-de-reforme-du-supplement-familial-de-traitement-sft\/","url":"https:\/\/www.gereso.com\/actualites\/2011\/09\/08\/projet-de-reforme-du-supplement-familial-de-traitement-sft\/","name":"Projet de r\u00e9forme du Suppl\u00e9ment Familial de Traitement (SFT) - Le Blog GERESO","isPartOf":{"@id":"https:\/\/www.gereso.com\/actualites\/#website"},"datePublished":"2011-09-07T22:00:00+00:00","dateModified":"2011-09-07T22:00:00+00:00","author":{"@id":"https:\/\/www.gereso.com\/actualites\/#\/schema\/person\/197d8aef40cb4ae3f6a0aa9e1d3df2a6"},"breadcrumb":{"@id":"https:\/\/www.gereso.com\/actualites\/2011\/09\/08\/projet-de-reforme-du-supplement-familial-de-traitement-sft\/#breadcrumb"},"inLanguage":"fr-FR","potentialAction":[{"@type":"ReadAction","target":["https:\/\/www.gereso.com\/actualites\/2011\/09\/08\/projet-de-reforme-du-supplement-familial-de-traitement-sft\/"]}]},{"@type":"BreadcrumbList","@id":"https:\/\/www.gereso.com\/actualites\/2011\/09\/08\/projet-de-reforme-du-supplement-familial-de-traitement-sft\/#breadcrumb","itemListElement":[{"@type":"ListItem","position":1,"name":"Home","item":"https:\/\/www.gereso.com\/actualites\/"},{"@type":"ListItem","position":2,"name":"Projet de r\u00e9forme du Suppl\u00e9ment Familial de Traitement (SFT)"}]},{"@type":"WebSite","@id":"https:\/\/www.gereso.com\/actualites\/#website","url":"https:\/\/www.gereso.com\/actualites\/","name":"Le Blog GERESO","description":"Toute l&#039;actu RH, Finance, Fonction Publique, Management...","potentialAction":[{"@type":"SearchAction","target":{"@type":"EntryPoint","urlTemplate":"https:\/\/www.gereso.com\/actualites\/?s={search_term_string}"},"query-input":{"@type":"PropertyValueSpecification","valueRequired":true,"valueName":"search_term_string"}}],"inLanguage":"fr-FR"},{"@type":"Person","@id":"https:\/\/www.gereso.com\/actualites\/#\/schema\/person\/197d8aef40cb4ae3f6a0aa9e1d3df2a6","name":"\u00c9quipe GERESO","image":{"@type":"ImageObject","inLanguage":"fr-FR","@id":"https:\/\/www.gereso.com\/actualites\/#\/schema\/person\/image\/","url":"https:\/\/www.gereso.com\/actualites\/wp-content\/uploads\/2013\/12\/avatar-gereso-1.png","contentUrl":"https:\/\/www.gereso.com\/actualites\/wp-content\/uploads\/2013\/12\/avatar-gereso-1.png","caption":"\u00c9quipe GERESO"},"url":"https:\/\/www.gereso.com\/actualites\/author\/gereso\/"}]}},"_links":{"self":[{"href":"https:\/\/www.gereso.com\/actualites\/wp-json\/wp\/v2\/posts\/2224","targetHints":{"allow":["GET"]}}],"collection":[{"href":"https:\/\/www.gereso.com\/actualites\/wp-json\/wp\/v2\/posts"}],"about":[{"href":"https:\/\/www.gereso.com\/actualites\/wp-json\/wp\/v2\/types\/post"}],"author":[{"embeddable":true,"href":"https:\/\/www.gereso.com\/actualites\/wp-json\/wp\/v2\/users\/32"}],"replies":[{"embeddable":true,"href":"https:\/\/www.gereso.com\/actualites\/wp-json\/wp\/v2\/comments?post=2224"}],"version-history":[{"count":0,"href":"https:\/\/www.gereso.com\/actualites\/wp-json\/wp\/v2\/posts\/2224\/revisions"}],"wp:attachment":[{"href":"https:\/\/www.gereso.com\/actualites\/wp-json\/wp\/v2\/media?parent=2224"}],"wp:term":[{"taxonomy":"category","embeddable":true,"href":"https:\/\/www.gereso.com\/actualites\/wp-json\/wp\/v2\/categories?post=2224"},{"taxonomy":"post_tag","embeddable":true,"href":"https:\/\/www.gereso.com\/actualites\/wp-json\/wp\/v2\/tags?post=2224"}],"curies":[{"name":"wp","href":"https:\/\/api.w.org\/{rel}","templated":true}]}}