{"id":2237,"date":"2011-12-14T11:43:59","date_gmt":"2011-12-14T09:43:59","guid":{"rendered":"https:\/\/www.gereso.com\/actualites\/2011\/12\/prime-dobjectifs-labsence-de-fixation-dobjectifs-peut-justifier-une-resiliation-judiciaire-aux-torts-de-lemployeur\/"},"modified":"2011-12-14T11:43:59","modified_gmt":"2011-12-14T09:43:59","slug":"prime-dobjectifs-labsence-de-fixation-dobjectifs-peut-justifier-une-resiliation-judiciaire-aux-torts-de-lemployeur","status":"publish","type":"post","link":"https:\/\/www.gereso.com\/actualites\/2011\/12\/14\/prime-dobjectifs-labsence-de-fixation-dobjectifs-peut-justifier-une-resiliation-judiciaire-aux-torts-de-lemployeur\/","title":{"rendered":"Prime d&#039;objectifs : l&#039;absence de fixation d&#039;objectifs peut justifier une r\u00e9siliation judiciaire aux torts de l&#039;employeur"},"content":{"rendered":"<p>Lorsque le contrat de travail pr\u00e9voit que la r\u00e9mun\u00e9ration variable d\u00e9pend d&rsquo;objectifs fix\u00e9s annuellement par l&#8217;employeur, le d\u00e9faut de fixation de ces objectifs constitue un manquement justifiant la r\u00e9siliation judiciaire du contrat de travail aux torts de l&#8217;employeur.<\/p>\n<p>Tel \u00e9tait le cas dans cette affaire o\u00f9 l&#8217;employeur n&rsquo;avait pas fix\u00e9 d&rsquo;objectifs pendant plusieurs ann\u00e9es alors m\u00eame que la r\u00e9mun\u00e9ration du salari\u00e9 comportait des primes d&rsquo;objectifs. En pratique, il importait peu que l&#8217;employeur ait pay\u00e9, par la suite, la quasi-totalit\u00e9 du montant des primes au salari\u00e9.<\/p>\n<p>Pour m\u00e9moire, des faits presque similaires avaient amen\u00e9 la Cour de cassation \u00e0 consid\u00e9rer que le salari\u00e9 pouvait prendre acte de la rupture de son contrat de travail et que cette prise d&rsquo;acte produisait les effets d&rsquo;un licenciement sans cause r\u00e9elle et s\u00e9rieuse (cass. soc. 29 juin 2011, n\u00b0 09-65710 FSPB).<\/p>\n<p> Source : Cass. soc. 9 novembre 2011, n\u00b0 10-11658 D<\/p>\n","protected":false},"excerpt":{"rendered":"<p>Lorsque le contrat de travail pr\u00e9voit que la r\u00e9mun\u00e9ration variable d\u00e9pend d&rsquo;objectifs fix\u00e9s annuellement par l&#8217;employeur, le d\u00e9faut de fixation de ces objectifs constitue un manquement justifiant la r\u00e9siliation judiciaire du contrat de travail aux torts de l&#8217;employeur. Tel \u00e9tait le cas dans cette affaire o\u00f9 l&#8217;employeur n&rsquo;avait pas fix\u00e9 d&rsquo;objectifs pendant plusieurs ann\u00e9es alors [&hellip;]<\/p>\n","protected":false},"author":32,"featured_media":0,"comment_status":"open","ping_status":"open","sticky":false,"template":"","format":"standard","meta":{"_acf_changed":false,"_mi_skip_tracking":false,"footnotes":""},"categories":[5],"tags":[],"class_list":["post-2237","post","type-post","status-publish","format-standard","hentry","category-droit-du-travail"],"acf":[],"yoast_head":"<!-- This site is optimized with the Yoast SEO plugin v23.4 - https:\/\/yoast.com\/wordpress\/plugins\/seo\/ -->\n<title>Prime d&#039;objectifs : l&#039;absence de fixation d&#039;objectifs peut justifier une r\u00e9siliation judiciaire aux torts de l&#039;employeur - Le Blog GERESO<\/title>\n<meta name=\"robots\" content=\"index, follow, max-snippet:-1, max-image-preview:large, max-video-preview:-1\" \/>\n<link rel=\"canonical\" href=\"https:\/\/www.gereso.com\/actualites\/2011\/12\/14\/prime-dobjectifs-labsence-de-fixation-dobjectifs-peut-justifier-une-resiliation-judiciaire-aux-torts-de-lemployeur\/\" \/>\n<meta property=\"og:locale\" content=\"fr_FR\" \/>\n<meta property=\"og:type\" content=\"article\" \/>\n<meta property=\"og:title\" content=\"Prime d&#039;objectifs : l&#039;absence de fixation d&#039;objectifs peut justifier une r\u00e9siliation judiciaire aux torts de l&#039;employeur - Le Blog GERESO\" \/>\n<meta property=\"og:description\" content=\"Lorsque le contrat de travail pr\u00e9voit que la r\u00e9mun\u00e9ration variable d\u00e9pend d&rsquo;objectifs fix\u00e9s annuellement par l&#8217;employeur, le d\u00e9faut de fixation de ces objectifs constitue un manquement justifiant la r\u00e9siliation judiciaire du contrat de travail aux torts de l&#8217;employeur. Tel \u00e9tait le cas dans cette affaire o\u00f9 l&#8217;employeur n&rsquo;avait pas fix\u00e9 d&rsquo;objectifs pendant plusieurs ann\u00e9es alors [&hellip;]\" \/>\n<meta property=\"og:url\" content=\"https:\/\/www.gereso.com\/actualites\/2011\/12\/14\/prime-dobjectifs-labsence-de-fixation-dobjectifs-peut-justifier-une-resiliation-judiciaire-aux-torts-de-lemployeur\/\" \/>\n<meta property=\"og:site_name\" content=\"Le Blog GERESO\" \/>\n<meta property=\"article:published_time\" content=\"2011-12-14T09:43:59+00:00\" \/>\n<meta name=\"author\" content=\"\u00c9quipe GERESO\" \/>\n<meta name=\"twitter:card\" content=\"summary_large_image\" \/>\n<script type=\"application\/ld+json\" class=\"yoast-schema-graph\">{\"@context\":\"https:\/\/schema.org\",\"@graph\":[{\"@type\":\"WebPage\",\"@id\":\"https:\/\/www.gereso.com\/actualites\/2011\/12\/14\/prime-dobjectifs-labsence-de-fixation-dobjectifs-peut-justifier-une-resiliation-judiciaire-aux-torts-de-lemployeur\/\",\"url\":\"https:\/\/www.gereso.com\/actualites\/2011\/12\/14\/prime-dobjectifs-labsence-de-fixation-dobjectifs-peut-justifier-une-resiliation-judiciaire-aux-torts-de-lemployeur\/\",\"name\":\"Prime d&#039;objectifs : l&#039;absence de fixation d&#039;objectifs peut justifier une r\u00e9siliation judiciaire aux torts de l&#039;employeur - Le Blog GERESO\",\"isPartOf\":{\"@id\":\"https:\/\/www.gereso.com\/actualites\/#website\"},\"datePublished\":\"2011-12-14T09:43:59+00:00\",\"dateModified\":\"2011-12-14T09:43:59+00:00\",\"author\":{\"@id\":\"https:\/\/www.gereso.com\/actualites\/#\/schema\/person\/197d8aef40cb4ae3f6a0aa9e1d3df2a6\"},\"breadcrumb\":{\"@id\":\"https:\/\/www.gereso.com\/actualites\/2011\/12\/14\/prime-dobjectifs-labsence-de-fixation-dobjectifs-peut-justifier-une-resiliation-judiciaire-aux-torts-de-lemployeur\/#breadcrumb\"},\"inLanguage\":\"fr-FR\",\"potentialAction\":[{\"@type\":\"ReadAction\",\"target\":[\"https:\/\/www.gereso.com\/actualites\/2011\/12\/14\/prime-dobjectifs-labsence-de-fixation-dobjectifs-peut-justifier-une-resiliation-judiciaire-aux-torts-de-lemployeur\/\"]}]},{\"@type\":\"BreadcrumbList\",\"@id\":\"https:\/\/www.gereso.com\/actualites\/2011\/12\/14\/prime-dobjectifs-labsence-de-fixation-dobjectifs-peut-justifier-une-resiliation-judiciaire-aux-torts-de-lemployeur\/#breadcrumb\",\"itemListElement\":[{\"@type\":\"ListItem\",\"position\":1,\"name\":\"Home\",\"item\":\"https:\/\/www.gereso.com\/actualites\/\"},{\"@type\":\"ListItem\",\"position\":2,\"name\":\"Prime d&#039;objectifs : l&#039;absence de fixation d&#039;objectifs peut justifier une r\u00e9siliation judiciaire aux torts de l&#039;employeur\"}]},{\"@type\":\"WebSite\",\"@id\":\"https:\/\/www.gereso.com\/actualites\/#website\",\"url\":\"https:\/\/www.gereso.com\/actualites\/\",\"name\":\"Le Blog GERESO\",\"description\":\"Toute l&#039;actu RH, Finance, Fonction Publique, Management...\",\"potentialAction\":[{\"@type\":\"SearchAction\",\"target\":{\"@type\":\"EntryPoint\",\"urlTemplate\":\"https:\/\/www.gereso.com\/actualites\/?s={search_term_string}\"},\"query-input\":{\"@type\":\"PropertyValueSpecification\",\"valueRequired\":true,\"valueName\":\"search_term_string\"}}],\"inLanguage\":\"fr-FR\"},{\"@type\":\"Person\",\"@id\":\"https:\/\/www.gereso.com\/actualites\/#\/schema\/person\/197d8aef40cb4ae3f6a0aa9e1d3df2a6\",\"name\":\"\u00c9quipe GERESO\",\"image\":{\"@type\":\"ImageObject\",\"inLanguage\":\"fr-FR\",\"@id\":\"https:\/\/www.gereso.com\/actualites\/#\/schema\/person\/image\/\",\"url\":\"https:\/\/www.gereso.com\/actualites\/wp-content\/uploads\/2013\/12\/avatar-gereso-1.png\",\"contentUrl\":\"https:\/\/www.gereso.com\/actualites\/wp-content\/uploads\/2013\/12\/avatar-gereso-1.png\",\"caption\":\"\u00c9quipe GERESO\"},\"url\":\"https:\/\/www.gereso.com\/actualites\/author\/gereso\/\"}]}<\/script>\n<!-- \/ Yoast SEO plugin. -->","yoast_head_json":{"title":"Prime d&#039;objectifs : l&#039;absence de fixation d&#039;objectifs peut justifier une r\u00e9siliation judiciaire aux torts de l&#039;employeur - Le Blog GERESO","robots":{"index":"index","follow":"follow","max-snippet":"max-snippet:-1","max-image-preview":"max-image-preview:large","max-video-preview":"max-video-preview:-1"},"canonical":"https:\/\/www.gereso.com\/actualites\/2011\/12\/14\/prime-dobjectifs-labsence-de-fixation-dobjectifs-peut-justifier-une-resiliation-judiciaire-aux-torts-de-lemployeur\/","og_locale":"fr_FR","og_type":"article","og_title":"Prime d&#039;objectifs : l&#039;absence de fixation d&#039;objectifs peut justifier une r\u00e9siliation judiciaire aux torts de l&#039;employeur - Le Blog GERESO","og_description":"Lorsque le contrat de travail pr\u00e9voit que la r\u00e9mun\u00e9ration variable d\u00e9pend d&rsquo;objectifs fix\u00e9s annuellement par l&#8217;employeur, le d\u00e9faut de fixation de ces objectifs constitue un manquement justifiant la r\u00e9siliation judiciaire du contrat de travail aux torts de l&#8217;employeur. Tel \u00e9tait le cas dans cette affaire o\u00f9 l&#8217;employeur n&rsquo;avait pas fix\u00e9 d&rsquo;objectifs pendant plusieurs ann\u00e9es alors [&hellip;]","og_url":"https:\/\/www.gereso.com\/actualites\/2011\/12\/14\/prime-dobjectifs-labsence-de-fixation-dobjectifs-peut-justifier-une-resiliation-judiciaire-aux-torts-de-lemployeur\/","og_site_name":"Le Blog GERESO","article_published_time":"2011-12-14T09:43:59+00:00","author":"\u00c9quipe GERESO","twitter_card":"summary_large_image","schema":{"@context":"https:\/\/schema.org","@graph":[{"@type":"WebPage","@id":"https:\/\/www.gereso.com\/actualites\/2011\/12\/14\/prime-dobjectifs-labsence-de-fixation-dobjectifs-peut-justifier-une-resiliation-judiciaire-aux-torts-de-lemployeur\/","url":"https:\/\/www.gereso.com\/actualites\/2011\/12\/14\/prime-dobjectifs-labsence-de-fixation-dobjectifs-peut-justifier-une-resiliation-judiciaire-aux-torts-de-lemployeur\/","name":"Prime d&#039;objectifs : l&#039;absence de fixation d&#039;objectifs peut justifier une r\u00e9siliation judiciaire aux torts de l&#039;employeur - Le Blog GERESO","isPartOf":{"@id":"https:\/\/www.gereso.com\/actualites\/#website"},"datePublished":"2011-12-14T09:43:59+00:00","dateModified":"2011-12-14T09:43:59+00:00","author":{"@id":"https:\/\/www.gereso.com\/actualites\/#\/schema\/person\/197d8aef40cb4ae3f6a0aa9e1d3df2a6"},"breadcrumb":{"@id":"https:\/\/www.gereso.com\/actualites\/2011\/12\/14\/prime-dobjectifs-labsence-de-fixation-dobjectifs-peut-justifier-une-resiliation-judiciaire-aux-torts-de-lemployeur\/#breadcrumb"},"inLanguage":"fr-FR","potentialAction":[{"@type":"ReadAction","target":["https:\/\/www.gereso.com\/actualites\/2011\/12\/14\/prime-dobjectifs-labsence-de-fixation-dobjectifs-peut-justifier-une-resiliation-judiciaire-aux-torts-de-lemployeur\/"]}]},{"@type":"BreadcrumbList","@id":"https:\/\/www.gereso.com\/actualites\/2011\/12\/14\/prime-dobjectifs-labsence-de-fixation-dobjectifs-peut-justifier-une-resiliation-judiciaire-aux-torts-de-lemployeur\/#breadcrumb","itemListElement":[{"@type":"ListItem","position":1,"name":"Home","item":"https:\/\/www.gereso.com\/actualites\/"},{"@type":"ListItem","position":2,"name":"Prime d&#039;objectifs : l&#039;absence de fixation d&#039;objectifs peut justifier une r\u00e9siliation judiciaire aux torts de l&#039;employeur"}]},{"@type":"WebSite","@id":"https:\/\/www.gereso.com\/actualites\/#website","url":"https:\/\/www.gereso.com\/actualites\/","name":"Le Blog GERESO","description":"Toute l&#039;actu RH, Finance, Fonction Publique, Management...","potentialAction":[{"@type":"SearchAction","target":{"@type":"EntryPoint","urlTemplate":"https:\/\/www.gereso.com\/actualites\/?s={search_term_string}"},"query-input":{"@type":"PropertyValueSpecification","valueRequired":true,"valueName":"search_term_string"}}],"inLanguage":"fr-FR"},{"@type":"Person","@id":"https:\/\/www.gereso.com\/actualites\/#\/schema\/person\/197d8aef40cb4ae3f6a0aa9e1d3df2a6","name":"\u00c9quipe GERESO","image":{"@type":"ImageObject","inLanguage":"fr-FR","@id":"https:\/\/www.gereso.com\/actualites\/#\/schema\/person\/image\/","url":"https:\/\/www.gereso.com\/actualites\/wp-content\/uploads\/2013\/12\/avatar-gereso-1.png","contentUrl":"https:\/\/www.gereso.com\/actualites\/wp-content\/uploads\/2013\/12\/avatar-gereso-1.png","caption":"\u00c9quipe GERESO"},"url":"https:\/\/www.gereso.com\/actualites\/author\/gereso\/"}]}},"_links":{"self":[{"href":"https:\/\/www.gereso.com\/actualites\/wp-json\/wp\/v2\/posts\/2237","targetHints":{"allow":["GET"]}}],"collection":[{"href":"https:\/\/www.gereso.com\/actualites\/wp-json\/wp\/v2\/posts"}],"about":[{"href":"https:\/\/www.gereso.com\/actualites\/wp-json\/wp\/v2\/types\/post"}],"author":[{"embeddable":true,"href":"https:\/\/www.gereso.com\/actualites\/wp-json\/wp\/v2\/users\/32"}],"replies":[{"embeddable":true,"href":"https:\/\/www.gereso.com\/actualites\/wp-json\/wp\/v2\/comments?post=2237"}],"version-history":[{"count":0,"href":"https:\/\/www.gereso.com\/actualites\/wp-json\/wp\/v2\/posts\/2237\/revisions"}],"wp:attachment":[{"href":"https:\/\/www.gereso.com\/actualites\/wp-json\/wp\/v2\/media?parent=2237"}],"wp:term":[{"taxonomy":"category","embeddable":true,"href":"https:\/\/www.gereso.com\/actualites\/wp-json\/wp\/v2\/categories?post=2237"},{"taxonomy":"post_tag","embeddable":true,"href":"https:\/\/www.gereso.com\/actualites\/wp-json\/wp\/v2\/tags?post=2237"}],"curies":[{"name":"wp","href":"https:\/\/api.w.org\/{rel}","templated":true}]}}