{"id":2238,"date":"2011-12-14T11:46:43","date_gmt":"2011-12-14T09:46:43","guid":{"rendered":"https:\/\/www.gereso.com\/actualites\/2011\/12\/rupture-du-contrat-la-non-reprise-du-travail-apres-incarceration-peut-justifier-un-licenciement-pour-faute-grave\/"},"modified":"2011-12-14T11:46:43","modified_gmt":"2011-12-14T09:46:43","slug":"rupture-du-contrat-la-non-reprise-du-travail-apres-incarceration-peut-justifier-un-licenciement-pour-faute-grave","status":"publish","type":"post","link":"https:\/\/www.gereso.com\/actualites\/2011\/12\/14\/rupture-du-contrat-la-non-reprise-du-travail-apres-incarceration-peut-justifier-un-licenciement-pour-faute-grave\/","title":{"rendered":"Rupture du contrat : la non-reprise du travail apr\u00e8s incarc\u00e9ration peut justifier un licenciement pour faute grave"},"content":{"rendered":"<p>Un salari\u00e9, agent de s\u00e9curit\u00e9, incarc\u00e9r\u00e9 du 7 octobre 2001 au 6 juin 2003, a \u00e9t\u00e9 licenci\u00e9 le 22 juillet 2003 pour faute grave au motif qu&rsquo;il n&rsquo;avait pas justifi\u00e9 son absence depuis le 1er mars 2002. <br \/>Un tel comportement pouvait-il constitu\u00e9 une faute grave alors que l&#8217;employeur avait \u00e9t\u00e9, d\u00e8s le d\u00e9but, inform\u00e9 de l&rsquo;absence et de sa cause&nbsp;?<\/p>\n<p>Sauf exception, l&rsquo;incarc\u00e9ration ne constitue pas en elle-m\u00eame une cause r\u00e9elle et s\u00e9rieuse de licenciement. Mais la situation est tout autre \u00e0 l&rsquo;issue de la d\u00e9tention lorsque le salari\u00e9 ne reprend pas son poste de travail et ne fournit aucune justification de cette situation d&rsquo;absence. <\/p>\n<p>Dans la mesure o\u00f9 le contrat de travail est simplement suspendu pendant la d\u00e9tention, l&rsquo;absence (en l&rsquo;esp\u00e8ce, depuis plus d&rsquo;un mois) constitue, en effet, un abandon de poste que l&#8217;employeur peut sanctionner par une faute grave.<\/p>\n<p>Source : Cass. soc. 15 novembre 2011, n\u00b0 10-26751 D<\/p>\n","protected":false},"excerpt":{"rendered":"<p>Un salari\u00e9, agent de s\u00e9curit\u00e9, incarc\u00e9r\u00e9 du 7 octobre 2001 au 6 juin 2003, a \u00e9t\u00e9 licenci\u00e9 le 22 juillet 2003 pour faute grave au motif qu&rsquo;il n&rsquo;avait pas justifi\u00e9 son absence depuis le 1er mars 2002. Un tel comportement pouvait-il constitu\u00e9 une faute grave alors que l&#8217;employeur avait \u00e9t\u00e9, d\u00e8s le d\u00e9but, inform\u00e9 de [&hellip;]<\/p>\n","protected":false},"author":32,"featured_media":0,"comment_status":"open","ping_status":"open","sticky":false,"template":"","format":"standard","meta":{"_acf_changed":false,"_mi_skip_tracking":false,"footnotes":""},"categories":[5],"tags":[],"class_list":["post-2238","post","type-post","status-publish","format-standard","hentry","category-droit-du-travail"],"acf":[],"yoast_head":"<!-- This site is optimized with the Yoast SEO plugin v23.4 - https:\/\/yoast.com\/wordpress\/plugins\/seo\/ -->\n<title>Rupture du contrat : la non-reprise du travail apr\u00e8s incarc\u00e9ration peut justifier un licenciement pour faute grave - Le Blog GERESO<\/title>\n<meta name=\"robots\" content=\"index, follow, max-snippet:-1, max-image-preview:large, max-video-preview:-1\" \/>\n<link rel=\"canonical\" href=\"https:\/\/www.gereso.com\/actualites\/2011\/12\/14\/rupture-du-contrat-la-non-reprise-du-travail-apres-incarceration-peut-justifier-un-licenciement-pour-faute-grave\/\" \/>\n<meta property=\"og:locale\" content=\"fr_FR\" \/>\n<meta property=\"og:type\" content=\"article\" \/>\n<meta property=\"og:title\" content=\"Rupture du contrat : la non-reprise du travail apr\u00e8s incarc\u00e9ration peut justifier un licenciement pour faute grave - Le Blog GERESO\" \/>\n<meta property=\"og:description\" content=\"Un salari\u00e9, agent de s\u00e9curit\u00e9, incarc\u00e9r\u00e9 du 7 octobre 2001 au 6 juin 2003, a \u00e9t\u00e9 licenci\u00e9 le 22 juillet 2003 pour faute grave au motif qu&rsquo;il n&rsquo;avait pas justifi\u00e9 son absence depuis le 1er mars 2002. Un tel comportement pouvait-il constitu\u00e9 une faute grave alors que l&#8217;employeur avait \u00e9t\u00e9, d\u00e8s le d\u00e9but, inform\u00e9 de [&hellip;]\" \/>\n<meta property=\"og:url\" content=\"https:\/\/www.gereso.com\/actualites\/2011\/12\/14\/rupture-du-contrat-la-non-reprise-du-travail-apres-incarceration-peut-justifier-un-licenciement-pour-faute-grave\/\" \/>\n<meta property=\"og:site_name\" content=\"Le Blog GERESO\" \/>\n<meta property=\"article:published_time\" content=\"2011-12-14T09:46:43+00:00\" \/>\n<meta name=\"author\" content=\"\u00c9quipe GERESO\" \/>\n<meta name=\"twitter:card\" content=\"summary_large_image\" \/>\n<script type=\"application\/ld+json\" class=\"yoast-schema-graph\">{\"@context\":\"https:\/\/schema.org\",\"@graph\":[{\"@type\":\"WebPage\",\"@id\":\"https:\/\/www.gereso.com\/actualites\/2011\/12\/14\/rupture-du-contrat-la-non-reprise-du-travail-apres-incarceration-peut-justifier-un-licenciement-pour-faute-grave\/\",\"url\":\"https:\/\/www.gereso.com\/actualites\/2011\/12\/14\/rupture-du-contrat-la-non-reprise-du-travail-apres-incarceration-peut-justifier-un-licenciement-pour-faute-grave\/\",\"name\":\"Rupture du contrat : la non-reprise du travail apr\u00e8s incarc\u00e9ration peut justifier un licenciement pour faute grave - Le Blog GERESO\",\"isPartOf\":{\"@id\":\"https:\/\/www.gereso.com\/actualites\/#website\"},\"datePublished\":\"2011-12-14T09:46:43+00:00\",\"dateModified\":\"2011-12-14T09:46:43+00:00\",\"author\":{\"@id\":\"https:\/\/www.gereso.com\/actualites\/#\/schema\/person\/197d8aef40cb4ae3f6a0aa9e1d3df2a6\"},\"breadcrumb\":{\"@id\":\"https:\/\/www.gereso.com\/actualites\/2011\/12\/14\/rupture-du-contrat-la-non-reprise-du-travail-apres-incarceration-peut-justifier-un-licenciement-pour-faute-grave\/#breadcrumb\"},\"inLanguage\":\"fr-FR\",\"potentialAction\":[{\"@type\":\"ReadAction\",\"target\":[\"https:\/\/www.gereso.com\/actualites\/2011\/12\/14\/rupture-du-contrat-la-non-reprise-du-travail-apres-incarceration-peut-justifier-un-licenciement-pour-faute-grave\/\"]}]},{\"@type\":\"BreadcrumbList\",\"@id\":\"https:\/\/www.gereso.com\/actualites\/2011\/12\/14\/rupture-du-contrat-la-non-reprise-du-travail-apres-incarceration-peut-justifier-un-licenciement-pour-faute-grave\/#breadcrumb\",\"itemListElement\":[{\"@type\":\"ListItem\",\"position\":1,\"name\":\"Home\",\"item\":\"https:\/\/www.gereso.com\/actualites\/\"},{\"@type\":\"ListItem\",\"position\":2,\"name\":\"Rupture du contrat : la non-reprise du travail apr\u00e8s incarc\u00e9ration peut justifier un licenciement pour faute grave\"}]},{\"@type\":\"WebSite\",\"@id\":\"https:\/\/www.gereso.com\/actualites\/#website\",\"url\":\"https:\/\/www.gereso.com\/actualites\/\",\"name\":\"Le Blog GERESO\",\"description\":\"Toute l&#039;actu RH, Finance, Fonction Publique, Management...\",\"potentialAction\":[{\"@type\":\"SearchAction\",\"target\":{\"@type\":\"EntryPoint\",\"urlTemplate\":\"https:\/\/www.gereso.com\/actualites\/?s={search_term_string}\"},\"query-input\":{\"@type\":\"PropertyValueSpecification\",\"valueRequired\":true,\"valueName\":\"search_term_string\"}}],\"inLanguage\":\"fr-FR\"},{\"@type\":\"Person\",\"@id\":\"https:\/\/www.gereso.com\/actualites\/#\/schema\/person\/197d8aef40cb4ae3f6a0aa9e1d3df2a6\",\"name\":\"\u00c9quipe GERESO\",\"image\":{\"@type\":\"ImageObject\",\"inLanguage\":\"fr-FR\",\"@id\":\"https:\/\/www.gereso.com\/actualites\/#\/schema\/person\/image\/\",\"url\":\"https:\/\/www.gereso.com\/actualites\/wp-content\/uploads\/2013\/12\/avatar-gereso-1.png\",\"contentUrl\":\"https:\/\/www.gereso.com\/actualites\/wp-content\/uploads\/2013\/12\/avatar-gereso-1.png\",\"caption\":\"\u00c9quipe GERESO\"},\"url\":\"https:\/\/www.gereso.com\/actualites\/author\/gereso\/\"}]}<\/script>\n<!-- \/ Yoast SEO plugin. -->","yoast_head_json":{"title":"Rupture du contrat : la non-reprise du travail apr\u00e8s incarc\u00e9ration peut justifier un licenciement pour faute grave - Le Blog GERESO","robots":{"index":"index","follow":"follow","max-snippet":"max-snippet:-1","max-image-preview":"max-image-preview:large","max-video-preview":"max-video-preview:-1"},"canonical":"https:\/\/www.gereso.com\/actualites\/2011\/12\/14\/rupture-du-contrat-la-non-reprise-du-travail-apres-incarceration-peut-justifier-un-licenciement-pour-faute-grave\/","og_locale":"fr_FR","og_type":"article","og_title":"Rupture du contrat : la non-reprise du travail apr\u00e8s incarc\u00e9ration peut justifier un licenciement pour faute grave - Le Blog GERESO","og_description":"Un salari\u00e9, agent de s\u00e9curit\u00e9, incarc\u00e9r\u00e9 du 7 octobre 2001 au 6 juin 2003, a \u00e9t\u00e9 licenci\u00e9 le 22 juillet 2003 pour faute grave au motif qu&rsquo;il n&rsquo;avait pas justifi\u00e9 son absence depuis le 1er mars 2002. Un tel comportement pouvait-il constitu\u00e9 une faute grave alors que l&#8217;employeur avait \u00e9t\u00e9, d\u00e8s le d\u00e9but, inform\u00e9 de [&hellip;]","og_url":"https:\/\/www.gereso.com\/actualites\/2011\/12\/14\/rupture-du-contrat-la-non-reprise-du-travail-apres-incarceration-peut-justifier-un-licenciement-pour-faute-grave\/","og_site_name":"Le Blog GERESO","article_published_time":"2011-12-14T09:46:43+00:00","author":"\u00c9quipe GERESO","twitter_card":"summary_large_image","schema":{"@context":"https:\/\/schema.org","@graph":[{"@type":"WebPage","@id":"https:\/\/www.gereso.com\/actualites\/2011\/12\/14\/rupture-du-contrat-la-non-reprise-du-travail-apres-incarceration-peut-justifier-un-licenciement-pour-faute-grave\/","url":"https:\/\/www.gereso.com\/actualites\/2011\/12\/14\/rupture-du-contrat-la-non-reprise-du-travail-apres-incarceration-peut-justifier-un-licenciement-pour-faute-grave\/","name":"Rupture du contrat : la non-reprise du travail apr\u00e8s incarc\u00e9ration peut justifier un licenciement pour faute grave - Le Blog GERESO","isPartOf":{"@id":"https:\/\/www.gereso.com\/actualites\/#website"},"datePublished":"2011-12-14T09:46:43+00:00","dateModified":"2011-12-14T09:46:43+00:00","author":{"@id":"https:\/\/www.gereso.com\/actualites\/#\/schema\/person\/197d8aef40cb4ae3f6a0aa9e1d3df2a6"},"breadcrumb":{"@id":"https:\/\/www.gereso.com\/actualites\/2011\/12\/14\/rupture-du-contrat-la-non-reprise-du-travail-apres-incarceration-peut-justifier-un-licenciement-pour-faute-grave\/#breadcrumb"},"inLanguage":"fr-FR","potentialAction":[{"@type":"ReadAction","target":["https:\/\/www.gereso.com\/actualites\/2011\/12\/14\/rupture-du-contrat-la-non-reprise-du-travail-apres-incarceration-peut-justifier-un-licenciement-pour-faute-grave\/"]}]},{"@type":"BreadcrumbList","@id":"https:\/\/www.gereso.com\/actualites\/2011\/12\/14\/rupture-du-contrat-la-non-reprise-du-travail-apres-incarceration-peut-justifier-un-licenciement-pour-faute-grave\/#breadcrumb","itemListElement":[{"@type":"ListItem","position":1,"name":"Home","item":"https:\/\/www.gereso.com\/actualites\/"},{"@type":"ListItem","position":2,"name":"Rupture du contrat : la non-reprise du travail apr\u00e8s incarc\u00e9ration peut justifier un licenciement pour faute grave"}]},{"@type":"WebSite","@id":"https:\/\/www.gereso.com\/actualites\/#website","url":"https:\/\/www.gereso.com\/actualites\/","name":"Le Blog GERESO","description":"Toute l&#039;actu RH, Finance, Fonction Publique, Management...","potentialAction":[{"@type":"SearchAction","target":{"@type":"EntryPoint","urlTemplate":"https:\/\/www.gereso.com\/actualites\/?s={search_term_string}"},"query-input":{"@type":"PropertyValueSpecification","valueRequired":true,"valueName":"search_term_string"}}],"inLanguage":"fr-FR"},{"@type":"Person","@id":"https:\/\/www.gereso.com\/actualites\/#\/schema\/person\/197d8aef40cb4ae3f6a0aa9e1d3df2a6","name":"\u00c9quipe GERESO","image":{"@type":"ImageObject","inLanguage":"fr-FR","@id":"https:\/\/www.gereso.com\/actualites\/#\/schema\/person\/image\/","url":"https:\/\/www.gereso.com\/actualites\/wp-content\/uploads\/2013\/12\/avatar-gereso-1.png","contentUrl":"https:\/\/www.gereso.com\/actualites\/wp-content\/uploads\/2013\/12\/avatar-gereso-1.png","caption":"\u00c9quipe GERESO"},"url":"https:\/\/www.gereso.com\/actualites\/author\/gereso\/"}]}},"_links":{"self":[{"href":"https:\/\/www.gereso.com\/actualites\/wp-json\/wp\/v2\/posts\/2238","targetHints":{"allow":["GET"]}}],"collection":[{"href":"https:\/\/www.gereso.com\/actualites\/wp-json\/wp\/v2\/posts"}],"about":[{"href":"https:\/\/www.gereso.com\/actualites\/wp-json\/wp\/v2\/types\/post"}],"author":[{"embeddable":true,"href":"https:\/\/www.gereso.com\/actualites\/wp-json\/wp\/v2\/users\/32"}],"replies":[{"embeddable":true,"href":"https:\/\/www.gereso.com\/actualites\/wp-json\/wp\/v2\/comments?post=2238"}],"version-history":[{"count":0,"href":"https:\/\/www.gereso.com\/actualites\/wp-json\/wp\/v2\/posts\/2238\/revisions"}],"wp:attachment":[{"href":"https:\/\/www.gereso.com\/actualites\/wp-json\/wp\/v2\/media?parent=2238"}],"wp:term":[{"taxonomy":"category","embeddable":true,"href":"https:\/\/www.gereso.com\/actualites\/wp-json\/wp\/v2\/categories?post=2238"},{"taxonomy":"post_tag","embeddable":true,"href":"https:\/\/www.gereso.com\/actualites\/wp-json\/wp\/v2\/tags?post=2238"}],"curies":[{"name":"wp","href":"https:\/\/api.w.org\/{rel}","templated":true}]}}