{"id":2240,"date":"2011-12-14T11:56:09","date_gmt":"2011-12-14T09:56:09","guid":{"rendered":"https:\/\/www.gereso.com\/actualites\/2011\/12\/convention-de-forfait-jours-la-maladie-dun-salarie-en-forfait-jours-nentraine-pas-de-recuperation-sur-ses-jours-de-repos\/"},"modified":"2011-12-14T11:56:09","modified_gmt":"2011-12-14T09:56:09","slug":"convention-de-forfait-jours-la-maladie-dun-salarie-en-forfait-jours-nentraine-pas-de-recuperation-sur-ses-jours-de-repos","status":"publish","type":"post","link":"https:\/\/www.gereso.com\/actualites\/2011\/12\/14\/convention-de-forfait-jours-la-maladie-dun-salarie-en-forfait-jours-nentraine-pas-de-recuperation-sur-ses-jours-de-repos\/","title":{"rendered":"Convention de forfait-jours : la maladie d&#039;un salari\u00e9 en forfait-jours n&#039;entra\u00eene pas de r\u00e9cup\u00e9ration sur ses jours de repos"},"content":{"rendered":"<p>Des salari\u00e9s soumis \u00e0 une convention de forfait de 215 jours par an, b\u00e9n\u00e9ficiaient en plus de leurs cong\u00e9s pay\u00e9s, d&rsquo;un certain nombre de jours de repos. Toutefois, en cas de maladie, l&#8217;employeur supprimait pour le mois donn\u00e9 1 jour de r\u00e9duction de temps de travail (RTT) auquel le salari\u00e9 aurait pu pr\u00e9tendre s&rsquo;il n&rsquo;avait pas \u00e9t\u00e9 absent.<br \/>Cette r\u00e9cup\u00e9ration au titre de la maladie \u00e9tait-elle possible&nbsp;?<\/p>\n<p>La cour de cassation r\u00e9pond par la n\u00e9gative. Seules peuvent \u00eatre r\u00e9cup\u00e9r\u00e9es les heures perdues par suite d&rsquo;interruption collective du travail r\u00e9sultant (c. trav. art. L. 3122-27):<br \/>&#8211; de causes accidentelles, d&rsquo;intemp\u00e9ries ou de cas de force majeure ;<br \/>&#8211; d&rsquo;inventaire ;<br \/>&#8211; du ch\u00f4mage d&rsquo;un jour ou de deux jours ouvrables compris entre un jour f\u00e9ri\u00e9 et un jour de repos hebdomadaire ou d&rsquo;un jour pr\u00e9c\u00e9dant les cong\u00e9s annuels.<\/p>\n<p>Ces dispositions \u00e9tant applicables aux conventions de forfait en jours, puisqu&rsquo;elles ne font pas partie des r\u00e8gles desquelles sont exclues les salari\u00e9s soumis \u00e0 ce type de forfait (c. trav. art. L. 3121-48), l&#8217;employeur ne pouvait donc pas r\u00e9cup\u00e9rer sur les jours de repos les journ\u00e9es non travaill\u00e9es suite \u00e0 un arr\u00eat maladie.<\/p>\n<p>Source : Cass. soc. 3 novembre 2011, n\u00b0 1018762 FSPB<\/p>\n","protected":false},"excerpt":{"rendered":"<p>Des salari\u00e9s soumis \u00e0 une convention de forfait de 215 jours par an, b\u00e9n\u00e9ficiaient en plus de leurs cong\u00e9s pay\u00e9s, d&rsquo;un certain nombre de jours de repos. Toutefois, en cas de maladie, l&#8217;employeur supprimait pour le mois donn\u00e9 1 jour de r\u00e9duction de temps de travail (RTT) auquel le salari\u00e9 aurait pu pr\u00e9tendre s&rsquo;il n&rsquo;avait [&hellip;]<\/p>\n","protected":false},"author":32,"featured_media":0,"comment_status":"open","ping_status":"open","sticky":false,"template":"","format":"standard","meta":{"_acf_changed":false,"_mi_skip_tracking":false,"footnotes":""},"categories":[5],"tags":[],"class_list":["post-2240","post","type-post","status-publish","format-standard","hentry","category-droit-du-travail"],"acf":[],"yoast_head":"<!-- This site is optimized with the Yoast SEO plugin v23.4 - https:\/\/yoast.com\/wordpress\/plugins\/seo\/ -->\n<title>Convention de forfait-jours : la maladie d&#039;un salari\u00e9 en forfait-jours n&#039;entra\u00eene pas de r\u00e9cup\u00e9ration sur ses jours de repos - Le Blog GERESO<\/title>\n<meta name=\"robots\" content=\"index, follow, max-snippet:-1, max-image-preview:large, max-video-preview:-1\" \/>\n<link rel=\"canonical\" href=\"https:\/\/www.gereso.com\/actualites\/2011\/12\/14\/convention-de-forfait-jours-la-maladie-dun-salarie-en-forfait-jours-nentraine-pas-de-recuperation-sur-ses-jours-de-repos\/\" \/>\n<meta property=\"og:locale\" content=\"fr_FR\" \/>\n<meta property=\"og:type\" content=\"article\" \/>\n<meta property=\"og:title\" content=\"Convention de forfait-jours : la maladie d&#039;un salari\u00e9 en forfait-jours n&#039;entra\u00eene pas de r\u00e9cup\u00e9ration sur ses jours de repos - Le Blog GERESO\" \/>\n<meta property=\"og:description\" content=\"Des salari\u00e9s soumis \u00e0 une convention de forfait de 215 jours par an, b\u00e9n\u00e9ficiaient en plus de leurs cong\u00e9s pay\u00e9s, d&rsquo;un certain nombre de jours de repos. Toutefois, en cas de maladie, l&#8217;employeur supprimait pour le mois donn\u00e9 1 jour de r\u00e9duction de temps de travail (RTT) auquel le salari\u00e9 aurait pu pr\u00e9tendre s&rsquo;il n&rsquo;avait [&hellip;]\" \/>\n<meta property=\"og:url\" content=\"https:\/\/www.gereso.com\/actualites\/2011\/12\/14\/convention-de-forfait-jours-la-maladie-dun-salarie-en-forfait-jours-nentraine-pas-de-recuperation-sur-ses-jours-de-repos\/\" \/>\n<meta property=\"og:site_name\" content=\"Le Blog GERESO\" \/>\n<meta property=\"article:published_time\" content=\"2011-12-14T09:56:09+00:00\" \/>\n<meta name=\"author\" content=\"\u00c9quipe GERESO\" \/>\n<meta name=\"twitter:card\" content=\"summary_large_image\" \/>\n<script type=\"application\/ld+json\" class=\"yoast-schema-graph\">{\"@context\":\"https:\/\/schema.org\",\"@graph\":[{\"@type\":\"WebPage\",\"@id\":\"https:\/\/www.gereso.com\/actualites\/2011\/12\/14\/convention-de-forfait-jours-la-maladie-dun-salarie-en-forfait-jours-nentraine-pas-de-recuperation-sur-ses-jours-de-repos\/\",\"url\":\"https:\/\/www.gereso.com\/actualites\/2011\/12\/14\/convention-de-forfait-jours-la-maladie-dun-salarie-en-forfait-jours-nentraine-pas-de-recuperation-sur-ses-jours-de-repos\/\",\"name\":\"Convention de forfait-jours : la maladie d&#039;un salari\u00e9 en forfait-jours n&#039;entra\u00eene pas de r\u00e9cup\u00e9ration sur ses jours de repos - Le Blog GERESO\",\"isPartOf\":{\"@id\":\"https:\/\/www.gereso.com\/actualites\/#website\"},\"datePublished\":\"2011-12-14T09:56:09+00:00\",\"dateModified\":\"2011-12-14T09:56:09+00:00\",\"author\":{\"@id\":\"https:\/\/www.gereso.com\/actualites\/#\/schema\/person\/197d8aef40cb4ae3f6a0aa9e1d3df2a6\"},\"breadcrumb\":{\"@id\":\"https:\/\/www.gereso.com\/actualites\/2011\/12\/14\/convention-de-forfait-jours-la-maladie-dun-salarie-en-forfait-jours-nentraine-pas-de-recuperation-sur-ses-jours-de-repos\/#breadcrumb\"},\"inLanguage\":\"fr-FR\",\"potentialAction\":[{\"@type\":\"ReadAction\",\"target\":[\"https:\/\/www.gereso.com\/actualites\/2011\/12\/14\/convention-de-forfait-jours-la-maladie-dun-salarie-en-forfait-jours-nentraine-pas-de-recuperation-sur-ses-jours-de-repos\/\"]}]},{\"@type\":\"BreadcrumbList\",\"@id\":\"https:\/\/www.gereso.com\/actualites\/2011\/12\/14\/convention-de-forfait-jours-la-maladie-dun-salarie-en-forfait-jours-nentraine-pas-de-recuperation-sur-ses-jours-de-repos\/#breadcrumb\",\"itemListElement\":[{\"@type\":\"ListItem\",\"position\":1,\"name\":\"Home\",\"item\":\"https:\/\/www.gereso.com\/actualites\/\"},{\"@type\":\"ListItem\",\"position\":2,\"name\":\"Convention de forfait-jours : la maladie d&#039;un salari\u00e9 en forfait-jours n&#039;entra\u00eene pas de r\u00e9cup\u00e9ration sur ses jours de repos\"}]},{\"@type\":\"WebSite\",\"@id\":\"https:\/\/www.gereso.com\/actualites\/#website\",\"url\":\"https:\/\/www.gereso.com\/actualites\/\",\"name\":\"Le Blog GERESO\",\"description\":\"Toute l&#039;actu RH, Finance, Fonction Publique, Management...\",\"potentialAction\":[{\"@type\":\"SearchAction\",\"target\":{\"@type\":\"EntryPoint\",\"urlTemplate\":\"https:\/\/www.gereso.com\/actualites\/?s={search_term_string}\"},\"query-input\":{\"@type\":\"PropertyValueSpecification\",\"valueRequired\":true,\"valueName\":\"search_term_string\"}}],\"inLanguage\":\"fr-FR\"},{\"@type\":\"Person\",\"@id\":\"https:\/\/www.gereso.com\/actualites\/#\/schema\/person\/197d8aef40cb4ae3f6a0aa9e1d3df2a6\",\"name\":\"\u00c9quipe GERESO\",\"image\":{\"@type\":\"ImageObject\",\"inLanguage\":\"fr-FR\",\"@id\":\"https:\/\/www.gereso.com\/actualites\/#\/schema\/person\/image\/\",\"url\":\"https:\/\/www.gereso.com\/actualites\/wp-content\/uploads\/2013\/12\/avatar-gereso-1.png\",\"contentUrl\":\"https:\/\/www.gereso.com\/actualites\/wp-content\/uploads\/2013\/12\/avatar-gereso-1.png\",\"caption\":\"\u00c9quipe GERESO\"},\"url\":\"https:\/\/www.gereso.com\/actualites\/author\/gereso\/\"}]}<\/script>\n<!-- \/ Yoast SEO plugin. -->","yoast_head_json":{"title":"Convention de forfait-jours : la maladie d&#039;un salari\u00e9 en forfait-jours n&#039;entra\u00eene pas de r\u00e9cup\u00e9ration sur ses jours de repos - Le Blog GERESO","robots":{"index":"index","follow":"follow","max-snippet":"max-snippet:-1","max-image-preview":"max-image-preview:large","max-video-preview":"max-video-preview:-1"},"canonical":"https:\/\/www.gereso.com\/actualites\/2011\/12\/14\/convention-de-forfait-jours-la-maladie-dun-salarie-en-forfait-jours-nentraine-pas-de-recuperation-sur-ses-jours-de-repos\/","og_locale":"fr_FR","og_type":"article","og_title":"Convention de forfait-jours : la maladie d&#039;un salari\u00e9 en forfait-jours n&#039;entra\u00eene pas de r\u00e9cup\u00e9ration sur ses jours de repos - Le Blog GERESO","og_description":"Des salari\u00e9s soumis \u00e0 une convention de forfait de 215 jours par an, b\u00e9n\u00e9ficiaient en plus de leurs cong\u00e9s pay\u00e9s, d&rsquo;un certain nombre de jours de repos. Toutefois, en cas de maladie, l&#8217;employeur supprimait pour le mois donn\u00e9 1 jour de r\u00e9duction de temps de travail (RTT) auquel le salari\u00e9 aurait pu pr\u00e9tendre s&rsquo;il n&rsquo;avait [&hellip;]","og_url":"https:\/\/www.gereso.com\/actualites\/2011\/12\/14\/convention-de-forfait-jours-la-maladie-dun-salarie-en-forfait-jours-nentraine-pas-de-recuperation-sur-ses-jours-de-repos\/","og_site_name":"Le Blog GERESO","article_published_time":"2011-12-14T09:56:09+00:00","author":"\u00c9quipe GERESO","twitter_card":"summary_large_image","schema":{"@context":"https:\/\/schema.org","@graph":[{"@type":"WebPage","@id":"https:\/\/www.gereso.com\/actualites\/2011\/12\/14\/convention-de-forfait-jours-la-maladie-dun-salarie-en-forfait-jours-nentraine-pas-de-recuperation-sur-ses-jours-de-repos\/","url":"https:\/\/www.gereso.com\/actualites\/2011\/12\/14\/convention-de-forfait-jours-la-maladie-dun-salarie-en-forfait-jours-nentraine-pas-de-recuperation-sur-ses-jours-de-repos\/","name":"Convention de forfait-jours : la maladie d&#039;un salari\u00e9 en forfait-jours n&#039;entra\u00eene pas de r\u00e9cup\u00e9ration sur ses jours de repos - Le Blog GERESO","isPartOf":{"@id":"https:\/\/www.gereso.com\/actualites\/#website"},"datePublished":"2011-12-14T09:56:09+00:00","dateModified":"2011-12-14T09:56:09+00:00","author":{"@id":"https:\/\/www.gereso.com\/actualites\/#\/schema\/person\/197d8aef40cb4ae3f6a0aa9e1d3df2a6"},"breadcrumb":{"@id":"https:\/\/www.gereso.com\/actualites\/2011\/12\/14\/convention-de-forfait-jours-la-maladie-dun-salarie-en-forfait-jours-nentraine-pas-de-recuperation-sur-ses-jours-de-repos\/#breadcrumb"},"inLanguage":"fr-FR","potentialAction":[{"@type":"ReadAction","target":["https:\/\/www.gereso.com\/actualites\/2011\/12\/14\/convention-de-forfait-jours-la-maladie-dun-salarie-en-forfait-jours-nentraine-pas-de-recuperation-sur-ses-jours-de-repos\/"]}]},{"@type":"BreadcrumbList","@id":"https:\/\/www.gereso.com\/actualites\/2011\/12\/14\/convention-de-forfait-jours-la-maladie-dun-salarie-en-forfait-jours-nentraine-pas-de-recuperation-sur-ses-jours-de-repos\/#breadcrumb","itemListElement":[{"@type":"ListItem","position":1,"name":"Home","item":"https:\/\/www.gereso.com\/actualites\/"},{"@type":"ListItem","position":2,"name":"Convention de forfait-jours : la maladie d&#039;un salari\u00e9 en forfait-jours n&#039;entra\u00eene pas de r\u00e9cup\u00e9ration sur ses jours de repos"}]},{"@type":"WebSite","@id":"https:\/\/www.gereso.com\/actualites\/#website","url":"https:\/\/www.gereso.com\/actualites\/","name":"Le Blog GERESO","description":"Toute l&#039;actu RH, Finance, Fonction Publique, Management...","potentialAction":[{"@type":"SearchAction","target":{"@type":"EntryPoint","urlTemplate":"https:\/\/www.gereso.com\/actualites\/?s={search_term_string}"},"query-input":{"@type":"PropertyValueSpecification","valueRequired":true,"valueName":"search_term_string"}}],"inLanguage":"fr-FR"},{"@type":"Person","@id":"https:\/\/www.gereso.com\/actualites\/#\/schema\/person\/197d8aef40cb4ae3f6a0aa9e1d3df2a6","name":"\u00c9quipe GERESO","image":{"@type":"ImageObject","inLanguage":"fr-FR","@id":"https:\/\/www.gereso.com\/actualites\/#\/schema\/person\/image\/","url":"https:\/\/www.gereso.com\/actualites\/wp-content\/uploads\/2013\/12\/avatar-gereso-1.png","contentUrl":"https:\/\/www.gereso.com\/actualites\/wp-content\/uploads\/2013\/12\/avatar-gereso-1.png","caption":"\u00c9quipe GERESO"},"url":"https:\/\/www.gereso.com\/actualites\/author\/gereso\/"}]}},"_links":{"self":[{"href":"https:\/\/www.gereso.com\/actualites\/wp-json\/wp\/v2\/posts\/2240","targetHints":{"allow":["GET"]}}],"collection":[{"href":"https:\/\/www.gereso.com\/actualites\/wp-json\/wp\/v2\/posts"}],"about":[{"href":"https:\/\/www.gereso.com\/actualites\/wp-json\/wp\/v2\/types\/post"}],"author":[{"embeddable":true,"href":"https:\/\/www.gereso.com\/actualites\/wp-json\/wp\/v2\/users\/32"}],"replies":[{"embeddable":true,"href":"https:\/\/www.gereso.com\/actualites\/wp-json\/wp\/v2\/comments?post=2240"}],"version-history":[{"count":0,"href":"https:\/\/www.gereso.com\/actualites\/wp-json\/wp\/v2\/posts\/2240\/revisions"}],"wp:attachment":[{"href":"https:\/\/www.gereso.com\/actualites\/wp-json\/wp\/v2\/media?parent=2240"}],"wp:term":[{"taxonomy":"category","embeddable":true,"href":"https:\/\/www.gereso.com\/actualites\/wp-json\/wp\/v2\/categories?post=2240"},{"taxonomy":"post_tag","embeddable":true,"href":"https:\/\/www.gereso.com\/actualites\/wp-json\/wp\/v2\/tags?post=2240"}],"curies":[{"name":"wp","href":"https:\/\/api.w.org\/{rel}","templated":true}]}}