{"id":2241,"date":"2011-12-14T12:04:02","date_gmt":"2011-12-14T10:04:02","guid":{"rendered":"https:\/\/www.gereso.com\/actualites\/2011\/12\/contrat-de-travail-ne-pas-confondre-lessai-professionnel-et-la-periode-dessai\/"},"modified":"2011-12-14T12:04:02","modified_gmt":"2011-12-14T10:04:02","slug":"contrat-de-travail-ne-pas-confondre-lessai-professionnel-et-la-periode-dessai","status":"publish","type":"post","link":"https:\/\/www.gereso.com\/actualites\/2011\/12\/14\/contrat-de-travail-ne-pas-confondre-lessai-professionnel-et-la-periode-dessai\/","title":{"rendered":"Contrat de travail : ne pas confondre l&#039;essai professionnel et la p\u00e9riode d&#039;essai"},"content":{"rendered":"<p>L&#8217;employeur peut tester une personne avant de l&#8217;embaucher sans qu&rsquo;il s&rsquo;agisse pour autant d&rsquo;une p\u00e9riode d&rsquo;essai incluse dans le cadre d&rsquo;un contrat de travail et impliquant que le salari\u00e9 soit plac\u00e9 dans des conditions normales d&#8217;emploi.<\/p>\n<p>L&rsquo;essai professionnel ne constitue pas, en effet, une prestation de travail. <br \/>En cons\u00e9quence, le candidat soumis \u00e0 un test professionnel n&rsquo;a pas, sauf disposition conventionnelle plus favorable, \u00e0 \u00eatre r\u00e9mun\u00e9r\u00e9.<\/p>\n<p>Un candidat \u00e0 un emploi de c\u00e2bleur, ayant effectu\u00e9 un test d&rsquo;une journ\u00e9e, ne peut pas pr\u00e9tendre avoir ex\u00e9cut\u00e9 une prestation de travail dans des conditions normales d&#8217;emploi. A ce titre, il ne pouvait ni pr\u00e9tendre \u00e0 une r\u00e9mun\u00e9ration, ni obtenir des dommages et int\u00e9r\u00eats pour travail dissimul\u00e9 et pour licenciement abusif.<\/p>\n<p>Cass. soc. 9 novembre 2011, n\u00b0 10-13573 D<\/p>\n","protected":false},"excerpt":{"rendered":"<p>L&#8217;employeur peut tester une personne avant de l&#8217;embaucher sans qu&rsquo;il s&rsquo;agisse pour autant d&rsquo;une p\u00e9riode d&rsquo;essai incluse dans le cadre d&rsquo;un contrat de travail et impliquant que le salari\u00e9 soit plac\u00e9 dans des conditions normales d&#8217;emploi. L&rsquo;essai professionnel ne constitue pas, en effet, une prestation de travail. En cons\u00e9quence, le candidat soumis \u00e0 un test [&hellip;]<\/p>\n","protected":false},"author":32,"featured_media":0,"comment_status":"open","ping_status":"open","sticky":false,"template":"","format":"standard","meta":{"_acf_changed":false,"_mi_skip_tracking":false,"footnotes":""},"categories":[5],"tags":[],"class_list":["post-2241","post","type-post","status-publish","format-standard","hentry","category-droit-du-travail"],"acf":[],"yoast_head":"<!-- This site is optimized with the Yoast SEO plugin v23.4 - https:\/\/yoast.com\/wordpress\/plugins\/seo\/ -->\n<title>Contrat de travail : ne pas confondre l&#039;essai professionnel et la p\u00e9riode d&#039;essai - Le Blog GERESO<\/title>\n<meta name=\"robots\" content=\"index, follow, max-snippet:-1, max-image-preview:large, max-video-preview:-1\" \/>\n<link rel=\"canonical\" href=\"https:\/\/www.gereso.com\/actualites\/2011\/12\/14\/contrat-de-travail-ne-pas-confondre-lessai-professionnel-et-la-periode-dessai\/\" \/>\n<meta property=\"og:locale\" content=\"fr_FR\" \/>\n<meta property=\"og:type\" content=\"article\" \/>\n<meta property=\"og:title\" content=\"Contrat de travail : ne pas confondre l&#039;essai professionnel et la p\u00e9riode d&#039;essai - Le Blog GERESO\" \/>\n<meta property=\"og:description\" content=\"L&#8217;employeur peut tester une personne avant de l&#8217;embaucher sans qu&rsquo;il s&rsquo;agisse pour autant d&rsquo;une p\u00e9riode d&rsquo;essai incluse dans le cadre d&rsquo;un contrat de travail et impliquant que le salari\u00e9 soit plac\u00e9 dans des conditions normales d&#8217;emploi. L&rsquo;essai professionnel ne constitue pas, en effet, une prestation de travail. En cons\u00e9quence, le candidat soumis \u00e0 un test [&hellip;]\" \/>\n<meta property=\"og:url\" content=\"https:\/\/www.gereso.com\/actualites\/2011\/12\/14\/contrat-de-travail-ne-pas-confondre-lessai-professionnel-et-la-periode-dessai\/\" \/>\n<meta property=\"og:site_name\" content=\"Le Blog GERESO\" \/>\n<meta property=\"article:published_time\" content=\"2011-12-14T10:04:02+00:00\" \/>\n<meta name=\"author\" content=\"\u00c9quipe GERESO\" \/>\n<meta name=\"twitter:card\" content=\"summary_large_image\" \/>\n<script type=\"application\/ld+json\" class=\"yoast-schema-graph\">{\"@context\":\"https:\/\/schema.org\",\"@graph\":[{\"@type\":\"WebPage\",\"@id\":\"https:\/\/www.gereso.com\/actualites\/2011\/12\/14\/contrat-de-travail-ne-pas-confondre-lessai-professionnel-et-la-periode-dessai\/\",\"url\":\"https:\/\/www.gereso.com\/actualites\/2011\/12\/14\/contrat-de-travail-ne-pas-confondre-lessai-professionnel-et-la-periode-dessai\/\",\"name\":\"Contrat de travail : ne pas confondre l&#039;essai professionnel et la p\u00e9riode d&#039;essai - Le Blog GERESO\",\"isPartOf\":{\"@id\":\"https:\/\/www.gereso.com\/actualites\/#website\"},\"datePublished\":\"2011-12-14T10:04:02+00:00\",\"dateModified\":\"2011-12-14T10:04:02+00:00\",\"author\":{\"@id\":\"https:\/\/www.gereso.com\/actualites\/#\/schema\/person\/197d8aef40cb4ae3f6a0aa9e1d3df2a6\"},\"breadcrumb\":{\"@id\":\"https:\/\/www.gereso.com\/actualites\/2011\/12\/14\/contrat-de-travail-ne-pas-confondre-lessai-professionnel-et-la-periode-dessai\/#breadcrumb\"},\"inLanguage\":\"fr-FR\",\"potentialAction\":[{\"@type\":\"ReadAction\",\"target\":[\"https:\/\/www.gereso.com\/actualites\/2011\/12\/14\/contrat-de-travail-ne-pas-confondre-lessai-professionnel-et-la-periode-dessai\/\"]}]},{\"@type\":\"BreadcrumbList\",\"@id\":\"https:\/\/www.gereso.com\/actualites\/2011\/12\/14\/contrat-de-travail-ne-pas-confondre-lessai-professionnel-et-la-periode-dessai\/#breadcrumb\",\"itemListElement\":[{\"@type\":\"ListItem\",\"position\":1,\"name\":\"Home\",\"item\":\"https:\/\/www.gereso.com\/actualites\/\"},{\"@type\":\"ListItem\",\"position\":2,\"name\":\"Contrat de travail : ne pas confondre l&#039;essai professionnel et la p\u00e9riode d&#039;essai\"}]},{\"@type\":\"WebSite\",\"@id\":\"https:\/\/www.gereso.com\/actualites\/#website\",\"url\":\"https:\/\/www.gereso.com\/actualites\/\",\"name\":\"Le Blog GERESO\",\"description\":\"Toute l&#039;actu RH, Finance, Fonction Publique, Management...\",\"potentialAction\":[{\"@type\":\"SearchAction\",\"target\":{\"@type\":\"EntryPoint\",\"urlTemplate\":\"https:\/\/www.gereso.com\/actualites\/?s={search_term_string}\"},\"query-input\":{\"@type\":\"PropertyValueSpecification\",\"valueRequired\":true,\"valueName\":\"search_term_string\"}}],\"inLanguage\":\"fr-FR\"},{\"@type\":\"Person\",\"@id\":\"https:\/\/www.gereso.com\/actualites\/#\/schema\/person\/197d8aef40cb4ae3f6a0aa9e1d3df2a6\",\"name\":\"\u00c9quipe GERESO\",\"image\":{\"@type\":\"ImageObject\",\"inLanguage\":\"fr-FR\",\"@id\":\"https:\/\/www.gereso.com\/actualites\/#\/schema\/person\/image\/\",\"url\":\"https:\/\/www.gereso.com\/actualites\/wp-content\/uploads\/2013\/12\/avatar-gereso-1.png\",\"contentUrl\":\"https:\/\/www.gereso.com\/actualites\/wp-content\/uploads\/2013\/12\/avatar-gereso-1.png\",\"caption\":\"\u00c9quipe GERESO\"},\"url\":\"https:\/\/www.gereso.com\/actualites\/author\/gereso\/\"}]}<\/script>\n<!-- \/ Yoast SEO plugin. -->","yoast_head_json":{"title":"Contrat de travail : ne pas confondre l&#039;essai professionnel et la p\u00e9riode d&#039;essai - Le Blog GERESO","robots":{"index":"index","follow":"follow","max-snippet":"max-snippet:-1","max-image-preview":"max-image-preview:large","max-video-preview":"max-video-preview:-1"},"canonical":"https:\/\/www.gereso.com\/actualites\/2011\/12\/14\/contrat-de-travail-ne-pas-confondre-lessai-professionnel-et-la-periode-dessai\/","og_locale":"fr_FR","og_type":"article","og_title":"Contrat de travail : ne pas confondre l&#039;essai professionnel et la p\u00e9riode d&#039;essai - Le Blog GERESO","og_description":"L&#8217;employeur peut tester une personne avant de l&#8217;embaucher sans qu&rsquo;il s&rsquo;agisse pour autant d&rsquo;une p\u00e9riode d&rsquo;essai incluse dans le cadre d&rsquo;un contrat de travail et impliquant que le salari\u00e9 soit plac\u00e9 dans des conditions normales d&#8217;emploi. L&rsquo;essai professionnel ne constitue pas, en effet, une prestation de travail. En cons\u00e9quence, le candidat soumis \u00e0 un test [&hellip;]","og_url":"https:\/\/www.gereso.com\/actualites\/2011\/12\/14\/contrat-de-travail-ne-pas-confondre-lessai-professionnel-et-la-periode-dessai\/","og_site_name":"Le Blog GERESO","article_published_time":"2011-12-14T10:04:02+00:00","author":"\u00c9quipe GERESO","twitter_card":"summary_large_image","schema":{"@context":"https:\/\/schema.org","@graph":[{"@type":"WebPage","@id":"https:\/\/www.gereso.com\/actualites\/2011\/12\/14\/contrat-de-travail-ne-pas-confondre-lessai-professionnel-et-la-periode-dessai\/","url":"https:\/\/www.gereso.com\/actualites\/2011\/12\/14\/contrat-de-travail-ne-pas-confondre-lessai-professionnel-et-la-periode-dessai\/","name":"Contrat de travail : ne pas confondre l&#039;essai professionnel et la p\u00e9riode d&#039;essai - Le Blog GERESO","isPartOf":{"@id":"https:\/\/www.gereso.com\/actualites\/#website"},"datePublished":"2011-12-14T10:04:02+00:00","dateModified":"2011-12-14T10:04:02+00:00","author":{"@id":"https:\/\/www.gereso.com\/actualites\/#\/schema\/person\/197d8aef40cb4ae3f6a0aa9e1d3df2a6"},"breadcrumb":{"@id":"https:\/\/www.gereso.com\/actualites\/2011\/12\/14\/contrat-de-travail-ne-pas-confondre-lessai-professionnel-et-la-periode-dessai\/#breadcrumb"},"inLanguage":"fr-FR","potentialAction":[{"@type":"ReadAction","target":["https:\/\/www.gereso.com\/actualites\/2011\/12\/14\/contrat-de-travail-ne-pas-confondre-lessai-professionnel-et-la-periode-dessai\/"]}]},{"@type":"BreadcrumbList","@id":"https:\/\/www.gereso.com\/actualites\/2011\/12\/14\/contrat-de-travail-ne-pas-confondre-lessai-professionnel-et-la-periode-dessai\/#breadcrumb","itemListElement":[{"@type":"ListItem","position":1,"name":"Home","item":"https:\/\/www.gereso.com\/actualites\/"},{"@type":"ListItem","position":2,"name":"Contrat de travail : ne pas confondre l&#039;essai professionnel et la p\u00e9riode d&#039;essai"}]},{"@type":"WebSite","@id":"https:\/\/www.gereso.com\/actualites\/#website","url":"https:\/\/www.gereso.com\/actualites\/","name":"Le Blog GERESO","description":"Toute l&#039;actu RH, Finance, Fonction Publique, Management...","potentialAction":[{"@type":"SearchAction","target":{"@type":"EntryPoint","urlTemplate":"https:\/\/www.gereso.com\/actualites\/?s={search_term_string}"},"query-input":{"@type":"PropertyValueSpecification","valueRequired":true,"valueName":"search_term_string"}}],"inLanguage":"fr-FR"},{"@type":"Person","@id":"https:\/\/www.gereso.com\/actualites\/#\/schema\/person\/197d8aef40cb4ae3f6a0aa9e1d3df2a6","name":"\u00c9quipe GERESO","image":{"@type":"ImageObject","inLanguage":"fr-FR","@id":"https:\/\/www.gereso.com\/actualites\/#\/schema\/person\/image\/","url":"https:\/\/www.gereso.com\/actualites\/wp-content\/uploads\/2013\/12\/avatar-gereso-1.png","contentUrl":"https:\/\/www.gereso.com\/actualites\/wp-content\/uploads\/2013\/12\/avatar-gereso-1.png","caption":"\u00c9quipe GERESO"},"url":"https:\/\/www.gereso.com\/actualites\/author\/gereso\/"}]}},"_links":{"self":[{"href":"https:\/\/www.gereso.com\/actualites\/wp-json\/wp\/v2\/posts\/2241","targetHints":{"allow":["GET"]}}],"collection":[{"href":"https:\/\/www.gereso.com\/actualites\/wp-json\/wp\/v2\/posts"}],"about":[{"href":"https:\/\/www.gereso.com\/actualites\/wp-json\/wp\/v2\/types\/post"}],"author":[{"embeddable":true,"href":"https:\/\/www.gereso.com\/actualites\/wp-json\/wp\/v2\/users\/32"}],"replies":[{"embeddable":true,"href":"https:\/\/www.gereso.com\/actualites\/wp-json\/wp\/v2\/comments?post=2241"}],"version-history":[{"count":0,"href":"https:\/\/www.gereso.com\/actualites\/wp-json\/wp\/v2\/posts\/2241\/revisions"}],"wp:attachment":[{"href":"https:\/\/www.gereso.com\/actualites\/wp-json\/wp\/v2\/media?parent=2241"}],"wp:term":[{"taxonomy":"category","embeddable":true,"href":"https:\/\/www.gereso.com\/actualites\/wp-json\/wp\/v2\/categories?post=2241"},{"taxonomy":"post_tag","embeddable":true,"href":"https:\/\/www.gereso.com\/actualites\/wp-json\/wp\/v2\/tags?post=2241"}],"curies":[{"name":"wp","href":"https:\/\/api.w.org\/{rel}","templated":true}]}}