{"id":2242,"date":"2011-12-14T12:05:25","date_gmt":"2011-12-14T10:05:25","guid":{"rendered":"https:\/\/www.gereso.com\/actualites\/2011\/12\/violences-verbales-inscrivez-precisement-les-injures-prononcees-dans-la-lettre-de-licenciement\/"},"modified":"2011-12-14T12:05:25","modified_gmt":"2011-12-14T10:05:25","slug":"violences-verbales-inscrivez-precisement-les-injures-prononcees-dans-la-lettre-de-licenciement","status":"publish","type":"post","link":"https:\/\/www.gereso.com\/actualites\/2011\/12\/14\/violences-verbales-inscrivez-precisement-les-injures-prononcees-dans-la-lettre-de-licenciement\/","title":{"rendered":"Violences verbales : inscrivez pr\u00e9cis\u00e9ment les injures prononc\u00e9es dans la lettre de licenciement"},"content":{"rendered":"<p>En principe, le salari\u00e9 jouit, dans l&rsquo;entreprise et en dehors de celle-ci, de sa libert\u00e9 d&rsquo;expression. Toutefois, l&#8217;employeur peut sanctionner ce dernier s&rsquo;il en abuse (cass. soc. 14 d\u00e9cembre 1999, n\u00b0 97-41995, BC V n\u00b0 488).<br \/>Tel \u00e9tait le cas dans cette affaire, o\u00f9 l&#8217;employeur avait licenci\u00e9 un salari\u00e9 pour faute grave en raison des injures qu&rsquo;il avait prof\u00e9r\u00e9es \u00e0 l&rsquo;\u00e9gard d&rsquo;un sup\u00e9rieur hi\u00e9rarchique.<\/p>\n<p>Pour autant, les juges ont estim\u00e9 que ni la lettre de licenciement, ni l&rsquo;unique attestation produite par l&#8217;employeur ne leur permettaient de conna\u00eetre les mots &#8211; susceptibles d&rsquo;\u00eatre qualifi\u00e9s d&rsquo;injures &#8211; que le salari\u00e9 avait prononc\u00e9s.<\/p>\n<p>L&#8217;employeur n&rsquo;ayant donc pas rapport\u00e9 la preuve des faits rendant impossible le maintien de l&rsquo;int\u00e9ress\u00e9 dans l&rsquo;entreprise et constituant une faute grave, les juges ont conclu que le licenciement ne proc\u00e9dait pas d&rsquo;une cause r\u00e9elle et s\u00e9rieuse.<\/p>\n<p>En pratique, l&#8217;employeur a tout int\u00e9r\u00eat \u00e0 \u00eatre le plus pr\u00e9cis possible et \u00e0 indiquer, dans la lettre de licenciement, les termes injurieux employ\u00e9s, la date des faits ainsi que le nom des personnes injuri\u00e9es.<\/p>\n<p>Source :\u00a0 Cass. soc. 17 novembre 2011, n\u00b0 10-17515 D<\/p>\n","protected":false},"excerpt":{"rendered":"<p>En principe, le salari\u00e9 jouit, dans l&rsquo;entreprise et en dehors de celle-ci, de sa libert\u00e9 d&rsquo;expression. Toutefois, l&#8217;employeur peut sanctionner ce dernier s&rsquo;il en abuse (cass. soc. 14 d\u00e9cembre 1999, n\u00b0 97-41995, BC V n\u00b0 488).Tel \u00e9tait le cas dans cette affaire, o\u00f9 l&#8217;employeur avait licenci\u00e9 un salari\u00e9 pour faute grave en raison des injures [&hellip;]<\/p>\n","protected":false},"author":32,"featured_media":0,"comment_status":"open","ping_status":"open","sticky":false,"template":"","format":"standard","meta":{"_acf_changed":false,"_mi_skip_tracking":false,"footnotes":""},"categories":[5],"tags":[],"class_list":["post-2242","post","type-post","status-publish","format-standard","hentry","category-droit-du-travail"],"acf":[],"yoast_head":"<!-- This site is optimized with the Yoast SEO plugin v23.4 - https:\/\/yoast.com\/wordpress\/plugins\/seo\/ -->\n<title>Violences verbales : inscrivez pr\u00e9cis\u00e9ment les injures prononc\u00e9es dans la lettre de licenciement - Le Blog GERESO<\/title>\n<meta name=\"robots\" content=\"index, follow, max-snippet:-1, max-image-preview:large, max-video-preview:-1\" \/>\n<link rel=\"canonical\" href=\"https:\/\/www.gereso.com\/actualites\/2011\/12\/14\/violences-verbales-inscrivez-precisement-les-injures-prononcees-dans-la-lettre-de-licenciement\/\" \/>\n<meta property=\"og:locale\" content=\"fr_FR\" \/>\n<meta property=\"og:type\" content=\"article\" \/>\n<meta property=\"og:title\" content=\"Violences verbales : inscrivez pr\u00e9cis\u00e9ment les injures prononc\u00e9es dans la lettre de licenciement - Le Blog GERESO\" \/>\n<meta property=\"og:description\" content=\"En principe, le salari\u00e9 jouit, dans l&rsquo;entreprise et en dehors de celle-ci, de sa libert\u00e9 d&rsquo;expression. Toutefois, l&#8217;employeur peut sanctionner ce dernier s&rsquo;il en abuse (cass. soc. 14 d\u00e9cembre 1999, n\u00b0 97-41995, BC V n\u00b0 488).Tel \u00e9tait le cas dans cette affaire, o\u00f9 l&#8217;employeur avait licenci\u00e9 un salari\u00e9 pour faute grave en raison des injures [&hellip;]\" \/>\n<meta property=\"og:url\" content=\"https:\/\/www.gereso.com\/actualites\/2011\/12\/14\/violences-verbales-inscrivez-precisement-les-injures-prononcees-dans-la-lettre-de-licenciement\/\" \/>\n<meta property=\"og:site_name\" content=\"Le Blog GERESO\" \/>\n<meta property=\"article:published_time\" content=\"2011-12-14T10:05:25+00:00\" \/>\n<meta name=\"author\" content=\"\u00c9quipe GERESO\" \/>\n<meta name=\"twitter:card\" content=\"summary_large_image\" \/>\n<script type=\"application\/ld+json\" class=\"yoast-schema-graph\">{\"@context\":\"https:\/\/schema.org\",\"@graph\":[{\"@type\":\"WebPage\",\"@id\":\"https:\/\/www.gereso.com\/actualites\/2011\/12\/14\/violences-verbales-inscrivez-precisement-les-injures-prononcees-dans-la-lettre-de-licenciement\/\",\"url\":\"https:\/\/www.gereso.com\/actualites\/2011\/12\/14\/violences-verbales-inscrivez-precisement-les-injures-prononcees-dans-la-lettre-de-licenciement\/\",\"name\":\"Violences verbales : inscrivez pr\u00e9cis\u00e9ment les injures prononc\u00e9es dans la lettre de licenciement - Le Blog GERESO\",\"isPartOf\":{\"@id\":\"https:\/\/www.gereso.com\/actualites\/#website\"},\"datePublished\":\"2011-12-14T10:05:25+00:00\",\"dateModified\":\"2011-12-14T10:05:25+00:00\",\"author\":{\"@id\":\"https:\/\/www.gereso.com\/actualites\/#\/schema\/person\/197d8aef40cb4ae3f6a0aa9e1d3df2a6\"},\"breadcrumb\":{\"@id\":\"https:\/\/www.gereso.com\/actualites\/2011\/12\/14\/violences-verbales-inscrivez-precisement-les-injures-prononcees-dans-la-lettre-de-licenciement\/#breadcrumb\"},\"inLanguage\":\"fr-FR\",\"potentialAction\":[{\"@type\":\"ReadAction\",\"target\":[\"https:\/\/www.gereso.com\/actualites\/2011\/12\/14\/violences-verbales-inscrivez-precisement-les-injures-prononcees-dans-la-lettre-de-licenciement\/\"]}]},{\"@type\":\"BreadcrumbList\",\"@id\":\"https:\/\/www.gereso.com\/actualites\/2011\/12\/14\/violences-verbales-inscrivez-precisement-les-injures-prononcees-dans-la-lettre-de-licenciement\/#breadcrumb\",\"itemListElement\":[{\"@type\":\"ListItem\",\"position\":1,\"name\":\"Home\",\"item\":\"https:\/\/www.gereso.com\/actualites\/\"},{\"@type\":\"ListItem\",\"position\":2,\"name\":\"Violences verbales : inscrivez pr\u00e9cis\u00e9ment les injures prononc\u00e9es dans la lettre de licenciement\"}]},{\"@type\":\"WebSite\",\"@id\":\"https:\/\/www.gereso.com\/actualites\/#website\",\"url\":\"https:\/\/www.gereso.com\/actualites\/\",\"name\":\"Le Blog GERESO\",\"description\":\"Toute l&#039;actu RH, Finance, Fonction Publique, Management...\",\"potentialAction\":[{\"@type\":\"SearchAction\",\"target\":{\"@type\":\"EntryPoint\",\"urlTemplate\":\"https:\/\/www.gereso.com\/actualites\/?s={search_term_string}\"},\"query-input\":{\"@type\":\"PropertyValueSpecification\",\"valueRequired\":true,\"valueName\":\"search_term_string\"}}],\"inLanguage\":\"fr-FR\"},{\"@type\":\"Person\",\"@id\":\"https:\/\/www.gereso.com\/actualites\/#\/schema\/person\/197d8aef40cb4ae3f6a0aa9e1d3df2a6\",\"name\":\"\u00c9quipe GERESO\",\"image\":{\"@type\":\"ImageObject\",\"inLanguage\":\"fr-FR\",\"@id\":\"https:\/\/www.gereso.com\/actualites\/#\/schema\/person\/image\/\",\"url\":\"https:\/\/www.gereso.com\/actualites\/wp-content\/uploads\/2013\/12\/avatar-gereso-1.png\",\"contentUrl\":\"https:\/\/www.gereso.com\/actualites\/wp-content\/uploads\/2013\/12\/avatar-gereso-1.png\",\"caption\":\"\u00c9quipe GERESO\"},\"url\":\"https:\/\/www.gereso.com\/actualites\/author\/gereso\/\"}]}<\/script>\n<!-- \/ Yoast SEO plugin. -->","yoast_head_json":{"title":"Violences verbales : inscrivez pr\u00e9cis\u00e9ment les injures prononc\u00e9es dans la lettre de licenciement - Le Blog GERESO","robots":{"index":"index","follow":"follow","max-snippet":"max-snippet:-1","max-image-preview":"max-image-preview:large","max-video-preview":"max-video-preview:-1"},"canonical":"https:\/\/www.gereso.com\/actualites\/2011\/12\/14\/violences-verbales-inscrivez-precisement-les-injures-prononcees-dans-la-lettre-de-licenciement\/","og_locale":"fr_FR","og_type":"article","og_title":"Violences verbales : inscrivez pr\u00e9cis\u00e9ment les injures prononc\u00e9es dans la lettre de licenciement - Le Blog GERESO","og_description":"En principe, le salari\u00e9 jouit, dans l&rsquo;entreprise et en dehors de celle-ci, de sa libert\u00e9 d&rsquo;expression. Toutefois, l&#8217;employeur peut sanctionner ce dernier s&rsquo;il en abuse (cass. soc. 14 d\u00e9cembre 1999, n\u00b0 97-41995, BC V n\u00b0 488).Tel \u00e9tait le cas dans cette affaire, o\u00f9 l&#8217;employeur avait licenci\u00e9 un salari\u00e9 pour faute grave en raison des injures [&hellip;]","og_url":"https:\/\/www.gereso.com\/actualites\/2011\/12\/14\/violences-verbales-inscrivez-precisement-les-injures-prononcees-dans-la-lettre-de-licenciement\/","og_site_name":"Le Blog GERESO","article_published_time":"2011-12-14T10:05:25+00:00","author":"\u00c9quipe GERESO","twitter_card":"summary_large_image","schema":{"@context":"https:\/\/schema.org","@graph":[{"@type":"WebPage","@id":"https:\/\/www.gereso.com\/actualites\/2011\/12\/14\/violences-verbales-inscrivez-precisement-les-injures-prononcees-dans-la-lettre-de-licenciement\/","url":"https:\/\/www.gereso.com\/actualites\/2011\/12\/14\/violences-verbales-inscrivez-precisement-les-injures-prononcees-dans-la-lettre-de-licenciement\/","name":"Violences verbales : inscrivez pr\u00e9cis\u00e9ment les injures prononc\u00e9es dans la lettre de licenciement - Le Blog GERESO","isPartOf":{"@id":"https:\/\/www.gereso.com\/actualites\/#website"},"datePublished":"2011-12-14T10:05:25+00:00","dateModified":"2011-12-14T10:05:25+00:00","author":{"@id":"https:\/\/www.gereso.com\/actualites\/#\/schema\/person\/197d8aef40cb4ae3f6a0aa9e1d3df2a6"},"breadcrumb":{"@id":"https:\/\/www.gereso.com\/actualites\/2011\/12\/14\/violences-verbales-inscrivez-precisement-les-injures-prononcees-dans-la-lettre-de-licenciement\/#breadcrumb"},"inLanguage":"fr-FR","potentialAction":[{"@type":"ReadAction","target":["https:\/\/www.gereso.com\/actualites\/2011\/12\/14\/violences-verbales-inscrivez-precisement-les-injures-prononcees-dans-la-lettre-de-licenciement\/"]}]},{"@type":"BreadcrumbList","@id":"https:\/\/www.gereso.com\/actualites\/2011\/12\/14\/violences-verbales-inscrivez-precisement-les-injures-prononcees-dans-la-lettre-de-licenciement\/#breadcrumb","itemListElement":[{"@type":"ListItem","position":1,"name":"Home","item":"https:\/\/www.gereso.com\/actualites\/"},{"@type":"ListItem","position":2,"name":"Violences verbales : inscrivez pr\u00e9cis\u00e9ment les injures prononc\u00e9es dans la lettre de licenciement"}]},{"@type":"WebSite","@id":"https:\/\/www.gereso.com\/actualites\/#website","url":"https:\/\/www.gereso.com\/actualites\/","name":"Le Blog GERESO","description":"Toute l&#039;actu RH, Finance, Fonction Publique, Management...","potentialAction":[{"@type":"SearchAction","target":{"@type":"EntryPoint","urlTemplate":"https:\/\/www.gereso.com\/actualites\/?s={search_term_string}"},"query-input":{"@type":"PropertyValueSpecification","valueRequired":true,"valueName":"search_term_string"}}],"inLanguage":"fr-FR"},{"@type":"Person","@id":"https:\/\/www.gereso.com\/actualites\/#\/schema\/person\/197d8aef40cb4ae3f6a0aa9e1d3df2a6","name":"\u00c9quipe GERESO","image":{"@type":"ImageObject","inLanguage":"fr-FR","@id":"https:\/\/www.gereso.com\/actualites\/#\/schema\/person\/image\/","url":"https:\/\/www.gereso.com\/actualites\/wp-content\/uploads\/2013\/12\/avatar-gereso-1.png","contentUrl":"https:\/\/www.gereso.com\/actualites\/wp-content\/uploads\/2013\/12\/avatar-gereso-1.png","caption":"\u00c9quipe GERESO"},"url":"https:\/\/www.gereso.com\/actualites\/author\/gereso\/"}]}},"_links":{"self":[{"href":"https:\/\/www.gereso.com\/actualites\/wp-json\/wp\/v2\/posts\/2242","targetHints":{"allow":["GET"]}}],"collection":[{"href":"https:\/\/www.gereso.com\/actualites\/wp-json\/wp\/v2\/posts"}],"about":[{"href":"https:\/\/www.gereso.com\/actualites\/wp-json\/wp\/v2\/types\/post"}],"author":[{"embeddable":true,"href":"https:\/\/www.gereso.com\/actualites\/wp-json\/wp\/v2\/users\/32"}],"replies":[{"embeddable":true,"href":"https:\/\/www.gereso.com\/actualites\/wp-json\/wp\/v2\/comments?post=2242"}],"version-history":[{"count":0,"href":"https:\/\/www.gereso.com\/actualites\/wp-json\/wp\/v2\/posts\/2242\/revisions"}],"wp:attachment":[{"href":"https:\/\/www.gereso.com\/actualites\/wp-json\/wp\/v2\/media?parent=2242"}],"wp:term":[{"taxonomy":"category","embeddable":true,"href":"https:\/\/www.gereso.com\/actualites\/wp-json\/wp\/v2\/categories?post=2242"},{"taxonomy":"post_tag","embeddable":true,"href":"https:\/\/www.gereso.com\/actualites\/wp-json\/wp\/v2\/tags?post=2242"}],"curies":[{"name":"wp","href":"https:\/\/api.w.org\/{rel}","templated":true}]}}