{"id":2243,"date":"2011-12-14T12:06:38","date_gmt":"2011-12-14T10:06:38","guid":{"rendered":"https:\/\/www.gereso.com\/actualites\/2011\/12\/harcelement-de-la-demission-a-la-prise-dacte-justifiee\/"},"modified":"2011-12-14T12:06:38","modified_gmt":"2011-12-14T10:06:38","slug":"harcelement-de-la-demission-a-la-prise-dacte-justifiee","status":"publish","type":"post","link":"https:\/\/www.gereso.com\/actualites\/2011\/12\/14\/harcelement-de-la-demission-a-la-prise-dacte-justifiee\/","title":{"rendered":"Harc\u00e8lement : de la d\u00e9mission \u00e0 la prise d&#039;acte justifi\u00e9e"},"content":{"rendered":"<p>Accroissement des t\u00e2ches, multiplication des r\u00e9unions, courriels d&rsquo;ordres et de contre-ordres, absence de toute consid\u00e9ration, d\u00e9gradation des conditions de travail tant mat\u00e9rielles que psychologiques, alt\u00e9ration de l&rsquo;\u00e9tat de sant\u00e9&#8230; Autant d&rsquo;\u00e9l\u00e9ments qui avaient conduit une salari\u00e9e \u00e0 d\u00e9noncer devant le juge le harc\u00e8lement moral dont elle \u00e9tait victime.<br \/>Cependant, au-del\u00e0 du harc\u00e8lement lui-m\u00eame, ce sont les conditions de la rupture du contrat de travail qui m\u00e9ritent l&rsquo;attention. En effet, la salari\u00e9e avait form\u00e9 une demande de r\u00e9siliation judiciaire, pour finalement d\u00e9missionner. <\/p>\n<p>Cette affaire illustre parfaitement le travail de requalification auquel se livrent les juges dans de telles circonstances. Ainsi, puisque la d\u00e9mission \u00e9tait \u00e9quivoque, il fallait l&rsquo;analyser sous l&rsquo;angle de la prise d&rsquo;acte de la rupture et rechercher si les griefs formul\u00e9s par la salari\u00e9e justifiaient sa d\u00e9cision de quitter l&rsquo;entreprise. Le harc\u00e8lement moral \u00e9tant \u00e9tabli, il s&rsquo;agissait d&rsquo;une prise d&rsquo;acte justifi\u00e9e, qui produisait d\u00e8s lors les effets d&rsquo;un licenciement sans cause r\u00e9elle et s\u00e9rieuse.<\/p>\n<p>Source : Cass. soc. 8 novembre 2011, n\u00b0 10-15834 D<\/p>\n","protected":false},"excerpt":{"rendered":"<p>Accroissement des t\u00e2ches, multiplication des r\u00e9unions, courriels d&rsquo;ordres et de contre-ordres, absence de toute consid\u00e9ration, d\u00e9gradation des conditions de travail tant mat\u00e9rielles que psychologiques, alt\u00e9ration de l&rsquo;\u00e9tat de sant\u00e9&#8230; Autant d&rsquo;\u00e9l\u00e9ments qui avaient conduit une salari\u00e9e \u00e0 d\u00e9noncer devant le juge le harc\u00e8lement moral dont elle \u00e9tait victime.Cependant, au-del\u00e0 du harc\u00e8lement lui-m\u00eame, ce sont les [&hellip;]<\/p>\n","protected":false},"author":32,"featured_media":0,"comment_status":"open","ping_status":"open","sticky":false,"template":"","format":"standard","meta":{"_acf_changed":false,"_mi_skip_tracking":false,"footnotes":""},"categories":[5],"tags":[],"class_list":["post-2243","post","type-post","status-publish","format-standard","hentry","category-droit-du-travail"],"acf":[],"yoast_head":"<!-- This site is optimized with the Yoast SEO plugin v23.4 - https:\/\/yoast.com\/wordpress\/plugins\/seo\/ -->\n<title>Harc\u00e8lement : de la d\u00e9mission \u00e0 la prise d&#039;acte justifi\u00e9e - Le Blog GERESO<\/title>\n<meta name=\"robots\" content=\"index, follow, max-snippet:-1, max-image-preview:large, max-video-preview:-1\" \/>\n<link rel=\"canonical\" href=\"https:\/\/www.gereso.com\/actualites\/2011\/12\/14\/harcelement-de-la-demission-a-la-prise-dacte-justifiee\/\" \/>\n<meta property=\"og:locale\" content=\"fr_FR\" \/>\n<meta property=\"og:type\" content=\"article\" \/>\n<meta property=\"og:title\" content=\"Harc\u00e8lement : de la d\u00e9mission \u00e0 la prise d&#039;acte justifi\u00e9e - Le Blog GERESO\" \/>\n<meta property=\"og:description\" content=\"Accroissement des t\u00e2ches, multiplication des r\u00e9unions, courriels d&rsquo;ordres et de contre-ordres, absence de toute consid\u00e9ration, d\u00e9gradation des conditions de travail tant mat\u00e9rielles que psychologiques, alt\u00e9ration de l&rsquo;\u00e9tat de sant\u00e9&#8230; Autant d&rsquo;\u00e9l\u00e9ments qui avaient conduit une salari\u00e9e \u00e0 d\u00e9noncer devant le juge le harc\u00e8lement moral dont elle \u00e9tait victime.Cependant, au-del\u00e0 du harc\u00e8lement lui-m\u00eame, ce sont les [&hellip;]\" \/>\n<meta property=\"og:url\" content=\"https:\/\/www.gereso.com\/actualites\/2011\/12\/14\/harcelement-de-la-demission-a-la-prise-dacte-justifiee\/\" \/>\n<meta property=\"og:site_name\" content=\"Le Blog GERESO\" \/>\n<meta property=\"article:published_time\" content=\"2011-12-14T10:06:38+00:00\" \/>\n<meta name=\"author\" content=\"\u00c9quipe GERESO\" \/>\n<meta name=\"twitter:card\" content=\"summary_large_image\" \/>\n<script type=\"application\/ld+json\" class=\"yoast-schema-graph\">{\"@context\":\"https:\/\/schema.org\",\"@graph\":[{\"@type\":\"WebPage\",\"@id\":\"https:\/\/www.gereso.com\/actualites\/2011\/12\/14\/harcelement-de-la-demission-a-la-prise-dacte-justifiee\/\",\"url\":\"https:\/\/www.gereso.com\/actualites\/2011\/12\/14\/harcelement-de-la-demission-a-la-prise-dacte-justifiee\/\",\"name\":\"Harc\u00e8lement : de la d\u00e9mission \u00e0 la prise d&#039;acte justifi\u00e9e - Le Blog GERESO\",\"isPartOf\":{\"@id\":\"https:\/\/www.gereso.com\/actualites\/#website\"},\"datePublished\":\"2011-12-14T10:06:38+00:00\",\"dateModified\":\"2011-12-14T10:06:38+00:00\",\"author\":{\"@id\":\"https:\/\/www.gereso.com\/actualites\/#\/schema\/person\/197d8aef40cb4ae3f6a0aa9e1d3df2a6\"},\"breadcrumb\":{\"@id\":\"https:\/\/www.gereso.com\/actualites\/2011\/12\/14\/harcelement-de-la-demission-a-la-prise-dacte-justifiee\/#breadcrumb\"},\"inLanguage\":\"fr-FR\",\"potentialAction\":[{\"@type\":\"ReadAction\",\"target\":[\"https:\/\/www.gereso.com\/actualites\/2011\/12\/14\/harcelement-de-la-demission-a-la-prise-dacte-justifiee\/\"]}]},{\"@type\":\"BreadcrumbList\",\"@id\":\"https:\/\/www.gereso.com\/actualites\/2011\/12\/14\/harcelement-de-la-demission-a-la-prise-dacte-justifiee\/#breadcrumb\",\"itemListElement\":[{\"@type\":\"ListItem\",\"position\":1,\"name\":\"Home\",\"item\":\"https:\/\/www.gereso.com\/actualites\/\"},{\"@type\":\"ListItem\",\"position\":2,\"name\":\"Harc\u00e8lement : de la d\u00e9mission \u00e0 la prise d&#039;acte justifi\u00e9e\"}]},{\"@type\":\"WebSite\",\"@id\":\"https:\/\/www.gereso.com\/actualites\/#website\",\"url\":\"https:\/\/www.gereso.com\/actualites\/\",\"name\":\"Le Blog GERESO\",\"description\":\"Toute l&#039;actu RH, Finance, Fonction Publique, Management...\",\"potentialAction\":[{\"@type\":\"SearchAction\",\"target\":{\"@type\":\"EntryPoint\",\"urlTemplate\":\"https:\/\/www.gereso.com\/actualites\/?s={search_term_string}\"},\"query-input\":{\"@type\":\"PropertyValueSpecification\",\"valueRequired\":true,\"valueName\":\"search_term_string\"}}],\"inLanguage\":\"fr-FR\"},{\"@type\":\"Person\",\"@id\":\"https:\/\/www.gereso.com\/actualites\/#\/schema\/person\/197d8aef40cb4ae3f6a0aa9e1d3df2a6\",\"name\":\"\u00c9quipe GERESO\",\"image\":{\"@type\":\"ImageObject\",\"inLanguage\":\"fr-FR\",\"@id\":\"https:\/\/www.gereso.com\/actualites\/#\/schema\/person\/image\/\",\"url\":\"https:\/\/www.gereso.com\/actualites\/wp-content\/uploads\/2013\/12\/avatar-gereso-1.png\",\"contentUrl\":\"https:\/\/www.gereso.com\/actualites\/wp-content\/uploads\/2013\/12\/avatar-gereso-1.png\",\"caption\":\"\u00c9quipe GERESO\"},\"url\":\"https:\/\/www.gereso.com\/actualites\/author\/gereso\/\"}]}<\/script>\n<!-- \/ Yoast SEO plugin. -->","yoast_head_json":{"title":"Harc\u00e8lement : de la d\u00e9mission \u00e0 la prise d&#039;acte justifi\u00e9e - Le Blog GERESO","robots":{"index":"index","follow":"follow","max-snippet":"max-snippet:-1","max-image-preview":"max-image-preview:large","max-video-preview":"max-video-preview:-1"},"canonical":"https:\/\/www.gereso.com\/actualites\/2011\/12\/14\/harcelement-de-la-demission-a-la-prise-dacte-justifiee\/","og_locale":"fr_FR","og_type":"article","og_title":"Harc\u00e8lement : de la d\u00e9mission \u00e0 la prise d&#039;acte justifi\u00e9e - Le Blog GERESO","og_description":"Accroissement des t\u00e2ches, multiplication des r\u00e9unions, courriels d&rsquo;ordres et de contre-ordres, absence de toute consid\u00e9ration, d\u00e9gradation des conditions de travail tant mat\u00e9rielles que psychologiques, alt\u00e9ration de l&rsquo;\u00e9tat de sant\u00e9&#8230; Autant d&rsquo;\u00e9l\u00e9ments qui avaient conduit une salari\u00e9e \u00e0 d\u00e9noncer devant le juge le harc\u00e8lement moral dont elle \u00e9tait victime.Cependant, au-del\u00e0 du harc\u00e8lement lui-m\u00eame, ce sont les [&hellip;]","og_url":"https:\/\/www.gereso.com\/actualites\/2011\/12\/14\/harcelement-de-la-demission-a-la-prise-dacte-justifiee\/","og_site_name":"Le Blog GERESO","article_published_time":"2011-12-14T10:06:38+00:00","author":"\u00c9quipe GERESO","twitter_card":"summary_large_image","schema":{"@context":"https:\/\/schema.org","@graph":[{"@type":"WebPage","@id":"https:\/\/www.gereso.com\/actualites\/2011\/12\/14\/harcelement-de-la-demission-a-la-prise-dacte-justifiee\/","url":"https:\/\/www.gereso.com\/actualites\/2011\/12\/14\/harcelement-de-la-demission-a-la-prise-dacte-justifiee\/","name":"Harc\u00e8lement : de la d\u00e9mission \u00e0 la prise d&#039;acte justifi\u00e9e - Le Blog GERESO","isPartOf":{"@id":"https:\/\/www.gereso.com\/actualites\/#website"},"datePublished":"2011-12-14T10:06:38+00:00","dateModified":"2011-12-14T10:06:38+00:00","author":{"@id":"https:\/\/www.gereso.com\/actualites\/#\/schema\/person\/197d8aef40cb4ae3f6a0aa9e1d3df2a6"},"breadcrumb":{"@id":"https:\/\/www.gereso.com\/actualites\/2011\/12\/14\/harcelement-de-la-demission-a-la-prise-dacte-justifiee\/#breadcrumb"},"inLanguage":"fr-FR","potentialAction":[{"@type":"ReadAction","target":["https:\/\/www.gereso.com\/actualites\/2011\/12\/14\/harcelement-de-la-demission-a-la-prise-dacte-justifiee\/"]}]},{"@type":"BreadcrumbList","@id":"https:\/\/www.gereso.com\/actualites\/2011\/12\/14\/harcelement-de-la-demission-a-la-prise-dacte-justifiee\/#breadcrumb","itemListElement":[{"@type":"ListItem","position":1,"name":"Home","item":"https:\/\/www.gereso.com\/actualites\/"},{"@type":"ListItem","position":2,"name":"Harc\u00e8lement : de la d\u00e9mission \u00e0 la prise d&#039;acte justifi\u00e9e"}]},{"@type":"WebSite","@id":"https:\/\/www.gereso.com\/actualites\/#website","url":"https:\/\/www.gereso.com\/actualites\/","name":"Le Blog GERESO","description":"Toute l&#039;actu RH, Finance, Fonction Publique, Management...","potentialAction":[{"@type":"SearchAction","target":{"@type":"EntryPoint","urlTemplate":"https:\/\/www.gereso.com\/actualites\/?s={search_term_string}"},"query-input":{"@type":"PropertyValueSpecification","valueRequired":true,"valueName":"search_term_string"}}],"inLanguage":"fr-FR"},{"@type":"Person","@id":"https:\/\/www.gereso.com\/actualites\/#\/schema\/person\/197d8aef40cb4ae3f6a0aa9e1d3df2a6","name":"\u00c9quipe GERESO","image":{"@type":"ImageObject","inLanguage":"fr-FR","@id":"https:\/\/www.gereso.com\/actualites\/#\/schema\/person\/image\/","url":"https:\/\/www.gereso.com\/actualites\/wp-content\/uploads\/2013\/12\/avatar-gereso-1.png","contentUrl":"https:\/\/www.gereso.com\/actualites\/wp-content\/uploads\/2013\/12\/avatar-gereso-1.png","caption":"\u00c9quipe GERESO"},"url":"https:\/\/www.gereso.com\/actualites\/author\/gereso\/"}]}},"_links":{"self":[{"href":"https:\/\/www.gereso.com\/actualites\/wp-json\/wp\/v2\/posts\/2243","targetHints":{"allow":["GET"]}}],"collection":[{"href":"https:\/\/www.gereso.com\/actualites\/wp-json\/wp\/v2\/posts"}],"about":[{"href":"https:\/\/www.gereso.com\/actualites\/wp-json\/wp\/v2\/types\/post"}],"author":[{"embeddable":true,"href":"https:\/\/www.gereso.com\/actualites\/wp-json\/wp\/v2\/users\/32"}],"replies":[{"embeddable":true,"href":"https:\/\/www.gereso.com\/actualites\/wp-json\/wp\/v2\/comments?post=2243"}],"version-history":[{"count":0,"href":"https:\/\/www.gereso.com\/actualites\/wp-json\/wp\/v2\/posts\/2243\/revisions"}],"wp:attachment":[{"href":"https:\/\/www.gereso.com\/actualites\/wp-json\/wp\/v2\/media?parent=2243"}],"wp:term":[{"taxonomy":"category","embeddable":true,"href":"https:\/\/www.gereso.com\/actualites\/wp-json\/wp\/v2\/categories?post=2243"},{"taxonomy":"post_tag","embeddable":true,"href":"https:\/\/www.gereso.com\/actualites\/wp-json\/wp\/v2\/tags?post=2243"}],"curies":[{"name":"wp","href":"https:\/\/api.w.org\/{rel}","templated":true}]}}