{"id":22957,"date":"2021-09-07T13:37:46","date_gmt":"2021-09-07T11:37:46","guid":{"rendered":"https:\/\/www.gereso.com\/actualites\/?p=22957"},"modified":"2022-03-14T11:34:59","modified_gmt":"2022-03-14T09:34:59","slug":"fin-du-report-des-cotisations-sociales-en-septembre-2021","status":"publish","type":"post","link":"https:\/\/www.gereso.com\/actualites\/2021\/09\/07\/fin-du-report-des-cotisations-sociales-en-septembre-2021\/","title":{"rendered":"Fin du report des cotisations sociales en septembre 2021"},"content":{"rendered":"\n<p>L\u2019<strong>URSSAF<\/strong> a annonc\u00e9 sur son site la fin de la possibilit\u00e9 offerte de reporter les <strong>cotisations sociales<\/strong> salariales, patronales et \u00e9galement les cotisations des <strong>ind\u00e9pendants<\/strong>. Seuls <strong>l\u2019Outre-mer<\/strong> reste \u00e9ligible au dispositif.<\/p>\n<h2><strong>Cotisations salariales et patronales\u00a0: fin du report<\/strong><\/h2>\n<p>Dans une actualit\u00e9 publi\u00e9e le 3 septembre, l\u2019URSSAF informe les employeurs de la fin des mesures exceptionnelles en faveur des entreprises pour tenir compte des cons\u00e9quences de la crise sanitaire.<\/p>\n<p>Compte tenu de la reprise de l\u2019activit\u00e9 \u00e9conomique, les employeurs devront au titre de la p\u00e9riode d\u2019emploi d\u2019ao\u00fbt 2021, s\u2019acquitter des <strong>cotisations sociales salariales et patronales<\/strong> aux dates d\u2019exigibilit\u00e9 habituelles, \u00e0 savoir le <strong>6 ou le 15 septembre<\/strong>.<\/p>\n<p>En revanche, les employeurs install\u00e9s en <strong>Guadeloupe, Martinique, Guyane et \u00e0 la R\u00e9union<\/strong> dont l\u2019activit\u00e9 est encore limit\u00e9e par les cons\u00e9quences de la crise sanitaire (fermetures administratives notamment), conservent la possibilit\u00e9 de <strong>reporter<\/strong> le paiement de leurs cotisations \u00e9chues au 6 ou 15 septembre. Ils doivent dans ce cas formuler une demande pr\u00e9alable.<\/p>\n<p>Les entreprises et associations qui utilisent les services Tese, Tfe, et Cea devront \u00e9galement verser leurs cotisations pour le 15 septembre au plus tard.<\/p>\n<h2><strong>Travailleurs ind\u00e9pendants\u00a0: reprise des pr\u00e9l\u00e8vements<\/strong><\/h2>\n<p>Pour les <strong>travailleurs ind\u00e9pendants<\/strong>, la suspension des pr\u00e9l\u00e8vements prend \u00e9galement fin. Les pr\u00e9l\u00e8vements automatiques et les paiements aupr\u00e8s de la S\u00e9curit\u00e9 sociale des ind\u00e9pendants reprennent le <strong>5 ou 20 septembre<\/strong> pour les ind\u00e9pendants mensualis\u00e9s, ou le <strong>5 novembre<\/strong> pour ceux qui r\u00e8glent leurs cotisations au trimestre.<\/p>\n<p>N\u00e9anmoins, les TNS qui \u00e9prouvent des difficult\u00e9s \u00e0 honorer leurs \u00e9ch\u00e9ances sont invit\u00e9s \u00e0 contacter leur URSSAF afin de mettre place un <strong>plan d\u2019apurement<\/strong>. Le respect de l\u2019\u00e9ch\u00e9ancier implique une absence d\u2019application des p\u00e9nalit\u00e9s ou majorations.<\/p>\n<p>Les ind\u00e9pendants install\u00e9s en <strong>Guadeloupe, Martinique, Guyane et \u00e0 la R\u00e9union<\/strong> b\u00e9n\u00e9ficient en revanche encore de la <strong>suspension<\/strong> des pr\u00e9l\u00e8vements en septembre.<\/p>\n","protected":false},"excerpt":{"rendered":"<p>L\u2019URSSAF a annonc\u00e9 sur son site la fin de la possibilit\u00e9 offerte de reporter les cotisations sociales salariales, patronales et \u00e9galement les cotisations des ind\u00e9pendants. Seuls l\u2019Outre-mer reste \u00e9ligible au dispositif. Cotisations salariales et patronales\u00a0: fin du report Dans une actualit\u00e9 publi\u00e9e le 3 septembre, l\u2019URSSAF informe les employeurs de la fin des mesures exceptionnelles [&hellip;]<\/p>\n","protected":false},"author":45,"featured_media":0,"comment_status":"open","ping_status":"open","sticky":false,"template":"","format":"quote","meta":{"_acf_changed":false,"_mi_skip_tracking":false,"footnotes":""},"categories":[12,3,5],"tags":[426,1240,1241,95],"class_list":["post-22957","post","type-post","status-publish","format-quote","hentry","category-actualites","category-comptabilite-fiscalite-et-gestion-financiere","category-droit-du-travail","tag-cotisations-sociales","tag-tns","tag-travailleurs-independants","tag-urssaf","post_format-post-format-quote"],"acf":[],"yoast_head":"<!-- This site is optimized with the Yoast SEO plugin v23.4 - https:\/\/yoast.com\/wordpress\/plugins\/seo\/ -->\n<title>Fin du report des cotisations sociales en septembre 2021 - Le Blog GERESO<\/title>\n<meta name=\"robots\" content=\"index, follow, max-snippet:-1, max-image-preview:large, max-video-preview:-1\" \/>\n<link rel=\"canonical\" href=\"https:\/\/www.gereso.com\/actualites\/2021\/09\/07\/fin-du-report-des-cotisations-sociales-en-septembre-2021\/\" \/>\n<meta property=\"og:locale\" content=\"fr_FR\" \/>\n<meta property=\"og:type\" content=\"article\" \/>\n<meta property=\"og:title\" content=\"Fin du report des cotisations sociales en septembre 2021 - Le Blog GERESO\" \/>\n<meta property=\"og:description\" content=\"L\u2019URSSAF a annonc\u00e9 sur son site la fin de la possibilit\u00e9 offerte de reporter les cotisations sociales salariales, patronales et \u00e9galement les cotisations des ind\u00e9pendants. Seuls l\u2019Outre-mer reste \u00e9ligible au dispositif. Cotisations salariales et patronales\u00a0: fin du report Dans une actualit\u00e9 publi\u00e9e le 3 septembre, l\u2019URSSAF informe les employeurs de la fin des mesures exceptionnelles [&hellip;]\" \/>\n<meta property=\"og:url\" content=\"https:\/\/www.gereso.com\/actualites\/2021\/09\/07\/fin-du-report-des-cotisations-sociales-en-septembre-2021\/\" \/>\n<meta property=\"og:site_name\" content=\"Le Blog GERESO\" \/>\n<meta property=\"article:published_time\" content=\"2021-09-07T11:37:46+00:00\" \/>\n<meta property=\"article:modified_time\" content=\"2022-03-14T09:34:59+00:00\" \/>\n<meta name=\"author\" content=\"Damien P\u00e9an\" \/>\n<meta name=\"twitter:card\" content=\"summary_large_image\" \/>\n<script type=\"application\/ld+json\" class=\"yoast-schema-graph\">{\"@context\":\"https:\/\/schema.org\",\"@graph\":[{\"@type\":\"WebPage\",\"@id\":\"https:\/\/www.gereso.com\/actualites\/2021\/09\/07\/fin-du-report-des-cotisations-sociales-en-septembre-2021\/\",\"url\":\"https:\/\/www.gereso.com\/actualites\/2021\/09\/07\/fin-du-report-des-cotisations-sociales-en-septembre-2021\/\",\"name\":\"Fin du report des cotisations sociales en septembre 2021 - Le Blog GERESO\",\"isPartOf\":{\"@id\":\"https:\/\/www.gereso.com\/actualites\/#website\"},\"datePublished\":\"2021-09-07T11:37:46+00:00\",\"dateModified\":\"2022-03-14T09:34:59+00:00\",\"author\":{\"@id\":\"https:\/\/www.gereso.com\/actualites\/#\/schema\/person\/c91814f92d627ed4715993fbbf7c7e8d\"},\"breadcrumb\":{\"@id\":\"https:\/\/www.gereso.com\/actualites\/2021\/09\/07\/fin-du-report-des-cotisations-sociales-en-septembre-2021\/#breadcrumb\"},\"inLanguage\":\"fr-FR\",\"potentialAction\":[{\"@type\":\"ReadAction\",\"target\":[\"https:\/\/www.gereso.com\/actualites\/2021\/09\/07\/fin-du-report-des-cotisations-sociales-en-septembre-2021\/\"]}]},{\"@type\":\"BreadcrumbList\",\"@id\":\"https:\/\/www.gereso.com\/actualites\/2021\/09\/07\/fin-du-report-des-cotisations-sociales-en-septembre-2021\/#breadcrumb\",\"itemListElement\":[{\"@type\":\"ListItem\",\"position\":1,\"name\":\"Home\",\"item\":\"https:\/\/www.gereso.com\/actualites\/\"},{\"@type\":\"ListItem\",\"position\":2,\"name\":\"Fin du report des cotisations sociales en septembre 2021\"}]},{\"@type\":\"WebSite\",\"@id\":\"https:\/\/www.gereso.com\/actualites\/#website\",\"url\":\"https:\/\/www.gereso.com\/actualites\/\",\"name\":\"Le Blog GERESO\",\"description\":\"Toute l&#039;actu RH, Finance, Fonction Publique, Management...\",\"potentialAction\":[{\"@type\":\"SearchAction\",\"target\":{\"@type\":\"EntryPoint\",\"urlTemplate\":\"https:\/\/www.gereso.com\/actualites\/?s={search_term_string}\"},\"query-input\":{\"@type\":\"PropertyValueSpecification\",\"valueRequired\":true,\"valueName\":\"search_term_string\"}}],\"inLanguage\":\"fr-FR\"},{\"@type\":\"Person\",\"@id\":\"https:\/\/www.gereso.com\/actualites\/#\/schema\/person\/c91814f92d627ed4715993fbbf7c7e8d\",\"name\":\"Damien P\u00e9an\",\"image\":{\"@type\":\"ImageObject\",\"inLanguage\":\"fr-FR\",\"@id\":\"https:\/\/www.gereso.com\/actualites\/#\/schema\/person\/image\/\",\"url\":\"https:\/\/www.gereso.com\/actualites\/wp-content\/uploads\/2016\/03\/damien-pean.jpg\",\"contentUrl\":\"https:\/\/www.gereso.com\/actualites\/wp-content\/uploads\/2016\/03\/damien-pean.jpg\",\"caption\":\"Damien P\u00e9an\"},\"description\":\"Damien P\u00c9AN est titulaire du Dipl\u00f4me d'\u00e9tudes sup\u00e9rieures comptables et financi\u00e8res (DESCF). Il intervient depuis plusieurs ann\u00e9es aupr\u00e8s d'\u00e9tudiants en licence de comptabilit\u00e9 et de gestion, \u00e0 qui il enseigne le contr\u00f4le de gestion, la comptabilit\u00e9 approfondie, le management, la fiscalit\u00e9, le droit des soci\u00e9t\u00e9s et le droit du travail. Il intervient \u00e9galement en formation continue pour le compte de divers organismes de formation sur des th\u00e9matiques techniques en comptabilit\u00e9 et fiscalit\u00e9. Il forme aussi un public de non-initi\u00e9s aux fondamentaux de la finance.\",\"url\":\"https:\/\/www.gereso.com\/actualites\/author\/d-pean\/\"}]}<\/script>\n<!-- \/ Yoast SEO plugin. -->","yoast_head_json":{"title":"Fin du report des cotisations sociales en septembre 2021 - Le Blog GERESO","robots":{"index":"index","follow":"follow","max-snippet":"max-snippet:-1","max-image-preview":"max-image-preview:large","max-video-preview":"max-video-preview:-1"},"canonical":"https:\/\/www.gereso.com\/actualites\/2021\/09\/07\/fin-du-report-des-cotisations-sociales-en-septembre-2021\/","og_locale":"fr_FR","og_type":"article","og_title":"Fin du report des cotisations sociales en septembre 2021 - Le Blog GERESO","og_description":"L\u2019URSSAF a annonc\u00e9 sur son site la fin de la possibilit\u00e9 offerte de reporter les cotisations sociales salariales, patronales et \u00e9galement les cotisations des ind\u00e9pendants. Seuls l\u2019Outre-mer reste \u00e9ligible au dispositif. Cotisations salariales et patronales\u00a0: fin du report Dans une actualit\u00e9 publi\u00e9e le 3 septembre, l\u2019URSSAF informe les employeurs de la fin des mesures exceptionnelles [&hellip;]","og_url":"https:\/\/www.gereso.com\/actualites\/2021\/09\/07\/fin-du-report-des-cotisations-sociales-en-septembre-2021\/","og_site_name":"Le Blog GERESO","article_published_time":"2021-09-07T11:37:46+00:00","article_modified_time":"2022-03-14T09:34:59+00:00","author":"Damien P\u00e9an","twitter_card":"summary_large_image","schema":{"@context":"https:\/\/schema.org","@graph":[{"@type":"WebPage","@id":"https:\/\/www.gereso.com\/actualites\/2021\/09\/07\/fin-du-report-des-cotisations-sociales-en-septembre-2021\/","url":"https:\/\/www.gereso.com\/actualites\/2021\/09\/07\/fin-du-report-des-cotisations-sociales-en-septembre-2021\/","name":"Fin du report des cotisations sociales en septembre 2021 - Le Blog GERESO","isPartOf":{"@id":"https:\/\/www.gereso.com\/actualites\/#website"},"datePublished":"2021-09-07T11:37:46+00:00","dateModified":"2022-03-14T09:34:59+00:00","author":{"@id":"https:\/\/www.gereso.com\/actualites\/#\/schema\/person\/c91814f92d627ed4715993fbbf7c7e8d"},"breadcrumb":{"@id":"https:\/\/www.gereso.com\/actualites\/2021\/09\/07\/fin-du-report-des-cotisations-sociales-en-septembre-2021\/#breadcrumb"},"inLanguage":"fr-FR","potentialAction":[{"@type":"ReadAction","target":["https:\/\/www.gereso.com\/actualites\/2021\/09\/07\/fin-du-report-des-cotisations-sociales-en-septembre-2021\/"]}]},{"@type":"BreadcrumbList","@id":"https:\/\/www.gereso.com\/actualites\/2021\/09\/07\/fin-du-report-des-cotisations-sociales-en-septembre-2021\/#breadcrumb","itemListElement":[{"@type":"ListItem","position":1,"name":"Home","item":"https:\/\/www.gereso.com\/actualites\/"},{"@type":"ListItem","position":2,"name":"Fin du report des cotisations sociales en septembre 2021"}]},{"@type":"WebSite","@id":"https:\/\/www.gereso.com\/actualites\/#website","url":"https:\/\/www.gereso.com\/actualites\/","name":"Le Blog GERESO","description":"Toute l&#039;actu RH, Finance, Fonction Publique, Management...","potentialAction":[{"@type":"SearchAction","target":{"@type":"EntryPoint","urlTemplate":"https:\/\/www.gereso.com\/actualites\/?s={search_term_string}"},"query-input":{"@type":"PropertyValueSpecification","valueRequired":true,"valueName":"search_term_string"}}],"inLanguage":"fr-FR"},{"@type":"Person","@id":"https:\/\/www.gereso.com\/actualites\/#\/schema\/person\/c91814f92d627ed4715993fbbf7c7e8d","name":"Damien P\u00e9an","image":{"@type":"ImageObject","inLanguage":"fr-FR","@id":"https:\/\/www.gereso.com\/actualites\/#\/schema\/person\/image\/","url":"https:\/\/www.gereso.com\/actualites\/wp-content\/uploads\/2016\/03\/damien-pean.jpg","contentUrl":"https:\/\/www.gereso.com\/actualites\/wp-content\/uploads\/2016\/03\/damien-pean.jpg","caption":"Damien P\u00e9an"},"description":"Damien P\u00c9AN est titulaire du Dipl\u00f4me d'\u00e9tudes sup\u00e9rieures comptables et financi\u00e8res (DESCF). Il intervient depuis plusieurs ann\u00e9es aupr\u00e8s d'\u00e9tudiants en licence de comptabilit\u00e9 et de gestion, \u00e0 qui il enseigne le contr\u00f4le de gestion, la comptabilit\u00e9 approfondie, le management, la fiscalit\u00e9, le droit des soci\u00e9t\u00e9s et le droit du travail. Il intervient \u00e9galement en formation continue pour le compte de divers organismes de formation sur des th\u00e9matiques techniques en comptabilit\u00e9 et fiscalit\u00e9. Il forme aussi un public de non-initi\u00e9s aux fondamentaux de la finance.","url":"https:\/\/www.gereso.com\/actualites\/author\/d-pean\/"}]}},"_links":{"self":[{"href":"https:\/\/www.gereso.com\/actualites\/wp-json\/wp\/v2\/posts\/22957","targetHints":{"allow":["GET"]}}],"collection":[{"href":"https:\/\/www.gereso.com\/actualites\/wp-json\/wp\/v2\/posts"}],"about":[{"href":"https:\/\/www.gereso.com\/actualites\/wp-json\/wp\/v2\/types\/post"}],"author":[{"embeddable":true,"href":"https:\/\/www.gereso.com\/actualites\/wp-json\/wp\/v2\/users\/45"}],"replies":[{"embeddable":true,"href":"https:\/\/www.gereso.com\/actualites\/wp-json\/wp\/v2\/comments?post=22957"}],"version-history":[{"count":2,"href":"https:\/\/www.gereso.com\/actualites\/wp-json\/wp\/v2\/posts\/22957\/revisions"}],"predecessor-version":[{"id":26347,"href":"https:\/\/www.gereso.com\/actualites\/wp-json\/wp\/v2\/posts\/22957\/revisions\/26347"}],"wp:attachment":[{"href":"https:\/\/www.gereso.com\/actualites\/wp-json\/wp\/v2\/media?parent=22957"}],"wp:term":[{"taxonomy":"category","embeddable":true,"href":"https:\/\/www.gereso.com\/actualites\/wp-json\/wp\/v2\/categories?post=22957"},{"taxonomy":"post_tag","embeddable":true,"href":"https:\/\/www.gereso.com\/actualites\/wp-json\/wp\/v2\/tags?post=22957"}],"curies":[{"name":"wp","href":"https:\/\/api.w.org\/{rel}","templated":true}]}}