{"id":23041,"date":"2021-09-20T14:04:42","date_gmt":"2021-09-20T12:04:42","guid":{"rendered":"https:\/\/www.gereso.com\/actualites\/?p=23041"},"modified":"2021-11-02T17:56:00","modified_gmt":"2021-11-02T15:56:00","slug":"webinaire-tout-savoir-sur-mon-bulletin-de-paie","status":"publish","type":"post","link":"https:\/\/www.gereso.com\/actualites\/2021\/09\/20\/webinaire-tout-savoir-sur-mon-bulletin-de-paie\/","title":{"rendered":"Webinaire \u00ab\u00a0Tout savoir sur mon bulletin de paie !\u00a0\u00bb"},"content":{"rendered":"\n\n\n<h2>D\u00e9tails du webinaire&nbsp;:<\/h2>\n<h3 class=\"section-title\"><span class=\"title-inner\" data-animation=\"fadeInRight\" data-animation-delay=\"500\">DATE&nbsp;:<\/span><\/h3>\n<p>Mardi 13 juillet 2021&nbsp;de 10h00 \u00e0 11h00<\/p>\n\n<h3 class=\"section-title\"><span class=\"title-inner\" data-animation=\"fadeInRight\" data-animation-delay=\"500\">RESUM\u00c9&nbsp;:<\/span><\/h3>\n<p>Bien qu&rsquo;ayant fait l&rsquo;objet d&rsquo;une simplification depuis le 1er janvier 2018, le <strong>bulletin de paie<\/strong> reste un document difficile \u00e0 d\u00e9chiffrer <strong>pour les non-sp\u00e9cialistes<\/strong>, et notamment pour les nouveaux salari\u00e9s.<br>\n\nPourtant, <strong>comprendre les rubriques<\/strong> de son bulletin de salaire, la diff\u00e9rence entre le \u00ab\u00a0brut\u00a0\u00bb et le \u00ab\u00a0net\u00a0\u00bb, les grands principes de calcul des cotisations, les mentions relatives aux cong\u00e9s, le principe du pr\u00e9l\u00e8vement \u00e0 la source&#8230; est essentiel pour <strong>bien d\u00e9marrer dans la vie active&nbsp;!<\/strong><br>\n\nAu cours de ce webinaire, B\u00e9r\u00e9nice JARRY, consultante experte en gestion de la paie vous aidera \u00e0 <strong>comprendre toutes les mentions de votre bulletin de paie.<\/strong><\/p>\n\n<h3 class=\"section-title\"><span class=\"title-inner\" data-animation=\"fadeInRight\" data-animation-delay=\"500\">PROGRAMME&nbsp;:<\/span><\/h3>\n<ul>\n<li>Le <strong>salaire brut<\/strong>&nbsp;: comment est-il fix\u00e9&nbsp;? (minimas conventionnels , r\u00e8gles pour les alternants et les stagiaires\u2026) \u00c0 quoi correspond-il&nbsp;?<\/li>\n<li><strong>Salaire brut, net, net imposable<\/strong>&nbsp;: quelles diff\u00e9rences&nbsp;?<\/li>\n<li>Pourquoi mon <strong>salaire net<\/strong> est-il inf\u00e9rieur \u00e0 mon <strong>net imposable<\/strong>&bsp;?<\/li>\n<li><strong>Pr\u00e9l\u00e8vement \u00e0 la source<\/strong>&nbsp;: quel fonctionnement&nbsp;? Quel taux&nbsp;? Comment changer de taux&nbsp;?<\/li>\n<li><strong>Int\u00e9ressement, participation\u2026<\/strong>&nbsp;: \u00c0 quoi ai-je droit&nbsp;? \u00c0 partir de quelle date&nbsp;? Comment ces \u00e9l\u00e9ments sont-ils calcul\u00e9s&nbsp;?<\/li>\n<li><strong>Primes<\/strong> sur objectifs, sur r\u00e9sultats, exceptionnelles, 13e mois&#8230;&nbsp;: Que puis-je obtenir&nbsp;? Comment sont-elles calcul\u00e9es&nbsp;?<\/li>\n<li><stong>Cotisations patronales et salariales<\/strong>&nbsp;: \u00e0 quoi servent-elles&nbsp;? Comment sont-elles calcul\u00e9es&nbsp;? Sur quelles bases&nbsp;?<\/li>\n<li><strong>Paiement du salaire<\/strong>&nbsp;: \u00e0 quelle date&nbsp;? Comment demander une avance ou un acompte&nbsp;?<\/li>\n<li><strong>Cong\u00e9s<\/strong>&nbsp;: \u00e0 combien de jours ai-je droit&nbsp;? comment sont-ils calcul\u00e9s&nbsp;? <\/li>\n<li>Comment v\u00e9rifier que <strong>mon bulletin de paie est exact<\/strong>&nbsp;?<\/li>\n<li>Pourquoi <strong>conserver tous mes bulletins de salaire<\/strong>&nbsp;?<\/li>\n<li>Questions \/ R\u00e9ponses<\/li>\n<\/ul>\n\n\n\n\n\n<h3 class=\"section-title\"><span class=\"title-inner\" data-animation=\"fadeInRight\" data-animation-delay=\"500\">INTERVENANTE&nbsp;:<\/span><\/h3>\n<p><strong>B\u00e9r\u00e9nice JARRY<\/strong> est consultante en gestion de la paie pour GERESO. Dipl\u00f4m\u00e9e d&rsquo;un Master 2 Ing\u00e9nierie des Ressources Humaines, B\u00e9r\u00e9nice commence sa carri\u00e8re en tant que charg\u00e9e des ressources humaines dans des \u00e9tablissements o\u00f9 se m\u00ealent droit priv\u00e9 et droit public. Attir\u00e9e par la formation depuis toujours, elle a rejoint l&rsquo;\u00e9quipe GERESO en 2019 comme consultante experte en gestion de la paie.<\/p>\n\n\n<h3 class=\"section-title\"><span class=\"title-inner\" data-animation=\"fadeInRight\" data-animation-delay=\"500\">REPLAY DU WEBINAIRE&nbsp;:<\/span><\/h3>\n\n\n\n<figure class=\"wp-block-embed is-type-video is-provider-youtube wp-block-embed-youtube wp-embed-aspect-16-9 wp-has-aspect-ratio\"><div class=\"wp-block-embed__wrapper\">\n<iframe title=\"WEBINAIRE - Tout savoir sur mon bulletin de paie - B\u00e9r\u00e9nice Jarry\" width=\"644\" height=\"362\" src=\"https:\/\/www.youtube.com\/embed\/ylCnCcYeulA?feature=oembed\" frameborder=\"0\" allow=\"accelerometer; autoplay; clipboard-write; encrypted-media; gyroscope; picture-in-picture; web-share\" referrerpolicy=\"strict-origin-when-cross-origin\" allowfullscreen><\/iframe>\n<\/div><\/figure>\n\n\n\n<h3 class=\"section-title\"><span class=\"title-inner\" data-animation=\"fadeInRight\" data-animation-delay=\"500\">DOCUMENTS&nbsp;:<\/span><\/h3>\n\n\n\n<h4>T\u00e9l\u00e9chargez le diaporama diffus\u00e9 par l&rsquo;intervenante&nbsp;:<\/h4>\n\n\n\n\n\n<div data-wp-interactive=\"core\/file\" class=\"wp-block-file\"><object data-wp-bind--hidden=\"!state.hasPdfPreview\" hidden class=\"wp-block-file__embed\" data=\"https:\/\/www.gereso.com\/actualites\/wp-content\/uploads\/2021\/09\/Webinaire-GERESO-Bulletin-de-paie.pdf\" type=\"application\/pdf\" style=\"width:100%;height:600px\" aria-label=\"Contenu embarqu\u00e9 Contenu embarqu\u00e9 Webinaire GERESO Bulletin de paie..\"><\/object><a href=\"https:\/\/www.gereso.com\/actualites\/wp-content\/uploads\/2021\/09\/Webinaire-GERESO-Bulletin-de-paie.pdf\">Webinaire GERESO Bulletin de paie<\/a><a href=\"https:\/\/www.gereso.com\/actualites\/wp-content\/uploads\/2021\/09\/Webinaire-GERESO-Bulletin-de-paie.pdf\" class=\"wp-block-file__button\" download>T\u00e9l\u00e9charger<\/a><\/div>\n\n\n","protected":false},"excerpt":{"rendered":"<p>D\u00e9tails du webinaire&nbsp;: DATE&nbsp;: Mardi 13 juillet 2021&nbsp;de 10h00 \u00e0 11h00 RESUM\u00c9&nbsp;: Bien qu&rsquo;ayant fait l&rsquo;objet d&rsquo;une simplification depuis le 1er janvier 2018, le bulletin de paie reste un document difficile \u00e0 d\u00e9chiffrer pour les non-sp\u00e9cialistes, et notamment pour les nouveaux salari\u00e9s. Pourtant, comprendre les rubriques de son bulletin de salaire, la diff\u00e9rence entre le [&hellip;]<\/p>\n","protected":false},"author":32,"featured_media":0,"comment_status":"open","ping_status":"open","sticky":false,"template":"","format":"standard","meta":{"_acf_changed":false,"_mi_skip_tracking":false,"footnotes":""},"categories":[8],"tags":[],"class_list":["post-23041","post","type-post","status-publish","format-standard","hentry","category-paie-et-administration-du-personnel"],"acf":[],"yoast_head":"<!-- This site is optimized with the Yoast SEO plugin v23.4 - https:\/\/yoast.com\/wordpress\/plugins\/seo\/ -->\n<title>Webinaire &quot;Tout savoir sur mon bulletin de paie !&quot; - Le Blog GERESO<\/title>\n<meta name=\"robots\" content=\"index, follow, max-snippet:-1, max-image-preview:large, max-video-preview:-1\" \/>\n<link rel=\"canonical\" href=\"https:\/\/www.gereso.com\/actualites\/2021\/09\/20\/webinaire-tout-savoir-sur-mon-bulletin-de-paie\/\" \/>\n<meta property=\"og:locale\" content=\"fr_FR\" \/>\n<meta property=\"og:type\" content=\"article\" \/>\n<meta property=\"og:title\" content=\"Webinaire &quot;Tout savoir sur mon bulletin de paie !&quot; - Le Blog GERESO\" \/>\n<meta property=\"og:description\" content=\"D\u00e9tails du webinaire&nbsp;: DATE&nbsp;: Mardi 13 juillet 2021&nbsp;de 10h00 \u00e0 11h00 RESUM\u00c9&nbsp;: Bien qu&rsquo;ayant fait l&rsquo;objet d&rsquo;une simplification depuis le 1er janvier 2018, le bulletin de paie reste un document difficile \u00e0 d\u00e9chiffrer pour les non-sp\u00e9cialistes, et notamment pour les nouveaux salari\u00e9s. Pourtant, comprendre les rubriques de son bulletin de salaire, la diff\u00e9rence entre le [&hellip;]\" \/>\n<meta property=\"og:url\" content=\"https:\/\/www.gereso.com\/actualites\/2021\/09\/20\/webinaire-tout-savoir-sur-mon-bulletin-de-paie\/\" \/>\n<meta property=\"og:site_name\" content=\"Le Blog GERESO\" \/>\n<meta property=\"article:published_time\" content=\"2021-09-20T12:04:42+00:00\" \/>\n<meta property=\"article:modified_time\" content=\"2021-11-02T15:56:00+00:00\" \/>\n<meta name=\"author\" content=\"\u00c9quipe GERESO\" \/>\n<meta name=\"twitter:card\" content=\"summary_large_image\" \/>\n<script type=\"application\/ld+json\" class=\"yoast-schema-graph\">{\"@context\":\"https:\/\/schema.org\",\"@graph\":[{\"@type\":\"WebPage\",\"@id\":\"https:\/\/www.gereso.com\/actualites\/2021\/09\/20\/webinaire-tout-savoir-sur-mon-bulletin-de-paie\/\",\"url\":\"https:\/\/www.gereso.com\/actualites\/2021\/09\/20\/webinaire-tout-savoir-sur-mon-bulletin-de-paie\/\",\"name\":\"Webinaire \\\"Tout savoir sur mon bulletin de paie !\\\" - Le Blog GERESO\",\"isPartOf\":{\"@id\":\"https:\/\/www.gereso.com\/actualites\/#website\"},\"datePublished\":\"2021-09-20T12:04:42+00:00\",\"dateModified\":\"2021-11-02T15:56:00+00:00\",\"author\":{\"@id\":\"https:\/\/www.gereso.com\/actualites\/#\/schema\/person\/197d8aef40cb4ae3f6a0aa9e1d3df2a6\"},\"breadcrumb\":{\"@id\":\"https:\/\/www.gereso.com\/actualites\/2021\/09\/20\/webinaire-tout-savoir-sur-mon-bulletin-de-paie\/#breadcrumb\"},\"inLanguage\":\"fr-FR\",\"potentialAction\":[{\"@type\":\"ReadAction\",\"target\":[\"https:\/\/www.gereso.com\/actualites\/2021\/09\/20\/webinaire-tout-savoir-sur-mon-bulletin-de-paie\/\"]}]},{\"@type\":\"BreadcrumbList\",\"@id\":\"https:\/\/www.gereso.com\/actualites\/2021\/09\/20\/webinaire-tout-savoir-sur-mon-bulletin-de-paie\/#breadcrumb\",\"itemListElement\":[{\"@type\":\"ListItem\",\"position\":1,\"name\":\"Home\",\"item\":\"https:\/\/www.gereso.com\/actualites\/\"},{\"@type\":\"ListItem\",\"position\":2,\"name\":\"Webinaire \u00ab\u00a0Tout savoir sur mon bulletin de paie !\u00a0\u00bb\"}]},{\"@type\":\"WebSite\",\"@id\":\"https:\/\/www.gereso.com\/actualites\/#website\",\"url\":\"https:\/\/www.gereso.com\/actualites\/\",\"name\":\"Le Blog GERESO\",\"description\":\"Toute l&#039;actu RH, Finance, Fonction Publique, Management...\",\"potentialAction\":[{\"@type\":\"SearchAction\",\"target\":{\"@type\":\"EntryPoint\",\"urlTemplate\":\"https:\/\/www.gereso.com\/actualites\/?s={search_term_string}\"},\"query-input\":{\"@type\":\"PropertyValueSpecification\",\"valueRequired\":true,\"valueName\":\"search_term_string\"}}],\"inLanguage\":\"fr-FR\"},{\"@type\":\"Person\",\"@id\":\"https:\/\/www.gereso.com\/actualites\/#\/schema\/person\/197d8aef40cb4ae3f6a0aa9e1d3df2a6\",\"name\":\"\u00c9quipe GERESO\",\"image\":{\"@type\":\"ImageObject\",\"inLanguage\":\"fr-FR\",\"@id\":\"https:\/\/www.gereso.com\/actualites\/#\/schema\/person\/image\/\",\"url\":\"https:\/\/www.gereso.com\/actualites\/wp-content\/uploads\/2013\/12\/avatar-gereso-1.png\",\"contentUrl\":\"https:\/\/www.gereso.com\/actualites\/wp-content\/uploads\/2013\/12\/avatar-gereso-1.png\",\"caption\":\"\u00c9quipe GERESO\"},\"url\":\"https:\/\/www.gereso.com\/actualites\/author\/gereso\/\"}]}<\/script>\n<!-- \/ Yoast SEO plugin. -->","yoast_head_json":{"title":"Webinaire \"Tout savoir sur mon bulletin de paie !\" - Le Blog GERESO","robots":{"index":"index","follow":"follow","max-snippet":"max-snippet:-1","max-image-preview":"max-image-preview:large","max-video-preview":"max-video-preview:-1"},"canonical":"https:\/\/www.gereso.com\/actualites\/2021\/09\/20\/webinaire-tout-savoir-sur-mon-bulletin-de-paie\/","og_locale":"fr_FR","og_type":"article","og_title":"Webinaire \"Tout savoir sur mon bulletin de paie !\" - Le Blog GERESO","og_description":"D\u00e9tails du webinaire&nbsp;: DATE&nbsp;: Mardi 13 juillet 2021&nbsp;de 10h00 \u00e0 11h00 RESUM\u00c9&nbsp;: Bien qu&rsquo;ayant fait l&rsquo;objet d&rsquo;une simplification depuis le 1er janvier 2018, le bulletin de paie reste un document difficile \u00e0 d\u00e9chiffrer pour les non-sp\u00e9cialistes, et notamment pour les nouveaux salari\u00e9s. Pourtant, comprendre les rubriques de son bulletin de salaire, la diff\u00e9rence entre le [&hellip;]","og_url":"https:\/\/www.gereso.com\/actualites\/2021\/09\/20\/webinaire-tout-savoir-sur-mon-bulletin-de-paie\/","og_site_name":"Le Blog GERESO","article_published_time":"2021-09-20T12:04:42+00:00","article_modified_time":"2021-11-02T15:56:00+00:00","author":"\u00c9quipe GERESO","twitter_card":"summary_large_image","schema":{"@context":"https:\/\/schema.org","@graph":[{"@type":"WebPage","@id":"https:\/\/www.gereso.com\/actualites\/2021\/09\/20\/webinaire-tout-savoir-sur-mon-bulletin-de-paie\/","url":"https:\/\/www.gereso.com\/actualites\/2021\/09\/20\/webinaire-tout-savoir-sur-mon-bulletin-de-paie\/","name":"Webinaire \"Tout savoir sur mon bulletin de paie !\" - Le Blog GERESO","isPartOf":{"@id":"https:\/\/www.gereso.com\/actualites\/#website"},"datePublished":"2021-09-20T12:04:42+00:00","dateModified":"2021-11-02T15:56:00+00:00","author":{"@id":"https:\/\/www.gereso.com\/actualites\/#\/schema\/person\/197d8aef40cb4ae3f6a0aa9e1d3df2a6"},"breadcrumb":{"@id":"https:\/\/www.gereso.com\/actualites\/2021\/09\/20\/webinaire-tout-savoir-sur-mon-bulletin-de-paie\/#breadcrumb"},"inLanguage":"fr-FR","potentialAction":[{"@type":"ReadAction","target":["https:\/\/www.gereso.com\/actualites\/2021\/09\/20\/webinaire-tout-savoir-sur-mon-bulletin-de-paie\/"]}]},{"@type":"BreadcrumbList","@id":"https:\/\/www.gereso.com\/actualites\/2021\/09\/20\/webinaire-tout-savoir-sur-mon-bulletin-de-paie\/#breadcrumb","itemListElement":[{"@type":"ListItem","position":1,"name":"Home","item":"https:\/\/www.gereso.com\/actualites\/"},{"@type":"ListItem","position":2,"name":"Webinaire \u00ab\u00a0Tout savoir sur mon bulletin de paie !\u00a0\u00bb"}]},{"@type":"WebSite","@id":"https:\/\/www.gereso.com\/actualites\/#website","url":"https:\/\/www.gereso.com\/actualites\/","name":"Le Blog GERESO","description":"Toute l&#039;actu RH, Finance, Fonction Publique, Management...","potentialAction":[{"@type":"SearchAction","target":{"@type":"EntryPoint","urlTemplate":"https:\/\/www.gereso.com\/actualites\/?s={search_term_string}"},"query-input":{"@type":"PropertyValueSpecification","valueRequired":true,"valueName":"search_term_string"}}],"inLanguage":"fr-FR"},{"@type":"Person","@id":"https:\/\/www.gereso.com\/actualites\/#\/schema\/person\/197d8aef40cb4ae3f6a0aa9e1d3df2a6","name":"\u00c9quipe GERESO","image":{"@type":"ImageObject","inLanguage":"fr-FR","@id":"https:\/\/www.gereso.com\/actualites\/#\/schema\/person\/image\/","url":"https:\/\/www.gereso.com\/actualites\/wp-content\/uploads\/2013\/12\/avatar-gereso-1.png","contentUrl":"https:\/\/www.gereso.com\/actualites\/wp-content\/uploads\/2013\/12\/avatar-gereso-1.png","caption":"\u00c9quipe GERESO"},"url":"https:\/\/www.gereso.com\/actualites\/author\/gereso\/"}]}},"_links":{"self":[{"href":"https:\/\/www.gereso.com\/actualites\/wp-json\/wp\/v2\/posts\/23041","targetHints":{"allow":["GET"]}}],"collection":[{"href":"https:\/\/www.gereso.com\/actualites\/wp-json\/wp\/v2\/posts"}],"about":[{"href":"https:\/\/www.gereso.com\/actualites\/wp-json\/wp\/v2\/types\/post"}],"author":[{"embeddable":true,"href":"https:\/\/www.gereso.com\/actualites\/wp-json\/wp\/v2\/users\/32"}],"replies":[{"embeddable":true,"href":"https:\/\/www.gereso.com\/actualites\/wp-json\/wp\/v2\/comments?post=23041"}],"version-history":[{"count":9,"href":"https:\/\/www.gereso.com\/actualites\/wp-json\/wp\/v2\/posts\/23041\/revisions"}],"predecessor-version":[{"id":23699,"href":"https:\/\/www.gereso.com\/actualites\/wp-json\/wp\/v2\/posts\/23041\/revisions\/23699"}],"wp:attachment":[{"href":"https:\/\/www.gereso.com\/actualites\/wp-json\/wp\/v2\/media?parent=23041"}],"wp:term":[{"taxonomy":"category","embeddable":true,"href":"https:\/\/www.gereso.com\/actualites\/wp-json\/wp\/v2\/categories?post=23041"},{"taxonomy":"post_tag","embeddable":true,"href":"https:\/\/www.gereso.com\/actualites\/wp-json\/wp\/v2\/tags?post=23041"}],"curies":[{"name":"wp","href":"https:\/\/api.w.org\/{rel}","templated":true}]}}