{"id":23062,"date":"2021-09-20T14:27:15","date_gmt":"2021-09-20T12:27:15","guid":{"rendered":"https:\/\/www.gereso.com\/actualites\/?p=23062"},"modified":"2021-11-03T10:06:40","modified_gmt":"2021-11-03T08:06:40","slug":"webinaire-le-mentorat-en-entreprise-quels-facteurs-cles-de-succes","status":"publish","type":"post","link":"https:\/\/www.gereso.com\/actualites\/2021\/09\/20\/webinaire-le-mentorat-en-entreprise-quels-facteurs-cles-de-succes\/","title":{"rendered":"Webinaire \u00ab\u00a0Le mentorat en entreprise : quels facteurs cl\u00e9s de succ\u00e8s ?\u00a0\u00bb"},"content":{"rendered":"\n\n\n<h2>D\u00e9tails du webinaire&nbsp;:<\/h2>\n<h3 class=\"section-title\"><span class=\"title-inner\" data-animation=\"fadeInRight\" data-animation-delay=\"500\">DATE&nbsp;:<\/span><\/h3>\n<p>Mardi 14 septembre 2021&nbsp;de 10h00 \u00e0 11h00<\/p>\n\n<h3 class=\"section-title\"><span class=\"title-inner\" data-animation=\"fadeInRight\" data-animation-delay=\"500\">RESUM\u00c9&nbsp;:<\/span><\/h3>\n<p>Enjeux majeurs dans les entreprises, la <strong>transmission<\/strong> et le <strong>partage des savoirs<\/strong> ainsi que la coop\u00e9ration entre les collaborateurs sont des r\u00e9elles probl\u00e9matiques strat\u00e9giques en particulier depuis la crise sanitaire.<br>\n\nOrganiser des chaines d\u2019entraide et d\u2019\u00e9change de savoirs dans un environnement professionnel b\u00e9n\u00e9ficient aux salari\u00e9s et aux organisations.<br>\n\nCependant, l\u2019exp\u00e9rience montre que la r\u00e9ussite du mentorat n\u00e9cessite la mise en place d\u2019un <strong>programme structur\u00e9 et d\u2019une m\u00e9thodologie rigoureuse.<\/strong><br>\n\nAu cours de ce webinaire, Danielle Deffontaines, experte en mentorat vous aidera \u00e0 comprendre cette d\u00e9marche et le r\u00f4le ses diff\u00e9rents acteurs&nbsp;: mentors, mentor\u00e9s mais aussi pilote de programme. <\/p>\n\n<h3 class=\"section-title\"><span class=\"title-inner\" data-animation=\"fadeInRight\" data-animation-delay=\"500\">PROGRAMME&nbsp;:<\/span><\/h3>\n<ul>\n<li>Qu\u2019est-ce que le <strong>mentorat<\/strong>&nbsp;?<\/li>\n<li><strong>Mentorat \/ Tutorat \/ Coaching \/ Parrainage<\/strong>&nbsp;: quelles diff\u00e9rences&nbsp;? <\/li>\n<li>En quoi le mentorat est-il un <strong>levier de d\u00e9veloppement<\/strong> de ses collaborateurs et un atout pour les organisations&nbsp;?<\/li>\n<li><strong>Construire un programme<\/strong> de mentorat&nbsp;: le r\u00f4le essentiel du pilote<\/li>\n<li>Mentors et mentor\u00e9s&nbsp;: comment <strong>se pr\u00e9parer \u00e0 ces nouveaux r\u00f4les<\/strong> et garantir l\u2019efficacit\u00e9 de la relation&nbsp;?<\/li> \n<li>Questions \/ R\u00e9ponses<\/li>\n<\/ul>\n\n\n\n\n\n\n<h3 class=\"section-title\"><span class=\"title-inner\" data-animation=\"fadeInRight\" data-animation-delay=\"500\">INTERVENANTE&nbsp;:<\/span><\/h3>\n<p><strong>Danielle Deffontaines<\/strong> est coach certifi\u00e9e depuis 2008, consultante et membre fondateur de  Cap Mentorat, elle accompagne les entreprises dans leurs projets de transformation RH avec un credo&nbsp;: \u00ab&nbsp;faire de la diff\u00e9rence un atout de performance&nbsp;\u00bb. Elle est \u00e9galement co-auteure du livre \u00ab&nbsp;<a href=\"https:\/\/www.la-librairie-rh.com\/livre-rh\/le-mentorat-mode-d-emploi-orat.html\">Mentorat, mode d\u2019emploi<\/a>&nbsp;\u00bb publi\u00e9 aux \u00c9ditions GERESO en 2020.<\/p>\n\n<h3 class=\"section-title\"><span class=\"title-inner\" data-animation=\"fadeInRight\" data-animation-delay=\"500\">REPLAY DU WEBINAIRE&nbsp;:<\/span><\/h3>\n\n\n\n<figure class=\"wp-block-embed is-type-video is-provider-youtube wp-block-embed-youtube wp-embed-aspect-16-9 wp-has-aspect-ratio\"><div class=\"wp-block-embed__wrapper\">\n<iframe title=\"WEBINAIRE - Le mentorat en entreprise : quels facteurs cl\u00e9s de succ\u00e8s ? - Danielle Desfontaines\" width=\"644\" height=\"362\" src=\"https:\/\/www.youtube.com\/embed\/QyfN3qK9Fwc?feature=oembed\" frameborder=\"0\" allow=\"accelerometer; autoplay; clipboard-write; encrypted-media; gyroscope; picture-in-picture; web-share\" referrerpolicy=\"strict-origin-when-cross-origin\" allowfullscreen><\/iframe>\n<\/div><\/figure>\n\n\n\n<h3 class=\"section-title\"><span class=\"title-inner\" data-animation=\"fadeInRight\" data-animation-delay=\"500\">DOCUMENTS&nbsp;:<\/span><\/h3>\n\n\n\n<div data-wp-interactive=\"core\/file\" class=\"wp-block-file\"><object data-wp-bind--hidden=\"!state.hasPdfPreview\" hidden class=\"wp-block-file__embed\" data=\"https:\/\/www.gereso.com\/actualites\/wp-content\/uploads\/2021\/09\/Webinaire-Mentorat-GERESO-VF.pdf\" type=\"application\/pdf\" style=\"width:100%;height:600px\" aria-label=\"Contenu embarqu\u00e9 Contenu embarqu\u00e9 Webinaire Mentorat GERESO..\"><\/object><a href=\"https:\/\/www.gereso.com\/actualites\/wp-content\/uploads\/2021\/09\/Webinaire-Mentorat-GERESO-VF.pdf\">Webinaire Mentorat GERESO<\/a><a href=\"https:\/\/www.gereso.com\/actualites\/wp-content\/uploads\/2021\/09\/Webinaire-Mentorat-GERESO-VF.pdf\" class=\"wp-block-file__button\" download>T\u00e9l\u00e9charger<\/a><\/div>\n","protected":false},"excerpt":{"rendered":"<p>D\u00e9tails du webinaire&nbsp;: DATE&nbsp;: Mardi 14 septembre 2021&nbsp;de 10h00 \u00e0 11h00 RESUM\u00c9&nbsp;: Enjeux majeurs dans les entreprises, la transmission et le partage des savoirs ainsi que la coop\u00e9ration entre les collaborateurs sont des r\u00e9elles probl\u00e9matiques strat\u00e9giques en particulier depuis la crise sanitaire. Organiser des chaines d\u2019entraide et d\u2019\u00e9change de savoirs dans un environnement professionnel b\u00e9n\u00e9ficient [&hellip;]<\/p>\n","protected":false},"author":32,"featured_media":0,"comment_status":"open","ping_status":"open","sticky":false,"template":"","format":"standard","meta":{"_acf_changed":false,"_mi_skip_tracking":false,"footnotes":""},"categories":[2],"tags":[],"class_list":["post-23062","post","type-post","status-publish","format-standard","hentry","category-ressources-humaines"],"acf":[],"yoast_head":"<!-- This site is optimized with the Yoast SEO plugin v23.4 - https:\/\/yoast.com\/wordpress\/plugins\/seo\/ -->\n<title>Webinaire &quot;Le mentorat en entreprise : quels facteurs cl\u00e9s de succ\u00e8s ?&quot; - Le Blog GERESO<\/title>\n<meta name=\"robots\" content=\"index, follow, max-snippet:-1, max-image-preview:large, max-video-preview:-1\" \/>\n<link rel=\"canonical\" href=\"https:\/\/www.gereso.com\/actualites\/2021\/09\/20\/webinaire-le-mentorat-en-entreprise-quels-facteurs-cles-de-succes\/\" \/>\n<meta property=\"og:locale\" content=\"fr_FR\" \/>\n<meta property=\"og:type\" content=\"article\" \/>\n<meta property=\"og:title\" content=\"Webinaire &quot;Le mentorat en entreprise : quels facteurs cl\u00e9s de succ\u00e8s ?&quot; - Le Blog GERESO\" \/>\n<meta property=\"og:description\" content=\"D\u00e9tails du webinaire&nbsp;: DATE&nbsp;: Mardi 14 septembre 2021&nbsp;de 10h00 \u00e0 11h00 RESUM\u00c9&nbsp;: Enjeux majeurs dans les entreprises, la transmission et le partage des savoirs ainsi que la coop\u00e9ration entre les collaborateurs sont des r\u00e9elles probl\u00e9matiques strat\u00e9giques en particulier depuis la crise sanitaire. Organiser des chaines d\u2019entraide et d\u2019\u00e9change de savoirs dans un environnement professionnel b\u00e9n\u00e9ficient [&hellip;]\" \/>\n<meta property=\"og:url\" content=\"https:\/\/www.gereso.com\/actualites\/2021\/09\/20\/webinaire-le-mentorat-en-entreprise-quels-facteurs-cles-de-succes\/\" \/>\n<meta property=\"og:site_name\" content=\"Le Blog GERESO\" \/>\n<meta property=\"article:published_time\" content=\"2021-09-20T12:27:15+00:00\" \/>\n<meta property=\"article:modified_time\" content=\"2021-11-03T08:06:40+00:00\" \/>\n<meta name=\"author\" content=\"\u00c9quipe GERESO\" \/>\n<meta name=\"twitter:card\" content=\"summary_large_image\" \/>\n<script type=\"application\/ld+json\" class=\"yoast-schema-graph\">{\"@context\":\"https:\/\/schema.org\",\"@graph\":[{\"@type\":\"WebPage\",\"@id\":\"https:\/\/www.gereso.com\/actualites\/2021\/09\/20\/webinaire-le-mentorat-en-entreprise-quels-facteurs-cles-de-succes\/\",\"url\":\"https:\/\/www.gereso.com\/actualites\/2021\/09\/20\/webinaire-le-mentorat-en-entreprise-quels-facteurs-cles-de-succes\/\",\"name\":\"Webinaire \\\"Le mentorat en entreprise : quels facteurs cl\u00e9s de succ\u00e8s ?\\\" - Le Blog GERESO\",\"isPartOf\":{\"@id\":\"https:\/\/www.gereso.com\/actualites\/#website\"},\"datePublished\":\"2021-09-20T12:27:15+00:00\",\"dateModified\":\"2021-11-03T08:06:40+00:00\",\"author\":{\"@id\":\"https:\/\/www.gereso.com\/actualites\/#\/schema\/person\/197d8aef40cb4ae3f6a0aa9e1d3df2a6\"},\"breadcrumb\":{\"@id\":\"https:\/\/www.gereso.com\/actualites\/2021\/09\/20\/webinaire-le-mentorat-en-entreprise-quels-facteurs-cles-de-succes\/#breadcrumb\"},\"inLanguage\":\"fr-FR\",\"potentialAction\":[{\"@type\":\"ReadAction\",\"target\":[\"https:\/\/www.gereso.com\/actualites\/2021\/09\/20\/webinaire-le-mentorat-en-entreprise-quels-facteurs-cles-de-succes\/\"]}]},{\"@type\":\"BreadcrumbList\",\"@id\":\"https:\/\/www.gereso.com\/actualites\/2021\/09\/20\/webinaire-le-mentorat-en-entreprise-quels-facteurs-cles-de-succes\/#breadcrumb\",\"itemListElement\":[{\"@type\":\"ListItem\",\"position\":1,\"name\":\"Home\",\"item\":\"https:\/\/www.gereso.com\/actualites\/\"},{\"@type\":\"ListItem\",\"position\":2,\"name\":\"Webinaire \u00ab\u00a0Le mentorat en entreprise : quels facteurs cl\u00e9s de succ\u00e8s ?\u00a0\u00bb\"}]},{\"@type\":\"WebSite\",\"@id\":\"https:\/\/www.gereso.com\/actualites\/#website\",\"url\":\"https:\/\/www.gereso.com\/actualites\/\",\"name\":\"Le Blog GERESO\",\"description\":\"Toute l&#039;actu RH, Finance, Fonction Publique, Management...\",\"potentialAction\":[{\"@type\":\"SearchAction\",\"target\":{\"@type\":\"EntryPoint\",\"urlTemplate\":\"https:\/\/www.gereso.com\/actualites\/?s={search_term_string}\"},\"query-input\":{\"@type\":\"PropertyValueSpecification\",\"valueRequired\":true,\"valueName\":\"search_term_string\"}}],\"inLanguage\":\"fr-FR\"},{\"@type\":\"Person\",\"@id\":\"https:\/\/www.gereso.com\/actualites\/#\/schema\/person\/197d8aef40cb4ae3f6a0aa9e1d3df2a6\",\"name\":\"\u00c9quipe GERESO\",\"image\":{\"@type\":\"ImageObject\",\"inLanguage\":\"fr-FR\",\"@id\":\"https:\/\/www.gereso.com\/actualites\/#\/schema\/person\/image\/\",\"url\":\"https:\/\/www.gereso.com\/actualites\/wp-content\/uploads\/2013\/12\/avatar-gereso-1.png\",\"contentUrl\":\"https:\/\/www.gereso.com\/actualites\/wp-content\/uploads\/2013\/12\/avatar-gereso-1.png\",\"caption\":\"\u00c9quipe GERESO\"},\"url\":\"https:\/\/www.gereso.com\/actualites\/author\/gereso\/\"}]}<\/script>\n<!-- \/ Yoast SEO plugin. -->","yoast_head_json":{"title":"Webinaire \"Le mentorat en entreprise : quels facteurs cl\u00e9s de succ\u00e8s ?\" - Le Blog GERESO","robots":{"index":"index","follow":"follow","max-snippet":"max-snippet:-1","max-image-preview":"max-image-preview:large","max-video-preview":"max-video-preview:-1"},"canonical":"https:\/\/www.gereso.com\/actualites\/2021\/09\/20\/webinaire-le-mentorat-en-entreprise-quels-facteurs-cles-de-succes\/","og_locale":"fr_FR","og_type":"article","og_title":"Webinaire \"Le mentorat en entreprise : quels facteurs cl\u00e9s de succ\u00e8s ?\" - Le Blog GERESO","og_description":"D\u00e9tails du webinaire&nbsp;: DATE&nbsp;: Mardi 14 septembre 2021&nbsp;de 10h00 \u00e0 11h00 RESUM\u00c9&nbsp;: Enjeux majeurs dans les entreprises, la transmission et le partage des savoirs ainsi que la coop\u00e9ration entre les collaborateurs sont des r\u00e9elles probl\u00e9matiques strat\u00e9giques en particulier depuis la crise sanitaire. Organiser des chaines d\u2019entraide et d\u2019\u00e9change de savoirs dans un environnement professionnel b\u00e9n\u00e9ficient [&hellip;]","og_url":"https:\/\/www.gereso.com\/actualites\/2021\/09\/20\/webinaire-le-mentorat-en-entreprise-quels-facteurs-cles-de-succes\/","og_site_name":"Le Blog GERESO","article_published_time":"2021-09-20T12:27:15+00:00","article_modified_time":"2021-11-03T08:06:40+00:00","author":"\u00c9quipe GERESO","twitter_card":"summary_large_image","schema":{"@context":"https:\/\/schema.org","@graph":[{"@type":"WebPage","@id":"https:\/\/www.gereso.com\/actualites\/2021\/09\/20\/webinaire-le-mentorat-en-entreprise-quels-facteurs-cles-de-succes\/","url":"https:\/\/www.gereso.com\/actualites\/2021\/09\/20\/webinaire-le-mentorat-en-entreprise-quels-facteurs-cles-de-succes\/","name":"Webinaire \"Le mentorat en entreprise : quels facteurs cl\u00e9s de succ\u00e8s ?\" - Le Blog GERESO","isPartOf":{"@id":"https:\/\/www.gereso.com\/actualites\/#website"},"datePublished":"2021-09-20T12:27:15+00:00","dateModified":"2021-11-03T08:06:40+00:00","author":{"@id":"https:\/\/www.gereso.com\/actualites\/#\/schema\/person\/197d8aef40cb4ae3f6a0aa9e1d3df2a6"},"breadcrumb":{"@id":"https:\/\/www.gereso.com\/actualites\/2021\/09\/20\/webinaire-le-mentorat-en-entreprise-quels-facteurs-cles-de-succes\/#breadcrumb"},"inLanguage":"fr-FR","potentialAction":[{"@type":"ReadAction","target":["https:\/\/www.gereso.com\/actualites\/2021\/09\/20\/webinaire-le-mentorat-en-entreprise-quels-facteurs-cles-de-succes\/"]}]},{"@type":"BreadcrumbList","@id":"https:\/\/www.gereso.com\/actualites\/2021\/09\/20\/webinaire-le-mentorat-en-entreprise-quels-facteurs-cles-de-succes\/#breadcrumb","itemListElement":[{"@type":"ListItem","position":1,"name":"Home","item":"https:\/\/www.gereso.com\/actualites\/"},{"@type":"ListItem","position":2,"name":"Webinaire \u00ab\u00a0Le mentorat en entreprise : quels facteurs cl\u00e9s de succ\u00e8s ?\u00a0\u00bb"}]},{"@type":"WebSite","@id":"https:\/\/www.gereso.com\/actualites\/#website","url":"https:\/\/www.gereso.com\/actualites\/","name":"Le Blog GERESO","description":"Toute l&#039;actu RH, Finance, Fonction Publique, Management...","potentialAction":[{"@type":"SearchAction","target":{"@type":"EntryPoint","urlTemplate":"https:\/\/www.gereso.com\/actualites\/?s={search_term_string}"},"query-input":{"@type":"PropertyValueSpecification","valueRequired":true,"valueName":"search_term_string"}}],"inLanguage":"fr-FR"},{"@type":"Person","@id":"https:\/\/www.gereso.com\/actualites\/#\/schema\/person\/197d8aef40cb4ae3f6a0aa9e1d3df2a6","name":"\u00c9quipe GERESO","image":{"@type":"ImageObject","inLanguage":"fr-FR","@id":"https:\/\/www.gereso.com\/actualites\/#\/schema\/person\/image\/","url":"https:\/\/www.gereso.com\/actualites\/wp-content\/uploads\/2013\/12\/avatar-gereso-1.png","contentUrl":"https:\/\/www.gereso.com\/actualites\/wp-content\/uploads\/2013\/12\/avatar-gereso-1.png","caption":"\u00c9quipe GERESO"},"url":"https:\/\/www.gereso.com\/actualites\/author\/gereso\/"}]}},"_links":{"self":[{"href":"https:\/\/www.gereso.com\/actualites\/wp-json\/wp\/v2\/posts\/23062","targetHints":{"allow":["GET"]}}],"collection":[{"href":"https:\/\/www.gereso.com\/actualites\/wp-json\/wp\/v2\/posts"}],"about":[{"href":"https:\/\/www.gereso.com\/actualites\/wp-json\/wp\/v2\/types\/post"}],"author":[{"embeddable":true,"href":"https:\/\/www.gereso.com\/actualites\/wp-json\/wp\/v2\/users\/32"}],"replies":[{"embeddable":true,"href":"https:\/\/www.gereso.com\/actualites\/wp-json\/wp\/v2\/comments?post=23062"}],"version-history":[{"count":4,"href":"https:\/\/www.gereso.com\/actualites\/wp-json\/wp\/v2\/posts\/23062\/revisions"}],"predecessor-version":[{"id":23718,"href":"https:\/\/www.gereso.com\/actualites\/wp-json\/wp\/v2\/posts\/23062\/revisions\/23718"}],"wp:attachment":[{"href":"https:\/\/www.gereso.com\/actualites\/wp-json\/wp\/v2\/media?parent=23062"}],"wp:term":[{"taxonomy":"category","embeddable":true,"href":"https:\/\/www.gereso.com\/actualites\/wp-json\/wp\/v2\/categories?post=23062"},{"taxonomy":"post_tag","embeddable":true,"href":"https:\/\/www.gereso.com\/actualites\/wp-json\/wp\/v2\/tags?post=23062"}],"curies":[{"name":"wp","href":"https:\/\/api.w.org\/{rel}","templated":true}]}}