{"id":2316,"date":"2014-01-24T11:29:28","date_gmt":"2014-01-24T09:29:28","guid":{"rendered":"https:\/\/www.gereso.com\/actualites\/?p=2316"},"modified":"2014-01-24T11:29:28","modified_gmt":"2014-01-24T09:29:28","slug":"la-gestion-de-crise-en-entreprise","status":"publish","type":"post","link":"https:\/\/www.gereso.com\/actualites\/2014\/01\/24\/la-gestion-de-crise-en-entreprise\/","title":{"rendered":"La gestion de crise en entreprise"},"content":{"rendered":"<h2>Comprendre, aborder, r\u00e9agir<\/h2>\n<p><a title=\"Gestion de crise\" href=\"http:\/\/la-librairie-rh.com\/entreprise_16_la-gestion-de-crise-en-entreprise__gecr.html\" target=\"_blank\"><img fetchpriority=\"high\" decoding=\"async\" class=\"alignleft size-medium wp-image-2317\" alt=\"Gestion de crise en entreprise\" src=\"https:\/\/www.gereso.com\/actualites\/wp-content\/uploads\/2013\/12\/GECR-1-200x300.jpg\" width=\"200\" height=\"300\" srcset=\"https:\/\/www.gereso.com\/actualites\/wp-content\/uploads\/2013\/12\/GECR-1-200x300.jpg 200w, https:\/\/www.gereso.com\/actualites\/wp-content\/uploads\/2013\/12\/GECR-1.jpg 600w\" sizes=\"(max-width: 200px) 100vw, 200px\" \/><\/a>Depuis plusieurs ann\u00e9es, pas une semaine ne passe sans que les m\u00e9dias ne sollicitent l&rsquo;opinion par <strong>le terme de \u00ab crise \u00bb, utilis\u00e9 pour \u00e0 peu pr\u00e8s tout ou n&rsquo;importe quoi<\/strong> : crise g\u00e9opolitique, crise financi\u00e8re, crise sociale, crise sanitaire, crise environnementale, crise politique, crise \u00e9conomique, crise de l&#8217;emploi&#8230;<\/p>\n<p>Notre civilisation serait-elle confront\u00e9e \u00e0 <strong>un long cort\u00e8ge ininterrompu de crises,<\/strong> plus ou moins graves, plus ou moins impactantes, plus ou moins anticip\u00e9es&nbsp;? Mais, au fait, qu&rsquo;est-ce qu&rsquo;une crise pour les entreprises&nbsp;? Sont-elles \u00e0 m\u00eame de s&rsquo;organiser et de survivre \u00e0 une crise&nbsp;? Ont-elles une id\u00e9e de l&rsquo;impact sur leur fonctionnement&nbsp;? Une tension de tr\u00e9sorerie&nbsp;? Un redressement judiciaire&nbsp;? &#8230;<\/p>\n<p>Fort de ce constat, et dans la continuit\u00e9 de ses pr\u00e9c\u00e9dentes publications sur les risques en entreprise, l&rsquo;auteur d\u00e9cide de s&rsquo;atteler \u00e0 cet enjeu majeur :<strong> la gestion des crises au sein des organisations<\/strong>, quelles qu&rsquo;elles soient.<\/p>\n<p>Ainsi, \u00e0 la lecture de cet ouvrage, vous serez en mesure d&rsquo;engager une r\u00e9flexion et une mise en oeuvre op\u00e9rationnelle adapt\u00e9e \u00e0 votre contexte d&rsquo;entreprise.<\/p>\n<p><strong>Plus d&rsquo;infos, le sommaire d\u00e9taill\u00e9 et un extrait gratuit sur :\u00a0<a href=\"http:\/\/www.la-librairie-rh.com\/entreprise_16_la-gestion-de-crise-en-entreprise__gecr.html\" target=\"_blank\">http:\/\/www.la-librairie-rh.com\/entreprise_16_la-gestion-de-crise-en-entreprise__gecr.html<\/a><\/strong><\/p>\n<p>L&rsquo;auteur : <strong>Jean-David DARSA<\/strong> est un grand sp\u00e9cialiste de la gestion des risques en entreprise, gr\u00e2ce \u00e0 une large exp\u00e9rience professionnelle acquise notamment au sein de grands groupes fran\u00e7ais et internationaux. Il dirige aujourd&rsquo;hui la soci\u00e9t\u00e9 RISKEAL, sp\u00e9cialis\u00e9e en audit\/conseil, formation et accompagnement en gestion des risques des entreprises. Aidant au quotidien les dirigeants, les cadres et les \u00e9quipes op\u00e9rationnelles \u00e0 mieux identifier, comprendre et ma\u00eetriser les risques de leurs organisations.<\/p>\n","protected":false},"excerpt":{"rendered":"<p>Comprendre, aborder, r\u00e9agir Depuis plusieurs ann\u00e9es, pas une semaine ne passe sans que les m\u00e9dias ne sollicitent l&rsquo;opinion par le terme de \u00ab crise \u00bb, utilis\u00e9 pour \u00e0 peu pr\u00e8s tout ou n&rsquo;importe quoi : crise g\u00e9opolitique, crise financi\u00e8re, crise sociale, crise sanitaire, crise environnementale, crise politique, crise \u00e9conomique, crise de l&#8217;emploi&#8230; Notre civilisation serait-elle [&hellip;]<\/p>\n","protected":false},"author":11,"featured_media":2317,"comment_status":"open","ping_status":"open","sticky":false,"template":"","format":"standard","meta":{"_acf_changed":false,"_mi_skip_tracking":false,"footnotes":""},"categories":[20],"tags":[50,67,303,69,71],"class_list":["post-2316","post","type-post","status-publish","format-standard","has-post-thumbnail","hentry","category-la-librairie-rh","tag-crise","tag-ebook","tag-gestion","tag-librairie","tag-livre"],"acf":[],"yoast_head":"<!-- This site is optimized with the Yoast SEO plugin v23.4 - https:\/\/yoast.com\/wordpress\/plugins\/seo\/ -->\n<title>La gestion de crise en entreprise - Le Blog GERESO<\/title>\n<meta name=\"robots\" content=\"index, follow, max-snippet:-1, max-image-preview:large, max-video-preview:-1\" \/>\n<link rel=\"canonical\" href=\"https:\/\/www.gereso.com\/actualites\/2014\/01\/24\/la-gestion-de-crise-en-entreprise\/\" \/>\n<meta property=\"og:locale\" content=\"fr_FR\" \/>\n<meta property=\"og:type\" content=\"article\" \/>\n<meta property=\"og:title\" content=\"La gestion de crise en entreprise - Le Blog GERESO\" \/>\n<meta property=\"og:description\" content=\"Comprendre, aborder, r\u00e9agir Depuis plusieurs ann\u00e9es, pas une semaine ne passe sans que les m\u00e9dias ne sollicitent l&rsquo;opinion par le terme de \u00ab crise \u00bb, utilis\u00e9 pour \u00e0 peu pr\u00e8s tout ou n&rsquo;importe quoi : crise g\u00e9opolitique, crise financi\u00e8re, crise sociale, crise sanitaire, crise environnementale, crise politique, crise \u00e9conomique, crise de l&#8217;emploi&#8230; Notre civilisation serait-elle [&hellip;]\" \/>\n<meta property=\"og:url\" content=\"https:\/\/www.gereso.com\/actualites\/2014\/01\/24\/la-gestion-de-crise-en-entreprise\/\" \/>\n<meta property=\"og:site_name\" content=\"Le Blog GERESO\" \/>\n<meta property=\"article:published_time\" content=\"2014-01-24T09:29:28+00:00\" \/>\n<meta property=\"og:image\" content=\"https:\/\/www.gereso.com\/actualites\/wp-content\/uploads\/2013\/12\/GECR-1.jpg\" \/>\n\t<meta property=\"og:image:width\" content=\"600\" \/>\n\t<meta property=\"og:image:height\" content=\"900\" \/>\n\t<meta property=\"og:image:type\" content=\"image\/jpeg\" \/>\n<meta name=\"author\" content=\"Jean-David Darsa\" \/>\n<meta name=\"twitter:card\" content=\"summary_large_image\" \/>\n<script type=\"application\/ld+json\" class=\"yoast-schema-graph\">{\"@context\":\"https:\/\/schema.org\",\"@graph\":[{\"@type\":\"WebPage\",\"@id\":\"https:\/\/www.gereso.com\/actualites\/2014\/01\/24\/la-gestion-de-crise-en-entreprise\/\",\"url\":\"https:\/\/www.gereso.com\/actualites\/2014\/01\/24\/la-gestion-de-crise-en-entreprise\/\",\"name\":\"La gestion de crise en entreprise - Le Blog GERESO\",\"isPartOf\":{\"@id\":\"https:\/\/www.gereso.com\/actualites\/#website\"},\"primaryImageOfPage\":{\"@id\":\"https:\/\/www.gereso.com\/actualites\/2014\/01\/24\/la-gestion-de-crise-en-entreprise\/#primaryimage\"},\"image\":{\"@id\":\"https:\/\/www.gereso.com\/actualites\/2014\/01\/24\/la-gestion-de-crise-en-entreprise\/#primaryimage\"},\"thumbnailUrl\":\"https:\/\/www.gereso.com\/actualites\/wp-content\/uploads\/2013\/12\/GECR-1.jpg\",\"datePublished\":\"2014-01-24T09:29:28+00:00\",\"dateModified\":\"2014-01-24T09:29:28+00:00\",\"author\":{\"@id\":\"https:\/\/www.gereso.com\/actualites\/#\/schema\/person\/a63839b8f83f0a223cf502c28f2ffd1f\"},\"breadcrumb\":{\"@id\":\"https:\/\/www.gereso.com\/actualites\/2014\/01\/24\/la-gestion-de-crise-en-entreprise\/#breadcrumb\"},\"inLanguage\":\"fr-FR\",\"potentialAction\":[{\"@type\":\"ReadAction\",\"target\":[\"https:\/\/www.gereso.com\/actualites\/2014\/01\/24\/la-gestion-de-crise-en-entreprise\/\"]}]},{\"@type\":\"ImageObject\",\"inLanguage\":\"fr-FR\",\"@id\":\"https:\/\/www.gereso.com\/actualites\/2014\/01\/24\/la-gestion-de-crise-en-entreprise\/#primaryimage\",\"url\":\"https:\/\/www.gereso.com\/actualites\/wp-content\/uploads\/2013\/12\/GECR-1.jpg\",\"contentUrl\":\"https:\/\/www.gereso.com\/actualites\/wp-content\/uploads\/2013\/12\/GECR-1.jpg\",\"width\":600,\"height\":900},{\"@type\":\"BreadcrumbList\",\"@id\":\"https:\/\/www.gereso.com\/actualites\/2014\/01\/24\/la-gestion-de-crise-en-entreprise\/#breadcrumb\",\"itemListElement\":[{\"@type\":\"ListItem\",\"position\":1,\"name\":\"Home\",\"item\":\"https:\/\/www.gereso.com\/actualites\/\"},{\"@type\":\"ListItem\",\"position\":2,\"name\":\"La gestion de crise en entreprise\"}]},{\"@type\":\"WebSite\",\"@id\":\"https:\/\/www.gereso.com\/actualites\/#website\",\"url\":\"https:\/\/www.gereso.com\/actualites\/\",\"name\":\"Le Blog GERESO\",\"description\":\"Toute l&#039;actu RH, Finance, Fonction Publique, Management...\",\"potentialAction\":[{\"@type\":\"SearchAction\",\"target\":{\"@type\":\"EntryPoint\",\"urlTemplate\":\"https:\/\/www.gereso.com\/actualites\/?s={search_term_string}\"},\"query-input\":{\"@type\":\"PropertyValueSpecification\",\"valueRequired\":true,\"valueName\":\"search_term_string\"}}],\"inLanguage\":\"fr-FR\"},{\"@type\":\"Person\",\"@id\":\"https:\/\/www.gereso.com\/actualites\/#\/schema\/person\/a63839b8f83f0a223cf502c28f2ffd1f\",\"name\":\"Jean-David Darsa\",\"image\":{\"@type\":\"ImageObject\",\"inLanguage\":\"fr-FR\",\"@id\":\"https:\/\/www.gereso.com\/actualites\/#\/schema\/person\/image\/\",\"url\":\"https:\/\/www.gereso.com\/actualites\/wp-content\/uploads\/2012\/02\/jean-david-darsa-1-144x144.jpg\",\"contentUrl\":\"https:\/\/www.gereso.com\/actualites\/wp-content\/uploads\/2012\/02\/jean-david-darsa-1-144x144.jpg\",\"caption\":\"Jean-David Darsa\"},\"description\":\"Dirigeant de la soci\u00e9t\u00e9 RISKEAL, sp\u00e9cialis\u00e9 en audit\/conseil, formation et accompagnement en gestion des risques des entreprises. Consultant pour GERESO, il intervient en formation intra-entreprise sur le th\u00e8me Gestion du risque en entreprise : identifier, comprendre et ma\u00eetriser les risques de l\u2019entreprise. Jean-David DARSA est \u00e9galement auteur de plusieurs ouvrages et d\u2019une bande dessin\u00e9e, pour sensibiliser les dirigeants \u00e0 la gestion du risque et leur apporter des r\u00e9ponses op\u00e9rationnelles : gestion du risque cr\u00e9dit client, gestion de crise, risques strat\u00e9giques et financiers\u2026 Son sixi\u00e8me opus intitul\u00e9 \u00ab 365 risques en entreprise \u00bb, toujours publi\u00e9 par GERESO \u00c9dition, para\u00eetra courant mars 2012.\",\"url\":\"https:\/\/www.gereso.com\/actualites\/author\/jd-darsa\/\"}]}<\/script>\n<!-- \/ Yoast SEO plugin. -->","yoast_head_json":{"title":"La gestion de crise en entreprise - Le Blog GERESO","robots":{"index":"index","follow":"follow","max-snippet":"max-snippet:-1","max-image-preview":"max-image-preview:large","max-video-preview":"max-video-preview:-1"},"canonical":"https:\/\/www.gereso.com\/actualites\/2014\/01\/24\/la-gestion-de-crise-en-entreprise\/","og_locale":"fr_FR","og_type":"article","og_title":"La gestion de crise en entreprise - Le Blog GERESO","og_description":"Comprendre, aborder, r\u00e9agir Depuis plusieurs ann\u00e9es, pas une semaine ne passe sans que les m\u00e9dias ne sollicitent l&rsquo;opinion par le terme de \u00ab crise \u00bb, utilis\u00e9 pour \u00e0 peu pr\u00e8s tout ou n&rsquo;importe quoi : crise g\u00e9opolitique, crise financi\u00e8re, crise sociale, crise sanitaire, crise environnementale, crise politique, crise \u00e9conomique, crise de l&#8217;emploi&#8230; Notre civilisation serait-elle [&hellip;]","og_url":"https:\/\/www.gereso.com\/actualites\/2014\/01\/24\/la-gestion-de-crise-en-entreprise\/","og_site_name":"Le Blog GERESO","article_published_time":"2014-01-24T09:29:28+00:00","og_image":[{"width":600,"height":900,"url":"https:\/\/www.gereso.com\/actualites\/wp-content\/uploads\/2013\/12\/GECR-1.jpg","type":"image\/jpeg"}],"author":"Jean-David Darsa","twitter_card":"summary_large_image","schema":{"@context":"https:\/\/schema.org","@graph":[{"@type":"WebPage","@id":"https:\/\/www.gereso.com\/actualites\/2014\/01\/24\/la-gestion-de-crise-en-entreprise\/","url":"https:\/\/www.gereso.com\/actualites\/2014\/01\/24\/la-gestion-de-crise-en-entreprise\/","name":"La gestion de crise en entreprise - Le Blog GERESO","isPartOf":{"@id":"https:\/\/www.gereso.com\/actualites\/#website"},"primaryImageOfPage":{"@id":"https:\/\/www.gereso.com\/actualites\/2014\/01\/24\/la-gestion-de-crise-en-entreprise\/#primaryimage"},"image":{"@id":"https:\/\/www.gereso.com\/actualites\/2014\/01\/24\/la-gestion-de-crise-en-entreprise\/#primaryimage"},"thumbnailUrl":"https:\/\/www.gereso.com\/actualites\/wp-content\/uploads\/2013\/12\/GECR-1.jpg","datePublished":"2014-01-24T09:29:28+00:00","dateModified":"2014-01-24T09:29:28+00:00","author":{"@id":"https:\/\/www.gereso.com\/actualites\/#\/schema\/person\/a63839b8f83f0a223cf502c28f2ffd1f"},"breadcrumb":{"@id":"https:\/\/www.gereso.com\/actualites\/2014\/01\/24\/la-gestion-de-crise-en-entreprise\/#breadcrumb"},"inLanguage":"fr-FR","potentialAction":[{"@type":"ReadAction","target":["https:\/\/www.gereso.com\/actualites\/2014\/01\/24\/la-gestion-de-crise-en-entreprise\/"]}]},{"@type":"ImageObject","inLanguage":"fr-FR","@id":"https:\/\/www.gereso.com\/actualites\/2014\/01\/24\/la-gestion-de-crise-en-entreprise\/#primaryimage","url":"https:\/\/www.gereso.com\/actualites\/wp-content\/uploads\/2013\/12\/GECR-1.jpg","contentUrl":"https:\/\/www.gereso.com\/actualites\/wp-content\/uploads\/2013\/12\/GECR-1.jpg","width":600,"height":900},{"@type":"BreadcrumbList","@id":"https:\/\/www.gereso.com\/actualites\/2014\/01\/24\/la-gestion-de-crise-en-entreprise\/#breadcrumb","itemListElement":[{"@type":"ListItem","position":1,"name":"Home","item":"https:\/\/www.gereso.com\/actualites\/"},{"@type":"ListItem","position":2,"name":"La gestion de crise en entreprise"}]},{"@type":"WebSite","@id":"https:\/\/www.gereso.com\/actualites\/#website","url":"https:\/\/www.gereso.com\/actualites\/","name":"Le Blog GERESO","description":"Toute l&#039;actu RH, Finance, Fonction Publique, Management...","potentialAction":[{"@type":"SearchAction","target":{"@type":"EntryPoint","urlTemplate":"https:\/\/www.gereso.com\/actualites\/?s={search_term_string}"},"query-input":{"@type":"PropertyValueSpecification","valueRequired":true,"valueName":"search_term_string"}}],"inLanguage":"fr-FR"},{"@type":"Person","@id":"https:\/\/www.gereso.com\/actualites\/#\/schema\/person\/a63839b8f83f0a223cf502c28f2ffd1f","name":"Jean-David Darsa","image":{"@type":"ImageObject","inLanguage":"fr-FR","@id":"https:\/\/www.gereso.com\/actualites\/#\/schema\/person\/image\/","url":"https:\/\/www.gereso.com\/actualites\/wp-content\/uploads\/2012\/02\/jean-david-darsa-1-144x144.jpg","contentUrl":"https:\/\/www.gereso.com\/actualites\/wp-content\/uploads\/2012\/02\/jean-david-darsa-1-144x144.jpg","caption":"Jean-David Darsa"},"description":"Dirigeant de la soci\u00e9t\u00e9 RISKEAL, sp\u00e9cialis\u00e9 en audit\/conseil, formation et accompagnement en gestion des risques des entreprises. Consultant pour GERESO, il intervient en formation intra-entreprise sur le th\u00e8me Gestion du risque en entreprise : identifier, comprendre et ma\u00eetriser les risques de l\u2019entreprise. Jean-David DARSA est \u00e9galement auteur de plusieurs ouvrages et d\u2019une bande dessin\u00e9e, pour sensibiliser les dirigeants \u00e0 la gestion du risque et leur apporter des r\u00e9ponses op\u00e9rationnelles : gestion du risque cr\u00e9dit client, gestion de crise, risques strat\u00e9giques et financiers\u2026 Son sixi\u00e8me opus intitul\u00e9 \u00ab 365 risques en entreprise \u00bb, toujours publi\u00e9 par GERESO \u00c9dition, para\u00eetra courant mars 2012.","url":"https:\/\/www.gereso.com\/actualites\/author\/jd-darsa\/"}]}},"_links":{"self":[{"href":"https:\/\/www.gereso.com\/actualites\/wp-json\/wp\/v2\/posts\/2316","targetHints":{"allow":["GET"]}}],"collection":[{"href":"https:\/\/www.gereso.com\/actualites\/wp-json\/wp\/v2\/posts"}],"about":[{"href":"https:\/\/www.gereso.com\/actualites\/wp-json\/wp\/v2\/types\/post"}],"author":[{"embeddable":true,"href":"https:\/\/www.gereso.com\/actualites\/wp-json\/wp\/v2\/users\/11"}],"replies":[{"embeddable":true,"href":"https:\/\/www.gereso.com\/actualites\/wp-json\/wp\/v2\/comments?post=2316"}],"version-history":[{"count":0,"href":"https:\/\/www.gereso.com\/actualites\/wp-json\/wp\/v2\/posts\/2316\/revisions"}],"wp:featuredmedia":[{"embeddable":true,"href":"https:\/\/www.gereso.com\/actualites\/wp-json\/wp\/v2\/media\/2317"}],"wp:attachment":[{"href":"https:\/\/www.gereso.com\/actualites\/wp-json\/wp\/v2\/media?parent=2316"}],"wp:term":[{"taxonomy":"category","embeddable":true,"href":"https:\/\/www.gereso.com\/actualites\/wp-json\/wp\/v2\/categories?post=2316"},{"taxonomy":"post_tag","embeddable":true,"href":"https:\/\/www.gereso.com\/actualites\/wp-json\/wp\/v2\/tags?post=2316"}],"curies":[{"name":"wp","href":"https:\/\/api.w.org\/{rel}","templated":true}]}}