{"id":2320,"date":"2014-01-22T10:34:42","date_gmt":"2014-01-22T08:34:42","guid":{"rendered":"https:\/\/www.gereso.com\/actualites\/?p=2320"},"modified":"2022-03-14T11:31:27","modified_gmt":"2022-03-14T09:31:27","slug":"le-manager-de-proximite","status":"publish","type":"post","link":"https:\/\/www.gereso.com\/actualites\/2014\/01\/22\/le-manager-de-proximite\/","title":{"rendered":"Le manager de proximit\u00e9"},"content":{"rendered":"<h2>Au c\u0153ur de la performance de l&rsquo;entreprise<\/h2>\n<p><img fetchpriority=\"high\" decoding=\"async\" class=\"alignleft size-medium wp-image-2321\" alt=\"Management de proximit\u00e9\" src=\"https:\/\/www.gereso.com\/actualites\/wp-content\/uploads\/2013\/12\/PRXI-1-221x300.jpg\" width=\"221\" height=\"300\" srcset=\"https:\/\/www.gereso.com\/actualites\/wp-content\/uploads\/2013\/12\/PRXI-1-221x300.jpg 221w, https:\/\/www.gereso.com\/actualites\/wp-content\/uploads\/2013\/12\/PRXI-1.jpg 600w\" sizes=\"(max-width: 221px) 100vw, 221px\" \/><\/p>\n<p>Hommes et femmes de terrain, \u00e0 la fois gestionnaires et encadrants, les managers de proximit\u00e9 constituent la courroie de transmission entre la direction et les salari\u00e9s.<\/p>\n<p>En premi\u00e8re ligne pour faire partager les objectifs, mais aussi contr\u00f4ler, \u00e9valuer, motiver les collaborateurs et faire accepter le changement, leur r\u00f4le est loin d&rsquo;\u00eatre \u00e9vident. Concilier cette mission de management avec leur propre contribution \u00e0 l&rsquo;activit\u00e9 de l&rsquo;entreprise : tel est le d\u00e9fi qu&rsquo;ils doivent relever au quotidien !<\/p>\n<p>Fort de ce constat issu de son exp\u00e9rience aux c\u00f4t\u00e9s de managers de premier niveau, l&rsquo;auteur propose une vision nouvelle du management op\u00e9rationnel.<\/p>\n<p>\u00c0 l&rsquo;appui d&rsquo;exemples concrets et d&rsquo;analyses de situations, il explique aux dirigeants, cadres et professionnels des ressources humaines comment accompagner au mieux les managers de proximit\u00e9, pour leur permettre de r\u00e9v\u00e9ler et exercer leur leadership, tout en gagnant en autonomie et en responsabilit\u00e9.<\/p>\n<p><strong>Plus d&rsquo;infos, le sommaire d\u00e9taill\u00e9 et un extrait gratuit sur :\u00a0http:\/\/www.la-librairie-rh.com\/management-et-leadership_8_le-manager-de-proximite__prxi.html<\/strong><\/p>\n<p>L&rsquo;auteur : Bertrand DUS\u00c9HU est psychologue de formation. Manager pendant de nombreuses ann\u00e9es, il est maintenant consultant sp\u00e9cialis\u00e9 dans l&rsquo;accompagnement et la formation des managers de diff\u00e9rents niveaux. Il dirige son propre cabinet de conseil et formation en ressources humaines.<\/p>\n","protected":false},"excerpt":{"rendered":"<p>Au c\u0153ur de la performance de l&rsquo;entreprise Hommes et femmes de terrain, \u00e0 la fois gestionnaires et encadrants, les managers de proximit\u00e9 constituent la courroie de transmission entre la direction et les salari\u00e9s. En premi\u00e8re ligne pour faire partager les objectifs, mais aussi contr\u00f4ler, \u00e9valuer, motiver les collaborateurs et faire accepter le changement, leur r\u00f4le [&hellip;]<\/p>\n","protected":false},"author":10,"featured_media":2321,"comment_status":"open","ping_status":"open","sticky":false,"template":"","format":"standard","meta":{"_acf_changed":false,"_mi_skip_tracking":false,"footnotes":""},"categories":[20],"tags":[67,290,69,71,284,291],"class_list":["post-2320","post","type-post","status-publish","format-standard","has-post-thumbnail","hentry","category-la-librairie-rh","tag-ebook","tag-entreprise","tag-librairie","tag-livre","tag-management","tag-performance"],"acf":[],"yoast_head":"<!-- This site is optimized with the Yoast SEO plugin v23.4 - https:\/\/yoast.com\/wordpress\/plugins\/seo\/ -->\n<title>Le manager de proximit\u00e9 - Le Blog GERESO<\/title>\n<meta name=\"robots\" content=\"index, follow, max-snippet:-1, max-image-preview:large, max-video-preview:-1\" \/>\n<link rel=\"canonical\" href=\"https:\/\/www.gereso.com\/actualites\/2014\/01\/22\/le-manager-de-proximite\/\" \/>\n<meta property=\"og:locale\" content=\"fr_FR\" \/>\n<meta property=\"og:type\" content=\"article\" \/>\n<meta property=\"og:title\" content=\"Le manager de proximit\u00e9 - Le Blog GERESO\" \/>\n<meta property=\"og:description\" content=\"Au c\u0153ur de la performance de l&rsquo;entreprise Hommes et femmes de terrain, \u00e0 la fois gestionnaires et encadrants, les managers de proximit\u00e9 constituent la courroie de transmission entre la direction et les salari\u00e9s. En premi\u00e8re ligne pour faire partager les objectifs, mais aussi contr\u00f4ler, \u00e9valuer, motiver les collaborateurs et faire accepter le changement, leur r\u00f4le [&hellip;]\" \/>\n<meta property=\"og:url\" content=\"https:\/\/www.gereso.com\/actualites\/2014\/01\/22\/le-manager-de-proximite\/\" \/>\n<meta property=\"og:site_name\" content=\"Le Blog GERESO\" \/>\n<meta property=\"article:published_time\" content=\"2014-01-22T08:34:42+00:00\" \/>\n<meta property=\"article:modified_time\" content=\"2022-03-14T09:31:27+00:00\" \/>\n<meta property=\"og:image\" content=\"https:\/\/www.gereso.com\/actualites\/wp-content\/uploads\/2013\/12\/PRXI-1.jpg\" \/>\n\t<meta property=\"og:image:width\" content=\"600\" \/>\n\t<meta property=\"og:image:height\" content=\"813\" \/>\n\t<meta property=\"og:image:type\" content=\"image\/jpeg\" \/>\n<meta name=\"author\" content=\"Catherine Fourmond\" \/>\n<meta name=\"twitter:card\" content=\"summary_large_image\" \/>\n<script type=\"application\/ld+json\" class=\"yoast-schema-graph\">{\"@context\":\"https:\/\/schema.org\",\"@graph\":[{\"@type\":\"WebPage\",\"@id\":\"https:\/\/www.gereso.com\/actualites\/2014\/01\/22\/le-manager-de-proximite\/\",\"url\":\"https:\/\/www.gereso.com\/actualites\/2014\/01\/22\/le-manager-de-proximite\/\",\"name\":\"Le manager de proximit\u00e9 - Le Blog GERESO\",\"isPartOf\":{\"@id\":\"https:\/\/www.gereso.com\/actualites\/#website\"},\"primaryImageOfPage\":{\"@id\":\"https:\/\/www.gereso.com\/actualites\/2014\/01\/22\/le-manager-de-proximite\/#primaryimage\"},\"image\":{\"@id\":\"https:\/\/www.gereso.com\/actualites\/2014\/01\/22\/le-manager-de-proximite\/#primaryimage\"},\"thumbnailUrl\":\"https:\/\/www.gereso.com\/actualites\/wp-content\/uploads\/2013\/12\/PRXI-1.jpg\",\"datePublished\":\"2014-01-22T08:34:42+00:00\",\"dateModified\":\"2022-03-14T09:31:27+00:00\",\"author\":{\"@id\":\"https:\/\/www.gereso.com\/actualites\/#\/schema\/person\/3a47d7735bf754d6f104375f64a37a6d\"},\"breadcrumb\":{\"@id\":\"https:\/\/www.gereso.com\/actualites\/2014\/01\/22\/le-manager-de-proximite\/#breadcrumb\"},\"inLanguage\":\"fr-FR\",\"potentialAction\":[{\"@type\":\"ReadAction\",\"target\":[\"https:\/\/www.gereso.com\/actualites\/2014\/01\/22\/le-manager-de-proximite\/\"]}]},{\"@type\":\"ImageObject\",\"inLanguage\":\"fr-FR\",\"@id\":\"https:\/\/www.gereso.com\/actualites\/2014\/01\/22\/le-manager-de-proximite\/#primaryimage\",\"url\":\"https:\/\/www.gereso.com\/actualites\/wp-content\/uploads\/2013\/12\/PRXI-1.jpg\",\"contentUrl\":\"https:\/\/www.gereso.com\/actualites\/wp-content\/uploads\/2013\/12\/PRXI-1.jpg\",\"width\":600,\"height\":813},{\"@type\":\"BreadcrumbList\",\"@id\":\"https:\/\/www.gereso.com\/actualites\/2014\/01\/22\/le-manager-de-proximite\/#breadcrumb\",\"itemListElement\":[{\"@type\":\"ListItem\",\"position\":1,\"name\":\"Home\",\"item\":\"https:\/\/www.gereso.com\/actualites\/\"},{\"@type\":\"ListItem\",\"position\":2,\"name\":\"Le manager de proximit\u00e9\"}]},{\"@type\":\"WebSite\",\"@id\":\"https:\/\/www.gereso.com\/actualites\/#website\",\"url\":\"https:\/\/www.gereso.com\/actualites\/\",\"name\":\"Le Blog GERESO\",\"description\":\"Toute l&#039;actu RH, Finance, Fonction Publique, Management...\",\"potentialAction\":[{\"@type\":\"SearchAction\",\"target\":{\"@type\":\"EntryPoint\",\"urlTemplate\":\"https:\/\/www.gereso.com\/actualites\/?s={search_term_string}\"},\"query-input\":{\"@type\":\"PropertyValueSpecification\",\"valueRequired\":true,\"valueName\":\"search_term_string\"}}],\"inLanguage\":\"fr-FR\"},{\"@type\":\"Person\",\"@id\":\"https:\/\/www.gereso.com\/actualites\/#\/schema\/person\/3a47d7735bf754d6f104375f64a37a6d\",\"name\":\"Catherine Fourmond\",\"image\":{\"@type\":\"ImageObject\",\"inLanguage\":\"fr-FR\",\"@id\":\"https:\/\/www.gereso.com\/actualites\/#\/schema\/person\/image\/\",\"url\":\"https:\/\/www.gereso.com\/actualites\/wp-content\/uploads\/2012\/02\/catherine-fourmond-1-144x144.jpg\",\"contentUrl\":\"https:\/\/www.gereso.com\/actualites\/wp-content\/uploads\/2012\/02\/catherine-fourmond-1-144x144.jpg\",\"caption\":\"Catherine Fourmond\"},\"description\":\"Responsable des \u00e9ditions - Directrice des collections GERESO \u00c9DITION\",\"url\":\"https:\/\/www.gereso.com\/actualites\/author\/c-fourmond\/\"}]}<\/script>\n<!-- \/ Yoast SEO plugin. -->","yoast_head_json":{"title":"Le manager de proximit\u00e9 - Le Blog GERESO","robots":{"index":"index","follow":"follow","max-snippet":"max-snippet:-1","max-image-preview":"max-image-preview:large","max-video-preview":"max-video-preview:-1"},"canonical":"https:\/\/www.gereso.com\/actualites\/2014\/01\/22\/le-manager-de-proximite\/","og_locale":"fr_FR","og_type":"article","og_title":"Le manager de proximit\u00e9 - Le Blog GERESO","og_description":"Au c\u0153ur de la performance de l&rsquo;entreprise Hommes et femmes de terrain, \u00e0 la fois gestionnaires et encadrants, les managers de proximit\u00e9 constituent la courroie de transmission entre la direction et les salari\u00e9s. En premi\u00e8re ligne pour faire partager les objectifs, mais aussi contr\u00f4ler, \u00e9valuer, motiver les collaborateurs et faire accepter le changement, leur r\u00f4le [&hellip;]","og_url":"https:\/\/www.gereso.com\/actualites\/2014\/01\/22\/le-manager-de-proximite\/","og_site_name":"Le Blog GERESO","article_published_time":"2014-01-22T08:34:42+00:00","article_modified_time":"2022-03-14T09:31:27+00:00","og_image":[{"width":600,"height":813,"url":"https:\/\/www.gereso.com\/actualites\/wp-content\/uploads\/2013\/12\/PRXI-1.jpg","type":"image\/jpeg"}],"author":"Catherine Fourmond","twitter_card":"summary_large_image","schema":{"@context":"https:\/\/schema.org","@graph":[{"@type":"WebPage","@id":"https:\/\/www.gereso.com\/actualites\/2014\/01\/22\/le-manager-de-proximite\/","url":"https:\/\/www.gereso.com\/actualites\/2014\/01\/22\/le-manager-de-proximite\/","name":"Le manager de proximit\u00e9 - Le Blog GERESO","isPartOf":{"@id":"https:\/\/www.gereso.com\/actualites\/#website"},"primaryImageOfPage":{"@id":"https:\/\/www.gereso.com\/actualites\/2014\/01\/22\/le-manager-de-proximite\/#primaryimage"},"image":{"@id":"https:\/\/www.gereso.com\/actualites\/2014\/01\/22\/le-manager-de-proximite\/#primaryimage"},"thumbnailUrl":"https:\/\/www.gereso.com\/actualites\/wp-content\/uploads\/2013\/12\/PRXI-1.jpg","datePublished":"2014-01-22T08:34:42+00:00","dateModified":"2022-03-14T09:31:27+00:00","author":{"@id":"https:\/\/www.gereso.com\/actualites\/#\/schema\/person\/3a47d7735bf754d6f104375f64a37a6d"},"breadcrumb":{"@id":"https:\/\/www.gereso.com\/actualites\/2014\/01\/22\/le-manager-de-proximite\/#breadcrumb"},"inLanguage":"fr-FR","potentialAction":[{"@type":"ReadAction","target":["https:\/\/www.gereso.com\/actualites\/2014\/01\/22\/le-manager-de-proximite\/"]}]},{"@type":"ImageObject","inLanguage":"fr-FR","@id":"https:\/\/www.gereso.com\/actualites\/2014\/01\/22\/le-manager-de-proximite\/#primaryimage","url":"https:\/\/www.gereso.com\/actualites\/wp-content\/uploads\/2013\/12\/PRXI-1.jpg","contentUrl":"https:\/\/www.gereso.com\/actualites\/wp-content\/uploads\/2013\/12\/PRXI-1.jpg","width":600,"height":813},{"@type":"BreadcrumbList","@id":"https:\/\/www.gereso.com\/actualites\/2014\/01\/22\/le-manager-de-proximite\/#breadcrumb","itemListElement":[{"@type":"ListItem","position":1,"name":"Home","item":"https:\/\/www.gereso.com\/actualites\/"},{"@type":"ListItem","position":2,"name":"Le manager de proximit\u00e9"}]},{"@type":"WebSite","@id":"https:\/\/www.gereso.com\/actualites\/#website","url":"https:\/\/www.gereso.com\/actualites\/","name":"Le Blog GERESO","description":"Toute l&#039;actu RH, Finance, Fonction Publique, Management...","potentialAction":[{"@type":"SearchAction","target":{"@type":"EntryPoint","urlTemplate":"https:\/\/www.gereso.com\/actualites\/?s={search_term_string}"},"query-input":{"@type":"PropertyValueSpecification","valueRequired":true,"valueName":"search_term_string"}}],"inLanguage":"fr-FR"},{"@type":"Person","@id":"https:\/\/www.gereso.com\/actualites\/#\/schema\/person\/3a47d7735bf754d6f104375f64a37a6d","name":"Catherine Fourmond","image":{"@type":"ImageObject","inLanguage":"fr-FR","@id":"https:\/\/www.gereso.com\/actualites\/#\/schema\/person\/image\/","url":"https:\/\/www.gereso.com\/actualites\/wp-content\/uploads\/2012\/02\/catherine-fourmond-1-144x144.jpg","contentUrl":"https:\/\/www.gereso.com\/actualites\/wp-content\/uploads\/2012\/02\/catherine-fourmond-1-144x144.jpg","caption":"Catherine Fourmond"},"description":"Responsable des \u00e9ditions - Directrice des collections GERESO \u00c9DITION","url":"https:\/\/www.gereso.com\/actualites\/author\/c-fourmond\/"}]}},"_links":{"self":[{"href":"https:\/\/www.gereso.com\/actualites\/wp-json\/wp\/v2\/posts\/2320","targetHints":{"allow":["GET"]}}],"collection":[{"href":"https:\/\/www.gereso.com\/actualites\/wp-json\/wp\/v2\/posts"}],"about":[{"href":"https:\/\/www.gereso.com\/actualites\/wp-json\/wp\/v2\/types\/post"}],"author":[{"embeddable":true,"href":"https:\/\/www.gereso.com\/actualites\/wp-json\/wp\/v2\/users\/10"}],"replies":[{"embeddable":true,"href":"https:\/\/www.gereso.com\/actualites\/wp-json\/wp\/v2\/comments?post=2320"}],"version-history":[{"count":1,"href":"https:\/\/www.gereso.com\/actualites\/wp-json\/wp\/v2\/posts\/2320\/revisions"}],"predecessor-version":[{"id":26237,"href":"https:\/\/www.gereso.com\/actualites\/wp-json\/wp\/v2\/posts\/2320\/revisions\/26237"}],"wp:featuredmedia":[{"embeddable":true,"href":"https:\/\/www.gereso.com\/actualites\/wp-json\/wp\/v2\/media\/2321"}],"wp:attachment":[{"href":"https:\/\/www.gereso.com\/actualites\/wp-json\/wp\/v2\/media?parent=2320"}],"wp:term":[{"taxonomy":"category","embeddable":true,"href":"https:\/\/www.gereso.com\/actualites\/wp-json\/wp\/v2\/categories?post=2320"},{"taxonomy":"post_tag","embeddable":true,"href":"https:\/\/www.gereso.com\/actualites\/wp-json\/wp\/v2\/tags?post=2320"}],"curies":[{"name":"wp","href":"https:\/\/api.w.org\/{rel}","templated":true}]}}