{"id":23215,"date":"2021-10-04T14:46:18","date_gmt":"2021-10-04T12:46:18","guid":{"rendered":"https:\/\/www.gereso.com\/actualites\/?p=23215"},"modified":"2021-10-05T10:04:35","modified_gmt":"2021-10-05T08:04:35","slug":"7-conseils-icare-pour-rater-felicitation-collaborateur","status":"publish","type":"post","link":"https:\/\/www.gereso.com\/actualites\/2021\/10\/04\/7-conseils-icare-pour-rater-felicitation-collaborateur\/","title":{"rendered":"7 conseils d&rsquo;ICARE pour rater \u00e0 coup s\u00fbr la f\u00e9licitation d&rsquo;un collaborateur !"},"content":{"rendered":"\n\n\n<p>Selon les sondages que nous r\u00e9alisons de fa\u00e7on r\u00e9currente lors de nos prestations de formation aupr\u00e8s des Managers environ 90% de leurs entretiens manag\u00e9riaux, lorsqu&rsquo;ils en conduisent, portent sur <strong>la recherche d&rsquo;am\u00e9liorations<\/strong> : &nbsp;suivi p\u00e9riodique d&rsquo;activit\u00e9s, \u00e9valuation annuelle, r\u00e9solution de probl\u00e8me, critique, recadrage, recentrage, \u2026 !<\/p>\n\n\n\n<p>Il parait donc logique, qu&rsquo;en cons\u00e9quence, les collaborateurs rencontr\u00e9s lors des m\u00eames formations <strong>ne se sentent pas toujours reconnus, appr\u00e9ci\u00e9s ou valoris\u00e9s<\/strong> dans l&rsquo;exercice de leur fonction.<\/p>\n\n\n\n<p>Pouss\u00e9s par des courants de pens\u00e9e pr\u00f4nant la bienveillance, le bien-\u00eatre au travail, le plaisir professionnel, \u2026 les managers sont de plus en plus somm\u00e9s par leur organisation de faire du feedback positif, de la f\u00e9licitation, un totem de leurs pratiques manag\u00e9riales.<\/p>\n\n\n\n<p>Pour celles et ceux qui doivent s&rsquo;ex\u00e9cuter et qui souhaitent rater \u00e0 coup s\u00fbr leurs <strong>entretiens de f\u00e9licitation<\/strong>, ICARE vous livre ses <strong>7 conseils indispensables&nbsp;:<\/strong><\/p>\n\n\n\n<ol class=\"wp-block-list\" type=\"1\"><li><strong>Commencez par faire vivre un petit tour d&rsquo;ascenseur \u00e9motionnel \u00e0 votre collaborateur<\/strong> en le convoquant \u00e0 un entretien sp\u00e9cifique plusieurs jours avant la date du rendez-vous, histoire de lui faire passer quelques nuits agit\u00e9es : un \u00ab\u00a0<em>J&rsquo;aimerais te voir lundi matin \u00e0 9h00 dans mon bureau pour aborder un sujet important<\/em>\u00a0\u00bb lanc\u00e9 un vendredi soir sur un ton solennel sera du plus bel effet ! Imaginez la joie d\u00e9cupl\u00e9e de votre subordonn\u00e9 lorsqu&rsquo;il recevra son \u00ab\u00a0bon point\u00a0\u00bb apr\u00e8s un weekend pass\u00e9 \u00e0 se faire du sang d&rsquo;encre !<\/li><li><strong>Diluez l&rsquo;impact de votre f\u00e9licitation<\/strong> : \u00e0 contrario, si vous souhaitez que la joie du collaborateur soit contenue vous pouvez le couvrir d&rsquo;\u00e9loges entre 2 critiques ou reproches : il y a de grandes chances qu&rsquo;en sortant de votre bureau il ait oubli\u00e9 la f\u00e9licitation tellement il est frustr\u00e9 par ses \u00ab\u00a0loup\u00e9s\u00a0\u00bb.<\/li><li><strong>F\u00e9licitez pour cr\u00e9er du malaise<\/strong> :&nbsp;mieux encore, si vous voulez que votre f\u00e9licitation soit vraiment mal per\u00e7ue, faites la vivre \u00e0 votre collaborateur en pr\u00e9sence de l&rsquo;\u00e9quipe lors d&rsquo;une r\u00e9union : \u00ab\u00a0<em>Eric, l\u00e8ve-toi s&rsquo;il te plait, je souhaite te f\u00e9liciter pour l&rsquo;efficacit\u00e9 dont tu as fait preuve dans la gestion du dossier Minos ; toi au moins tu as respect\u00e9 le processus demand\u00e9 et fait preuve d&rsquo;une grande rigueur m\u00e9thodologique : bravo \u2026<\/em> !\u00a0\u00bb; en pratiquant de la sorte vous pouvez \u00eatre assur\u00e9(e) qu&rsquo;\u00c9ric a v\u00e9cu un grand moment de bonheur et a d\u00e9sormais beaucoup \u00ab\u00a0d&rsquo;amis\u00a0\u00bb dans l&rsquo;\u00e9quipe ! &nbsp;<\/li><li><strong>Utilisez votre f\u00e9licitation de fa\u00e7on manipulatoire<\/strong> : autre variante pour d\u00e9tourner la f\u00e9licitation de son objectif, la r\u00e9aliser en introduction d&rsquo;une demande particuli\u00e8re ou d&rsquo;un objectif ambitieux : un \u00ab\u00a0<em>Bravo pour la pr\u00e9cision de ta conduite du dossier \u00ab\u00a0D\u00e9dale\u00a0\u00bb ; tu as \u00e9t\u00e9 extraordinaire ! Nous avons un dossier tout aussi subtil \u00e0 mener : pourrais-tu mobiliser \u00e0 nouveau tes talents pour le piloter ?<\/em>\u00a0\u00bb est souvent d&rsquo;une efficacit\u00e9 redoutable pour que le collaborateur rel\u00e8ve le gant sans rechigner !<\/li><li><strong>F\u00e9licitez de fa\u00e7on imm\u00e9rit\u00e9e <\/strong>: et pour \u00e9viter que le collaborateur ne puisse tirer les enseignements de votre f\u00e9licitation choisissez de pr\u00e9f\u00e9rence un sujet pour lequel sa contribution individuelle est minime, une r\u00e9ussite de l&rsquo;\u00e9quipe par exemple ou un sujet sur lequel il a b\u00e9n\u00e9fici\u00e9 de circonstances externes favorables : dans la plupart des cas vous pourrez vous r\u00e9jouir de la perplexit\u00e9 de votre interlocuteur \u00e0 l&rsquo;\u00e9nonc\u00e9 de vos louanges !<\/li><li><strong>Trompez-vous de sujet de f\u00e9licitation<\/strong> : dans le m\u00eame esprit, privil\u00e9giez les f\u00e9licitations qui pointent les r\u00e9sultats, la production, ce qui b\u00e9n\u00e9ficie \u00e0 l&rsquo;entreprise plut\u00f4t que louer les comp\u00e9tences, les talents, les progr\u00e8s ou les efforts de la personne : un \u00ab\u00a0<em>Bravo pour ton indice 110 par rapport \u00e0 l&rsquo;objectif <\/em>!\u00a0\u00bb est beaucoup moins motivant que \u00ab\u00a0<em>je te f\u00e9licite pour la pugnacit\u00e9 et l&rsquo;approche tactique dont tu as fait preuve pour arriver \u00e0 l&rsquo;indice 110 de ton objectif !\u00a0\u00bb.<\/em><\/li><li><strong>Soignez votre mauvais ton<\/strong> : enfin sur la forme ne soyez surtout pas authentique, sinc\u00e8re, valorisant, prenez plaisir \u00e0 flatter, c&rsquo;est beaucoup mieux, \u2026 surtout si le collaborateur s&rsquo;en aper\u00e7oit.<\/li><\/ol>\n\n\n\n<article class=\"obj_encart-formation\">\n<div class=\"ctn_encart\">\n<h3>Votre formation sur ce th\u00e8me<\/h3>\n<h2>&nbsp;CONDUIRE DES ENTRETIENS MANAG\u00c9RIAUX P\u00c9DAGOGIQUES ET MOTIVANTS&nbsp;<\/h2>\n<h4>2 jours \u2013 En pr\u00e9sentiel ou \u00e0 distance<\/h4>\n<ul>\n<li><strong>S&rsquo;approprier les fondamentaux<\/strong> du management individuel de collaborateur.<\/li>\n<li><strong>D\u00e9clencher et pr\u00e9parer<\/strong> un entretien manag\u00e9rial.<\/li>\n<li><strong>Mettre en \u0153uvre une m\u00e9thodologie<\/strong> de conduite d&rsquo;entretien en coh\u00e9rence avec son objectif.<\/li>\n<\/li>\n<\/ul>\n<div class=\"ctn_btn\">\n<a class=\"obj_btn\" target=\"_blank\" href=\"https:\/\/www.gereso.com\/PERF\" rel=\"noopener\"><span>En savoir plus<\/span><\/a>\n<a class=\"obj_btn\" target=\"_blank\" href=\"https:\/\/www.gereso.com\/client\/programme-pdf\/PERF.pdf\" rel=\"noopener\"><span>T\u00e9l\u00e9charger le programme PDF<\/span><\/a>\n<\/div>\n<\/div>\n<\/article>\n\n\n\n<p>Avec ces conseils vous voil\u00e0 par\u00e9(e) pour rater \u00e0 coup s\u00fbr vos f\u00e9licitations ! Et si cela vous parait difficile, rassurez-vous, ICARE vous retrouve le mois prochain pour aborder un sujet beaucoup moins positif et vous donner ses meilleurs conseils pour louper la transmission de vos messages difficiles (non-revalorisation salariale, refus d&rsquo;une demande d&rsquo;am\u00e9nagement du temps de travail, annonce de la remise en cause d&rsquo;une promotion, \u2026) !<\/p>\n\n\n\n<p>Nous vous souhaitons un tr\u00e8s beau mois d&rsquo;octobre.<\/p>\n\n\n\n<table border=\"0\" bgcolor=\"#fafafa\" cellspacing=\"10\" cellpadding=\"10\" width=\"100%\"><tr>\n<td bgcolor=\"#fafafa\" style=\"border-left:15px solid #fafafa; border-right:15px solid #fafafa; border-top:15px solid #fafafa;\">\n\n<span style=\"color:#434546;font-size:20px;text-decoration:none;\"><center><b>L&rsquo;auteur<\/b><\/center><\/span>\n\n<p><strong><img decoding=\"async\" class=\"size-full wp-image-8994 alignleft\" src=\"https:\/\/www.gereso.com\/actualites\/wp-content\/uploads\/2021\/10\/Patrick-Van-Honacker.jpg\" alt=\"Patrick Van Honacker\" width=\"100\" height=\"130\"><\/strong>\n<b>Patrick Van Honacker<\/b><br>\nDe formation commerciale Patrick d\u00e9bute sa carri\u00e8re dans les forces de ventes du Groupe LACTALIS. Promu Manager tr\u00e8s jeune il suit de tr\u00e8s nombreuses formations, dont tout le catalogue manag\u00e9rial ICARE, pour apprendre et se perfectionner sans cesse dans le difficile exercice de l&rsquo;encadrement et l&rsquo;accompagnement des Hommes. Il croit \u00e0 un management qui concilie la recherche de la performance et du d\u00e9veloppement humain.<br>\nApr\u00e8s 15 ans dans la fonction commerciale dont 8 de Direction Nationale des Ventes il d\u00e9cide de prendre un virage professionnel humaniste et int\u00e8gre le P\u00f4le D\u00e9veloppement des Comp\u00e9tences du Groupe LACTALIS qu&rsquo;il dirige pendant 3 ans. <br>\nRiche d&rsquo;une double expertise en management et en Gestion des Ressources Humaines il rejoint en 2006 ICARE, son Organisme de Formation de c\u0153ur dont il a \u00e9prouv\u00e9 les m\u00e9thodes sur le terrain, pour accompagner les Hommes et leur Organisation dans la mise en \u0153uvre de relations authentiques, respectueuses, justes et d\u00e9veloppantes.<br>\nCoach, Consultant et Formateur certifi\u00e9 il dirige l&rsquo;Institut et conduit l&rsquo;\u00e9quipe p\u00e9dagogique ICARE depuis 2019. \n<\/p><\/td><\/tr><\/table>\n","protected":false},"excerpt":{"rendered":"<p>Selon les sondages que nous r\u00e9alisons de fa\u00e7on r\u00e9currente lors de nos prestations de formation aupr\u00e8s des Managers environ 90% de leurs entretiens manag\u00e9riaux, lorsqu&rsquo;ils en conduisent, portent sur la recherche d&rsquo;am\u00e9liorations : &nbsp;suivi p\u00e9riodique d&rsquo;activit\u00e9s, \u00e9valuation annuelle, r\u00e9solution de probl\u00e8me, critique, recadrage, recentrage, \u2026 ! Il parait donc logique, qu&rsquo;en cons\u00e9quence, les collaborateurs rencontr\u00e9s [&hellip;]<\/p>\n","protected":false},"author":84,"featured_media":23241,"comment_status":"open","ping_status":"open","sticky":false,"template":"","format":"standard","meta":{"_acf_changed":false,"_mi_skip_tracking":false,"footnotes":""},"categories":[12,10],"tags":[284],"class_list":["post-23215","post","type-post","status-publish","format-standard","has-post-thumbnail","hentry","category-actualites","category-management-et-leadership","tag-management"],"acf":[],"yoast_head":"<!-- This site is optimized with the Yoast SEO plugin v23.4 - https:\/\/yoast.com\/wordpress\/plugins\/seo\/ -->\n<title>7 conseils d&#039;ICARE pour rater \u00e0 coup s\u00fbr la f\u00e9licitation d&#039;un collaborateur ! - Le Blog GERESO<\/title>\n<meta name=\"robots\" content=\"index, follow, max-snippet:-1, max-image-preview:large, max-video-preview:-1\" \/>\n<link rel=\"canonical\" href=\"https:\/\/www.gereso.com\/actualites\/2021\/10\/04\/7-conseils-icare-pour-rater-felicitation-collaborateur\/\" \/>\n<meta property=\"og:locale\" content=\"fr_FR\" \/>\n<meta property=\"og:type\" content=\"article\" \/>\n<meta property=\"og:title\" content=\"7 conseils d&#039;ICARE pour rater \u00e0 coup s\u00fbr la f\u00e9licitation d&#039;un collaborateur ! - Le Blog GERESO\" \/>\n<meta property=\"og:description\" content=\"Selon les sondages que nous r\u00e9alisons de fa\u00e7on r\u00e9currente lors de nos prestations de formation aupr\u00e8s des Managers environ 90% de leurs entretiens manag\u00e9riaux, lorsqu&rsquo;ils en conduisent, portent sur la recherche d&rsquo;am\u00e9liorations : &nbsp;suivi p\u00e9riodique d&rsquo;activit\u00e9s, \u00e9valuation annuelle, r\u00e9solution de probl\u00e8me, critique, recadrage, recentrage, \u2026 ! Il parait donc logique, qu&rsquo;en cons\u00e9quence, les collaborateurs rencontr\u00e9s [&hellip;]\" \/>\n<meta property=\"og:url\" content=\"https:\/\/www.gereso.com\/actualites\/2021\/10\/04\/7-conseils-icare-pour-rater-felicitation-collaborateur\/\" \/>\n<meta property=\"og:site_name\" content=\"Le Blog GERESO\" \/>\n<meta property=\"article:published_time\" content=\"2021-10-04T12:46:18+00:00\" \/>\n<meta property=\"article:modified_time\" content=\"2021-10-05T08:04:35+00:00\" \/>\n<meta property=\"og:image\" content=\"https:\/\/www.gereso.com\/actualites\/wp-content\/uploads\/2021\/10\/Rater-felicitation-collaborateur.jpg\" \/>\n\t<meta property=\"og:image:width\" content=\"600\" \/>\n\t<meta property=\"og:image:height\" content=\"400\" \/>\n\t<meta property=\"og:image:type\" content=\"image\/jpeg\" \/>\n<meta name=\"author\" content=\"\u00c9quipe Icare\" \/>\n<meta name=\"twitter:card\" content=\"summary_large_image\" \/>\n<script type=\"application\/ld+json\" class=\"yoast-schema-graph\">{\"@context\":\"https:\/\/schema.org\",\"@graph\":[{\"@type\":\"WebPage\",\"@id\":\"https:\/\/www.gereso.com\/actualites\/2021\/10\/04\/7-conseils-icare-pour-rater-felicitation-collaborateur\/\",\"url\":\"https:\/\/www.gereso.com\/actualites\/2021\/10\/04\/7-conseils-icare-pour-rater-felicitation-collaborateur\/\",\"name\":\"7 conseils d'ICARE pour rater \u00e0 coup s\u00fbr la f\u00e9licitation d'un collaborateur ! - Le Blog GERESO\",\"isPartOf\":{\"@id\":\"https:\/\/www.gereso.com\/actualites\/#website\"},\"primaryImageOfPage\":{\"@id\":\"https:\/\/www.gereso.com\/actualites\/2021\/10\/04\/7-conseils-icare-pour-rater-felicitation-collaborateur\/#primaryimage\"},\"image\":{\"@id\":\"https:\/\/www.gereso.com\/actualites\/2021\/10\/04\/7-conseils-icare-pour-rater-felicitation-collaborateur\/#primaryimage\"},\"thumbnailUrl\":\"https:\/\/www.gereso.com\/actualites\/wp-content\/uploads\/2021\/10\/Rater-felicitation-collaborateur.jpg\",\"datePublished\":\"2021-10-04T12:46:18+00:00\",\"dateModified\":\"2021-10-05T08:04:35+00:00\",\"author\":{\"@id\":\"https:\/\/www.gereso.com\/actualites\/#\/schema\/person\/6b2d9038abb3603efe7e320f8a180189\"},\"breadcrumb\":{\"@id\":\"https:\/\/www.gereso.com\/actualites\/2021\/10\/04\/7-conseils-icare-pour-rater-felicitation-collaborateur\/#breadcrumb\"},\"inLanguage\":\"fr-FR\",\"potentialAction\":[{\"@type\":\"ReadAction\",\"target\":[\"https:\/\/www.gereso.com\/actualites\/2021\/10\/04\/7-conseils-icare-pour-rater-felicitation-collaborateur\/\"]}]},{\"@type\":\"ImageObject\",\"inLanguage\":\"fr-FR\",\"@id\":\"https:\/\/www.gereso.com\/actualites\/2021\/10\/04\/7-conseils-icare-pour-rater-felicitation-collaborateur\/#primaryimage\",\"url\":\"https:\/\/www.gereso.com\/actualites\/wp-content\/uploads\/2021\/10\/Rater-felicitation-collaborateur.jpg\",\"contentUrl\":\"https:\/\/www.gereso.com\/actualites\/wp-content\/uploads\/2021\/10\/Rater-felicitation-collaborateur.jpg\",\"width\":600,\"height\":400,\"caption\":\"7 conseils d'ICARE pour rater \u00e0 coup s\u00fbr la f\u00e9licitation d'un collaborateur !\"},{\"@type\":\"BreadcrumbList\",\"@id\":\"https:\/\/www.gereso.com\/actualites\/2021\/10\/04\/7-conseils-icare-pour-rater-felicitation-collaborateur\/#breadcrumb\",\"itemListElement\":[{\"@type\":\"ListItem\",\"position\":1,\"name\":\"Home\",\"item\":\"https:\/\/www.gereso.com\/actualites\/\"},{\"@type\":\"ListItem\",\"position\":2,\"name\":\"7 conseils d&rsquo;ICARE pour rater \u00e0 coup s\u00fbr la f\u00e9licitation d&rsquo;un collaborateur !\"}]},{\"@type\":\"WebSite\",\"@id\":\"https:\/\/www.gereso.com\/actualites\/#website\",\"url\":\"https:\/\/www.gereso.com\/actualites\/\",\"name\":\"Le Blog GERESO\",\"description\":\"Toute l&#039;actu RH, Finance, Fonction Publique, Management...\",\"potentialAction\":[{\"@type\":\"SearchAction\",\"target\":{\"@type\":\"EntryPoint\",\"urlTemplate\":\"https:\/\/www.gereso.com\/actualites\/?s={search_term_string}\"},\"query-input\":{\"@type\":\"PropertyValueSpecification\",\"valueRequired\":true,\"valueName\":\"search_term_string\"}}],\"inLanguage\":\"fr-FR\"},{\"@type\":\"Person\",\"@id\":\"https:\/\/www.gereso.com\/actualites\/#\/schema\/person\/6b2d9038abb3603efe7e320f8a180189\",\"name\":\"\u00c9quipe Icare\",\"image\":{\"@type\":\"ImageObject\",\"inLanguage\":\"fr-FR\",\"@id\":\"https:\/\/www.gereso.com\/actualites\/#\/schema\/person\/image\/\",\"url\":\"https:\/\/www.gereso.com\/actualites\/wp-content\/uploads\/2021\/08\/Logo-Icare-120x120.jpg\",\"contentUrl\":\"https:\/\/www.gereso.com\/actualites\/wp-content\/uploads\/2021\/08\/Logo-Icare-120x120.jpg\",\"caption\":\"\u00c9quipe Icare\"},\"description\":\"Icare est un Institut dont les activit\u00e9s de formation, d'accompagnement et de conseil sont centr\u00e9es sur les th\u00e8mes de la communication, de la prise de parole en public, de la gestion des relations, du management et de la transmission des comp\u00e9tences. Ses prestations s\u2019adressent \u00e0 tous les collaborateurs et tous les managers souhaitant am\u00e9liorer de fa\u00e7on concr\u00e8te leurs postures, leurs comportements et leurs pratiques du quotidien. Son expertise s'appuie sur des intervenants tous coaches certifi\u00e9s et sur des m\u00e9thodes p\u00e9dagogiques tr\u00e8s participatives bas\u00e9es notamment sur le principe d'induction (partir de la r\u00e9alit\u00e9 des participants pour les accompagner vers les bonnes pratiques) et de tr\u00e8s nombreux tests, r\u00e9flexions, exercices et mises en situation. Anim\u00e9e depuis pr\u00e8s de 30 ans par une logique d'am\u00e9lioration continue l'organisation adh\u00e8re \u00e0 la F\u00e9d\u00e9ration de la Formation Professionnelle, est inscrite au Datadock et est certifi\u00e9e Qualiopi dans la cat\u00e9gorie des actions de formation.\",\"url\":\"https:\/\/www.gereso.com\/actualites\/author\/icare\/\"}]}<\/script>\n<!-- \/ Yoast SEO plugin. -->","yoast_head_json":{"title":"7 conseils d'ICARE pour rater \u00e0 coup s\u00fbr la f\u00e9licitation d'un collaborateur ! - Le Blog GERESO","robots":{"index":"index","follow":"follow","max-snippet":"max-snippet:-1","max-image-preview":"max-image-preview:large","max-video-preview":"max-video-preview:-1"},"canonical":"https:\/\/www.gereso.com\/actualites\/2021\/10\/04\/7-conseils-icare-pour-rater-felicitation-collaborateur\/","og_locale":"fr_FR","og_type":"article","og_title":"7 conseils d'ICARE pour rater \u00e0 coup s\u00fbr la f\u00e9licitation d'un collaborateur ! - Le Blog GERESO","og_description":"Selon les sondages que nous r\u00e9alisons de fa\u00e7on r\u00e9currente lors de nos prestations de formation aupr\u00e8s des Managers environ 90% de leurs entretiens manag\u00e9riaux, lorsqu&rsquo;ils en conduisent, portent sur la recherche d&rsquo;am\u00e9liorations : &nbsp;suivi p\u00e9riodique d&rsquo;activit\u00e9s, \u00e9valuation annuelle, r\u00e9solution de probl\u00e8me, critique, recadrage, recentrage, \u2026 ! Il parait donc logique, qu&rsquo;en cons\u00e9quence, les collaborateurs rencontr\u00e9s [&hellip;]","og_url":"https:\/\/www.gereso.com\/actualites\/2021\/10\/04\/7-conseils-icare-pour-rater-felicitation-collaborateur\/","og_site_name":"Le Blog GERESO","article_published_time":"2021-10-04T12:46:18+00:00","article_modified_time":"2021-10-05T08:04:35+00:00","og_image":[{"width":600,"height":400,"url":"https:\/\/www.gereso.com\/actualites\/wp-content\/uploads\/2021\/10\/Rater-felicitation-collaborateur.jpg","type":"image\/jpeg"}],"author":"\u00c9quipe Icare","twitter_card":"summary_large_image","schema":{"@context":"https:\/\/schema.org","@graph":[{"@type":"WebPage","@id":"https:\/\/www.gereso.com\/actualites\/2021\/10\/04\/7-conseils-icare-pour-rater-felicitation-collaborateur\/","url":"https:\/\/www.gereso.com\/actualites\/2021\/10\/04\/7-conseils-icare-pour-rater-felicitation-collaborateur\/","name":"7 conseils d'ICARE pour rater \u00e0 coup s\u00fbr la f\u00e9licitation d'un collaborateur ! - Le Blog GERESO","isPartOf":{"@id":"https:\/\/www.gereso.com\/actualites\/#website"},"primaryImageOfPage":{"@id":"https:\/\/www.gereso.com\/actualites\/2021\/10\/04\/7-conseils-icare-pour-rater-felicitation-collaborateur\/#primaryimage"},"image":{"@id":"https:\/\/www.gereso.com\/actualites\/2021\/10\/04\/7-conseils-icare-pour-rater-felicitation-collaborateur\/#primaryimage"},"thumbnailUrl":"https:\/\/www.gereso.com\/actualites\/wp-content\/uploads\/2021\/10\/Rater-felicitation-collaborateur.jpg","datePublished":"2021-10-04T12:46:18+00:00","dateModified":"2021-10-05T08:04:35+00:00","author":{"@id":"https:\/\/www.gereso.com\/actualites\/#\/schema\/person\/6b2d9038abb3603efe7e320f8a180189"},"breadcrumb":{"@id":"https:\/\/www.gereso.com\/actualites\/2021\/10\/04\/7-conseils-icare-pour-rater-felicitation-collaborateur\/#breadcrumb"},"inLanguage":"fr-FR","potentialAction":[{"@type":"ReadAction","target":["https:\/\/www.gereso.com\/actualites\/2021\/10\/04\/7-conseils-icare-pour-rater-felicitation-collaborateur\/"]}]},{"@type":"ImageObject","inLanguage":"fr-FR","@id":"https:\/\/www.gereso.com\/actualites\/2021\/10\/04\/7-conseils-icare-pour-rater-felicitation-collaborateur\/#primaryimage","url":"https:\/\/www.gereso.com\/actualites\/wp-content\/uploads\/2021\/10\/Rater-felicitation-collaborateur.jpg","contentUrl":"https:\/\/www.gereso.com\/actualites\/wp-content\/uploads\/2021\/10\/Rater-felicitation-collaborateur.jpg","width":600,"height":400,"caption":"7 conseils d'ICARE pour rater \u00e0 coup s\u00fbr la f\u00e9licitation d'un collaborateur !"},{"@type":"BreadcrumbList","@id":"https:\/\/www.gereso.com\/actualites\/2021\/10\/04\/7-conseils-icare-pour-rater-felicitation-collaborateur\/#breadcrumb","itemListElement":[{"@type":"ListItem","position":1,"name":"Home","item":"https:\/\/www.gereso.com\/actualites\/"},{"@type":"ListItem","position":2,"name":"7 conseils d&rsquo;ICARE pour rater \u00e0 coup s\u00fbr la f\u00e9licitation d&rsquo;un collaborateur !"}]},{"@type":"WebSite","@id":"https:\/\/www.gereso.com\/actualites\/#website","url":"https:\/\/www.gereso.com\/actualites\/","name":"Le Blog GERESO","description":"Toute l&#039;actu RH, Finance, Fonction Publique, Management...","potentialAction":[{"@type":"SearchAction","target":{"@type":"EntryPoint","urlTemplate":"https:\/\/www.gereso.com\/actualites\/?s={search_term_string}"},"query-input":{"@type":"PropertyValueSpecification","valueRequired":true,"valueName":"search_term_string"}}],"inLanguage":"fr-FR"},{"@type":"Person","@id":"https:\/\/www.gereso.com\/actualites\/#\/schema\/person\/6b2d9038abb3603efe7e320f8a180189","name":"\u00c9quipe Icare","image":{"@type":"ImageObject","inLanguage":"fr-FR","@id":"https:\/\/www.gereso.com\/actualites\/#\/schema\/person\/image\/","url":"https:\/\/www.gereso.com\/actualites\/wp-content\/uploads\/2021\/08\/Logo-Icare-120x120.jpg","contentUrl":"https:\/\/www.gereso.com\/actualites\/wp-content\/uploads\/2021\/08\/Logo-Icare-120x120.jpg","caption":"\u00c9quipe Icare"},"description":"Icare est un Institut dont les activit\u00e9s de formation, d'accompagnement et de conseil sont centr\u00e9es sur les th\u00e8mes de la communication, de la prise de parole en public, de la gestion des relations, du management et de la transmission des comp\u00e9tences. Ses prestations s\u2019adressent \u00e0 tous les collaborateurs et tous les managers souhaitant am\u00e9liorer de fa\u00e7on concr\u00e8te leurs postures, leurs comportements et leurs pratiques du quotidien. Son expertise s'appuie sur des intervenants tous coaches certifi\u00e9s et sur des m\u00e9thodes p\u00e9dagogiques tr\u00e8s participatives bas\u00e9es notamment sur le principe d'induction (partir de la r\u00e9alit\u00e9 des participants pour les accompagner vers les bonnes pratiques) et de tr\u00e8s nombreux tests, r\u00e9flexions, exercices et mises en situation. Anim\u00e9e depuis pr\u00e8s de 30 ans par une logique d'am\u00e9lioration continue l'organisation adh\u00e8re \u00e0 la F\u00e9d\u00e9ration de la Formation Professionnelle, est inscrite au Datadock et est certifi\u00e9e Qualiopi dans la cat\u00e9gorie des actions de formation.","url":"https:\/\/www.gereso.com\/actualites\/author\/icare\/"}]}},"_links":{"self":[{"href":"https:\/\/www.gereso.com\/actualites\/wp-json\/wp\/v2\/posts\/23215","targetHints":{"allow":["GET"]}}],"collection":[{"href":"https:\/\/www.gereso.com\/actualites\/wp-json\/wp\/v2\/posts"}],"about":[{"href":"https:\/\/www.gereso.com\/actualites\/wp-json\/wp\/v2\/types\/post"}],"author":[{"embeddable":true,"href":"https:\/\/www.gereso.com\/actualites\/wp-json\/wp\/v2\/users\/84"}],"replies":[{"embeddable":true,"href":"https:\/\/www.gereso.com\/actualites\/wp-json\/wp\/v2\/comments?post=23215"}],"version-history":[{"count":27,"href":"https:\/\/www.gereso.com\/actualites\/wp-json\/wp\/v2\/posts\/23215\/revisions"}],"predecessor-version":[{"id":24289,"href":"https:\/\/www.gereso.com\/actualites\/wp-json\/wp\/v2\/posts\/23215\/revisions\/24289"}],"wp:featuredmedia":[{"embeddable":true,"href":"https:\/\/www.gereso.com\/actualites\/wp-json\/wp\/v2\/media\/23241"}],"wp:attachment":[{"href":"https:\/\/www.gereso.com\/actualites\/wp-json\/wp\/v2\/media?parent=23215"}],"wp:term":[{"taxonomy":"category","embeddable":true,"href":"https:\/\/www.gereso.com\/actualites\/wp-json\/wp\/v2\/categories?post=23215"},{"taxonomy":"post_tag","embeddable":true,"href":"https:\/\/www.gereso.com\/actualites\/wp-json\/wp\/v2\/tags?post=23215"}],"curies":[{"name":"wp","href":"https:\/\/api.w.org\/{rel}","templated":true}]}}