{"id":2382,"date":"2014-02-25T15:48:34","date_gmt":"2014-02-25T13:48:34","guid":{"rendered":"https:\/\/www.gereso.com\/actualites\/?p=2382"},"modified":"2014-02-25T15:48:34","modified_gmt":"2014-02-25T13:48:34","slug":"comment-choisir-une-formation-en-mobilite-internationale","status":"publish","type":"post","link":"https:\/\/www.gereso.com\/actualites\/2014\/02\/25\/comment-choisir-une-formation-en-mobilite-internationale\/","title":{"rendered":"Comment choisir une formation en mobilit\u00e9 internationale&nbsp;?"},"content":{"rendered":"<p><span style=\"font-size: medium;\"><i>Votre entreprise souhaite mettre en place une <strong>politique de mobilit\u00e9 internationale<\/strong> coh\u00e9rente pour mieux prendre en charge ses salari\u00e9s expatri\u00e9s\u00a0? En tant que professionnel des ressources humaines, vous voulez peut-\u00eatre vous sp\u00e9cialiser dans ce domaine\u00a0? Si vous \u00eates dans ce cas, nous vous conseillons de suivre une formation en mobilit\u00e9 internationale\u00a0: d\u00e9couvrez comment bien la choisir\u00a0!<\/i><\/span><\/p>\n<figure id=\"attachment_2454\" aria-describedby=\"caption-attachment-2454\" style=\"width: 500px\" class=\"wp-caption aligncenter\"><img fetchpriority=\"high\" decoding=\"async\" class=\"size-full wp-image-2454\" alt=\"Expatriation, immigration et impatriation - Les formations en &quot;mobilit\u00e9 Internationale&quot; GERESO\" src=\"https:\/\/www.gereso.com\/actualites\/wp-content\/uploads\/2014\/01\/formation-mobilite-1.jpg\" width=\"500\" height=\"168\" srcset=\"https:\/\/www.gereso.com\/actualites\/wp-content\/uploads\/2014\/01\/formation-mobilite-1.jpg 500w, https:\/\/www.gereso.com\/actualites\/wp-content\/uploads\/2014\/01\/formation-mobilite-1-300x101.jpg 300w\" sizes=\"(max-width: 500px) 100vw, 500px\" \/><figcaption id=\"caption-attachment-2454\" class=\"wp-caption-text\">Expatriation, immigration et impatriation &#8211; Les formations en \u00ab\u00a0mobilit\u00e9 Internationale\u00a0\u00bb GERESO<\/figcaption><\/figure>\n<h2><b>Choisir une formation reconnue<\/b><\/h2>\n<p>Gr\u00e2ce \u00e0 GERESO, vous allez pouvoir suivre une <a title=\"formation mobilit\u00e9 internationale\" href=\"http:\/\/www.gereso.com\/formations\/mobilite-internationale\/\" target=\"_blank\">formation de qualit\u00e9 en mobilit\u00e9 internationale<\/a>. En effet, nos programmes sont tous en phase avec l\u2019actualit\u00e9 et sont dispens\u00e9s par des consultants experts dans leur domaine.<\/p>\n<p>En dehors de la qualit\u00e9 de nos programmes, sachez que notre organisme de formation est certifi\u00e9 ISQ-OPQF et membre de la F\u00e9d\u00e9ration de la formation professionnelle. Enfin, toutes nos formations sont \u00e9valu\u00e9es gr\u00e2ce \u00e0 Formetris.<\/p>\n<p>Vous pouvez avoir confiance en GERESO pour vous former sur la <strong>mobilit\u00e9 internationale<\/strong>.<\/p>\n<h2><b>Choisir une formation en fonction de vos envies, de vos lacunes et des besoins de votre service<\/b><\/h2>\n<p>La <strong>mobilit\u00e9 internationale<\/strong> vous int\u00e9resse, mais vous ne savez pas quelle formation Gereso choisir\u00a0? Ce n\u2019est pas \u00e9tonnant, car nous proposons un grand nombre de programmes tr\u00e8s divers. Nous vous conseillons de choisir en fonction de vos envies, de vos lacunes et des besoins de votre service. Par exemple, si vous souhaitez mettre \u00e0 jour vos connaissances, vous pourrez suivre la formation sur la paie et la r\u00e9mun\u00e9ration des expatri\u00e9s. Si par contre, vous vous rendez compte que la gestion des impatri\u00e9s fait d\u00e9faut dans votre entreprise, il peut \u00eatre int\u00e9ressant de suivre un programme sur ce th\u00e8me.<\/p>\n","protected":false},"excerpt":{"rendered":"<p>Votre entreprise souhaite mettre en place une politique de mobilit\u00e9 internationale coh\u00e9rente pour mieux prendre en charge ses salari\u00e9s expatri\u00e9s\u00a0? En tant que professionnel des ressources humaines, vous voulez peut-\u00eatre vous sp\u00e9cialiser dans ce domaine\u00a0? Si vous \u00eates dans ce cas, nous vous conseillons de suivre une formation en mobilit\u00e9 internationale\u00a0: d\u00e9couvrez comment bien la [&hellip;]<\/p>\n","protected":false},"author":32,"featured_media":2454,"comment_status":"open","ping_status":"open","sticky":false,"template":"","format":"standard","meta":{"_acf_changed":false,"_mi_skip_tracking":false,"footnotes":""},"categories":[7],"tags":[296,85],"class_list":["post-2382","post","type-post","status-publish","format-standard","has-post-thumbnail","hentry","category-mobilite-internationale","tag-formation-mobilite-internationale","tag-mobilite-internationale-2"],"acf":[],"yoast_head":"<!-- This site is optimized with the Yoast SEO plugin v23.4 - https:\/\/yoast.com\/wordpress\/plugins\/seo\/ -->\n<title>Comment choisir une formation en mobilit\u00e9 internationale&nbsp;? - Le Blog GERESO<\/title>\n<meta name=\"robots\" content=\"index, follow, max-snippet:-1, max-image-preview:large, max-video-preview:-1\" \/>\n<link rel=\"canonical\" href=\"https:\/\/www.gereso.com\/actualites\/2014\/02\/25\/comment-choisir-une-formation-en-mobilite-internationale\/\" \/>\n<meta property=\"og:locale\" content=\"fr_FR\" \/>\n<meta property=\"og:type\" content=\"article\" \/>\n<meta property=\"og:title\" content=\"Comment choisir une formation en mobilit\u00e9 internationale&nbsp;? - Le Blog GERESO\" \/>\n<meta property=\"og:description\" content=\"Votre entreprise souhaite mettre en place une politique de mobilit\u00e9 internationale coh\u00e9rente pour mieux prendre en charge ses salari\u00e9s expatri\u00e9s\u00a0? En tant que professionnel des ressources humaines, vous voulez peut-\u00eatre vous sp\u00e9cialiser dans ce domaine\u00a0? Si vous \u00eates dans ce cas, nous vous conseillons de suivre une formation en mobilit\u00e9 internationale\u00a0: d\u00e9couvrez comment bien la [&hellip;]\" \/>\n<meta property=\"og:url\" content=\"https:\/\/www.gereso.com\/actualites\/2014\/02\/25\/comment-choisir-une-formation-en-mobilite-internationale\/\" \/>\n<meta property=\"og:site_name\" content=\"Le Blog GERESO\" \/>\n<meta property=\"article:published_time\" content=\"2014-02-25T13:48:34+00:00\" \/>\n<meta property=\"og:image\" content=\"https:\/\/www.gereso.com\/actualites\/wp-content\/uploads\/2014\/01\/formation-mobilite-1.jpg\" \/>\n\t<meta property=\"og:image:width\" content=\"500\" \/>\n\t<meta property=\"og:image:height\" content=\"168\" \/>\n\t<meta property=\"og:image:type\" content=\"image\/jpeg\" \/>\n<meta name=\"author\" content=\"\u00c9quipe GERESO\" \/>\n<meta name=\"twitter:card\" content=\"summary_large_image\" \/>\n<script type=\"application\/ld+json\" class=\"yoast-schema-graph\">{\"@context\":\"https:\/\/schema.org\",\"@graph\":[{\"@type\":\"WebPage\",\"@id\":\"https:\/\/www.gereso.com\/actualites\/2014\/02\/25\/comment-choisir-une-formation-en-mobilite-internationale\/\",\"url\":\"https:\/\/www.gereso.com\/actualites\/2014\/02\/25\/comment-choisir-une-formation-en-mobilite-internationale\/\",\"name\":\"Comment choisir une formation en mobilit\u00e9 internationale&nbsp;? - Le Blog GERESO\",\"isPartOf\":{\"@id\":\"https:\/\/www.gereso.com\/actualites\/#website\"},\"primaryImageOfPage\":{\"@id\":\"https:\/\/www.gereso.com\/actualites\/2014\/02\/25\/comment-choisir-une-formation-en-mobilite-internationale\/#primaryimage\"},\"image\":{\"@id\":\"https:\/\/www.gereso.com\/actualites\/2014\/02\/25\/comment-choisir-une-formation-en-mobilite-internationale\/#primaryimage\"},\"thumbnailUrl\":\"https:\/\/www.gereso.com\/actualites\/wp-content\/uploads\/2014\/01\/formation-mobilite-1.jpg\",\"datePublished\":\"2014-02-25T13:48:34+00:00\",\"dateModified\":\"2014-02-25T13:48:34+00:00\",\"author\":{\"@id\":\"https:\/\/www.gereso.com\/actualites\/#\/schema\/person\/197d8aef40cb4ae3f6a0aa9e1d3df2a6\"},\"breadcrumb\":{\"@id\":\"https:\/\/www.gereso.com\/actualites\/2014\/02\/25\/comment-choisir-une-formation-en-mobilite-internationale\/#breadcrumb\"},\"inLanguage\":\"fr-FR\",\"potentialAction\":[{\"@type\":\"ReadAction\",\"target\":[\"https:\/\/www.gereso.com\/actualites\/2014\/02\/25\/comment-choisir-une-formation-en-mobilite-internationale\/\"]}]},{\"@type\":\"ImageObject\",\"inLanguage\":\"fr-FR\",\"@id\":\"https:\/\/www.gereso.com\/actualites\/2014\/02\/25\/comment-choisir-une-formation-en-mobilite-internationale\/#primaryimage\",\"url\":\"https:\/\/www.gereso.com\/actualites\/wp-content\/uploads\/2014\/01\/formation-mobilite-1.jpg\",\"contentUrl\":\"https:\/\/www.gereso.com\/actualites\/wp-content\/uploads\/2014\/01\/formation-mobilite-1.jpg\",\"width\":500,\"height\":168,\"caption\":\"Expatriation, immigration et impatriation - Les formations en \\\"mobilit\u00e9 Internationale\\\" GERESO\"},{\"@type\":\"BreadcrumbList\",\"@id\":\"https:\/\/www.gereso.com\/actualites\/2014\/02\/25\/comment-choisir-une-formation-en-mobilite-internationale\/#breadcrumb\",\"itemListElement\":[{\"@type\":\"ListItem\",\"position\":1,\"name\":\"Home\",\"item\":\"https:\/\/www.gereso.com\/actualites\/\"},{\"@type\":\"ListItem\",\"position\":2,\"name\":\"Comment choisir une formation en mobilit\u00e9 internationale&nbsp;?\"}]},{\"@type\":\"WebSite\",\"@id\":\"https:\/\/www.gereso.com\/actualites\/#website\",\"url\":\"https:\/\/www.gereso.com\/actualites\/\",\"name\":\"Le Blog GERESO\",\"description\":\"Toute l&#039;actu RH, Finance, Fonction Publique, Management...\",\"potentialAction\":[{\"@type\":\"SearchAction\",\"target\":{\"@type\":\"EntryPoint\",\"urlTemplate\":\"https:\/\/www.gereso.com\/actualites\/?s={search_term_string}\"},\"query-input\":{\"@type\":\"PropertyValueSpecification\",\"valueRequired\":true,\"valueName\":\"search_term_string\"}}],\"inLanguage\":\"fr-FR\"},{\"@type\":\"Person\",\"@id\":\"https:\/\/www.gereso.com\/actualites\/#\/schema\/person\/197d8aef40cb4ae3f6a0aa9e1d3df2a6\",\"name\":\"\u00c9quipe GERESO\",\"image\":{\"@type\":\"ImageObject\",\"inLanguage\":\"fr-FR\",\"@id\":\"https:\/\/www.gereso.com\/actualites\/#\/schema\/person\/image\/\",\"url\":\"https:\/\/www.gereso.com\/actualites\/wp-content\/uploads\/2013\/12\/avatar-gereso-1.png\",\"contentUrl\":\"https:\/\/www.gereso.com\/actualites\/wp-content\/uploads\/2013\/12\/avatar-gereso-1.png\",\"caption\":\"\u00c9quipe GERESO\"},\"url\":\"https:\/\/www.gereso.com\/actualites\/author\/gereso\/\"}]}<\/script>\n<!-- \/ Yoast SEO plugin. -->","yoast_head_json":{"title":"Comment choisir une formation en mobilit\u00e9 internationale&nbsp;? - Le Blog GERESO","robots":{"index":"index","follow":"follow","max-snippet":"max-snippet:-1","max-image-preview":"max-image-preview:large","max-video-preview":"max-video-preview:-1"},"canonical":"https:\/\/www.gereso.com\/actualites\/2014\/02\/25\/comment-choisir-une-formation-en-mobilite-internationale\/","og_locale":"fr_FR","og_type":"article","og_title":"Comment choisir une formation en mobilit\u00e9 internationale&nbsp;? - Le Blog GERESO","og_description":"Votre entreprise souhaite mettre en place une politique de mobilit\u00e9 internationale coh\u00e9rente pour mieux prendre en charge ses salari\u00e9s expatri\u00e9s\u00a0? En tant que professionnel des ressources humaines, vous voulez peut-\u00eatre vous sp\u00e9cialiser dans ce domaine\u00a0? Si vous \u00eates dans ce cas, nous vous conseillons de suivre une formation en mobilit\u00e9 internationale\u00a0: d\u00e9couvrez comment bien la [&hellip;]","og_url":"https:\/\/www.gereso.com\/actualites\/2014\/02\/25\/comment-choisir-une-formation-en-mobilite-internationale\/","og_site_name":"Le Blog GERESO","article_published_time":"2014-02-25T13:48:34+00:00","og_image":[{"width":500,"height":168,"url":"https:\/\/www.gereso.com\/actualites\/wp-content\/uploads\/2014\/01\/formation-mobilite-1.jpg","type":"image\/jpeg"}],"author":"\u00c9quipe GERESO","twitter_card":"summary_large_image","schema":{"@context":"https:\/\/schema.org","@graph":[{"@type":"WebPage","@id":"https:\/\/www.gereso.com\/actualites\/2014\/02\/25\/comment-choisir-une-formation-en-mobilite-internationale\/","url":"https:\/\/www.gereso.com\/actualites\/2014\/02\/25\/comment-choisir-une-formation-en-mobilite-internationale\/","name":"Comment choisir une formation en mobilit\u00e9 internationale&nbsp;? - Le Blog GERESO","isPartOf":{"@id":"https:\/\/www.gereso.com\/actualites\/#website"},"primaryImageOfPage":{"@id":"https:\/\/www.gereso.com\/actualites\/2014\/02\/25\/comment-choisir-une-formation-en-mobilite-internationale\/#primaryimage"},"image":{"@id":"https:\/\/www.gereso.com\/actualites\/2014\/02\/25\/comment-choisir-une-formation-en-mobilite-internationale\/#primaryimage"},"thumbnailUrl":"https:\/\/www.gereso.com\/actualites\/wp-content\/uploads\/2014\/01\/formation-mobilite-1.jpg","datePublished":"2014-02-25T13:48:34+00:00","dateModified":"2014-02-25T13:48:34+00:00","author":{"@id":"https:\/\/www.gereso.com\/actualites\/#\/schema\/person\/197d8aef40cb4ae3f6a0aa9e1d3df2a6"},"breadcrumb":{"@id":"https:\/\/www.gereso.com\/actualites\/2014\/02\/25\/comment-choisir-une-formation-en-mobilite-internationale\/#breadcrumb"},"inLanguage":"fr-FR","potentialAction":[{"@type":"ReadAction","target":["https:\/\/www.gereso.com\/actualites\/2014\/02\/25\/comment-choisir-une-formation-en-mobilite-internationale\/"]}]},{"@type":"ImageObject","inLanguage":"fr-FR","@id":"https:\/\/www.gereso.com\/actualites\/2014\/02\/25\/comment-choisir-une-formation-en-mobilite-internationale\/#primaryimage","url":"https:\/\/www.gereso.com\/actualites\/wp-content\/uploads\/2014\/01\/formation-mobilite-1.jpg","contentUrl":"https:\/\/www.gereso.com\/actualites\/wp-content\/uploads\/2014\/01\/formation-mobilite-1.jpg","width":500,"height":168,"caption":"Expatriation, immigration et impatriation - Les formations en \"mobilit\u00e9 Internationale\" GERESO"},{"@type":"BreadcrumbList","@id":"https:\/\/www.gereso.com\/actualites\/2014\/02\/25\/comment-choisir-une-formation-en-mobilite-internationale\/#breadcrumb","itemListElement":[{"@type":"ListItem","position":1,"name":"Home","item":"https:\/\/www.gereso.com\/actualites\/"},{"@type":"ListItem","position":2,"name":"Comment choisir une formation en mobilit\u00e9 internationale&nbsp;?"}]},{"@type":"WebSite","@id":"https:\/\/www.gereso.com\/actualites\/#website","url":"https:\/\/www.gereso.com\/actualites\/","name":"Le Blog GERESO","description":"Toute l&#039;actu RH, Finance, Fonction Publique, Management...","potentialAction":[{"@type":"SearchAction","target":{"@type":"EntryPoint","urlTemplate":"https:\/\/www.gereso.com\/actualites\/?s={search_term_string}"},"query-input":{"@type":"PropertyValueSpecification","valueRequired":true,"valueName":"search_term_string"}}],"inLanguage":"fr-FR"},{"@type":"Person","@id":"https:\/\/www.gereso.com\/actualites\/#\/schema\/person\/197d8aef40cb4ae3f6a0aa9e1d3df2a6","name":"\u00c9quipe GERESO","image":{"@type":"ImageObject","inLanguage":"fr-FR","@id":"https:\/\/www.gereso.com\/actualites\/#\/schema\/person\/image\/","url":"https:\/\/www.gereso.com\/actualites\/wp-content\/uploads\/2013\/12\/avatar-gereso-1.png","contentUrl":"https:\/\/www.gereso.com\/actualites\/wp-content\/uploads\/2013\/12\/avatar-gereso-1.png","caption":"\u00c9quipe GERESO"},"url":"https:\/\/www.gereso.com\/actualites\/author\/gereso\/"}]}},"_links":{"self":[{"href":"https:\/\/www.gereso.com\/actualites\/wp-json\/wp\/v2\/posts\/2382","targetHints":{"allow":["GET"]}}],"collection":[{"href":"https:\/\/www.gereso.com\/actualites\/wp-json\/wp\/v2\/posts"}],"about":[{"href":"https:\/\/www.gereso.com\/actualites\/wp-json\/wp\/v2\/types\/post"}],"author":[{"embeddable":true,"href":"https:\/\/www.gereso.com\/actualites\/wp-json\/wp\/v2\/users\/32"}],"replies":[{"embeddable":true,"href":"https:\/\/www.gereso.com\/actualites\/wp-json\/wp\/v2\/comments?post=2382"}],"version-history":[{"count":0,"href":"https:\/\/www.gereso.com\/actualites\/wp-json\/wp\/v2\/posts\/2382\/revisions"}],"wp:featuredmedia":[{"embeddable":true,"href":"https:\/\/www.gereso.com\/actualites\/wp-json\/wp\/v2\/media\/2454"}],"wp:attachment":[{"href":"https:\/\/www.gereso.com\/actualites\/wp-json\/wp\/v2\/media?parent=2382"}],"wp:term":[{"taxonomy":"category","embeddable":true,"href":"https:\/\/www.gereso.com\/actualites\/wp-json\/wp\/v2\/categories?post=2382"},{"taxonomy":"post_tag","embeddable":true,"href":"https:\/\/www.gereso.com\/actualites\/wp-json\/wp\/v2\/tags?post=2382"}],"curies":[{"name":"wp","href":"https:\/\/api.w.org\/{rel}","templated":true}]}}