{"id":2388,"date":"2014-03-10T08:34:18","date_gmt":"2014-03-10T06:34:18","guid":{"rendered":"https:\/\/www.gereso.com\/actualites\/?p=2388"},"modified":"2014-03-10T08:34:18","modified_gmt":"2014-03-10T06:34:18","slug":"se-former-sur-les-conges-payes-et-les-rtt","status":"publish","type":"post","link":"https:\/\/www.gereso.com\/actualites\/2014\/03\/10\/se-former-sur-les-conges-payes-et-les-rtt\/","title":{"rendered":"Se former sur les cong\u00e9s pay\u00e9s et les RTT"},"content":{"rendered":"<p><span style=\"font-size: medium;\"><i>GERESO propose une formation en\u00a0 administration du personnel sur la th\u00e9matique des <a title=\"formation cong\u00e9s pay\u00e9s et RTT\" href=\"http:\/\/www.gereso.com\/formations\/paie\/formation-conges-et-jours-de-rtt\" target=\"_blank\">cong\u00e9s pay\u00e9s et des RTT<\/a>. En effet, la r\u00e9glementation des cong\u00e9s est complexe et en constante \u00e9volution\u00a0: il est donc indispensable de mettre \u00e0 jour ses connaissances sur le sujet.<\/i><\/span><\/p>\n<figure id=\"attachment_2478\" aria-describedby=\"caption-attachment-2478\" style=\"width: 520px\" class=\"wp-caption aligncenter\"><img fetchpriority=\"high\" decoding=\"async\" class=\"size-full wp-image-2478\" alt=\"Formation professionnelle sur les cong\u00e9s pay\u00e9s et les RTT\" src=\"https:\/\/www.gereso.com\/actualites\/wp-content\/uploads\/2014\/01\/conges-payes-et-rtt-1.jpg\" width=\"520\" height=\"312\" srcset=\"https:\/\/www.gereso.com\/actualites\/wp-content\/uploads\/2014\/01\/conges-payes-et-rtt-1.jpg 520w, https:\/\/www.gereso.com\/actualites\/wp-content\/uploads\/2014\/01\/conges-payes-et-rtt-1-300x180.jpg 300w\" sizes=\"(max-width: 520px) 100vw, 520px\" \/><figcaption id=\"caption-attachment-2478\" class=\"wp-caption-text\">Formation professionnelle sur les cong\u00e9s pay\u00e9s et les RTT<\/figcaption><\/figure>\n<h2><b>A qui s\u2019adresse cette formation\u00a0?<\/b><\/h2>\n<p>Cette formation s\u2019adresse aux responsables et collaborateurs des ressources humaines et de l\u2019administration du personnel. Les gestionnaires de la paie et les salari\u00e9s en charge de <strong>la gestion des cong\u00e9s pay\u00e9s et des RTT<\/strong> sont aussi les publics cibles de cette formation alliant la th\u00e9orie et la pratique.<\/p>\n<h2><b>Quel est l\u2019objectif de la formation sur les cong\u00e9s pay\u00e9s et les RTT\u00a0?<\/b><\/h2>\n<p>En entreprise, les questions les plus courantes des salari\u00e9s au service des ressources humaines concernent les cong\u00e9s pay\u00e9s ainsi que les RTT. Il est donc essentiel pour les responsables comme pour les gestionnaires des ressources humaines et de l\u2019administration du personnel de savoir r\u00e9pondre \u00e0 ces interrogations. Cependant, comme nous l\u2019avons d\u00e9j\u00e0 pr\u00e9cis\u00e9, ce sujet est assez complexe et \u00e9volue rapidement. Dans ces conditions, il est donc essentiel de suivre une formation comme celle de GERESO : \u00e0 l\u2019issue de cette derni\u00e8re, vous saurez comment <strong>d\u00e9terminer les droits \u00e0 cong\u00e9s de vos salari\u00e9s<\/strong>, mais aussi s\u00e9curiser vos calculs.<\/p>\n<p>Pendant la formation, nous aborderons des sujets vari\u00e9s afin de faire le tour de la th\u00e9matique\u00a0: cong\u00e9s pay\u00e9s, RTT, les droits des salari\u00e9s au forfait jour, le compte \u00e9pargne temps, le cong\u00e9 maternit\u00e9 et d\u2019adoption, le cong\u00e9 paternit\u00e9 ou encore le cong\u00e9 parental d\u2019\u00e9ducation.<\/p>\n","protected":false},"excerpt":{"rendered":"<p>GERESO propose une formation en\u00a0 administration du personnel sur la th\u00e9matique des cong\u00e9s pay\u00e9s et des RTT. En effet, la r\u00e9glementation des cong\u00e9s est complexe et en constante \u00e9volution\u00a0: il est donc indispensable de mettre \u00e0 jour ses connaissances sur le sujet. A qui s\u2019adresse cette formation\u00a0? Cette formation s\u2019adresse aux responsables et collaborateurs des [&hellip;]<\/p>\n","protected":false},"author":32,"featured_media":2478,"comment_status":"open","ping_status":"open","sticky":false,"template":"","format":"standard","meta":{"_acf_changed":false,"_mi_skip_tracking":false,"footnotes":""},"categories":[8],"tags":[299,308,309],"class_list":["post-2388","post","type-post","status-publish","format-standard","has-post-thumbnail","hentry","category-paie-et-administration-du-personnel","tag-formation-administration-du-personnel","tag-formation-conges-payes","tag-formation-rtt"],"acf":[],"yoast_head":"<!-- This site is optimized with the Yoast SEO plugin v23.4 - https:\/\/yoast.com\/wordpress\/plugins\/seo\/ -->\n<title>Se former sur les cong\u00e9s pay\u00e9s et les RTT - Le Blog GERESO<\/title>\n<meta name=\"robots\" content=\"index, follow, max-snippet:-1, max-image-preview:large, max-video-preview:-1\" \/>\n<link rel=\"canonical\" href=\"https:\/\/www.gereso.com\/actualites\/2014\/03\/10\/se-former-sur-les-conges-payes-et-les-rtt\/\" \/>\n<meta property=\"og:locale\" content=\"fr_FR\" \/>\n<meta property=\"og:type\" content=\"article\" \/>\n<meta property=\"og:title\" content=\"Se former sur les cong\u00e9s pay\u00e9s et les RTT - Le Blog GERESO\" \/>\n<meta property=\"og:description\" content=\"GERESO propose une formation en\u00a0 administration du personnel sur la th\u00e9matique des cong\u00e9s pay\u00e9s et des RTT. En effet, la r\u00e9glementation des cong\u00e9s est complexe et en constante \u00e9volution\u00a0: il est donc indispensable de mettre \u00e0 jour ses connaissances sur le sujet. A qui s\u2019adresse cette formation\u00a0? Cette formation s\u2019adresse aux responsables et collaborateurs des [&hellip;]\" \/>\n<meta property=\"og:url\" content=\"https:\/\/www.gereso.com\/actualites\/2014\/03\/10\/se-former-sur-les-conges-payes-et-les-rtt\/\" \/>\n<meta property=\"og:site_name\" content=\"Le Blog GERESO\" \/>\n<meta property=\"article:published_time\" content=\"2014-03-10T06:34:18+00:00\" \/>\n<meta property=\"og:image\" content=\"https:\/\/www.gereso.com\/actualites\/wp-content\/uploads\/2014\/01\/conges-payes-et-rtt-1.jpg\" \/>\n\t<meta property=\"og:image:width\" content=\"520\" \/>\n\t<meta property=\"og:image:height\" content=\"312\" \/>\n\t<meta property=\"og:image:type\" content=\"image\/jpeg\" \/>\n<meta name=\"author\" content=\"\u00c9quipe GERESO\" \/>\n<meta name=\"twitter:card\" content=\"summary_large_image\" \/>\n<script type=\"application\/ld+json\" class=\"yoast-schema-graph\">{\"@context\":\"https:\/\/schema.org\",\"@graph\":[{\"@type\":\"WebPage\",\"@id\":\"https:\/\/www.gereso.com\/actualites\/2014\/03\/10\/se-former-sur-les-conges-payes-et-les-rtt\/\",\"url\":\"https:\/\/www.gereso.com\/actualites\/2014\/03\/10\/se-former-sur-les-conges-payes-et-les-rtt\/\",\"name\":\"Se former sur les cong\u00e9s pay\u00e9s et les RTT - Le Blog GERESO\",\"isPartOf\":{\"@id\":\"https:\/\/www.gereso.com\/actualites\/#website\"},\"primaryImageOfPage\":{\"@id\":\"https:\/\/www.gereso.com\/actualites\/2014\/03\/10\/se-former-sur-les-conges-payes-et-les-rtt\/#primaryimage\"},\"image\":{\"@id\":\"https:\/\/www.gereso.com\/actualites\/2014\/03\/10\/se-former-sur-les-conges-payes-et-les-rtt\/#primaryimage\"},\"thumbnailUrl\":\"https:\/\/www.gereso.com\/actualites\/wp-content\/uploads\/2014\/01\/conges-payes-et-rtt-1.jpg\",\"datePublished\":\"2014-03-10T06:34:18+00:00\",\"dateModified\":\"2014-03-10T06:34:18+00:00\",\"author\":{\"@id\":\"https:\/\/www.gereso.com\/actualites\/#\/schema\/person\/197d8aef40cb4ae3f6a0aa9e1d3df2a6\"},\"breadcrumb\":{\"@id\":\"https:\/\/www.gereso.com\/actualites\/2014\/03\/10\/se-former-sur-les-conges-payes-et-les-rtt\/#breadcrumb\"},\"inLanguage\":\"fr-FR\",\"potentialAction\":[{\"@type\":\"ReadAction\",\"target\":[\"https:\/\/www.gereso.com\/actualites\/2014\/03\/10\/se-former-sur-les-conges-payes-et-les-rtt\/\"]}]},{\"@type\":\"ImageObject\",\"inLanguage\":\"fr-FR\",\"@id\":\"https:\/\/www.gereso.com\/actualites\/2014\/03\/10\/se-former-sur-les-conges-payes-et-les-rtt\/#primaryimage\",\"url\":\"https:\/\/www.gereso.com\/actualites\/wp-content\/uploads\/2014\/01\/conges-payes-et-rtt-1.jpg\",\"contentUrl\":\"https:\/\/www.gereso.com\/actualites\/wp-content\/uploads\/2014\/01\/conges-payes-et-rtt-1.jpg\",\"width\":520,\"height\":312,\"caption\":\"Formation professionnelle sur les cong\u00e9s pay\u00e9s et les RTT\"},{\"@type\":\"BreadcrumbList\",\"@id\":\"https:\/\/www.gereso.com\/actualites\/2014\/03\/10\/se-former-sur-les-conges-payes-et-les-rtt\/#breadcrumb\",\"itemListElement\":[{\"@type\":\"ListItem\",\"position\":1,\"name\":\"Home\",\"item\":\"https:\/\/www.gereso.com\/actualites\/\"},{\"@type\":\"ListItem\",\"position\":2,\"name\":\"Se former sur les cong\u00e9s pay\u00e9s et les RTT\"}]},{\"@type\":\"WebSite\",\"@id\":\"https:\/\/www.gereso.com\/actualites\/#website\",\"url\":\"https:\/\/www.gereso.com\/actualites\/\",\"name\":\"Le Blog GERESO\",\"description\":\"Toute l&#039;actu RH, Finance, Fonction Publique, Management...\",\"potentialAction\":[{\"@type\":\"SearchAction\",\"target\":{\"@type\":\"EntryPoint\",\"urlTemplate\":\"https:\/\/www.gereso.com\/actualites\/?s={search_term_string}\"},\"query-input\":{\"@type\":\"PropertyValueSpecification\",\"valueRequired\":true,\"valueName\":\"search_term_string\"}}],\"inLanguage\":\"fr-FR\"},{\"@type\":\"Person\",\"@id\":\"https:\/\/www.gereso.com\/actualites\/#\/schema\/person\/197d8aef40cb4ae3f6a0aa9e1d3df2a6\",\"name\":\"\u00c9quipe GERESO\",\"image\":{\"@type\":\"ImageObject\",\"inLanguage\":\"fr-FR\",\"@id\":\"https:\/\/www.gereso.com\/actualites\/#\/schema\/person\/image\/\",\"url\":\"https:\/\/www.gereso.com\/actualites\/wp-content\/uploads\/2013\/12\/avatar-gereso-1.png\",\"contentUrl\":\"https:\/\/www.gereso.com\/actualites\/wp-content\/uploads\/2013\/12\/avatar-gereso-1.png\",\"caption\":\"\u00c9quipe GERESO\"},\"url\":\"https:\/\/www.gereso.com\/actualites\/author\/gereso\/\"}]}<\/script>\n<!-- \/ Yoast SEO plugin. -->","yoast_head_json":{"title":"Se former sur les cong\u00e9s pay\u00e9s et les RTT - Le Blog GERESO","robots":{"index":"index","follow":"follow","max-snippet":"max-snippet:-1","max-image-preview":"max-image-preview:large","max-video-preview":"max-video-preview:-1"},"canonical":"https:\/\/www.gereso.com\/actualites\/2014\/03\/10\/se-former-sur-les-conges-payes-et-les-rtt\/","og_locale":"fr_FR","og_type":"article","og_title":"Se former sur les cong\u00e9s pay\u00e9s et les RTT - Le Blog GERESO","og_description":"GERESO propose une formation en\u00a0 administration du personnel sur la th\u00e9matique des cong\u00e9s pay\u00e9s et des RTT. En effet, la r\u00e9glementation des cong\u00e9s est complexe et en constante \u00e9volution\u00a0: il est donc indispensable de mettre \u00e0 jour ses connaissances sur le sujet. A qui s\u2019adresse cette formation\u00a0? Cette formation s\u2019adresse aux responsables et collaborateurs des [&hellip;]","og_url":"https:\/\/www.gereso.com\/actualites\/2014\/03\/10\/se-former-sur-les-conges-payes-et-les-rtt\/","og_site_name":"Le Blog GERESO","article_published_time":"2014-03-10T06:34:18+00:00","og_image":[{"width":520,"height":312,"url":"https:\/\/www.gereso.com\/actualites\/wp-content\/uploads\/2014\/01\/conges-payes-et-rtt-1.jpg","type":"image\/jpeg"}],"author":"\u00c9quipe GERESO","twitter_card":"summary_large_image","schema":{"@context":"https:\/\/schema.org","@graph":[{"@type":"WebPage","@id":"https:\/\/www.gereso.com\/actualites\/2014\/03\/10\/se-former-sur-les-conges-payes-et-les-rtt\/","url":"https:\/\/www.gereso.com\/actualites\/2014\/03\/10\/se-former-sur-les-conges-payes-et-les-rtt\/","name":"Se former sur les cong\u00e9s pay\u00e9s et les RTT - Le Blog GERESO","isPartOf":{"@id":"https:\/\/www.gereso.com\/actualites\/#website"},"primaryImageOfPage":{"@id":"https:\/\/www.gereso.com\/actualites\/2014\/03\/10\/se-former-sur-les-conges-payes-et-les-rtt\/#primaryimage"},"image":{"@id":"https:\/\/www.gereso.com\/actualites\/2014\/03\/10\/se-former-sur-les-conges-payes-et-les-rtt\/#primaryimage"},"thumbnailUrl":"https:\/\/www.gereso.com\/actualites\/wp-content\/uploads\/2014\/01\/conges-payes-et-rtt-1.jpg","datePublished":"2014-03-10T06:34:18+00:00","dateModified":"2014-03-10T06:34:18+00:00","author":{"@id":"https:\/\/www.gereso.com\/actualites\/#\/schema\/person\/197d8aef40cb4ae3f6a0aa9e1d3df2a6"},"breadcrumb":{"@id":"https:\/\/www.gereso.com\/actualites\/2014\/03\/10\/se-former-sur-les-conges-payes-et-les-rtt\/#breadcrumb"},"inLanguage":"fr-FR","potentialAction":[{"@type":"ReadAction","target":["https:\/\/www.gereso.com\/actualites\/2014\/03\/10\/se-former-sur-les-conges-payes-et-les-rtt\/"]}]},{"@type":"ImageObject","inLanguage":"fr-FR","@id":"https:\/\/www.gereso.com\/actualites\/2014\/03\/10\/se-former-sur-les-conges-payes-et-les-rtt\/#primaryimage","url":"https:\/\/www.gereso.com\/actualites\/wp-content\/uploads\/2014\/01\/conges-payes-et-rtt-1.jpg","contentUrl":"https:\/\/www.gereso.com\/actualites\/wp-content\/uploads\/2014\/01\/conges-payes-et-rtt-1.jpg","width":520,"height":312,"caption":"Formation professionnelle sur les cong\u00e9s pay\u00e9s et les RTT"},{"@type":"BreadcrumbList","@id":"https:\/\/www.gereso.com\/actualites\/2014\/03\/10\/se-former-sur-les-conges-payes-et-les-rtt\/#breadcrumb","itemListElement":[{"@type":"ListItem","position":1,"name":"Home","item":"https:\/\/www.gereso.com\/actualites\/"},{"@type":"ListItem","position":2,"name":"Se former sur les cong\u00e9s pay\u00e9s et les RTT"}]},{"@type":"WebSite","@id":"https:\/\/www.gereso.com\/actualites\/#website","url":"https:\/\/www.gereso.com\/actualites\/","name":"Le Blog GERESO","description":"Toute l&#039;actu RH, Finance, Fonction Publique, Management...","potentialAction":[{"@type":"SearchAction","target":{"@type":"EntryPoint","urlTemplate":"https:\/\/www.gereso.com\/actualites\/?s={search_term_string}"},"query-input":{"@type":"PropertyValueSpecification","valueRequired":true,"valueName":"search_term_string"}}],"inLanguage":"fr-FR"},{"@type":"Person","@id":"https:\/\/www.gereso.com\/actualites\/#\/schema\/person\/197d8aef40cb4ae3f6a0aa9e1d3df2a6","name":"\u00c9quipe GERESO","image":{"@type":"ImageObject","inLanguage":"fr-FR","@id":"https:\/\/www.gereso.com\/actualites\/#\/schema\/person\/image\/","url":"https:\/\/www.gereso.com\/actualites\/wp-content\/uploads\/2013\/12\/avatar-gereso-1.png","contentUrl":"https:\/\/www.gereso.com\/actualites\/wp-content\/uploads\/2013\/12\/avatar-gereso-1.png","caption":"\u00c9quipe GERESO"},"url":"https:\/\/www.gereso.com\/actualites\/author\/gereso\/"}]}},"_links":{"self":[{"href":"https:\/\/www.gereso.com\/actualites\/wp-json\/wp\/v2\/posts\/2388","targetHints":{"allow":["GET"]}}],"collection":[{"href":"https:\/\/www.gereso.com\/actualites\/wp-json\/wp\/v2\/posts"}],"about":[{"href":"https:\/\/www.gereso.com\/actualites\/wp-json\/wp\/v2\/types\/post"}],"author":[{"embeddable":true,"href":"https:\/\/www.gereso.com\/actualites\/wp-json\/wp\/v2\/users\/32"}],"replies":[{"embeddable":true,"href":"https:\/\/www.gereso.com\/actualites\/wp-json\/wp\/v2\/comments?post=2388"}],"version-history":[{"count":0,"href":"https:\/\/www.gereso.com\/actualites\/wp-json\/wp\/v2\/posts\/2388\/revisions"}],"wp:featuredmedia":[{"embeddable":true,"href":"https:\/\/www.gereso.com\/actualites\/wp-json\/wp\/v2\/media\/2478"}],"wp:attachment":[{"href":"https:\/\/www.gereso.com\/actualites\/wp-json\/wp\/v2\/media?parent=2388"}],"wp:term":[{"taxonomy":"category","embeddable":true,"href":"https:\/\/www.gereso.com\/actualites\/wp-json\/wp\/v2\/categories?post=2388"},{"taxonomy":"post_tag","embeddable":true,"href":"https:\/\/www.gereso.com\/actualites\/wp-json\/wp\/v2\/tags?post=2388"}],"curies":[{"name":"wp","href":"https:\/\/api.w.org\/{rel}","templated":true}]}}