{"id":2398,"date":"2014-03-17T14:45:16","date_gmt":"2014-03-17T12:45:16","guid":{"rendered":"https:\/\/www.gereso.com\/actualites\/?p=2398"},"modified":"2014-03-17T14:45:16","modified_gmt":"2014-03-17T12:45:16","slug":"comprendre-les-regimes-complementaires","status":"publish","type":"post","link":"https:\/\/www.gereso.com\/actualites\/2014\/03\/17\/comprendre-les-regimes-complementaires\/","title":{"rendered":"Comprendre les r\u00e9gimes compl\u00e9mentaires"},"content":{"rendered":"<p><span style=\"font-size: medium;\"><i>GERESO propose de nombreuses formations sur la retraite. En effet, il s\u2019agit d\u2019un sujet complexe qui \u00e9volue constamment\u00a0: il est donc important de poss\u00e9der des connaissances \u00e0 jour sur les sujets les plus sp\u00e9cifiques. Nous vous invitons \u00e0 d\u00e9couvrir notre <a title=\"formation r\u00e9gimes compl\u00e9mentaires\" href=\"http:\/\/www.gereso.com\/formations\/retraite-et-protection-sociale\/formation-retraite-les-regimes-complementaires\" target=\"_blank\">formation sur les r\u00e9gimes compl\u00e9mentaires<\/a>.<\/i><\/span><\/p>\n<figure id=\"attachment_2484\" aria-describedby=\"caption-attachment-2484\" style=\"width: 520px\" class=\"wp-caption aligncenter\"><img fetchpriority=\"high\" decoding=\"async\" class=\"size-full wp-image-2484\" alt=\"regime complementaire\" src=\"https:\/\/www.gereso.com\/actualites\/wp-content\/uploads\/2014\/01\/regime-complementaire-1.jpg\" width=\"520\" height=\"200\" srcset=\"https:\/\/www.gereso.com\/actualites\/wp-content\/uploads\/2014\/01\/regime-complementaire-1.jpg 520w, https:\/\/www.gereso.com\/actualites\/wp-content\/uploads\/2014\/01\/regime-complementaire-1-300x115.jpg 300w\" sizes=\"(max-width: 520px) 100vw, 520px\" \/><figcaption id=\"caption-attachment-2484\" class=\"wp-caption-text\">Formation inter-entreprise sur les r\u00e9gimes compl\u00e9mentaires<\/figcaption><\/figure>\n<h2><b>A quel public s\u2019adresse cette formation retraite\u00a0?<\/b><\/h2>\n<p>Cette <strong>formation sur les r\u00e9gimes compl\u00e9mentaires<\/strong> s\u2019adresse aux responsables et aux employ\u00e9s des services suivants\u00a0: ressources humaines, administration du personnel et paie. Les employ\u00e9s charg\u00e9s de la gestion de la retraite et de la pr\u00e9voyance en entreprise ainsi que les responsables des avantages sociaux sont aussi les publics cibles de cette formation organis\u00e9e par GERESO.<\/p>\n<h2><b>Quel est l\u2019objectif de ce programme\u00a0?<\/b><\/h2>\n<p>L\u2019objectif principal de cette formation de 2 jours est de vous permettre d\u2019estimer le montant global d\u2019une pension de retraite compl\u00e9mentaire. Pour cela, vous allez apprendre \u00e0 utiliser les diff\u00e9rentes modalit\u00e9s de calcul, de validation et de liquidation des pensions pour les r\u00e9gimes de retraite compl\u00e9mentaire.<\/p>\n<p>Comme le sujet de la <strong>retraite<\/strong> est complexe \u00e0 comprendre, nos consultants misent sur l\u2019aspect pratique de la formation. En effet, de nombreux cas pratiques vous seront expliqu\u00e9s pendant ces deux jours. Des QCM vous seront aussi propos\u00e9s pour valider vos connaissances dans ce domaine.<\/p>\n<p>Bien \u00e9videmment, cette formation est un tr\u00e8s bon compl\u00e9ment au programme concernant le r\u00e9gime de base de retraite.<\/p>\n","protected":false},"excerpt":{"rendered":"<p>GERESO propose de nombreuses formations sur la retraite. En effet, il s\u2019agit d\u2019un sujet complexe qui \u00e9volue constamment\u00a0: il est donc important de poss\u00e9der des connaissances \u00e0 jour sur les sujets les plus sp\u00e9cifiques. Nous vous invitons \u00e0 d\u00e9couvrir notre formation sur les r\u00e9gimes compl\u00e9mentaires. A quel public s\u2019adresse cette formation retraite\u00a0? Cette formation sur [&hellip;]<\/p>\n","protected":false},"author":32,"featured_media":2484,"comment_status":"open","ping_status":"open","sticky":false,"template":"","format":"standard","meta":{"_acf_changed":false,"_mi_skip_tracking":false,"footnotes":""},"categories":[4],"tags":[126,127,340,302],"class_list":["post-2398","post","type-post","status-publish","format-standard","has-post-thumbnail","hentry","category-retraite-et-protection-sociale","tag-agirc","tag-arrco","tag-formation-regimes-complementaires","tag-formation-retraite"],"acf":[],"yoast_head":"<!-- This site is optimized with the Yoast SEO plugin v23.4 - https:\/\/yoast.com\/wordpress\/plugins\/seo\/ -->\n<title>Comprendre les r\u00e9gimes compl\u00e9mentaires - Le Blog GERESO<\/title>\n<meta name=\"robots\" content=\"index, follow, max-snippet:-1, max-image-preview:large, max-video-preview:-1\" \/>\n<link rel=\"canonical\" href=\"https:\/\/www.gereso.com\/actualites\/2014\/03\/17\/comprendre-les-regimes-complementaires\/\" \/>\n<meta property=\"og:locale\" content=\"fr_FR\" \/>\n<meta property=\"og:type\" content=\"article\" \/>\n<meta property=\"og:title\" content=\"Comprendre les r\u00e9gimes compl\u00e9mentaires - Le Blog GERESO\" \/>\n<meta property=\"og:description\" content=\"GERESO propose de nombreuses formations sur la retraite. En effet, il s\u2019agit d\u2019un sujet complexe qui \u00e9volue constamment\u00a0: il est donc important de poss\u00e9der des connaissances \u00e0 jour sur les sujets les plus sp\u00e9cifiques. Nous vous invitons \u00e0 d\u00e9couvrir notre formation sur les r\u00e9gimes compl\u00e9mentaires. A quel public s\u2019adresse cette formation retraite\u00a0? Cette formation sur [&hellip;]\" \/>\n<meta property=\"og:url\" content=\"https:\/\/www.gereso.com\/actualites\/2014\/03\/17\/comprendre-les-regimes-complementaires\/\" \/>\n<meta property=\"og:site_name\" content=\"Le Blog GERESO\" \/>\n<meta property=\"article:published_time\" content=\"2014-03-17T12:45:16+00:00\" \/>\n<meta property=\"og:image\" content=\"https:\/\/www.gereso.com\/actualites\/wp-content\/uploads\/2014\/01\/regime-complementaire-1.jpg\" \/>\n\t<meta property=\"og:image:width\" content=\"520\" \/>\n\t<meta property=\"og:image:height\" content=\"200\" \/>\n\t<meta property=\"og:image:type\" content=\"image\/jpeg\" \/>\n<meta name=\"author\" content=\"\u00c9quipe GERESO\" \/>\n<meta name=\"twitter:card\" content=\"summary_large_image\" \/>\n<script type=\"application\/ld+json\" class=\"yoast-schema-graph\">{\"@context\":\"https:\/\/schema.org\",\"@graph\":[{\"@type\":\"WebPage\",\"@id\":\"https:\/\/www.gereso.com\/actualites\/2014\/03\/17\/comprendre-les-regimes-complementaires\/\",\"url\":\"https:\/\/www.gereso.com\/actualites\/2014\/03\/17\/comprendre-les-regimes-complementaires\/\",\"name\":\"Comprendre les r\u00e9gimes compl\u00e9mentaires - Le Blog GERESO\",\"isPartOf\":{\"@id\":\"https:\/\/www.gereso.com\/actualites\/#website\"},\"primaryImageOfPage\":{\"@id\":\"https:\/\/www.gereso.com\/actualites\/2014\/03\/17\/comprendre-les-regimes-complementaires\/#primaryimage\"},\"image\":{\"@id\":\"https:\/\/www.gereso.com\/actualites\/2014\/03\/17\/comprendre-les-regimes-complementaires\/#primaryimage\"},\"thumbnailUrl\":\"https:\/\/www.gereso.com\/actualites\/wp-content\/uploads\/2014\/01\/regime-complementaire-1.jpg\",\"datePublished\":\"2014-03-17T12:45:16+00:00\",\"dateModified\":\"2014-03-17T12:45:16+00:00\",\"author\":{\"@id\":\"https:\/\/www.gereso.com\/actualites\/#\/schema\/person\/197d8aef40cb4ae3f6a0aa9e1d3df2a6\"},\"breadcrumb\":{\"@id\":\"https:\/\/www.gereso.com\/actualites\/2014\/03\/17\/comprendre-les-regimes-complementaires\/#breadcrumb\"},\"inLanguage\":\"fr-FR\",\"potentialAction\":[{\"@type\":\"ReadAction\",\"target\":[\"https:\/\/www.gereso.com\/actualites\/2014\/03\/17\/comprendre-les-regimes-complementaires\/\"]}]},{\"@type\":\"ImageObject\",\"inLanguage\":\"fr-FR\",\"@id\":\"https:\/\/www.gereso.com\/actualites\/2014\/03\/17\/comprendre-les-regimes-complementaires\/#primaryimage\",\"url\":\"https:\/\/www.gereso.com\/actualites\/wp-content\/uploads\/2014\/01\/regime-complementaire-1.jpg\",\"contentUrl\":\"https:\/\/www.gereso.com\/actualites\/wp-content\/uploads\/2014\/01\/regime-complementaire-1.jpg\",\"width\":520,\"height\":200},{\"@type\":\"BreadcrumbList\",\"@id\":\"https:\/\/www.gereso.com\/actualites\/2014\/03\/17\/comprendre-les-regimes-complementaires\/#breadcrumb\",\"itemListElement\":[{\"@type\":\"ListItem\",\"position\":1,\"name\":\"Home\",\"item\":\"https:\/\/www.gereso.com\/actualites\/\"},{\"@type\":\"ListItem\",\"position\":2,\"name\":\"Comprendre les r\u00e9gimes compl\u00e9mentaires\"}]},{\"@type\":\"WebSite\",\"@id\":\"https:\/\/www.gereso.com\/actualites\/#website\",\"url\":\"https:\/\/www.gereso.com\/actualites\/\",\"name\":\"Le Blog GERESO\",\"description\":\"Toute l&#039;actu RH, Finance, Fonction Publique, Management...\",\"potentialAction\":[{\"@type\":\"SearchAction\",\"target\":{\"@type\":\"EntryPoint\",\"urlTemplate\":\"https:\/\/www.gereso.com\/actualites\/?s={search_term_string}\"},\"query-input\":{\"@type\":\"PropertyValueSpecification\",\"valueRequired\":true,\"valueName\":\"search_term_string\"}}],\"inLanguage\":\"fr-FR\"},{\"@type\":\"Person\",\"@id\":\"https:\/\/www.gereso.com\/actualites\/#\/schema\/person\/197d8aef40cb4ae3f6a0aa9e1d3df2a6\",\"name\":\"\u00c9quipe GERESO\",\"image\":{\"@type\":\"ImageObject\",\"inLanguage\":\"fr-FR\",\"@id\":\"https:\/\/www.gereso.com\/actualites\/#\/schema\/person\/image\/\",\"url\":\"https:\/\/www.gereso.com\/actualites\/wp-content\/uploads\/2013\/12\/avatar-gereso-1.png\",\"contentUrl\":\"https:\/\/www.gereso.com\/actualites\/wp-content\/uploads\/2013\/12\/avatar-gereso-1.png\",\"caption\":\"\u00c9quipe GERESO\"},\"url\":\"https:\/\/www.gereso.com\/actualites\/author\/gereso\/\"}]}<\/script>\n<!-- \/ Yoast SEO plugin. -->","yoast_head_json":{"title":"Comprendre les r\u00e9gimes compl\u00e9mentaires - Le Blog GERESO","robots":{"index":"index","follow":"follow","max-snippet":"max-snippet:-1","max-image-preview":"max-image-preview:large","max-video-preview":"max-video-preview:-1"},"canonical":"https:\/\/www.gereso.com\/actualites\/2014\/03\/17\/comprendre-les-regimes-complementaires\/","og_locale":"fr_FR","og_type":"article","og_title":"Comprendre les r\u00e9gimes compl\u00e9mentaires - Le Blog GERESO","og_description":"GERESO propose de nombreuses formations sur la retraite. En effet, il s\u2019agit d\u2019un sujet complexe qui \u00e9volue constamment\u00a0: il est donc important de poss\u00e9der des connaissances \u00e0 jour sur les sujets les plus sp\u00e9cifiques. Nous vous invitons \u00e0 d\u00e9couvrir notre formation sur les r\u00e9gimes compl\u00e9mentaires. A quel public s\u2019adresse cette formation retraite\u00a0? Cette formation sur [&hellip;]","og_url":"https:\/\/www.gereso.com\/actualites\/2014\/03\/17\/comprendre-les-regimes-complementaires\/","og_site_name":"Le Blog GERESO","article_published_time":"2014-03-17T12:45:16+00:00","og_image":[{"width":520,"height":200,"url":"https:\/\/www.gereso.com\/actualites\/wp-content\/uploads\/2014\/01\/regime-complementaire-1.jpg","type":"image\/jpeg"}],"author":"\u00c9quipe GERESO","twitter_card":"summary_large_image","schema":{"@context":"https:\/\/schema.org","@graph":[{"@type":"WebPage","@id":"https:\/\/www.gereso.com\/actualites\/2014\/03\/17\/comprendre-les-regimes-complementaires\/","url":"https:\/\/www.gereso.com\/actualites\/2014\/03\/17\/comprendre-les-regimes-complementaires\/","name":"Comprendre les r\u00e9gimes compl\u00e9mentaires - Le Blog GERESO","isPartOf":{"@id":"https:\/\/www.gereso.com\/actualites\/#website"},"primaryImageOfPage":{"@id":"https:\/\/www.gereso.com\/actualites\/2014\/03\/17\/comprendre-les-regimes-complementaires\/#primaryimage"},"image":{"@id":"https:\/\/www.gereso.com\/actualites\/2014\/03\/17\/comprendre-les-regimes-complementaires\/#primaryimage"},"thumbnailUrl":"https:\/\/www.gereso.com\/actualites\/wp-content\/uploads\/2014\/01\/regime-complementaire-1.jpg","datePublished":"2014-03-17T12:45:16+00:00","dateModified":"2014-03-17T12:45:16+00:00","author":{"@id":"https:\/\/www.gereso.com\/actualites\/#\/schema\/person\/197d8aef40cb4ae3f6a0aa9e1d3df2a6"},"breadcrumb":{"@id":"https:\/\/www.gereso.com\/actualites\/2014\/03\/17\/comprendre-les-regimes-complementaires\/#breadcrumb"},"inLanguage":"fr-FR","potentialAction":[{"@type":"ReadAction","target":["https:\/\/www.gereso.com\/actualites\/2014\/03\/17\/comprendre-les-regimes-complementaires\/"]}]},{"@type":"ImageObject","inLanguage":"fr-FR","@id":"https:\/\/www.gereso.com\/actualites\/2014\/03\/17\/comprendre-les-regimes-complementaires\/#primaryimage","url":"https:\/\/www.gereso.com\/actualites\/wp-content\/uploads\/2014\/01\/regime-complementaire-1.jpg","contentUrl":"https:\/\/www.gereso.com\/actualites\/wp-content\/uploads\/2014\/01\/regime-complementaire-1.jpg","width":520,"height":200},{"@type":"BreadcrumbList","@id":"https:\/\/www.gereso.com\/actualites\/2014\/03\/17\/comprendre-les-regimes-complementaires\/#breadcrumb","itemListElement":[{"@type":"ListItem","position":1,"name":"Home","item":"https:\/\/www.gereso.com\/actualites\/"},{"@type":"ListItem","position":2,"name":"Comprendre les r\u00e9gimes compl\u00e9mentaires"}]},{"@type":"WebSite","@id":"https:\/\/www.gereso.com\/actualites\/#website","url":"https:\/\/www.gereso.com\/actualites\/","name":"Le Blog GERESO","description":"Toute l&#039;actu RH, Finance, Fonction Publique, Management...","potentialAction":[{"@type":"SearchAction","target":{"@type":"EntryPoint","urlTemplate":"https:\/\/www.gereso.com\/actualites\/?s={search_term_string}"},"query-input":{"@type":"PropertyValueSpecification","valueRequired":true,"valueName":"search_term_string"}}],"inLanguage":"fr-FR"},{"@type":"Person","@id":"https:\/\/www.gereso.com\/actualites\/#\/schema\/person\/197d8aef40cb4ae3f6a0aa9e1d3df2a6","name":"\u00c9quipe GERESO","image":{"@type":"ImageObject","inLanguage":"fr-FR","@id":"https:\/\/www.gereso.com\/actualites\/#\/schema\/person\/image\/","url":"https:\/\/www.gereso.com\/actualites\/wp-content\/uploads\/2013\/12\/avatar-gereso-1.png","contentUrl":"https:\/\/www.gereso.com\/actualites\/wp-content\/uploads\/2013\/12\/avatar-gereso-1.png","caption":"\u00c9quipe GERESO"},"url":"https:\/\/www.gereso.com\/actualites\/author\/gereso\/"}]}},"_links":{"self":[{"href":"https:\/\/www.gereso.com\/actualites\/wp-json\/wp\/v2\/posts\/2398","targetHints":{"allow":["GET"]}}],"collection":[{"href":"https:\/\/www.gereso.com\/actualites\/wp-json\/wp\/v2\/posts"}],"about":[{"href":"https:\/\/www.gereso.com\/actualites\/wp-json\/wp\/v2\/types\/post"}],"author":[{"embeddable":true,"href":"https:\/\/www.gereso.com\/actualites\/wp-json\/wp\/v2\/users\/32"}],"replies":[{"embeddable":true,"href":"https:\/\/www.gereso.com\/actualites\/wp-json\/wp\/v2\/comments?post=2398"}],"version-history":[{"count":0,"href":"https:\/\/www.gereso.com\/actualites\/wp-json\/wp\/v2\/posts\/2398\/revisions"}],"wp:featuredmedia":[{"embeddable":true,"href":"https:\/\/www.gereso.com\/actualites\/wp-json\/wp\/v2\/media\/2484"}],"wp:attachment":[{"href":"https:\/\/www.gereso.com\/actualites\/wp-json\/wp\/v2\/media?parent=2398"}],"wp:term":[{"taxonomy":"category","embeddable":true,"href":"https:\/\/www.gereso.com\/actualites\/wp-json\/wp\/v2\/categories?post=2398"},{"taxonomy":"post_tag","embeddable":true,"href":"https:\/\/www.gereso.com\/actualites\/wp-json\/wp\/v2\/tags?post=2398"}],"curies":[{"name":"wp","href":"https:\/\/api.w.org\/{rel}","templated":true}]}}