{"id":24879,"date":"2022-01-04T06:00:00","date_gmt":"2022-01-04T04:00:00","guid":{"rendered":"https:\/\/www.gereso.com\/actualites\/?p=24879"},"modified":"2021-12-29T16:00:50","modified_gmt":"2021-12-29T14:00:50","slug":"1er-semestre-2022-taux-dinteret-legal","status":"publish","type":"post","link":"https:\/\/www.gereso.com\/actualites\/2022\/01\/04\/1er-semestre-2022-taux-dinteret-legal\/","title":{"rendered":"1er semestre 2022 : taux d\u2019int\u00e9r\u00eat l\u00e9gal"},"content":{"rendered":"\n<p>L\u2019arr\u00eat\u00e9 du 26 d\u00e9cembre 2021 a fix\u00e9 les taux d\u2019int\u00e9r\u00eat l\u00e9gaux applicables pour le premier semestre 2022. Ces taux sont de 0,76% pour les professionnels et de 3,13% pour les particuliers.<\/p>\n<h2><strong>L\u2019usage du taux d\u2019int\u00e9r\u00eat l\u00e9gal<\/strong><\/h2>\n<p>Le <strong>taux d\u2019int\u00e9r\u00eat l\u00e9gal<\/strong> a plusieurs usages. Il sert notamment \u00e0 d\u00e9terminer le <strong>taux de p\u00e9nalit\u00e9 de retard minimum<\/strong> dans les relations entre professionnels. Ce taux de p\u00e9nalit\u00e9 de retard, obligatoirement pr\u00e9sent sur les factures entre professionnels est fix\u00e9 par la LME (loi de modernisation de l\u2019\u00e9conomie) \u00e0 <strong>3 fois le taux d\u2019int\u00e9r\u00eat l\u00e9gal<\/strong>.<\/p>\n<p>L\u2019arr\u00eat\u00e9 fixe pour le 1<sup>er<\/sup> semestre 2022 le taux de l\u2019int\u00e9r\u00eat l\u00e9gal \u00e0 0,76% pour les relations entre professionnels, comme pour le second semestre 2021. Ainsi, le taux minimum des p\u00e9nalit\u00e9s de retard s\u2019\u00e9l\u00e8ve \u00e0 nouveau \u00e0 <strong>2,28%<\/strong> (3 fois 0,76%). Un retard de paiement autorise le cr\u00e9ancier \u00e0 facturer ces p\u00e9nalit\u00e9s ainsi qu\u2019une indemnit\u00e9 forfaitaire de 40 \u20ac.<\/p>\n<h2><strong>2 taux semestriels<\/strong><\/h2>\n<p>Les modalit\u00e9s de d\u00e9termination du taux d\u2019int\u00e9r\u00eat l\u00e9gal ont \u00e9t\u00e9 profond\u00e9ment modifi\u00e9es au 1<sup>er<\/sup> janvier 2015. D\u00e9sormais, le taux d\u2019int\u00e9r\u00eat l\u00e9gal est publi\u00e9 chaque semestre en distinguant le taux applicable aux particuliers et aux professionnels. Jusqu\u2019en 2014, un taux unique annuel \u00e9tait publi\u00e9. L\u2019ancienne formule l\u00e9gale posait des difficult\u00e9s \u00e9conomiques, car elle conduisait \u00e0 la fixation de taux presque nuls (0,04% en 2013 et 2014).<\/p>\n<p>Le d\u00e9cret du 2 octobre 2014 a instaur\u00e9 2 nouvelles formules de calcul bas\u00e9es sur le taux de refinancement de la <strong>BCE<\/strong> (banque centrale europ\u00e9enne), mais \u00e9galement\u00a0:<\/p>\n<ul>\n<li>du taux moyen de cr\u00e9dit \u00e0 moins d\u2019un an accord\u00e9 aux soci\u00e9t\u00e9s non financi\u00e8res pour le taux li\u00e9 aux <strong>cr\u00e9ances dues aux professionnels<\/strong><\/li>\n<li>du taux moyen de cr\u00e9dit \u00e0 moins d\u2019un an pour les pr\u00eats \u00e0 la consommation pour le taux li\u00e9 aux <strong>autres cr\u00e9ances<\/strong>.<\/li>\n<\/ul>\n<h2><strong>Stabilit\u00e9 des taux<\/strong><\/h2>\n<p>Les taux d\u2019int\u00e9r\u00eat l\u00e9gaux pour le premier semestre 2022 ont \u00e9t\u00e9 publi\u00e9s par arr\u00eat\u00e9 publi\u00e9 au <a href=\"https:\/\/www.legifrance.gouv.fr\/jorf\/id\/JORFTEXT000044571483\">journal officiel le 28 d\u00e9cembre 2021<\/a>.<\/p>\n<p>Leur niveau est stable pour les professionnels et en l\u00e9g\u00e8re hausse pour les particuliers par rapport au second semestre 2021\u00a0:<\/p>\n<ul>\n<li>pour les <strong>professionnels<\/strong>, ce taux est de <strong>0,76%<\/strong><\/li>\n<li>pour les <strong>cr\u00e9ances des personnes physiques n\u2019agissant pas pour des besoins professionnels<\/strong>\u00a0: ce taux est de <strong>3,13%<\/strong> contre 3,12% au titre du second semestre 2021.<\/li>\n<\/ul>\n","protected":false},"excerpt":{"rendered":"<p>L\u2019arr\u00eat\u00e9 du 26 d\u00e9cembre 2021 a fix\u00e9 les taux d\u2019int\u00e9r\u00eat l\u00e9gaux applicables pour le premier semestre 2022. Ces taux sont de 0,76% pour les professionnels et de 3,13% pour les particuliers. L\u2019usage du taux d\u2019int\u00e9r\u00eat l\u00e9gal Le taux d\u2019int\u00e9r\u00eat l\u00e9gal a plusieurs usages. Il sert notamment \u00e0 d\u00e9terminer le taux de p\u00e9nalit\u00e9 de retard minimum [&hellip;]<\/p>\n","protected":false},"author":45,"featured_media":0,"comment_status":"open","ping_status":"open","sticky":false,"template":"","format":"quote","meta":{"_acf_changed":false,"_mi_skip_tracking":false,"footnotes":""},"categories":[12,3],"tags":[1167],"class_list":["post-24879","post","type-post","status-publish","format-quote","hentry","category-actualites","category-comptabilite-fiscalite-et-gestion-financiere","tag-taux-dinteret-legal","post_format-post-format-quote"],"acf":[],"yoast_head":"<!-- This site is optimized with the Yoast SEO plugin v23.4 - https:\/\/yoast.com\/wordpress\/plugins\/seo\/ -->\n<title>1er semestre 2022 : taux d\u2019int\u00e9r\u00eat l\u00e9gal - Le Blog GERESO<\/title>\n<meta name=\"robots\" content=\"index, follow, max-snippet:-1, max-image-preview:large, max-video-preview:-1\" \/>\n<link rel=\"canonical\" href=\"https:\/\/www.gereso.com\/actualites\/2022\/01\/04\/1er-semestre-2022-taux-dinteret-legal\/\" \/>\n<meta property=\"og:locale\" content=\"fr_FR\" \/>\n<meta property=\"og:type\" content=\"article\" \/>\n<meta property=\"og:title\" content=\"1er semestre 2022 : taux d\u2019int\u00e9r\u00eat l\u00e9gal - Le Blog GERESO\" \/>\n<meta property=\"og:description\" content=\"L\u2019arr\u00eat\u00e9 du 26 d\u00e9cembre 2021 a fix\u00e9 les taux d\u2019int\u00e9r\u00eat l\u00e9gaux applicables pour le premier semestre 2022. Ces taux sont de 0,76% pour les professionnels et de 3,13% pour les particuliers. L\u2019usage du taux d\u2019int\u00e9r\u00eat l\u00e9gal Le taux d\u2019int\u00e9r\u00eat l\u00e9gal a plusieurs usages. Il sert notamment \u00e0 d\u00e9terminer le taux de p\u00e9nalit\u00e9 de retard minimum [&hellip;]\" \/>\n<meta property=\"og:url\" content=\"https:\/\/www.gereso.com\/actualites\/2022\/01\/04\/1er-semestre-2022-taux-dinteret-legal\/\" \/>\n<meta property=\"og:site_name\" content=\"Le Blog GERESO\" \/>\n<meta property=\"article:published_time\" content=\"2022-01-04T04:00:00+00:00\" \/>\n<meta property=\"article:modified_time\" content=\"2021-12-29T14:00:50+00:00\" \/>\n<meta name=\"author\" content=\"Damien P\u00e9an\" \/>\n<meta name=\"twitter:card\" content=\"summary_large_image\" \/>\n<script type=\"application\/ld+json\" class=\"yoast-schema-graph\">{\"@context\":\"https:\/\/schema.org\",\"@graph\":[{\"@type\":\"WebPage\",\"@id\":\"https:\/\/www.gereso.com\/actualites\/2022\/01\/04\/1er-semestre-2022-taux-dinteret-legal\/\",\"url\":\"https:\/\/www.gereso.com\/actualites\/2022\/01\/04\/1er-semestre-2022-taux-dinteret-legal\/\",\"name\":\"1er semestre 2022 : taux d\u2019int\u00e9r\u00eat l\u00e9gal - Le Blog GERESO\",\"isPartOf\":{\"@id\":\"https:\/\/www.gereso.com\/actualites\/#website\"},\"datePublished\":\"2022-01-04T04:00:00+00:00\",\"dateModified\":\"2021-12-29T14:00:50+00:00\",\"author\":{\"@id\":\"https:\/\/www.gereso.com\/actualites\/#\/schema\/person\/c91814f92d627ed4715993fbbf7c7e8d\"},\"breadcrumb\":{\"@id\":\"https:\/\/www.gereso.com\/actualites\/2022\/01\/04\/1er-semestre-2022-taux-dinteret-legal\/#breadcrumb\"},\"inLanguage\":\"fr-FR\",\"potentialAction\":[{\"@type\":\"ReadAction\",\"target\":[\"https:\/\/www.gereso.com\/actualites\/2022\/01\/04\/1er-semestre-2022-taux-dinteret-legal\/\"]}]},{\"@type\":\"BreadcrumbList\",\"@id\":\"https:\/\/www.gereso.com\/actualites\/2022\/01\/04\/1er-semestre-2022-taux-dinteret-legal\/#breadcrumb\",\"itemListElement\":[{\"@type\":\"ListItem\",\"position\":1,\"name\":\"Home\",\"item\":\"https:\/\/www.gereso.com\/actualites\/\"},{\"@type\":\"ListItem\",\"position\":2,\"name\":\"1er semestre 2022 : taux d\u2019int\u00e9r\u00eat l\u00e9gal\"}]},{\"@type\":\"WebSite\",\"@id\":\"https:\/\/www.gereso.com\/actualites\/#website\",\"url\":\"https:\/\/www.gereso.com\/actualites\/\",\"name\":\"Le Blog GERESO\",\"description\":\"Toute l&#039;actu RH, Finance, Fonction Publique, Management...\",\"potentialAction\":[{\"@type\":\"SearchAction\",\"target\":{\"@type\":\"EntryPoint\",\"urlTemplate\":\"https:\/\/www.gereso.com\/actualites\/?s={search_term_string}\"},\"query-input\":{\"@type\":\"PropertyValueSpecification\",\"valueRequired\":true,\"valueName\":\"search_term_string\"}}],\"inLanguage\":\"fr-FR\"},{\"@type\":\"Person\",\"@id\":\"https:\/\/www.gereso.com\/actualites\/#\/schema\/person\/c91814f92d627ed4715993fbbf7c7e8d\",\"name\":\"Damien P\u00e9an\",\"image\":{\"@type\":\"ImageObject\",\"inLanguage\":\"fr-FR\",\"@id\":\"https:\/\/www.gereso.com\/actualites\/#\/schema\/person\/image\/\",\"url\":\"https:\/\/www.gereso.com\/actualites\/wp-content\/uploads\/2016\/03\/damien-pean.jpg\",\"contentUrl\":\"https:\/\/www.gereso.com\/actualites\/wp-content\/uploads\/2016\/03\/damien-pean.jpg\",\"caption\":\"Damien P\u00e9an\"},\"description\":\"Damien P\u00c9AN est titulaire du Dipl\u00f4me d'\u00e9tudes sup\u00e9rieures comptables et financi\u00e8res (DESCF). Il intervient depuis plusieurs ann\u00e9es aupr\u00e8s d'\u00e9tudiants en licence de comptabilit\u00e9 et de gestion, \u00e0 qui il enseigne le contr\u00f4le de gestion, la comptabilit\u00e9 approfondie, le management, la fiscalit\u00e9, le droit des soci\u00e9t\u00e9s et le droit du travail. Il intervient \u00e9galement en formation continue pour le compte de divers organismes de formation sur des th\u00e9matiques techniques en comptabilit\u00e9 et fiscalit\u00e9. Il forme aussi un public de non-initi\u00e9s aux fondamentaux de la finance.\",\"url\":\"https:\/\/www.gereso.com\/actualites\/author\/d-pean\/\"}]}<\/script>\n<!-- \/ Yoast SEO plugin. -->","yoast_head_json":{"title":"1er semestre 2022 : taux d\u2019int\u00e9r\u00eat l\u00e9gal - Le Blog GERESO","robots":{"index":"index","follow":"follow","max-snippet":"max-snippet:-1","max-image-preview":"max-image-preview:large","max-video-preview":"max-video-preview:-1"},"canonical":"https:\/\/www.gereso.com\/actualites\/2022\/01\/04\/1er-semestre-2022-taux-dinteret-legal\/","og_locale":"fr_FR","og_type":"article","og_title":"1er semestre 2022 : taux d\u2019int\u00e9r\u00eat l\u00e9gal - Le Blog GERESO","og_description":"L\u2019arr\u00eat\u00e9 du 26 d\u00e9cembre 2021 a fix\u00e9 les taux d\u2019int\u00e9r\u00eat l\u00e9gaux applicables pour le premier semestre 2022. Ces taux sont de 0,76% pour les professionnels et de 3,13% pour les particuliers. L\u2019usage du taux d\u2019int\u00e9r\u00eat l\u00e9gal Le taux d\u2019int\u00e9r\u00eat l\u00e9gal a plusieurs usages. Il sert notamment \u00e0 d\u00e9terminer le taux de p\u00e9nalit\u00e9 de retard minimum [&hellip;]","og_url":"https:\/\/www.gereso.com\/actualites\/2022\/01\/04\/1er-semestre-2022-taux-dinteret-legal\/","og_site_name":"Le Blog GERESO","article_published_time":"2022-01-04T04:00:00+00:00","article_modified_time":"2021-12-29T14:00:50+00:00","author":"Damien P\u00e9an","twitter_card":"summary_large_image","schema":{"@context":"https:\/\/schema.org","@graph":[{"@type":"WebPage","@id":"https:\/\/www.gereso.com\/actualites\/2022\/01\/04\/1er-semestre-2022-taux-dinteret-legal\/","url":"https:\/\/www.gereso.com\/actualites\/2022\/01\/04\/1er-semestre-2022-taux-dinteret-legal\/","name":"1er semestre 2022 : taux d\u2019int\u00e9r\u00eat l\u00e9gal - Le Blog GERESO","isPartOf":{"@id":"https:\/\/www.gereso.com\/actualites\/#website"},"datePublished":"2022-01-04T04:00:00+00:00","dateModified":"2021-12-29T14:00:50+00:00","author":{"@id":"https:\/\/www.gereso.com\/actualites\/#\/schema\/person\/c91814f92d627ed4715993fbbf7c7e8d"},"breadcrumb":{"@id":"https:\/\/www.gereso.com\/actualites\/2022\/01\/04\/1er-semestre-2022-taux-dinteret-legal\/#breadcrumb"},"inLanguage":"fr-FR","potentialAction":[{"@type":"ReadAction","target":["https:\/\/www.gereso.com\/actualites\/2022\/01\/04\/1er-semestre-2022-taux-dinteret-legal\/"]}]},{"@type":"BreadcrumbList","@id":"https:\/\/www.gereso.com\/actualites\/2022\/01\/04\/1er-semestre-2022-taux-dinteret-legal\/#breadcrumb","itemListElement":[{"@type":"ListItem","position":1,"name":"Home","item":"https:\/\/www.gereso.com\/actualites\/"},{"@type":"ListItem","position":2,"name":"1er semestre 2022 : taux d\u2019int\u00e9r\u00eat l\u00e9gal"}]},{"@type":"WebSite","@id":"https:\/\/www.gereso.com\/actualites\/#website","url":"https:\/\/www.gereso.com\/actualites\/","name":"Le Blog GERESO","description":"Toute l&#039;actu RH, Finance, Fonction Publique, Management...","potentialAction":[{"@type":"SearchAction","target":{"@type":"EntryPoint","urlTemplate":"https:\/\/www.gereso.com\/actualites\/?s={search_term_string}"},"query-input":{"@type":"PropertyValueSpecification","valueRequired":true,"valueName":"search_term_string"}}],"inLanguage":"fr-FR"},{"@type":"Person","@id":"https:\/\/www.gereso.com\/actualites\/#\/schema\/person\/c91814f92d627ed4715993fbbf7c7e8d","name":"Damien P\u00e9an","image":{"@type":"ImageObject","inLanguage":"fr-FR","@id":"https:\/\/www.gereso.com\/actualites\/#\/schema\/person\/image\/","url":"https:\/\/www.gereso.com\/actualites\/wp-content\/uploads\/2016\/03\/damien-pean.jpg","contentUrl":"https:\/\/www.gereso.com\/actualites\/wp-content\/uploads\/2016\/03\/damien-pean.jpg","caption":"Damien P\u00e9an"},"description":"Damien P\u00c9AN est titulaire du Dipl\u00f4me d'\u00e9tudes sup\u00e9rieures comptables et financi\u00e8res (DESCF). Il intervient depuis plusieurs ann\u00e9es aupr\u00e8s d'\u00e9tudiants en licence de comptabilit\u00e9 et de gestion, \u00e0 qui il enseigne le contr\u00f4le de gestion, la comptabilit\u00e9 approfondie, le management, la fiscalit\u00e9, le droit des soci\u00e9t\u00e9s et le droit du travail. Il intervient \u00e9galement en formation continue pour le compte de divers organismes de formation sur des th\u00e9matiques techniques en comptabilit\u00e9 et fiscalit\u00e9. Il forme aussi un public de non-initi\u00e9s aux fondamentaux de la finance.","url":"https:\/\/www.gereso.com\/actualites\/author\/d-pean\/"}]}},"_links":{"self":[{"href":"https:\/\/www.gereso.com\/actualites\/wp-json\/wp\/v2\/posts\/24879","targetHints":{"allow":["GET"]}}],"collection":[{"href":"https:\/\/www.gereso.com\/actualites\/wp-json\/wp\/v2\/posts"}],"about":[{"href":"https:\/\/www.gereso.com\/actualites\/wp-json\/wp\/v2\/types\/post"}],"author":[{"embeddable":true,"href":"https:\/\/www.gereso.com\/actualites\/wp-json\/wp\/v2\/users\/45"}],"replies":[{"embeddable":true,"href":"https:\/\/www.gereso.com\/actualites\/wp-json\/wp\/v2\/comments?post=24879"}],"version-history":[{"count":1,"href":"https:\/\/www.gereso.com\/actualites\/wp-json\/wp\/v2\/posts\/24879\/revisions"}],"predecessor-version":[{"id":24880,"href":"https:\/\/www.gereso.com\/actualites\/wp-json\/wp\/v2\/posts\/24879\/revisions\/24880"}],"wp:attachment":[{"href":"https:\/\/www.gereso.com\/actualites\/wp-json\/wp\/v2\/media?parent=24879"}],"wp:term":[{"taxonomy":"category","embeddable":true,"href":"https:\/\/www.gereso.com\/actualites\/wp-json\/wp\/v2\/categories?post=24879"},{"taxonomy":"post_tag","embeddable":true,"href":"https:\/\/www.gereso.com\/actualites\/wp-json\/wp\/v2\/tags?post=24879"}],"curies":[{"name":"wp","href":"https:\/\/api.w.org\/{rel}","templated":true}]}}