{"id":2494,"date":"2014-03-25T14:29:10","date_gmt":"2014-03-25T12:29:10","guid":{"rendered":"https:\/\/www.gereso.com\/actualites\/?p=2494"},"modified":"2014-03-25T14:29:10","modified_gmt":"2014-03-25T12:29:10","slug":"formation-blended-learning","status":"publish","type":"post","link":"https:\/\/www.gereso.com\/actualites\/2014\/03\/25\/formation-blended-learning\/","title":{"rendered":"Les formations GERESO en blended learning"},"content":{"rendered":"<p><span style=\"font-size: medium;\"><i>Connaissez-vous le <strong>blended learning<\/strong>\u00a0? De plus en plus d\u2019entreprises choisissent ce mode de fonctionnement pour la formation de leurs salari\u00e9s. En effet, le blended learning, aussi appel\u00e9 formation mixte, poss\u00e8de de nombreux atouts par rapport aux programmes traditionnels.<\/i><\/span><\/p>\n<figure id=\"attachment_2514\" aria-describedby=\"caption-attachment-2514\" style=\"width: 500px\" class=\"wp-caption aligncenter\"><img fetchpriority=\"high\" decoding=\"async\" class=\"size-full wp-image-2514\" alt=\"E-learning : les formations mixtes ou &quot;blended&quot;\" src=\"https:\/\/www.gereso.com\/actualites\/wp-content\/uploads\/2014\/02\/blended-learning-1.jpg\" width=\"500\" height=\"333\" srcset=\"https:\/\/www.gereso.com\/actualites\/wp-content\/uploads\/2014\/02\/blended-learning-1.jpg 500w, https:\/\/www.gereso.com\/actualites\/wp-content\/uploads\/2014\/02\/blended-learning-1-300x200.jpg 300w\" sizes=\"(max-width: 500px) 100vw, 500px\" \/><figcaption id=\"caption-attachment-2514\" class=\"wp-caption-text\">E-learning : les formations mixtes ou \u00ab\u00a0blended\u00a0\u00bb<\/figcaption><\/figure>\n<h2><b>Qu\u2019est-ce que le blended learning\u00a0?<\/b><\/h2>\n<p>Sous ce terme qui peut para\u00eetre compliqu\u00e9 au premier abord, se cache un concept qui combine la formation en pr\u00e9sentiel et en e-learning. Il poss\u00e8de de nombreux avantages\u00a0:<\/p>\n<ul>\n<li>Ce mode d\u2019apprentissage est plus efficace pour les salari\u00e9s. En effet, avant de se rendre au cours pr\u00e9sentiel, ils peuvent s\u2019informer sur les concepts cl\u00e9s, ce qui permet de mieux comprendre la s\u00e9ance. Lors de la s\u00e9ance en pr\u00e9sentiel, le formateur peut favoriser l\u2019\u00e9change avec les apprenants ainsi que les \u00e9tudes de cas pratiques au lieu de revenir sur les concepts. Enfin, les salari\u00e9s peuvent, entre deux s\u00e9ances en pr\u00e9sentiel, conforter leurs connaissances gr\u00e2ce aux documents mis \u00e0 disposition en e-learning.<\/li>\n<li>Le<strong> blended learning<\/strong> permet de r\u00e9duire les co\u00fbts pour les entreprises.<\/li>\n<li>Le temps de pr\u00e9sence \u00e9tant limit\u00e9, la formation mixte peut am\u00e9liorer le bien-\u00eatre des salari\u00e9s\u00a0: si le centre de formation est loin du lieu de travail, ils perdent moins de temps dans les transports et peuvent autant se consacrer \u00e0 leur travail et \u00e0 l\u2019acquisition de nouvelles comp\u00e9tences.<\/li>\n<\/ul>\n<h2><b>Nos formations en blended learning<\/b><\/h2>\n<p>GERESO propose de nombreuses <a title=\"blended learning\" href=\"http:\/\/www.gereso.com\/formation-e-learning\/blended-learning\" target=\"_blank\">formations en blended learning<\/a>. D\u2019ailleurs notre offre s\u2019\u00e9largit de plus en plus, ce format \u00e9tant pl\u00e9biscit\u00e9 par les entreprises et les salari\u00e9s. Voici les th\u00e9matiques pour lesquelles nous proposons des formations : retraite et protection sociale, ressources humaines, droit du travail, paie et administration du personnel, management de projet, mais aussi fonction publique.<\/p>\n","protected":false},"excerpt":{"rendered":"<p>Connaissez-vous le blended learning\u00a0? De plus en plus d\u2019entreprises choisissent ce mode de fonctionnement pour la formation de leurs salari\u00e9s. En effet, le blended learning, aussi appel\u00e9 formation mixte, poss\u00e8de de nombreux atouts par rapport aux programmes traditionnels. Qu\u2019est-ce que le blended learning\u00a0? Sous ce terme qui peut para\u00eetre compliqu\u00e9 au premier abord, se cache [&hellip;]<\/p>\n","protected":false},"author":32,"featured_media":2514,"comment_status":"open","ping_status":"open","sticky":false,"template":"","format":"standard","meta":{"_acf_changed":false,"_mi_skip_tracking":false,"footnotes":""},"categories":[344],"tags":[87,345],"class_list":["post-2494","post","type-post","status-publish","format-standard","has-post-thumbnail","hentry","category-blended-learning-2","tag-blended-learning","tag-formation-mixte"],"acf":[],"yoast_head":"<!-- This site is optimized with the Yoast SEO plugin v23.4 - https:\/\/yoast.com\/wordpress\/plugins\/seo\/ -->\n<title>Les formations GERESO en blended learning - Le Blog GERESO<\/title>\n<meta name=\"robots\" content=\"index, follow, max-snippet:-1, max-image-preview:large, max-video-preview:-1\" \/>\n<link rel=\"canonical\" href=\"https:\/\/www.gereso.com\/actualites\/2014\/03\/25\/formation-blended-learning\/\" \/>\n<meta property=\"og:locale\" content=\"fr_FR\" \/>\n<meta property=\"og:type\" content=\"article\" \/>\n<meta property=\"og:title\" content=\"Les formations GERESO en blended learning - Le Blog GERESO\" \/>\n<meta property=\"og:description\" content=\"Connaissez-vous le blended learning\u00a0? De plus en plus d\u2019entreprises choisissent ce mode de fonctionnement pour la formation de leurs salari\u00e9s. En effet, le blended learning, aussi appel\u00e9 formation mixte, poss\u00e8de de nombreux atouts par rapport aux programmes traditionnels. Qu\u2019est-ce que le blended learning\u00a0? Sous ce terme qui peut para\u00eetre compliqu\u00e9 au premier abord, se cache [&hellip;]\" \/>\n<meta property=\"og:url\" content=\"https:\/\/www.gereso.com\/actualites\/2014\/03\/25\/formation-blended-learning\/\" \/>\n<meta property=\"og:site_name\" content=\"Le Blog GERESO\" \/>\n<meta property=\"article:published_time\" content=\"2014-03-25T12:29:10+00:00\" \/>\n<meta property=\"og:image\" content=\"https:\/\/www.gereso.com\/actualites\/wp-content\/uploads\/2014\/02\/blended-learning-1.jpg\" \/>\n\t<meta property=\"og:image:width\" content=\"500\" \/>\n\t<meta property=\"og:image:height\" content=\"333\" \/>\n\t<meta property=\"og:image:type\" content=\"image\/jpeg\" \/>\n<meta name=\"author\" content=\"\u00c9quipe GERESO\" \/>\n<meta name=\"twitter:card\" content=\"summary_large_image\" \/>\n<script type=\"application\/ld+json\" class=\"yoast-schema-graph\">{\"@context\":\"https:\/\/schema.org\",\"@graph\":[{\"@type\":\"WebPage\",\"@id\":\"https:\/\/www.gereso.com\/actualites\/2014\/03\/25\/formation-blended-learning\/\",\"url\":\"https:\/\/www.gereso.com\/actualites\/2014\/03\/25\/formation-blended-learning\/\",\"name\":\"Les formations GERESO en blended learning - Le Blog GERESO\",\"isPartOf\":{\"@id\":\"https:\/\/www.gereso.com\/actualites\/#website\"},\"primaryImageOfPage\":{\"@id\":\"https:\/\/www.gereso.com\/actualites\/2014\/03\/25\/formation-blended-learning\/#primaryimage\"},\"image\":{\"@id\":\"https:\/\/www.gereso.com\/actualites\/2014\/03\/25\/formation-blended-learning\/#primaryimage\"},\"thumbnailUrl\":\"https:\/\/www.gereso.com\/actualites\/wp-content\/uploads\/2014\/02\/blended-learning-1.jpg\",\"datePublished\":\"2014-03-25T12:29:10+00:00\",\"dateModified\":\"2014-03-25T12:29:10+00:00\",\"author\":{\"@id\":\"https:\/\/www.gereso.com\/actualites\/#\/schema\/person\/197d8aef40cb4ae3f6a0aa9e1d3df2a6\"},\"breadcrumb\":{\"@id\":\"https:\/\/www.gereso.com\/actualites\/2014\/03\/25\/formation-blended-learning\/#breadcrumb\"},\"inLanguage\":\"fr-FR\",\"potentialAction\":[{\"@type\":\"ReadAction\",\"target\":[\"https:\/\/www.gereso.com\/actualites\/2014\/03\/25\/formation-blended-learning\/\"]}]},{\"@type\":\"ImageObject\",\"inLanguage\":\"fr-FR\",\"@id\":\"https:\/\/www.gereso.com\/actualites\/2014\/03\/25\/formation-blended-learning\/#primaryimage\",\"url\":\"https:\/\/www.gereso.com\/actualites\/wp-content\/uploads\/2014\/02\/blended-learning-1.jpg\",\"contentUrl\":\"https:\/\/www.gereso.com\/actualites\/wp-content\/uploads\/2014\/02\/blended-learning-1.jpg\",\"width\":500,\"height\":333,\"caption\":\"E-learning : les formations mixtes ou \\\"blended\\\"\"},{\"@type\":\"BreadcrumbList\",\"@id\":\"https:\/\/www.gereso.com\/actualites\/2014\/03\/25\/formation-blended-learning\/#breadcrumb\",\"itemListElement\":[{\"@type\":\"ListItem\",\"position\":1,\"name\":\"Home\",\"item\":\"https:\/\/www.gereso.com\/actualites\/\"},{\"@type\":\"ListItem\",\"position\":2,\"name\":\"Les formations GERESO en blended learning\"}]},{\"@type\":\"WebSite\",\"@id\":\"https:\/\/www.gereso.com\/actualites\/#website\",\"url\":\"https:\/\/www.gereso.com\/actualites\/\",\"name\":\"Le Blog GERESO\",\"description\":\"Toute l&#039;actu RH, Finance, Fonction Publique, Management...\",\"potentialAction\":[{\"@type\":\"SearchAction\",\"target\":{\"@type\":\"EntryPoint\",\"urlTemplate\":\"https:\/\/www.gereso.com\/actualites\/?s={search_term_string}\"},\"query-input\":{\"@type\":\"PropertyValueSpecification\",\"valueRequired\":true,\"valueName\":\"search_term_string\"}}],\"inLanguage\":\"fr-FR\"},{\"@type\":\"Person\",\"@id\":\"https:\/\/www.gereso.com\/actualites\/#\/schema\/person\/197d8aef40cb4ae3f6a0aa9e1d3df2a6\",\"name\":\"\u00c9quipe GERESO\",\"image\":{\"@type\":\"ImageObject\",\"inLanguage\":\"fr-FR\",\"@id\":\"https:\/\/www.gereso.com\/actualites\/#\/schema\/person\/image\/\",\"url\":\"https:\/\/www.gereso.com\/actualites\/wp-content\/uploads\/2013\/12\/avatar-gereso-1.png\",\"contentUrl\":\"https:\/\/www.gereso.com\/actualites\/wp-content\/uploads\/2013\/12\/avatar-gereso-1.png\",\"caption\":\"\u00c9quipe GERESO\"},\"url\":\"https:\/\/www.gereso.com\/actualites\/author\/gereso\/\"}]}<\/script>\n<!-- \/ Yoast SEO plugin. -->","yoast_head_json":{"title":"Les formations GERESO en blended learning - Le Blog GERESO","robots":{"index":"index","follow":"follow","max-snippet":"max-snippet:-1","max-image-preview":"max-image-preview:large","max-video-preview":"max-video-preview:-1"},"canonical":"https:\/\/www.gereso.com\/actualites\/2014\/03\/25\/formation-blended-learning\/","og_locale":"fr_FR","og_type":"article","og_title":"Les formations GERESO en blended learning - Le Blog GERESO","og_description":"Connaissez-vous le blended learning\u00a0? De plus en plus d\u2019entreprises choisissent ce mode de fonctionnement pour la formation de leurs salari\u00e9s. En effet, le blended learning, aussi appel\u00e9 formation mixte, poss\u00e8de de nombreux atouts par rapport aux programmes traditionnels. Qu\u2019est-ce que le blended learning\u00a0? Sous ce terme qui peut para\u00eetre compliqu\u00e9 au premier abord, se cache [&hellip;]","og_url":"https:\/\/www.gereso.com\/actualites\/2014\/03\/25\/formation-blended-learning\/","og_site_name":"Le Blog GERESO","article_published_time":"2014-03-25T12:29:10+00:00","og_image":[{"width":500,"height":333,"url":"https:\/\/www.gereso.com\/actualites\/wp-content\/uploads\/2014\/02\/blended-learning-1.jpg","type":"image\/jpeg"}],"author":"\u00c9quipe GERESO","twitter_card":"summary_large_image","schema":{"@context":"https:\/\/schema.org","@graph":[{"@type":"WebPage","@id":"https:\/\/www.gereso.com\/actualites\/2014\/03\/25\/formation-blended-learning\/","url":"https:\/\/www.gereso.com\/actualites\/2014\/03\/25\/formation-blended-learning\/","name":"Les formations GERESO en blended learning - Le Blog GERESO","isPartOf":{"@id":"https:\/\/www.gereso.com\/actualites\/#website"},"primaryImageOfPage":{"@id":"https:\/\/www.gereso.com\/actualites\/2014\/03\/25\/formation-blended-learning\/#primaryimage"},"image":{"@id":"https:\/\/www.gereso.com\/actualites\/2014\/03\/25\/formation-blended-learning\/#primaryimage"},"thumbnailUrl":"https:\/\/www.gereso.com\/actualites\/wp-content\/uploads\/2014\/02\/blended-learning-1.jpg","datePublished":"2014-03-25T12:29:10+00:00","dateModified":"2014-03-25T12:29:10+00:00","author":{"@id":"https:\/\/www.gereso.com\/actualites\/#\/schema\/person\/197d8aef40cb4ae3f6a0aa9e1d3df2a6"},"breadcrumb":{"@id":"https:\/\/www.gereso.com\/actualites\/2014\/03\/25\/formation-blended-learning\/#breadcrumb"},"inLanguage":"fr-FR","potentialAction":[{"@type":"ReadAction","target":["https:\/\/www.gereso.com\/actualites\/2014\/03\/25\/formation-blended-learning\/"]}]},{"@type":"ImageObject","inLanguage":"fr-FR","@id":"https:\/\/www.gereso.com\/actualites\/2014\/03\/25\/formation-blended-learning\/#primaryimage","url":"https:\/\/www.gereso.com\/actualites\/wp-content\/uploads\/2014\/02\/blended-learning-1.jpg","contentUrl":"https:\/\/www.gereso.com\/actualites\/wp-content\/uploads\/2014\/02\/blended-learning-1.jpg","width":500,"height":333,"caption":"E-learning : les formations mixtes ou \"blended\""},{"@type":"BreadcrumbList","@id":"https:\/\/www.gereso.com\/actualites\/2014\/03\/25\/formation-blended-learning\/#breadcrumb","itemListElement":[{"@type":"ListItem","position":1,"name":"Home","item":"https:\/\/www.gereso.com\/actualites\/"},{"@type":"ListItem","position":2,"name":"Les formations GERESO en blended learning"}]},{"@type":"WebSite","@id":"https:\/\/www.gereso.com\/actualites\/#website","url":"https:\/\/www.gereso.com\/actualites\/","name":"Le Blog GERESO","description":"Toute l&#039;actu RH, Finance, Fonction Publique, Management...","potentialAction":[{"@type":"SearchAction","target":{"@type":"EntryPoint","urlTemplate":"https:\/\/www.gereso.com\/actualites\/?s={search_term_string}"},"query-input":{"@type":"PropertyValueSpecification","valueRequired":true,"valueName":"search_term_string"}}],"inLanguage":"fr-FR"},{"@type":"Person","@id":"https:\/\/www.gereso.com\/actualites\/#\/schema\/person\/197d8aef40cb4ae3f6a0aa9e1d3df2a6","name":"\u00c9quipe GERESO","image":{"@type":"ImageObject","inLanguage":"fr-FR","@id":"https:\/\/www.gereso.com\/actualites\/#\/schema\/person\/image\/","url":"https:\/\/www.gereso.com\/actualites\/wp-content\/uploads\/2013\/12\/avatar-gereso-1.png","contentUrl":"https:\/\/www.gereso.com\/actualites\/wp-content\/uploads\/2013\/12\/avatar-gereso-1.png","caption":"\u00c9quipe GERESO"},"url":"https:\/\/www.gereso.com\/actualites\/author\/gereso\/"}]}},"_links":{"self":[{"href":"https:\/\/www.gereso.com\/actualites\/wp-json\/wp\/v2\/posts\/2494","targetHints":{"allow":["GET"]}}],"collection":[{"href":"https:\/\/www.gereso.com\/actualites\/wp-json\/wp\/v2\/posts"}],"about":[{"href":"https:\/\/www.gereso.com\/actualites\/wp-json\/wp\/v2\/types\/post"}],"author":[{"embeddable":true,"href":"https:\/\/www.gereso.com\/actualites\/wp-json\/wp\/v2\/users\/32"}],"replies":[{"embeddable":true,"href":"https:\/\/www.gereso.com\/actualites\/wp-json\/wp\/v2\/comments?post=2494"}],"version-history":[{"count":0,"href":"https:\/\/www.gereso.com\/actualites\/wp-json\/wp\/v2\/posts\/2494\/revisions"}],"wp:featuredmedia":[{"embeddable":true,"href":"https:\/\/www.gereso.com\/actualites\/wp-json\/wp\/v2\/media\/2514"}],"wp:attachment":[{"href":"https:\/\/www.gereso.com\/actualites\/wp-json\/wp\/v2\/media?parent=2494"}],"wp:term":[{"taxonomy":"category","embeddable":true,"href":"https:\/\/www.gereso.com\/actualites\/wp-json\/wp\/v2\/categories?post=2494"},{"taxonomy":"post_tag","embeddable":true,"href":"https:\/\/www.gereso.com\/actualites\/wp-json\/wp\/v2\/tags?post=2494"}],"curies":[{"name":"wp","href":"https:\/\/api.w.org\/{rel}","templated":true}]}}