{"id":2540,"date":"2014-03-06T11:08:46","date_gmt":"2014-03-06T09:08:46","guid":{"rendered":"https:\/\/www.gereso.com\/actualites\/?p=2540"},"modified":"2016-01-20T09:31:10","modified_gmt":"2016-01-20T08:31:10","slug":"bilan-retraite-comment-choisir-le-bon-prestataire","status":"publish","type":"post","link":"https:\/\/www.gereso.com\/actualites\/2014\/03\/06\/bilan-retraite-comment-choisir-le-bon-prestataire\/","title":{"rendered":"Bilan retraite : comment choisir le bon prestataire&nbsp;?"},"content":{"rendered":"<p><span style=\"font-size: medium;\">Vous approchez de la retraite et vos interrogations sont nombreuses\u00a0: Comment partir dans les meilleures conditions\u00a0? Quel sera le montant exact de ma pension de retraite\u00a0? A quelle date partir pour optimiser le montant de ma retraite\u00a0? Toutes mes ann\u00e9es de travail seront-elles bien prises en compte\u00a0? Comment seront calcul\u00e9s mes droits pour les p\u00e9riodes de travail \u00e0 l\u2019\u00e9tranger ou les p\u00e9riodes de ch\u00f4mage\u00a0?<\/span><\/p>\n<p><span style=\"font-size: medium;\">Vous disposez bien des <b>diff\u00e9rents relev\u00e9s transmis par votre (ou vos) caisse(s) de retraite,<\/b> mais leur interpr\u00e9tation est difficile\u2026 Et il vous reste plusieurs ann\u00e9es de travail, vous souhaitez donc faire les choix les plus judicieux pour optimiser votre fin de carri\u00e8re.<\/span><\/p>\n<p><span style=\"font-size: medium;\">C\u2019est pourquoi vous faites le choix de <b>rechercher un prestataire pour vous accompagner<\/b> en b\u00e9n\u00e9ficiant d\u2019un <a title=\"bilan retraite\" href=\"http:\/\/www.gereso.com\/bilan-retraite\/\">bilan retraite individuel<\/a>.<\/span><\/p>\n<figure id=\"attachment_2541\" aria-describedby=\"caption-attachment-2541\" style=\"width: 454px\" class=\"wp-caption aligncenter\"><img fetchpriority=\"high\" decoding=\"async\" class=\"size-full wp-image-2541 \" src=\"https:\/\/www.gereso.com\/actualites\/wp-content\/uploads\/2014\/03\/bilan-retraite-1.jpg\" alt=\"S\u00e9lectionner le bon prestataire pour votre bilan retraite\" width=\"454\" height=\"195\" srcset=\"https:\/\/www.gereso.com\/actualites\/wp-content\/uploads\/2014\/03\/bilan-retraite-1.jpg 454w, https:\/\/www.gereso.com\/actualites\/wp-content\/uploads\/2014\/03\/bilan-retraite-1-300x129.jpg 300w\" sizes=\"(max-width: 454px) 100vw, 454px\" \/><figcaption id=\"caption-attachment-2541\" class=\"wp-caption-text\">Le bilan retraite : une prestation personnalis\u00e9e qui permet de lever toutes les interrogations quant \u00e0 ses modalit\u00e9s de d\u00e9part \u00e0 la retraite et au montant de sa pension.<\/figcaption><\/figure>\n<p>&nbsp;<\/p>\n<p>Le choix de son prestataire bilan retraite est <b>essentiel<\/b>. En effet, il permet de bien mesurer les <b>enjeux financiers et patrimoniaux<\/b> que repr\u00e9sente la retraite et donne la possibilit\u00e9 \u00e0 celui qui en b\u00e9n\u00e9ficie de <b>choisir la date de son d\u00e9part<\/b> \u00ab\u00a0en toute connaissance de cause\u00a0\u00bb.<\/p>\n<p>&nbsp;<\/p>\n<h2>Les diff\u00e9rents prestataires pour un bilan retraite<\/h2>\n<p>Pour conduire votre \u00e9tude de retraite, vous avez le choix entre plusieurs acteurs sur le march\u00e9 du Bilan retraite\u00a0:<\/p>\n<ul>\n<li><b>les banques <\/b><b><\/b><\/li>\n<li><b>les soci\u00e9t\u00e9s d\u2019assurance<\/b><b><\/b><\/li>\n<li><b>les cabinets ind\u00e9pendants.<\/b><b><\/b><\/li>\n<\/ul>\n<p>Alors que les premi\u00e8res vont g\u00e9n\u00e9ralement chercher \u00e0 vous vendre des produits de placements financiers (solutions de retraite suppl\u00e9mentaire notamment), les secondes, dont GERESO, n\u2019ont que pour objectif l\u2019\u00e9laboration d\u2019une strat\u00e9gie de <strong>d\u00e9part \u00e0 la retraite qui soit fonction de vos envies<\/strong> afin que vous puissiez envisager sereinement votre fin de carri\u00e8re et le montant de votre future pension vieillesse.<\/p>\n<p>&nbsp;<\/p>\n<h2>\u00a0<b>Essentiel\u00a0: l\u2019entretien avec un consultant expert<\/b><\/h2>\n<p>Le Bilan retraite GERESO s\u2019adresse \u00e0 vous tous, quelle que soit la taille de votre entreprise, le secteur d\u2019activit\u00e9 dans lequel vous travaillez ou encore le r\u00e9gime de retraite auquel vous \u00eates affili\u00e9s.<\/p>\n<p>1<sup>\u00e8re<\/sup> \u00e9tape du bilan retraite propos\u00e9 par GERESO<b>, l\u2019entretien avec un consultant expert<\/b> permet :<\/p>\n<ul>\n<li>un \u00e9change direct avec votre interlocuteur GERESO, durant lequel vous pourrez lui \u00a0<b>pr\u00e9senter votre situation personnelle<\/b> et appr\u00e9cier la pertinence de ses r\u00e9ponses face \u00e0 vos attentes,<\/li>\n<li>une <b>\u00e9tude approfondie des diff\u00e9rentes options<\/b> qui s\u2019offrent \u00e0 vous. Souhaitez-vous privil\u00e9gier un d\u00e9part au plus t\u00f4t, mais pour quelle retraite\u00a0? Souhaitez vous continuer \u00e0 travailler pour augmenter le montant de votre future retraite, mais pour combien de temps\u00a0?<\/li>\n<\/ul>\n<p>Notre expert GERESO s\u2019engage \u00e0 v\u00e9rifier avec vous <b>l\u2019exactitude des informations<\/b> dont disposent les Caisses de retraite sur votre situation (prise en compte des enfants, enregistrement de la totalit\u00e9 des dur\u00e9es d\u2019assurance valid\u00e9es au cours de votre carri\u00e8re\u2026) et pourra \u00e9galement les contacter avec vous pour \u00ab\u00a0corriger\u00a0\u00bb les erreurs \u00e9ventuelles et s\u2019assurer de la fiabilit\u00e9 du bilan retraite.<\/p>\n<p>&nbsp;<\/p>\n<h2><b>Les \u00e9tapes du bilan retraite GERESO<\/b><\/h2>\n<p>Le bilan retraite GERESO se distingue \u00e9galement par <b>son exhaustivit\u00e9.<\/b> Nous avons en effet le souci du d\u00e9tail afin de vous conseiller au mieux.<\/p>\n<p>Voici une pr\u00e9sentation compl\u00e8te des diff\u00e9rentes \u00e9tapes du bilan retraite\u00a0:<\/p>\n<ul>\n<li><b>L\u2019\u00e9tude de vos attentes<\/b> en mati\u00e8re de retraite.<\/li>\n<li>La <b>reconstitution de votre carri\u00e8re<\/b>, avec v\u00e9rification de l\u2019exactitude des informations d\u00e9livr\u00e9es par les Caisses de retraite (notamment \u00e0 travers l\u2019\u00e9tude d\u2019un relev\u00e9 individuel de situation).<\/li>\n<li>Si vous \u00eates <b>polypensionn\u00e9s<\/b>, l&rsquo;inventaire et la synth\u00e8se des droits que vous avez acquis aupr\u00e8s des diff\u00e9rents <strong>r\u00e9gimes de retraite<\/strong><b> <\/b>auxquels vous avez cotis\u00e9.<\/li>\n<li>Une estimation de votre \u00e2ge de d\u00e9part, avec une simulation pour un d\u00e9part au plus t\u00f4t et pour un d\u00e9part avec le taux plein (pension de retraite au taux maximum).<\/li>\n<li>La prise en compte d\u2019une <b>\u00e9ventuelle d\u00e9cote<\/b> (pension calcul\u00e9e avec un taux minor\u00e9) et les cons\u00e9quences sur le montant final de votre pension de retraite.<\/li>\n<li>La possibilit\u00e9 de <b>continuer \u00e0 travailler<\/b> apr\u00e8s avoir rempli les conditions pour b\u00e9n\u00e9ficier d\u2019une pension de retraite au taux maximum, afin de majorer le montant final de votre pension de retraite.<\/li>\n<li>La possibilit\u00e9 de <b>\u00ab\u00a0racheter des trimestres d\u2019assurance\u00a0\u00bb <\/b>(pour des p\u00e9riodes d\u2019activit\u00e9 \u00e0 l\u2019\u00e9tranger, des ann\u00e9es d\u2019\u00e9tudes sup\u00e9rieures ou des ann\u00e9es incompl\u00e8tes), avec une estimation pr\u00e9cise du co\u00fbt que cela repr\u00e9sente, du gain obtenu sur le montant de la pension et du nombre d\u2019ann\u00e9es n\u00e9cessaires pour \u00ab\u00a0r\u00e9cup\u00e9rer votre investissement\u00a0\u00bb.<\/li>\n<li>Une estimation de la <b>pension de r\u00e9version<\/b> qui pourrait \u00eatre vers\u00e9e \u00e0 votre conjoint ou ex-conjoint en cas de d\u00e9c\u00e8s.<\/li>\n<li>Une information pratique sur les conditions de la liquidation de votre <b>retraite par capitalisation<\/b> si vous en avez une (Perp, Perco, retraite chapeau\u2026).<\/li>\n<\/ul>\n<p>&nbsp;<\/p>\n","protected":false},"excerpt":{"rendered":"<p>Vous approchez de la retraite et vos interrogations sont nombreuses\u00a0: Comment partir dans les meilleures conditions\u00a0? Quel sera le montant exact de ma pension de retraite\u00a0? A quelle date partir pour optimiser le montant de ma retraite\u00a0? Toutes mes ann\u00e9es de travail seront-elles bien prises en compte\u00a0? Comment seront calcul\u00e9s mes droits pour les p\u00e9riodes [&hellip;]<\/p>\n","protected":false},"author":35,"featured_media":2541,"comment_status":"open","ping_status":"open","sticky":false,"template":"","format":"standard","meta":{"_acf_changed":false,"_mi_skip_tracking":false,"footnotes":""},"categories":[4],"tags":[335,96,154,15],"class_list":["post-2540","post","type-post","status-publish","format-standard","has-post-thumbnail","hentry","category-retraite-et-protection-sociale","tag-bilan-retraite","tag-bilan-retraite-individuel","tag-calcul-retraite","tag-retraite"],"acf":[],"yoast_head":"<!-- This site is optimized with the Yoast SEO plugin v23.4 - https:\/\/yoast.com\/wordpress\/plugins\/seo\/ -->\n<title>Bilan retraite : comment choisir le bon prestataire&nbsp;? - Le Blog GERESO<\/title>\n<meta name=\"robots\" content=\"index, follow, max-snippet:-1, max-image-preview:large, max-video-preview:-1\" \/>\n<link rel=\"canonical\" href=\"https:\/\/www.gereso.com\/actualites\/2014\/03\/06\/bilan-retraite-comment-choisir-le-bon-prestataire\/\" \/>\n<meta property=\"og:locale\" content=\"fr_FR\" \/>\n<meta property=\"og:type\" content=\"article\" \/>\n<meta property=\"og:title\" content=\"Bilan retraite : comment choisir le bon prestataire&nbsp;? - Le Blog GERESO\" \/>\n<meta property=\"og:description\" content=\"Vous approchez de la retraite et vos interrogations sont nombreuses\u00a0: Comment partir dans les meilleures conditions\u00a0? Quel sera le montant exact de ma pension de retraite\u00a0? A quelle date partir pour optimiser le montant de ma retraite\u00a0? Toutes mes ann\u00e9es de travail seront-elles bien prises en compte\u00a0? Comment seront calcul\u00e9s mes droits pour les p\u00e9riodes [&hellip;]\" \/>\n<meta property=\"og:url\" content=\"https:\/\/www.gereso.com\/actualites\/2014\/03\/06\/bilan-retraite-comment-choisir-le-bon-prestataire\/\" \/>\n<meta property=\"og:site_name\" content=\"Le Blog GERESO\" \/>\n<meta property=\"article:published_time\" content=\"2014-03-06T09:08:46+00:00\" \/>\n<meta property=\"article:modified_time\" content=\"2016-01-20T08:31:10+00:00\" \/>\n<meta property=\"og:image\" content=\"https:\/\/www.gereso.com\/actualites\/wp-content\/uploads\/2014\/03\/bilan-retraite-1.jpg\" \/>\n\t<meta property=\"og:image:width\" content=\"454\" \/>\n\t<meta property=\"og:image:height\" content=\"195\" \/>\n\t<meta property=\"og:image:type\" content=\"image\/jpeg\" \/>\n<meta name=\"author\" content=\"Florent Sarrazin\" \/>\n<meta name=\"twitter:card\" content=\"summary_large_image\" \/>\n<script type=\"application\/ld+json\" class=\"yoast-schema-graph\">{\"@context\":\"https:\/\/schema.org\",\"@graph\":[{\"@type\":\"WebPage\",\"@id\":\"https:\/\/www.gereso.com\/actualites\/2014\/03\/06\/bilan-retraite-comment-choisir-le-bon-prestataire\/\",\"url\":\"https:\/\/www.gereso.com\/actualites\/2014\/03\/06\/bilan-retraite-comment-choisir-le-bon-prestataire\/\",\"name\":\"Bilan retraite : comment choisir le bon prestataire&nbsp;? - Le Blog GERESO\",\"isPartOf\":{\"@id\":\"https:\/\/www.gereso.com\/actualites\/#website\"},\"primaryImageOfPage\":{\"@id\":\"https:\/\/www.gereso.com\/actualites\/2014\/03\/06\/bilan-retraite-comment-choisir-le-bon-prestataire\/#primaryimage\"},\"image\":{\"@id\":\"https:\/\/www.gereso.com\/actualites\/2014\/03\/06\/bilan-retraite-comment-choisir-le-bon-prestataire\/#primaryimage\"},\"thumbnailUrl\":\"https:\/\/www.gereso.com\/actualites\/wp-content\/uploads\/2014\/03\/bilan-retraite-1.jpg\",\"datePublished\":\"2014-03-06T09:08:46+00:00\",\"dateModified\":\"2016-01-20T08:31:10+00:00\",\"author\":{\"@id\":\"https:\/\/www.gereso.com\/actualites\/#\/schema\/person\/4b51e16ede07b8d2568288fd6beb849a\"},\"breadcrumb\":{\"@id\":\"https:\/\/www.gereso.com\/actualites\/2014\/03\/06\/bilan-retraite-comment-choisir-le-bon-prestataire\/#breadcrumb\"},\"inLanguage\":\"fr-FR\",\"potentialAction\":[{\"@type\":\"ReadAction\",\"target\":[\"https:\/\/www.gereso.com\/actualites\/2014\/03\/06\/bilan-retraite-comment-choisir-le-bon-prestataire\/\"]}]},{\"@type\":\"ImageObject\",\"inLanguage\":\"fr-FR\",\"@id\":\"https:\/\/www.gereso.com\/actualites\/2014\/03\/06\/bilan-retraite-comment-choisir-le-bon-prestataire\/#primaryimage\",\"url\":\"https:\/\/www.gereso.com\/actualites\/wp-content\/uploads\/2014\/03\/bilan-retraite-1.jpg\",\"contentUrl\":\"https:\/\/www.gereso.com\/actualites\/wp-content\/uploads\/2014\/03\/bilan-retraite-1.jpg\",\"width\":454,\"height\":195,\"caption\":\"S\u00e9lectionner le bon prestataire pour votre bilan retraite\"},{\"@type\":\"BreadcrumbList\",\"@id\":\"https:\/\/www.gereso.com\/actualites\/2014\/03\/06\/bilan-retraite-comment-choisir-le-bon-prestataire\/#breadcrumb\",\"itemListElement\":[{\"@type\":\"ListItem\",\"position\":1,\"name\":\"Home\",\"item\":\"https:\/\/www.gereso.com\/actualites\/\"},{\"@type\":\"ListItem\",\"position\":2,\"name\":\"Bilan retraite : comment choisir le bon prestataire&nbsp;?\"}]},{\"@type\":\"WebSite\",\"@id\":\"https:\/\/www.gereso.com\/actualites\/#website\",\"url\":\"https:\/\/www.gereso.com\/actualites\/\",\"name\":\"Le Blog GERESO\",\"description\":\"Toute l&#039;actu RH, Finance, Fonction Publique, Management...\",\"potentialAction\":[{\"@type\":\"SearchAction\",\"target\":{\"@type\":\"EntryPoint\",\"urlTemplate\":\"https:\/\/www.gereso.com\/actualites\/?s={search_term_string}\"},\"query-input\":{\"@type\":\"PropertyValueSpecification\",\"valueRequired\":true,\"valueName\":\"search_term_string\"}}],\"inLanguage\":\"fr-FR\"},{\"@type\":\"Person\",\"@id\":\"https:\/\/www.gereso.com\/actualites\/#\/schema\/person\/4b51e16ede07b8d2568288fd6beb849a\",\"name\":\"Florent Sarrazin\",\"image\":{\"@type\":\"ImageObject\",\"inLanguage\":\"fr-FR\",\"@id\":\"https:\/\/www.gereso.com\/actualites\/#\/schema\/person\/image\/\",\"url\":\"https:\/\/www.gereso.com\/actualites\/wp-content\/uploads\/2013\/10\/florent-sarrazin-1-144x144.jpg\",\"contentUrl\":\"https:\/\/www.gereso.com\/actualites\/wp-content\/uploads\/2013\/10\/florent-sarrazin-1-144x144.jpg\",\"caption\":\"Florent Sarrazin\"},\"description\":\"Juriste de formation, tour \u00e0 tour journaliste sp\u00e9cialis\u00e9, formateur-conseil pour GERESO, consultant en strat\u00e9gie de carri\u00e8re et d\u00e9sormais consultant juriste en protection sociale, Florent Sarrazin dispose d\u2019une expertise technique dans le domaine de la retraite et de la protection sociale.\",\"url\":\"https:\/\/www.gereso.com\/actualites\/author\/f-sarrazin\/\"}]}<\/script>\n<!-- \/ Yoast SEO plugin. -->","yoast_head_json":{"title":"Bilan retraite : comment choisir le bon prestataire&nbsp;? - Le Blog GERESO","robots":{"index":"index","follow":"follow","max-snippet":"max-snippet:-1","max-image-preview":"max-image-preview:large","max-video-preview":"max-video-preview:-1"},"canonical":"https:\/\/www.gereso.com\/actualites\/2014\/03\/06\/bilan-retraite-comment-choisir-le-bon-prestataire\/","og_locale":"fr_FR","og_type":"article","og_title":"Bilan retraite : comment choisir le bon prestataire&nbsp;? - Le Blog GERESO","og_description":"Vous approchez de la retraite et vos interrogations sont nombreuses\u00a0: Comment partir dans les meilleures conditions\u00a0? Quel sera le montant exact de ma pension de retraite\u00a0? A quelle date partir pour optimiser le montant de ma retraite\u00a0? Toutes mes ann\u00e9es de travail seront-elles bien prises en compte\u00a0? Comment seront calcul\u00e9s mes droits pour les p\u00e9riodes [&hellip;]","og_url":"https:\/\/www.gereso.com\/actualites\/2014\/03\/06\/bilan-retraite-comment-choisir-le-bon-prestataire\/","og_site_name":"Le Blog GERESO","article_published_time":"2014-03-06T09:08:46+00:00","article_modified_time":"2016-01-20T08:31:10+00:00","og_image":[{"width":454,"height":195,"url":"https:\/\/www.gereso.com\/actualites\/wp-content\/uploads\/2014\/03\/bilan-retraite-1.jpg","type":"image\/jpeg"}],"author":"Florent Sarrazin","twitter_card":"summary_large_image","schema":{"@context":"https:\/\/schema.org","@graph":[{"@type":"WebPage","@id":"https:\/\/www.gereso.com\/actualites\/2014\/03\/06\/bilan-retraite-comment-choisir-le-bon-prestataire\/","url":"https:\/\/www.gereso.com\/actualites\/2014\/03\/06\/bilan-retraite-comment-choisir-le-bon-prestataire\/","name":"Bilan retraite : comment choisir le bon prestataire&nbsp;? - Le Blog GERESO","isPartOf":{"@id":"https:\/\/www.gereso.com\/actualites\/#website"},"primaryImageOfPage":{"@id":"https:\/\/www.gereso.com\/actualites\/2014\/03\/06\/bilan-retraite-comment-choisir-le-bon-prestataire\/#primaryimage"},"image":{"@id":"https:\/\/www.gereso.com\/actualites\/2014\/03\/06\/bilan-retraite-comment-choisir-le-bon-prestataire\/#primaryimage"},"thumbnailUrl":"https:\/\/www.gereso.com\/actualites\/wp-content\/uploads\/2014\/03\/bilan-retraite-1.jpg","datePublished":"2014-03-06T09:08:46+00:00","dateModified":"2016-01-20T08:31:10+00:00","author":{"@id":"https:\/\/www.gereso.com\/actualites\/#\/schema\/person\/4b51e16ede07b8d2568288fd6beb849a"},"breadcrumb":{"@id":"https:\/\/www.gereso.com\/actualites\/2014\/03\/06\/bilan-retraite-comment-choisir-le-bon-prestataire\/#breadcrumb"},"inLanguage":"fr-FR","potentialAction":[{"@type":"ReadAction","target":["https:\/\/www.gereso.com\/actualites\/2014\/03\/06\/bilan-retraite-comment-choisir-le-bon-prestataire\/"]}]},{"@type":"ImageObject","inLanguage":"fr-FR","@id":"https:\/\/www.gereso.com\/actualites\/2014\/03\/06\/bilan-retraite-comment-choisir-le-bon-prestataire\/#primaryimage","url":"https:\/\/www.gereso.com\/actualites\/wp-content\/uploads\/2014\/03\/bilan-retraite-1.jpg","contentUrl":"https:\/\/www.gereso.com\/actualites\/wp-content\/uploads\/2014\/03\/bilan-retraite-1.jpg","width":454,"height":195,"caption":"S\u00e9lectionner le bon prestataire pour votre bilan retraite"},{"@type":"BreadcrumbList","@id":"https:\/\/www.gereso.com\/actualites\/2014\/03\/06\/bilan-retraite-comment-choisir-le-bon-prestataire\/#breadcrumb","itemListElement":[{"@type":"ListItem","position":1,"name":"Home","item":"https:\/\/www.gereso.com\/actualites\/"},{"@type":"ListItem","position":2,"name":"Bilan retraite : comment choisir le bon prestataire&nbsp;?"}]},{"@type":"WebSite","@id":"https:\/\/www.gereso.com\/actualites\/#website","url":"https:\/\/www.gereso.com\/actualites\/","name":"Le Blog GERESO","description":"Toute l&#039;actu RH, Finance, Fonction Publique, Management...","potentialAction":[{"@type":"SearchAction","target":{"@type":"EntryPoint","urlTemplate":"https:\/\/www.gereso.com\/actualites\/?s={search_term_string}"},"query-input":{"@type":"PropertyValueSpecification","valueRequired":true,"valueName":"search_term_string"}}],"inLanguage":"fr-FR"},{"@type":"Person","@id":"https:\/\/www.gereso.com\/actualites\/#\/schema\/person\/4b51e16ede07b8d2568288fd6beb849a","name":"Florent Sarrazin","image":{"@type":"ImageObject","inLanguage":"fr-FR","@id":"https:\/\/www.gereso.com\/actualites\/#\/schema\/person\/image\/","url":"https:\/\/www.gereso.com\/actualites\/wp-content\/uploads\/2013\/10\/florent-sarrazin-1-144x144.jpg","contentUrl":"https:\/\/www.gereso.com\/actualites\/wp-content\/uploads\/2013\/10\/florent-sarrazin-1-144x144.jpg","caption":"Florent Sarrazin"},"description":"Juriste de formation, tour \u00e0 tour journaliste sp\u00e9cialis\u00e9, formateur-conseil pour GERESO, consultant en strat\u00e9gie de carri\u00e8re et d\u00e9sormais consultant juriste en protection sociale, Florent Sarrazin dispose d\u2019une expertise technique dans le domaine de la retraite et de la protection sociale.","url":"https:\/\/www.gereso.com\/actualites\/author\/f-sarrazin\/"}]}},"_links":{"self":[{"href":"https:\/\/www.gereso.com\/actualites\/wp-json\/wp\/v2\/posts\/2540","targetHints":{"allow":["GET"]}}],"collection":[{"href":"https:\/\/www.gereso.com\/actualites\/wp-json\/wp\/v2\/posts"}],"about":[{"href":"https:\/\/www.gereso.com\/actualites\/wp-json\/wp\/v2\/types\/post"}],"author":[{"embeddable":true,"href":"https:\/\/www.gereso.com\/actualites\/wp-json\/wp\/v2\/users\/35"}],"replies":[{"embeddable":true,"href":"https:\/\/www.gereso.com\/actualites\/wp-json\/wp\/v2\/comments?post=2540"}],"version-history":[{"count":0,"href":"https:\/\/www.gereso.com\/actualites\/wp-json\/wp\/v2\/posts\/2540\/revisions"}],"wp:featuredmedia":[{"embeddable":true,"href":"https:\/\/www.gereso.com\/actualites\/wp-json\/wp\/v2\/media\/2541"}],"wp:attachment":[{"href":"https:\/\/www.gereso.com\/actualites\/wp-json\/wp\/v2\/media?parent=2540"}],"wp:term":[{"taxonomy":"category","embeddable":true,"href":"https:\/\/www.gereso.com\/actualites\/wp-json\/wp\/v2\/categories?post=2540"},{"taxonomy":"post_tag","embeddable":true,"href":"https:\/\/www.gereso.com\/actualites\/wp-json\/wp\/v2\/tags?post=2540"}],"curies":[{"name":"wp","href":"https:\/\/api.w.org\/{rel}","templated":true}]}}