{"id":25475,"date":"2022-02-14T17:13:29","date_gmt":"2022-02-14T15:13:29","guid":{"rendered":"https:\/\/www.gereso.com\/actualites\/?p=25475"},"modified":"2022-02-15T15:40:12","modified_gmt":"2022-02-15T13:40:12","slug":"enquete-professionnels-rh-comment-allez-vous-les-resultats-2","status":"publish","type":"post","link":"https:\/\/www.gereso.com\/actualites\/2022\/02\/14\/enquete-professionnels-rh-comment-allez-vous-les-resultats-2\/","title":{"rendered":"Enqu\u00eate \u00ab\u00a0Professionnels RH : comment allez-vous ?\u00a0\u00bb : les r\u00e9sultats"},"content":{"rendered":"\n\n\n<p>Nous vous proposons de d\u00e9couvrir les<strong> r\u00e9sultats d\u00e9taill\u00e9s de cette enqu\u00eate <\/strong>ci-dessous.<\/p>\n\n\n\n<h2 style=\"color:#d10016;\"><strong>R\u00c9SULTATS DE L\u2019ENQU\u00caTE \u00ab&nbsp;PROFESSIONNELS RH, COMMENT ALLEZ-VOUS&nbsp;?&nbsp;\u00bb<\/strong><\/h2>\n\n\n\n<center>\n<iframe src=\"\/\/www.slideshare.net\/slideshow\/embed_code\/key\/M9pY3bBryHwx2O\" marginwidth=\"0\" marginheight=\"0\" scrolling=\"no\" style=\"border:1px solid #CCC; border-width:1px; margin-bottom:5px; max-width: 150%;\" allowfullscreen=\"\" width=\"595\" height=\"485\" frameborder=\"0\"> <\/iframe><\/center>\n\n\n\n<h3 style=\"text-align:center\"><a href=\"https:\/\/www.gereso.com\/la-lettre\/2022\/PDF\/Enquete-RH-2022-GERESO.pdf\" target=\"_blank\" rel=\"noopener noreferrer\"><strong>Cliquez ici pour t\u00e9l\u00e9charger les r\u00e9sultats de l\u2019enqu\u00eate 2022<br>\u00ab&nbsp;Professionnels RH, comment allez-vous&nbsp;?&nbsp;\u00bb<\/strong><\/a><\/h3>\n\n\n\n\n\n<p><h2 style=\"color:#d10016;\"><strong>Les conclusions de l\u2019enqu\u00eate<\/strong><\/h2><\/p>\n\n\n\n<p><strong>L\u2019ann\u00e9e 2021 semble avoir \u00e9t\u00e9 un peu mieux v\u00e9cue que 2020<\/strong> par les professionnels RH : ils sont une majorit\u00e9 \u00e0 avoir travers\u00e9 la crise sanitaire <strong>\u201csereinement\u201d,<\/strong> leur motivation et leur moral progressent, celui de leurs collaborateurs \u00e9galement, et de <strong>nouveaux projets RH<\/strong> fleurissent, en lien avec la reprise \u00e9conomique. Certains vont m\u00eame jusqu\u2019\u00e0 juger leur ann\u00e9e 2021 comme <strong>\u201centhousiasmante\u201d,<\/strong> un qualificatif qu\u2019aucun d\u2019entre eux n\u2019avait os\u00e9 utiliser il y a un an !<\/p>\n\n\n\n<p>Mais derri\u00e8re <strong>cette apparence de bonne sant\u00e9 et de r\u00e9silience,<\/strong> le constat est un peu moins r\u00e9jouissant : <strong>les professionnels RH se disent \u00e9puis\u00e9s,<\/strong> et encore plus qu\u2019en 2020 ! Le <strong>sentiment d\u2019incertitude<\/strong> domine<strong>, leur charge de travail augmente dangereusement<\/strong> et <strong>ils se sentent moins soutenus par leur hi\u00e9rarchie<\/strong>, les institutions, les repr\u00e9sentants du personnel et leurs collaborateurs qu\u2019en 2020.&nbsp;<\/p>\n\n\n\n<p>Il faut dire que les professionnels RH n\u2019ont pas manqu\u00e9 de travail en 2021 : ils ont d\u00fb prendre en charge \u00e0 la fois des <strong>missions li\u00e9es au red\u00e9marrage de l\u2019activit\u00e9<\/strong> (recrutements, gestion des talents, r\u00e9mun\u00e9rations\u2026) tout <strong>en restant mobilis\u00e9s sur la gestion de la crise sanitaire <\/strong>(passe sanitaire, t\u00e9l\u00e9travail, activit\u00e9 partielle\u2026)<\/p>\n\n\n\n<p>Leurs priorit\u00e9s pour 2022 : toujours <strong>la communication interne,<\/strong> le <strong>d\u00e9veloppement des comp\u00e9tences des collaborateurs<\/strong> \u00e0 travers des actions de formation et, reprise \u00e9conomique oblige, des <strong>projets de recrutements<\/strong>, accompagn\u00e9s par de nouveaux enjeux autour des <strong>r\u00e9mun\u00e9rations et des relations sociales.<\/strong><\/p>\n\n\n\n<p>Au final, en 2022 comme en 2021, les professionnels RH seront de nouveau en premi\u00e8re ligne !&nbsp; Ils seront les <strong>premiers acteurs du changement<\/strong> et des <strong>adaptations n\u00e9cessaires \u00e0 l\u2019agilit\u00e9 des entreprises, <\/strong>en <strong>mati\u00e8re d\u2019organisation du travail et de ressources humaines,<\/strong> dans un contexte qui reste volatile, incertain, complexe et ambigu.<strong><\/strong><\/p>\n","protected":false},"excerpt":{"rendered":"<p>Nous vous proposons de d\u00e9couvrir les r\u00e9sultats d\u00e9taill\u00e9s de cette enqu\u00eate ci-dessous. R\u00c9SULTATS DE L\u2019ENQU\u00caTE \u00ab&nbsp;PROFESSIONNELS RH, COMMENT ALLEZ-VOUS&nbsp;?&nbsp;\u00bb Cliquez ici pour t\u00e9l\u00e9charger les r\u00e9sultats de l\u2019enqu\u00eate 2022\u00ab&nbsp;Professionnels RH, comment allez-vous&nbsp;?&nbsp;\u00bb Les conclusions de l\u2019enqu\u00eate L\u2019ann\u00e9e 2021 semble avoir \u00e9t\u00e9 un peu mieux v\u00e9cue que 2020 par les professionnels RH : ils sont une majorit\u00e9 [&hellip;]<\/p>\n","protected":false},"author":32,"featured_media":0,"comment_status":"open","ping_status":"open","sticky":false,"template":"","format":"standard","meta":{"_acf_changed":false,"_mi_skip_tracking":false,"footnotes":""},"categories":[12,2],"tags":[],"class_list":["post-25475","post","type-post","status-publish","format-standard","hentry","category-actualites","category-ressources-humaines"],"acf":[],"yoast_head":"<!-- This site is optimized with the Yoast SEO plugin v23.4 - https:\/\/yoast.com\/wordpress\/plugins\/seo\/ -->\n<title>Enqu\u00eate &quot;Professionnels RH : comment allez-vous ?&quot; : les r\u00e9sultats - Le Blog GERESO<\/title>\n<meta name=\"robots\" content=\"index, follow, max-snippet:-1, max-image-preview:large, max-video-preview:-1\" \/>\n<link rel=\"canonical\" href=\"https:\/\/www.gereso.com\/actualites\/2022\/02\/14\/enquete-professionnels-rh-comment-allez-vous-les-resultats-2\/\" \/>\n<meta property=\"og:locale\" content=\"fr_FR\" \/>\n<meta property=\"og:type\" content=\"article\" \/>\n<meta property=\"og:title\" content=\"Enqu\u00eate &quot;Professionnels RH : comment allez-vous ?&quot; : les r\u00e9sultats - Le Blog GERESO\" \/>\n<meta property=\"og:description\" content=\"Nous vous proposons de d\u00e9couvrir les r\u00e9sultats d\u00e9taill\u00e9s de cette enqu\u00eate ci-dessous. R\u00c9SULTATS DE L\u2019ENQU\u00caTE \u00ab&nbsp;PROFESSIONNELS RH, COMMENT ALLEZ-VOUS&nbsp;?&nbsp;\u00bb Cliquez ici pour t\u00e9l\u00e9charger les r\u00e9sultats de l\u2019enqu\u00eate 2022\u00ab&nbsp;Professionnels RH, comment allez-vous&nbsp;?&nbsp;\u00bb Les conclusions de l\u2019enqu\u00eate L\u2019ann\u00e9e 2021 semble avoir \u00e9t\u00e9 un peu mieux v\u00e9cue que 2020 par les professionnels RH : ils sont une majorit\u00e9 [&hellip;]\" \/>\n<meta property=\"og:url\" content=\"https:\/\/www.gereso.com\/actualites\/2022\/02\/14\/enquete-professionnels-rh-comment-allez-vous-les-resultats-2\/\" \/>\n<meta property=\"og:site_name\" content=\"Le Blog GERESO\" \/>\n<meta property=\"article:published_time\" content=\"2022-02-14T15:13:29+00:00\" \/>\n<meta property=\"article:modified_time\" content=\"2022-02-15T13:40:12+00:00\" \/>\n<meta name=\"author\" content=\"\u00c9quipe GERESO\" \/>\n<meta name=\"twitter:card\" content=\"summary_large_image\" \/>\n<script type=\"application\/ld+json\" class=\"yoast-schema-graph\">{\"@context\":\"https:\/\/schema.org\",\"@graph\":[{\"@type\":\"WebPage\",\"@id\":\"https:\/\/www.gereso.com\/actualites\/2022\/02\/14\/enquete-professionnels-rh-comment-allez-vous-les-resultats-2\/\",\"url\":\"https:\/\/www.gereso.com\/actualites\/2022\/02\/14\/enquete-professionnels-rh-comment-allez-vous-les-resultats-2\/\",\"name\":\"Enqu\u00eate \\\"Professionnels RH : comment allez-vous ?\\\" : les r\u00e9sultats - Le Blog GERESO\",\"isPartOf\":{\"@id\":\"https:\/\/www.gereso.com\/actualites\/#website\"},\"datePublished\":\"2022-02-14T15:13:29+00:00\",\"dateModified\":\"2022-02-15T13:40:12+00:00\",\"author\":{\"@id\":\"https:\/\/www.gereso.com\/actualites\/#\/schema\/person\/197d8aef40cb4ae3f6a0aa9e1d3df2a6\"},\"breadcrumb\":{\"@id\":\"https:\/\/www.gereso.com\/actualites\/2022\/02\/14\/enquete-professionnels-rh-comment-allez-vous-les-resultats-2\/#breadcrumb\"},\"inLanguage\":\"fr-FR\",\"potentialAction\":[{\"@type\":\"ReadAction\",\"target\":[\"https:\/\/www.gereso.com\/actualites\/2022\/02\/14\/enquete-professionnels-rh-comment-allez-vous-les-resultats-2\/\"]}]},{\"@type\":\"BreadcrumbList\",\"@id\":\"https:\/\/www.gereso.com\/actualites\/2022\/02\/14\/enquete-professionnels-rh-comment-allez-vous-les-resultats-2\/#breadcrumb\",\"itemListElement\":[{\"@type\":\"ListItem\",\"position\":1,\"name\":\"Home\",\"item\":\"https:\/\/www.gereso.com\/actualites\/\"},{\"@type\":\"ListItem\",\"position\":2,\"name\":\"Enqu\u00eate \u00ab\u00a0Professionnels RH : comment allez-vous ?\u00a0\u00bb : les r\u00e9sultats\"}]},{\"@type\":\"WebSite\",\"@id\":\"https:\/\/www.gereso.com\/actualites\/#website\",\"url\":\"https:\/\/www.gereso.com\/actualites\/\",\"name\":\"Le Blog GERESO\",\"description\":\"Toute l&#039;actu RH, Finance, Fonction Publique, Management...\",\"potentialAction\":[{\"@type\":\"SearchAction\",\"target\":{\"@type\":\"EntryPoint\",\"urlTemplate\":\"https:\/\/www.gereso.com\/actualites\/?s={search_term_string}\"},\"query-input\":{\"@type\":\"PropertyValueSpecification\",\"valueRequired\":true,\"valueName\":\"search_term_string\"}}],\"inLanguage\":\"fr-FR\"},{\"@type\":\"Person\",\"@id\":\"https:\/\/www.gereso.com\/actualites\/#\/schema\/person\/197d8aef40cb4ae3f6a0aa9e1d3df2a6\",\"name\":\"\u00c9quipe GERESO\",\"image\":{\"@type\":\"ImageObject\",\"inLanguage\":\"fr-FR\",\"@id\":\"https:\/\/www.gereso.com\/actualites\/#\/schema\/person\/image\/\",\"url\":\"https:\/\/www.gereso.com\/actualites\/wp-content\/uploads\/2013\/12\/avatar-gereso-1.png\",\"contentUrl\":\"https:\/\/www.gereso.com\/actualites\/wp-content\/uploads\/2013\/12\/avatar-gereso-1.png\",\"caption\":\"\u00c9quipe GERESO\"},\"url\":\"https:\/\/www.gereso.com\/actualites\/author\/gereso\/\"}]}<\/script>\n<!-- \/ Yoast SEO plugin. -->","yoast_head_json":{"title":"Enqu\u00eate \"Professionnels RH : comment allez-vous ?\" : les r\u00e9sultats - Le Blog GERESO","robots":{"index":"index","follow":"follow","max-snippet":"max-snippet:-1","max-image-preview":"max-image-preview:large","max-video-preview":"max-video-preview:-1"},"canonical":"https:\/\/www.gereso.com\/actualites\/2022\/02\/14\/enquete-professionnels-rh-comment-allez-vous-les-resultats-2\/","og_locale":"fr_FR","og_type":"article","og_title":"Enqu\u00eate \"Professionnels RH : comment allez-vous ?\" : les r\u00e9sultats - Le Blog GERESO","og_description":"Nous vous proposons de d\u00e9couvrir les r\u00e9sultats d\u00e9taill\u00e9s de cette enqu\u00eate ci-dessous. R\u00c9SULTATS DE L\u2019ENQU\u00caTE \u00ab&nbsp;PROFESSIONNELS RH, COMMENT ALLEZ-VOUS&nbsp;?&nbsp;\u00bb Cliquez ici pour t\u00e9l\u00e9charger les r\u00e9sultats de l\u2019enqu\u00eate 2022\u00ab&nbsp;Professionnels RH, comment allez-vous&nbsp;?&nbsp;\u00bb Les conclusions de l\u2019enqu\u00eate L\u2019ann\u00e9e 2021 semble avoir \u00e9t\u00e9 un peu mieux v\u00e9cue que 2020 par les professionnels RH : ils sont une majorit\u00e9 [&hellip;]","og_url":"https:\/\/www.gereso.com\/actualites\/2022\/02\/14\/enquete-professionnels-rh-comment-allez-vous-les-resultats-2\/","og_site_name":"Le Blog GERESO","article_published_time":"2022-02-14T15:13:29+00:00","article_modified_time":"2022-02-15T13:40:12+00:00","author":"\u00c9quipe GERESO","twitter_card":"summary_large_image","schema":{"@context":"https:\/\/schema.org","@graph":[{"@type":"WebPage","@id":"https:\/\/www.gereso.com\/actualites\/2022\/02\/14\/enquete-professionnels-rh-comment-allez-vous-les-resultats-2\/","url":"https:\/\/www.gereso.com\/actualites\/2022\/02\/14\/enquete-professionnels-rh-comment-allez-vous-les-resultats-2\/","name":"Enqu\u00eate \"Professionnels RH : comment allez-vous ?\" : les r\u00e9sultats - Le Blog GERESO","isPartOf":{"@id":"https:\/\/www.gereso.com\/actualites\/#website"},"datePublished":"2022-02-14T15:13:29+00:00","dateModified":"2022-02-15T13:40:12+00:00","author":{"@id":"https:\/\/www.gereso.com\/actualites\/#\/schema\/person\/197d8aef40cb4ae3f6a0aa9e1d3df2a6"},"breadcrumb":{"@id":"https:\/\/www.gereso.com\/actualites\/2022\/02\/14\/enquete-professionnels-rh-comment-allez-vous-les-resultats-2\/#breadcrumb"},"inLanguage":"fr-FR","potentialAction":[{"@type":"ReadAction","target":["https:\/\/www.gereso.com\/actualites\/2022\/02\/14\/enquete-professionnels-rh-comment-allez-vous-les-resultats-2\/"]}]},{"@type":"BreadcrumbList","@id":"https:\/\/www.gereso.com\/actualites\/2022\/02\/14\/enquete-professionnels-rh-comment-allez-vous-les-resultats-2\/#breadcrumb","itemListElement":[{"@type":"ListItem","position":1,"name":"Home","item":"https:\/\/www.gereso.com\/actualites\/"},{"@type":"ListItem","position":2,"name":"Enqu\u00eate \u00ab\u00a0Professionnels RH : comment allez-vous ?\u00a0\u00bb : les r\u00e9sultats"}]},{"@type":"WebSite","@id":"https:\/\/www.gereso.com\/actualites\/#website","url":"https:\/\/www.gereso.com\/actualites\/","name":"Le Blog GERESO","description":"Toute l&#039;actu RH, Finance, Fonction Publique, Management...","potentialAction":[{"@type":"SearchAction","target":{"@type":"EntryPoint","urlTemplate":"https:\/\/www.gereso.com\/actualites\/?s={search_term_string}"},"query-input":{"@type":"PropertyValueSpecification","valueRequired":true,"valueName":"search_term_string"}}],"inLanguage":"fr-FR"},{"@type":"Person","@id":"https:\/\/www.gereso.com\/actualites\/#\/schema\/person\/197d8aef40cb4ae3f6a0aa9e1d3df2a6","name":"\u00c9quipe GERESO","image":{"@type":"ImageObject","inLanguage":"fr-FR","@id":"https:\/\/www.gereso.com\/actualites\/#\/schema\/person\/image\/","url":"https:\/\/www.gereso.com\/actualites\/wp-content\/uploads\/2013\/12\/avatar-gereso-1.png","contentUrl":"https:\/\/www.gereso.com\/actualites\/wp-content\/uploads\/2013\/12\/avatar-gereso-1.png","caption":"\u00c9quipe GERESO"},"url":"https:\/\/www.gereso.com\/actualites\/author\/gereso\/"}]}},"_links":{"self":[{"href":"https:\/\/www.gereso.com\/actualites\/wp-json\/wp\/v2\/posts\/25475","targetHints":{"allow":["GET"]}}],"collection":[{"href":"https:\/\/www.gereso.com\/actualites\/wp-json\/wp\/v2\/posts"}],"about":[{"href":"https:\/\/www.gereso.com\/actualites\/wp-json\/wp\/v2\/types\/post"}],"author":[{"embeddable":true,"href":"https:\/\/www.gereso.com\/actualites\/wp-json\/wp\/v2\/users\/32"}],"replies":[{"embeddable":true,"href":"https:\/\/www.gereso.com\/actualites\/wp-json\/wp\/v2\/comments?post=25475"}],"version-history":[{"count":28,"href":"https:\/\/www.gereso.com\/actualites\/wp-json\/wp\/v2\/posts\/25475\/revisions"}],"predecessor-version":[{"id":32524,"href":"https:\/\/www.gereso.com\/actualites\/wp-json\/wp\/v2\/posts\/25475\/revisions\/32524"}],"wp:attachment":[{"href":"https:\/\/www.gereso.com\/actualites\/wp-json\/wp\/v2\/media?parent=25475"}],"wp:term":[{"taxonomy":"category","embeddable":true,"href":"https:\/\/www.gereso.com\/actualites\/wp-json\/wp\/v2\/categories?post=25475"},{"taxonomy":"post_tag","embeddable":true,"href":"https:\/\/www.gereso.com\/actualites\/wp-json\/wp\/v2\/tags?post=25475"}],"curies":[{"name":"wp","href":"https:\/\/api.w.org\/{rel}","templated":true}]}}